{"id":5669,"date":"2024-10-23T17:37:00","date_gmt":"2024-10-23T23:37:00","guid":{"rendered":"https:\/\/21panorama.com\/?p=5669"},"modified":"2024-10-24T17:38:30","modified_gmt":"2024-10-24T23:38:30","slug":"exige-el-pri-mayor-presupuesto-para-el-sector-salud","status":"publish","type":"post","link":"https:\/\/21panorama.com\/index.php\/2024\/10\/23\/exige-el-pri-mayor-presupuesto-para-el-sector-salud\/","title":{"rendered":"EXIGE EL PRI MAYOR PRESUPUESTO PARA EL SECTOR SALUD"},"content":{"rendered":"\n<ul class=\"wp-block-list\">\n<li>Urge a que en la transici\u00f3n al IMSS-Bienestar no se deje a discreci\u00f3n el uso de recursos p\u00fablicos que afectar\u00e1 a los mexiquenses.<\/li>\n<\/ul>\n\n\n\n<p>Frente a la austeridad presupuestal que provoca p\u00e9rdidas humanas, el PRI exigir\u00e1 en la C\u00e1mara de Diputados que se incrementen los recursos p\u00fablicos destinados al sector salud y, particularmente, para la prevencio\u0301n y atencio\u0301n del ca\u0301ncer de mama, afirm\u00f3 la presidenta del Comit\u00e9 Directivo Estatal (CDE), Ana Lilia Herrera.<\/p>\n\n\n\n<p>En conferencia de prensa, sostuvo que el PRI propondr\u00e1 dotar de facultades al IMSS-Bienestar para atender casos de ca\u0301ncer, entre ellos el de mama, como se realizaba en el modelo del Seguro Popular, asi\u0301 como restituir las unidades mo\u0301viles que permiti\u0301an llevar chequeos perio\u0301dicos a zonas marginadas.<br>&nbsp;<br>El PRI luchara\u0301 desde la C\u00e1mara de Diputados y el Senado de la Rep\u00fablica por preservar la salud de las mujeres, \u201cexigiendo mayores recursos para hospitales oncolo\u0301gicos, me\u0301dicos especialistas, unidades mo\u0301viles de deteccio\u0301n temprana y tratamientos me\u0301dicos\u201d, puntualiz\u00f3 Herrera Anzaldo.<br>&nbsp;<br>Mientras los recursos disminuyeron en el sexenio pasado, los casos aumentaron de forma grave y se debe a una falta de pol\u00edtica p\u00fablica efectiva de prevenci\u00f3n y atenci\u00f3n temprana, \u201cno es un secreto que nuestro sistema de salud se desmantel\u00f3 y que estamos a a\u00f1os luz de ser Dinamarca\u201d, dijo.<br>&nbsp;<br>En su intervenci\u00f3n, el diputado Alejandro Castro manifest\u00f3 que con la transici\u00f3n al IMSS-Bienestar, en el Estado de M\u00e9xico vamos en retroceso porque la centralizaci\u00f3n de los servicios de salud no resolver\u00e1 los problemas si se reducen los recursos para este sector.<br>&nbsp;<br>El Estado de M\u00e9xico dejar\u00e1 de recibir casi 14 mil millones de pesos por concepto de Fondo de Aportaciones para los Servicios de Salud (FASSA) del Ramo 33, debido al convenio suscrito con el IMSS-Bienestar, por ello, el<br>PRI plantea la necesidad de establecer en el an\u00e1lisis y aprobaci\u00f3n del presupuesto de egresos de la Federaci\u00f3n, que los recursos considerados para el IMSS-Bienestar en la entidad mexiquense sean etiquetados.<\/p>\n","protected":false},"excerpt":{"rendered":"<p>Urge a que en la transici\u00f3n al IMSS-Bienestar no se deje a discreci\u00f3n el uso de recursos p\u00fablicos que afectar\u00e1 a los mexiquenses.<\/p>\n","protected":false},"author":1,"featured_media":5670,"comment_status":"open","ping_status":"open","sticky":false,"template":"","format":"standard","meta":{"footnotes":""},"categories":[12,1],"tags":[393,97,33],"class_list":["post-5669","post","type-post","status-publish","format-standard","has-post-thumbnail","hentry","category-politica","category-sociedad","tag-ana-lilia-herrera-anzaldo","tag-edomex","tag-pri"],"yoast_head":"<!-- This site is optimized with the Yoast SEO plugin v24.9 - https:\/\/yoast.com\/wordpress\/plugins\/seo\/ -->\n<title>EXIGE EL PRI MAYOR PRESUPUESTO PARA EL SECTOR SALUD - 21 Panorama<\/title>\n<meta name=\"robots\" content=\"index, follow, max-snippet:-1, max-image-preview:large, max-video-preview:-1\" \/>\n<link rel=\"canonical\" href=\"https:\/\/21panorama.com\/index.php\/2024\/10\/23\/exige-el-pri-mayor-presupuesto-para-el-sector-salud\/\" \/>\n<meta property=\"og:locale\" content=\"es_MX\" \/>\n<meta property=\"og:type\" content=\"article\" \/>\n<meta property=\"og:title\" content=\"EXIGE EL PRI MAYOR PRESUPUESTO PARA EL SECTOR SALUD - 21 Panorama\" \/>\n<meta property=\"og:description\" content=\"Urge a que en la transici\u00f3n al IMSS-Bienestar no se deje a discreci\u00f3n el uso de recursos p\u00fablicos que afectar\u00e1 a los mexiquenses.\" \/>\n<meta property=\"og:url\" content=\"https:\/\/21panorama.com\/index.php\/2024\/10\/23\/exige-el-pri-mayor-presupuesto-para-el-sector-salud\/\" \/>\n<meta property=\"og:site_name\" content=\"21 Panorama\" \/>\n<meta property=\"article:published_time\" content=\"2024-10-23T23:37:00+00:00\" \/>\n<meta property=\"article:modified_time\" content=\"2024-10-24T23:38:30+00:00\" \/>\n<meta property=\"og:image\" content=\"https:\/\/21panorama.com\/wp-content\/uploads\/2024\/10\/WhatsApp-Image-2024-10-24-at-5.24.34-PM-2.jpeg\" \/>\n\t<meta property=\"og:image:width\" content=\"1600\" \/>\n\t<meta property=\"og:image:height\" content=\"1087\" \/>\n\t<meta property=\"og:image:type\" content=\"image\/jpeg\" \/>\n<meta name=\"author\" content=\"admin\" \/>\n<meta name=\"twitter:card\" content=\"summary_large_image\" \/>\n<meta name=\"twitter:label1\" content=\"Escrito por\" \/>\n\t<meta name=\"twitter:data1\" content=\"admin\" \/>\n\t<meta name=\"twitter:label2\" content=\"Tiempo de lectura\" \/>\n\t<meta name=\"twitter:data2\" content=\"2 minutos\" \/>\n<script type=\"application\/ld+json\" class=\"yoast-schema-graph\">{\"@context\":\"https:\/\/schema.org\",\"@graph\":[{\"@type\":\"Article\",\"@id\":\"https:\/\/21panorama.com\/index.php\/2024\/10\/23\/exige-el-pri-mayor-presupuesto-para-el-sector-salud\/#article\",\"isPartOf\":{\"@id\":\"https:\/\/21panorama.com\/index.php\/2024\/10\/23\/exige-el-pri-mayor-presupuesto-para-el-sector-salud\/\"},\"author\":{\"name\":\"admin\",\"@id\":\"https:\/\/21panorama.com\/#\/schema\/person\/1afc291b96d5792a158768324287319f\"},\"headline\":\"EXIGE EL PRI MAYOR PRESUPUESTO PARA EL SECTOR SALUD\",\"datePublished\":\"2024-10-23T23:37:00+00:00\",\"dateModified\":\"2024-10-24T23:38:30+00:00\",\"mainEntityOfPage\":{\"@id\":\"https:\/\/21panorama.com\/index.php\/2024\/10\/23\/exige-el-pri-mayor-presupuesto-para-el-sector-salud\/\"},\"wordCount\":363,\"commentCount\":0,\"publisher\":{\"@id\":\"https:\/\/21panorama.com\/#organization\"},\"image\":{\"@id\":\"https:\/\/21panorama.com\/index.php\/2024\/10\/23\/exige-el-pri-mayor-presupuesto-para-el-sector-salud\/#primaryimage\"},\"thumbnailUrl\":\"https:\/\/21panorama.com\/wp-content\/uploads\/2024\/10\/WhatsApp-Image-2024-10-24-at-5.24.34-PM-2.jpeg\",\"keywords\":[\"Ana Lilia Herrera Anzaldo\",\"EDOMEX\",\"PRI\"],\"articleSection\":[\"Politica\",\"Sociedad\"],\"inLanguage\":\"es\",\"potentialAction\":[{\"@type\":\"CommentAction\",\"name\":\"Comment\",\"target\":[\"https:\/\/21panorama.com\/index.php\/2024\/10\/23\/exige-el-pri-mayor-presupuesto-para-el-sector-salud\/#respond\"]}]},{\"@type\":\"WebPage\",\"@id\":\"https:\/\/21panorama.com\/index.php\/2024\/10\/23\/exige-el-pri-mayor-presupuesto-para-el-sector-salud\/\",\"url\":\"https:\/\/21panorama.com\/index.php\/2024\/10\/23\/exige-el-pri-mayor-presupuesto-para-el-sector-salud\/\",\"name\":\"EXIGE EL PRI MAYOR PRESUPUESTO PARA EL SECTOR SALUD - 21 Panorama\",\"isPartOf\":{\"@id\":\"https:\/\/21panorama.com\/#website\"},\"primaryImageOfPage\":{\"@id\":\"https:\/\/21panorama.com\/index.php\/2024\/10\/23\/exige-el-pri-mayor-presupuesto-para-el-sector-salud\/#primaryimage\"},\"image\":{\"@id\":\"https:\/\/21panorama.com\/index.php\/2024\/10\/23\/exige-el-pri-mayor-presupuesto-para-el-sector-salud\/#primaryimage\"},\"thumbnailUrl\":\"https:\/\/21panorama.com\/wp-content\/uploads\/2024\/10\/WhatsApp-Image-2024-10-24-at-5.24.34-PM-2.jpeg\",\"datePublished\":\"2024-10-23T23:37:00+00:00\",\"dateModified\":\"2024-10-24T23:38:30+00:00\",\"breadcrumb\":{\"@id\":\"https:\/\/21panorama.com\/index.php\/2024\/10\/23\/exige-el-pri-mayor-presupuesto-para-el-sector-salud\/#breadcrumb\"},\"inLanguage\":\"es\",\"potentialAction\":[{\"@type\":\"ReadAction\",\"target\":[\"https:\/\/21panorama.com\/index.php\/2024\/10\/23\/exige-el-pri-mayor-presupuesto-para-el-sector-salud\/\"]}]},{\"@type\":\"ImageObject\",\"inLanguage\":\"es\",\"@id\":\"https:\/\/21panorama.com\/index.php\/2024\/10\/23\/exige-el-pri-mayor-presupuesto-para-el-sector-salud\/#primaryimage\",\"url\":\"https:\/\/21panorama.com\/wp-content\/uploads\/2024\/10\/WhatsApp-Image-2024-10-24-at-5.24.34-PM-2.jpeg\",\"contentUrl\":\"https:\/\/21panorama.com\/wp-content\/uploads\/2024\/10\/WhatsApp-Image-2024-10-24-at-5.24.34-PM-2.jpeg\",\"width\":1600,\"height\":1087},{\"@type\":\"BreadcrumbList\",\"@id\":\"https:\/\/21panorama.com\/index.php\/2024\/10\/23\/exige-el-pri-mayor-presupuesto-para-el-sector-salud\/#breadcrumb\",\"itemListElement\":[{\"@type\":\"ListItem\",\"position\":1,\"name\":\"Inicio\",\"item\":\"https:\/\/21panorama.com\/\"},{\"@type\":\"ListItem\",\"position\":2,\"name\":\"EXIGE EL PRI MAYOR PRESUPUESTO PARA EL SECTOR SALUD\"}]},{\"@type\":\"WebSite\",\"@id\":\"https:\/\/21panorama.com\/#website\",\"url\":\"https:\/\/21panorama.com\/\",\"name\":\"21 Panorama\",\"description\":\"La construcci\u00f3n de la opini\u00f3n p\u00fablica merece un mejor Panorama en este siglo 21 para alcanzar una sociedad con mayor transparencia y sin corrupci\u00f3n.\",\"publisher\":{\"@id\":\"https:\/\/21panorama.com\/#organization\"},\"potentialAction\":[{\"@type\":\"SearchAction\",\"target\":{\"@type\":\"EntryPoint\",\"urlTemplate\":\"https:\/\/21panorama.com\/?s={search_term_string}\"},\"query-input\":{\"@type\":\"PropertyValueSpecification\",\"valueRequired\":true,\"valueName\":\"search_term_string\"}}],\"inLanguage\":\"es\"},{\"@type\":\"Organization\",\"@id\":\"https:\/\/21panorama.com\/#organization\",\"name\":\"21 Panorama\",\"url\":\"https:\/\/21panorama.com\/\",\"logo\":{\"@type\":\"ImageObject\",\"inLanguage\":\"es\",\"@id\":\"https:\/\/21panorama.com\/#\/schema\/logo\/image\/\",\"url\":\"https:\/\/21panorama.com\/wp-content\/uploads\/2019\/07\/cropped-Logo-Panorama-01.jpeg\",\"contentUrl\":\"https:\/\/21panorama.com\/wp-content\/uploads\/2019\/07\/cropped-Logo-Panorama-01.jpeg\",\"width\":290,\"height\":70,\"caption\":\"21 Panorama\"},\"image\":{\"@id\":\"https:\/\/21panorama.com\/#\/schema\/logo\/image\/\"}},{\"@type\":\"Person\",\"@id\":\"https:\/\/21panorama.com\/#\/schema\/person\/1afc291b96d5792a158768324287319f\",\"name\":\"admin\",\"image\":{\"@type\":\"ImageObject\",\"inLanguage\":\"es\",\"@id\":\"https:\/\/21panorama.com\/#\/schema\/person\/image\/\",\"url\":\"https:\/\/secure.gravatar.com\/avatar\/ad365d9d9f46719215b0d042cc3df92a5a8683e09ef13d102233e5491985f0f0?s=96&d=mm&r=g\",\"contentUrl\":\"https:\/\/secure.gravatar.com\/avatar\/ad365d9d9f46719215b0d042cc3df92a5a8683e09ef13d102233e5491985f0f0?s=96&d=mm&r=g\",\"caption\":\"admin\"},\"url\":\"https:\/\/21panorama.com\/index.php\/author\/admin\/\"}]}<\/script>\n<!-- \/ Yoast SEO plugin. -->","yoast_head_json":{"title":"EXIGE EL PRI MAYOR PRESUPUESTO PARA EL SECTOR SALUD - 21 Panorama","robots":{"index":"index","follow":"follow","max-snippet":"max-snippet:-1","max-image-preview":"max-image-preview:large","max-video-preview":"max-video-preview:-1"},"canonical":"https:\/\/21panorama.com\/index.php\/2024\/10\/23\/exige-el-pri-mayor-presupuesto-para-el-sector-salud\/","og_locale":"es_MX","og_type":"article","og_title":"EXIGE EL PRI MAYOR PRESUPUESTO PARA EL SECTOR SALUD - 21 Panorama","og_description":"Urge a que en la transici\u00f3n al IMSS-Bienestar no se deje a discreci\u00f3n el uso de recursos p\u00fablicos que afectar\u00e1 a los mexiquenses.","og_url":"https:\/\/21panorama.com\/index.php\/2024\/10\/23\/exige-el-pri-mayor-presupuesto-para-el-sector-salud\/","og_site_name":"21 Panorama","article_published_time":"2024-10-23T23:37:00+00:00","article_modified_time":"2024-10-24T23:38:30+00:00","og_image":[{"width":1600,"height":1087,"url":"https:\/\/21panorama.com\/wp-content\/uploads\/2024\/10\/WhatsApp-Image-2024-10-24-at-5.24.34-PM-2.jpeg","type":"image\/jpeg"}],"author":"admin","twitter_card":"summary_large_image","twitter_misc":{"Escrito por":"admin","Tiempo de lectura":"2 minutos"},"schema":{"@context":"https:\/\/schema.org","@graph":[{"@type":"Article","@id":"https:\/\/21panorama.com\/index.php\/2024\/10\/23\/exige-el-pri-mayor-presupuesto-para-el-sector-salud\/#article","isPartOf":{"@id":"https:\/\/21panorama.com\/index.php\/2024\/10\/23\/exige-el-pri-mayor-presupuesto-para-el-sector-salud\/"},"author":{"name":"admin","@id":"https:\/\/21panorama.com\/#\/schema\/person\/1afc291b96d5792a158768324287319f"},"headline":"EXIGE EL PRI MAYOR PRESUPUESTO PARA EL SECTOR SALUD","datePublished":"2024-10-23T23:37:00+00:00","dateModified":"2024-10-24T23:38:30+00:00","mainEntityOfPage":{"@id":"https:\/\/21panorama.com\/index.php\/2024\/10\/23\/exige-el-pri-mayor-presupuesto-para-el-sector-salud\/"},"wordCount":363,"commentCount":0,"publisher":{"@id":"https:\/\/21panorama.com\/#organization"},"image":{"@id":"https:\/\/21panorama.com\/index.php\/2024\/10\/23\/exige-el-pri-mayor-presupuesto-para-el-sector-salud\/#primaryimage"},"thumbnailUrl":"https:\/\/21panorama.com\/wp-content\/uploads\/2024\/10\/WhatsApp-Image-2024-10-24-at-5.24.34-PM-2.jpeg","keywords":["Ana Lilia Herrera Anzaldo","EDOMEX","PRI"],"articleSection":["Politica","Sociedad"],"inLanguage":"es","potentialAction":[{"@type":"CommentAction","name":"Comment","target":["https:\/\/21panorama.com\/index.php\/2024\/10\/23\/exige-el-pri-mayor-presupuesto-para-el-sector-salud\/#respond"]}]},{"@type":"WebPage","@id":"https:\/\/21panorama.com\/index.php\/2024\/10\/23\/exige-el-pri-mayor-presupuesto-para-el-sector-salud\/","url":"https:\/\/21panorama.com\/index.php\/2024\/10\/23\/exige-el-pri-mayor-presupuesto-para-el-sector-salud\/","name":"EXIGE EL PRI MAYOR PRESUPUESTO PARA EL SECTOR SALUD - 21 Panorama","isPartOf":{"@id":"https:\/\/21panorama.com\/#website"},"primaryImageOfPage":{"@id":"https:\/\/21panorama.com\/index.php\/2024\/10\/23\/exige-el-pri-mayor-presupuesto-para-el-sector-salud\/#primaryimage"},"image":{"@id":"https:\/\/21panorama.com\/index.php\/2024\/10\/23\/exige-el-pri-mayor-presupuesto-para-el-sector-salud\/#primaryimage"},"thumbnailUrl":"https:\/\/21panorama.com\/wp-content\/uploads\/2024\/10\/WhatsApp-Image-2024-10-24-at-5.24.34-PM-2.jpeg","datePublished":"2024-10-23T23:37:00+00:00","dateModified":"2024-10-24T23:38:30+00:00","breadcrumb":{"@id":"https:\/\/21panorama.com\/index.php\/2024\/10\/23\/exige-el-pri-mayor-presupuesto-para-el-sector-salud\/#breadcrumb"},"inLanguage":"es","potentialAction":[{"@type":"ReadAction","target":["https:\/\/21panorama.com\/index.php\/2024\/10\/23\/exige-el-pri-mayor-presupuesto-para-el-sector-salud\/"]}]},{"@type":"ImageObject","inLanguage":"es","@id":"https:\/\/21panorama.com\/index.php\/2024\/10\/23\/exige-el-pri-mayor-presupuesto-para-el-sector-salud\/#primaryimage","url":"https:\/\/21panorama.com\/wp-content\/uploads\/2024\/10\/WhatsApp-Image-2024-10-24-at-5.24.34-PM-2.jpeg","contentUrl":"https:\/\/21panorama.com\/wp-content\/uploads\/2024\/10\/WhatsApp-Image-2024-10-24-at-5.24.34-PM-2.jpeg","width":1600,"height":1087},{"@type":"BreadcrumbList","@id":"https:\/\/21panorama.com\/index.php\/2024\/10\/23\/exige-el-pri-mayor-presupuesto-para-el-sector-salud\/#breadcrumb","itemListElement":[{"@type":"ListItem","position":1,"name":"Inicio","item":"https:\/\/21panorama.com\/"},{"@type":"ListItem","position":2,"name":"EXIGE EL PRI MAYOR PRESUPUESTO PARA EL SECTOR SALUD"}]},{"@type":"WebSite","@id":"https:\/\/21panorama.com\/#website","url":"https:\/\/21panorama.com\/","name":"21 Panorama","description":"La construcci\u00f3n de la opini\u00f3n p\u00fablica merece un mejor Panorama en este siglo 21 para alcanzar una sociedad con mayor transparencia y sin corrupci\u00f3n.","publisher":{"@id":"https:\/\/21panorama.com\/#organization"},"potentialAction":[{"@type":"SearchAction","target":{"@type":"EntryPoint","urlTemplate":"https:\/\/21panorama.com\/?s={search_term_string}"},"query-input":{"@type":"PropertyValueSpecification","valueRequired":true,"valueName":"search_term_string"}}],"inLanguage":"es"},{"@type":"Organization","@id":"https:\/\/21panorama.com\/#organization","name":"21 Panorama","url":"https:\/\/21panorama.com\/","logo":{"@type":"ImageObject","inLanguage":"es","@id":"https:\/\/21panorama.com\/#\/schema\/logo\/image\/","url":"https:\/\/21panorama.com\/wp-content\/uploads\/2019\/07\/cropped-Logo-Panorama-01.jpeg","contentUrl":"https:\/\/21panorama.com\/wp-content\/uploads\/2019\/07\/cropped-Logo-Panorama-01.jpeg","width":290,"height":70,"caption":"21 Panorama"},"image":{"@id":"https:\/\/21panorama.com\/#\/schema\/logo\/image\/"}},{"@type":"Person","@id":"https:\/\/21panorama.com\/#\/schema\/person\/1afc291b96d5792a158768324287319f","name":"admin","image":{"@type":"ImageObject","inLanguage":"es","@id":"https:\/\/21panorama.com\/#\/schema\/person\/image\/","url":"https:\/\/secure.gravatar.com\/avatar\/ad365d9d9f46719215b0d042cc3df92a5a8683e09ef13d102233e5491985f0f0?s=96&d=mm&r=g","contentUrl":"https:\/\/secure.gravatar.com\/avatar\/ad365d9d9f46719215b0d042cc3df92a5a8683e09ef13d102233e5491985f0f0?s=96&d=mm&r=g","caption":"admin"},"url":"https:\/\/21panorama.com\/index.php\/author\/admin\/"}]}},"_links":{"self":[{"href":"https:\/\/21panorama.com\/index.php\/wp-json\/wp\/v2\/posts\/5669","targetHints":{"allow":["GET"]}}],"collection":[{"href":"https:\/\/21panorama.com\/index.php\/wp-json\/wp\/v2\/posts"}],"about":[{"href":"https:\/\/21panorama.com\/index.php\/wp-json\/wp\/v2\/types\/post"}],"author":[{"embeddable":true,"href":"https:\/\/21panorama.com\/index.php\/wp-json\/wp\/v2\/users\/1"}],"replies":[{"embeddable":true,"href":"https:\/\/21panorama.com\/index.php\/wp-json\/wp\/v2\/comments?post=5669"}],"version-history":[{"count":1,"href":"https:\/\/21panorama.com\/index.php\/wp-json\/wp\/v2\/posts\/5669\/revisions"}],"predecessor-version":[{"id":5671,"href":"https:\/\/21panorama.com\/index.php\/wp-json\/wp\/v2\/posts\/5669\/revisions\/5671"}],"wp:featuredmedia":[{"embeddable":true,"href":"https:\/\/21panorama.com\/index.php\/wp-json\/wp\/v2\/media\/5670"}],"wp:attachment":[{"href":"https:\/\/21panorama.com\/index.php\/wp-json\/wp\/v2\/media?parent=5669"}],"wp:term":[{"taxonomy":"category","embeddable":true,"href":"https:\/\/21panorama.com\/index.php\/wp-json\/wp\/v2\/categories?post=5669"},{"taxonomy":"post_tag","embeddable":true,"href":"https:\/\/21panorama.com\/index.php\/wp-json\/wp\/v2\/tags?post=5669"}],"curies":[{"name":"wp","href":"https:\/\/api.w.org\/{rel}","templated":true}]}}