{"id":5666,"date":"2024-10-22T21:15:09","date_gmt":"2024-10-23T03:15:09","guid":{"rendered":"https:\/\/21panorama.com\/?p=5666"},"modified":"2024-10-22T21:15:10","modified_gmt":"2024-10-23T03:15:10","slug":"exhortan-a-aplicar-recursos-de-emergencia-en-jilotzingo","status":"publish","type":"post","link":"https:\/\/21panorama.com\/index.php\/2024\/10\/22\/exhortan-a-aplicar-recursos-de-emergencia-en-jilotzingo\/","title":{"rendered":"EXHORTAN A APLICAR RECURSOS DE EMERGENCIA EN JILOTZINGO"},"content":{"rendered":"\n<p>Con el fin de restablecer las condiciones de normalidad en el municipio de Jilotzingo y atender la emergencia de manera integral, con acciones prioritarias y de apoyo inmediato, es indispensable liberar y aprovechar los recursos considerados en una partida presupuestal del gobierno del Estado de M\u00e9xico.<\/p>\n\n\n\n<p>Afirm\u00f3 lo anterior el diputado Alejandro Castro Hern\u00e1ndez, al fijar posici\u00f3n en torno a las inundaciones que se registraron desde el pasado 13 de septiembre. En ese sentido, dijo que el Presupuesto de Egresos del gobierno previ\u00f3, para este a\u00f1o un monto de 100 millones de pesos asignados a la Coordinaci\u00f3n General de Protecci\u00f3n Civil, para la atenci\u00f3n de desastres.<\/p>\n\n\n\n<p>Este Fondo, cuyos recursos deben ser aportados a un fideicomiso p\u00fablico, tiene por objeto \u201cla ejecuci\u00f3n de acciones, la autorizaci\u00f3n y aplicaci\u00f3n de recursos para mitigar las consecuencias producidas por la ocurrencia de una emergencia o desastre, provocados por un fen\u00f3meno perturbador, tanto a trav\u00e9s de acciones preventivas como de auxilio\u201d.<\/p>\n\n\n\n<p>Manifest\u00f3 que la vida, el patrimonio y la integridad de las familias de Jilotzingo lo requieren y es nuestro deber ayudarlos; por lo anteriormente expuesto, someti\u00f3 a la consideraci\u00f3n del Legislativo un exhorto a la Secretar\u00eda General de Gobierno para que, en el \u00e1mbito de sus competencias, intensifique las acciones de auxilio, asistencia y rehabilitaci\u00f3n en el municipio de Jilotzingo.<\/p>\n\n\n\n<p>Adem\u00e1s de que solicite la declaratoria de emergencia, a fin de atender los da\u00f1os causados, garantizar el funcionamiento de los servicios esenciales de la comunidad, as\u00ed como proteger la vida y el patrimonio de sus habitantes.<\/p>\n\n\n\n<p>De igual forma se exhorte a la Secretar\u00eda de Finanzas del Estado de M\u00e9xico para que una vez declarada la emergencia en el municipio de Jilotzingo, libere los recursos extraordinarios que permitan, tanto a las autoridades estatales como a las municipales, hacer frente a la contingencia y continuar con las acciones de auxilio, asistencia y rehabilitaci\u00f3n hasta que la emergencia desaparezca.<\/p>\n","protected":false},"excerpt":{"rendered":"<p>Con el fin de restablecer las condiciones de normalidad en el municipio de Jilotzingo y atender la emergencia de manera integral, con acciones prioritarias y de apoyo inmediato, es indispensable liberar y aprovechar los recursos considerados en una partida presupuestal del gobierno del Estado de M\u00e9xico.<\/p>\n","protected":false},"author":1,"featured_media":5667,"comment_status":"open","ping_status":"open","sticky":false,"template":"","format":"standard","meta":{"footnotes":""},"categories":[12,1],"tags":[418,97,33],"class_list":["post-5666","post","type-post","status-publish","format-standard","has-post-thumbnail","hentry","category-politica","category-sociedad","tag-alejandro-castro","tag-edomex","tag-pri"],"yoast_head":"<!-- This site is optimized with the Yoast SEO plugin v24.9 - https:\/\/yoast.com\/wordpress\/plugins\/seo\/ -->\n<title>EXHORTAN A APLICAR RECURSOS DE EMERGENCIA EN JILOTZINGO - 21 Panorama<\/title>\n<meta name=\"robots\" content=\"index, follow, max-snippet:-1, max-image-preview:large, max-video-preview:-1\" \/>\n<link rel=\"canonical\" href=\"https:\/\/21panorama.com\/index.php\/2024\/10\/22\/exhortan-a-aplicar-recursos-de-emergencia-en-jilotzingo\/\" \/>\n<meta property=\"og:locale\" content=\"es_MX\" \/>\n<meta property=\"og:type\" content=\"article\" \/>\n<meta property=\"og:title\" content=\"EXHORTAN A APLICAR RECURSOS DE EMERGENCIA EN JILOTZINGO - 21 Panorama\" \/>\n<meta property=\"og:description\" content=\"Con el fin de restablecer las condiciones de normalidad en el municipio de Jilotzingo y atender la emergencia de manera integral, con acciones prioritarias y de apoyo inmediato, es indispensable liberar y aprovechar los recursos considerados en una partida presupuestal del gobierno del Estado de M\u00e9xico.\" \/>\n<meta property=\"og:url\" content=\"https:\/\/21panorama.com\/index.php\/2024\/10\/22\/exhortan-a-aplicar-recursos-de-emergencia-en-jilotzingo\/\" \/>\n<meta property=\"og:site_name\" content=\"21 Panorama\" \/>\n<meta property=\"article:published_time\" content=\"2024-10-23T03:15:09+00:00\" \/>\n<meta property=\"article:modified_time\" content=\"2024-10-23T03:15:10+00:00\" \/>\n<meta property=\"og:image\" content=\"https:\/\/21panorama.com\/wp-content\/uploads\/2024\/10\/WhatsApp-Image-2024-10-22-at-7.01.21-PM-2-scaled.jpeg\" \/>\n\t<meta property=\"og:image:width\" content=\"2560\" \/>\n\t<meta property=\"og:image:height\" content=\"1706\" \/>\n\t<meta property=\"og:image:type\" content=\"image\/jpeg\" \/>\n<meta name=\"author\" content=\"admin\" \/>\n<meta name=\"twitter:card\" content=\"summary_large_image\" \/>\n<meta name=\"twitter:label1\" content=\"Escrito por\" \/>\n\t<meta name=\"twitter:data1\" content=\"admin\" \/>\n\t<meta name=\"twitter:label2\" content=\"Tiempo de lectura\" \/>\n\t<meta name=\"twitter:data2\" content=\"2 minutos\" \/>\n<script type=\"application\/ld+json\" class=\"yoast-schema-graph\">{\"@context\":\"https:\/\/schema.org\",\"@graph\":[{\"@type\":\"Article\",\"@id\":\"https:\/\/21panorama.com\/index.php\/2024\/10\/22\/exhortan-a-aplicar-recursos-de-emergencia-en-jilotzingo\/#article\",\"isPartOf\":{\"@id\":\"https:\/\/21panorama.com\/index.php\/2024\/10\/22\/exhortan-a-aplicar-recursos-de-emergencia-en-jilotzingo\/\"},\"author\":{\"name\":\"admin\",\"@id\":\"https:\/\/21panorama.com\/#\/schema\/person\/1afc291b96d5792a158768324287319f\"},\"headline\":\"EXHORTAN A APLICAR RECURSOS DE EMERGENCIA EN JILOTZINGO\",\"datePublished\":\"2024-10-23T03:15:09+00:00\",\"dateModified\":\"2024-10-23T03:15:10+00:00\",\"mainEntityOfPage\":{\"@id\":\"https:\/\/21panorama.com\/index.php\/2024\/10\/22\/exhortan-a-aplicar-recursos-de-emergencia-en-jilotzingo\/\"},\"wordCount\":341,\"commentCount\":0,\"publisher\":{\"@id\":\"https:\/\/21panorama.com\/#organization\"},\"image\":{\"@id\":\"https:\/\/21panorama.com\/index.php\/2024\/10\/22\/exhortan-a-aplicar-recursos-de-emergencia-en-jilotzingo\/#primaryimage\"},\"thumbnailUrl\":\"https:\/\/21panorama.com\/wp-content\/uploads\/2024\/10\/WhatsApp-Image-2024-10-22-at-7.01.21-PM-2-scaled.jpeg\",\"keywords\":[\"Alejandro Castro\",\"EDOMEX\",\"PRI\"],\"articleSection\":[\"Politica\",\"Sociedad\"],\"inLanguage\":\"es\",\"potentialAction\":[{\"@type\":\"CommentAction\",\"name\":\"Comment\",\"target\":[\"https:\/\/21panorama.com\/index.php\/2024\/10\/22\/exhortan-a-aplicar-recursos-de-emergencia-en-jilotzingo\/#respond\"]}]},{\"@type\":\"WebPage\",\"@id\":\"https:\/\/21panorama.com\/index.php\/2024\/10\/22\/exhortan-a-aplicar-recursos-de-emergencia-en-jilotzingo\/\",\"url\":\"https:\/\/21panorama.com\/index.php\/2024\/10\/22\/exhortan-a-aplicar-recursos-de-emergencia-en-jilotzingo\/\",\"name\":\"EXHORTAN A APLICAR RECURSOS DE EMERGENCIA EN JILOTZINGO - 21 Panorama\",\"isPartOf\":{\"@id\":\"https:\/\/21panorama.com\/#website\"},\"primaryImageOfPage\":{\"@id\":\"https:\/\/21panorama.com\/index.php\/2024\/10\/22\/exhortan-a-aplicar-recursos-de-emergencia-en-jilotzingo\/#primaryimage\"},\"image\":{\"@id\":\"https:\/\/21panorama.com\/index.php\/2024\/10\/22\/exhortan-a-aplicar-recursos-de-emergencia-en-jilotzingo\/#primaryimage\"},\"thumbnailUrl\":\"https:\/\/21panorama.com\/wp-content\/uploads\/2024\/10\/WhatsApp-Image-2024-10-22-at-7.01.21-PM-2-scaled.jpeg\",\"datePublished\":\"2024-10-23T03:15:09+00:00\",\"dateModified\":\"2024-10-23T03:15:10+00:00\",\"breadcrumb\":{\"@id\":\"https:\/\/21panorama.com\/index.php\/2024\/10\/22\/exhortan-a-aplicar-recursos-de-emergencia-en-jilotzingo\/#breadcrumb\"},\"inLanguage\":\"es\",\"potentialAction\":[{\"@type\":\"ReadAction\",\"target\":[\"https:\/\/21panorama.com\/index.php\/2024\/10\/22\/exhortan-a-aplicar-recursos-de-emergencia-en-jilotzingo\/\"]}]},{\"@type\":\"ImageObject\",\"inLanguage\":\"es\",\"@id\":\"https:\/\/21panorama.com\/index.php\/2024\/10\/22\/exhortan-a-aplicar-recursos-de-emergencia-en-jilotzingo\/#primaryimage\",\"url\":\"https:\/\/21panorama.com\/wp-content\/uploads\/2024\/10\/WhatsApp-Image-2024-10-22-at-7.01.21-PM-2-scaled.jpeg\",\"contentUrl\":\"https:\/\/21panorama.com\/wp-content\/uploads\/2024\/10\/WhatsApp-Image-2024-10-22-at-7.01.21-PM-2-scaled.jpeg\",\"width\":2560,\"height\":1706},{\"@type\":\"BreadcrumbList\",\"@id\":\"https:\/\/21panorama.com\/index.php\/2024\/10\/22\/exhortan-a-aplicar-recursos-de-emergencia-en-jilotzingo\/#breadcrumb\",\"itemListElement\":[{\"@type\":\"ListItem\",\"position\":1,\"name\":\"Inicio\",\"item\":\"https:\/\/21panorama.com\/\"},{\"@type\":\"ListItem\",\"position\":2,\"name\":\"EXHORTAN A APLICAR RECURSOS DE EMERGENCIA EN JILOTZINGO\"}]},{\"@type\":\"WebSite\",\"@id\":\"https:\/\/21panorama.com\/#website\",\"url\":\"https:\/\/21panorama.com\/\",\"name\":\"21 Panorama\",\"description\":\"La construcci\u00f3n de la opini\u00f3n p\u00fablica merece un mejor Panorama en este siglo 21 para alcanzar una sociedad con mayor transparencia y sin corrupci\u00f3n.\",\"publisher\":{\"@id\":\"https:\/\/21panorama.com\/#organization\"},\"potentialAction\":[{\"@type\":\"SearchAction\",\"target\":{\"@type\":\"EntryPoint\",\"urlTemplate\":\"https:\/\/21panorama.com\/?s={search_term_string}\"},\"query-input\":{\"@type\":\"PropertyValueSpecification\",\"valueRequired\":true,\"valueName\":\"search_term_string\"}}],\"inLanguage\":\"es\"},{\"@type\":\"Organization\",\"@id\":\"https:\/\/21panorama.com\/#organization\",\"name\":\"21 Panorama\",\"url\":\"https:\/\/21panorama.com\/\",\"logo\":{\"@type\":\"ImageObject\",\"inLanguage\":\"es\",\"@id\":\"https:\/\/21panorama.com\/#\/schema\/logo\/image\/\",\"url\":\"https:\/\/21panorama.com\/wp-content\/uploads\/2019\/07\/cropped-Logo-Panorama-01.jpeg\",\"contentUrl\":\"https:\/\/21panorama.com\/wp-content\/uploads\/2019\/07\/cropped-Logo-Panorama-01.jpeg\",\"width\":290,\"height\":70,\"caption\":\"21 Panorama\"},\"image\":{\"@id\":\"https:\/\/21panorama.com\/#\/schema\/logo\/image\/\"}},{\"@type\":\"Person\",\"@id\":\"https:\/\/21panorama.com\/#\/schema\/person\/1afc291b96d5792a158768324287319f\",\"name\":\"admin\",\"image\":{\"@type\":\"ImageObject\",\"inLanguage\":\"es\",\"@id\":\"https:\/\/21panorama.com\/#\/schema\/person\/image\/\",\"url\":\"https:\/\/secure.gravatar.com\/avatar\/ad365d9d9f46719215b0d042cc3df92a5a8683e09ef13d102233e5491985f0f0?s=96&d=mm&r=g\",\"contentUrl\":\"https:\/\/secure.gravatar.com\/avatar\/ad365d9d9f46719215b0d042cc3df92a5a8683e09ef13d102233e5491985f0f0?s=96&d=mm&r=g\",\"caption\":\"admin\"},\"url\":\"https:\/\/21panorama.com\/index.php\/author\/admin\/\"}]}<\/script>\n<!-- \/ Yoast SEO plugin. -->","yoast_head_json":{"title":"EXHORTAN A APLICAR RECURSOS DE EMERGENCIA EN JILOTZINGO - 21 Panorama","robots":{"index":"index","follow":"follow","max-snippet":"max-snippet:-1","max-image-preview":"max-image-preview:large","max-video-preview":"max-video-preview:-1"},"canonical":"https:\/\/21panorama.com\/index.php\/2024\/10\/22\/exhortan-a-aplicar-recursos-de-emergencia-en-jilotzingo\/","og_locale":"es_MX","og_type":"article","og_title":"EXHORTAN A APLICAR RECURSOS DE EMERGENCIA EN JILOTZINGO - 21 Panorama","og_description":"Con el fin de restablecer las condiciones de normalidad en el municipio de Jilotzingo y atender la emergencia de manera integral, con acciones prioritarias y de apoyo inmediato, es indispensable liberar y aprovechar los recursos considerados en una partida presupuestal del gobierno del Estado de M\u00e9xico.","og_url":"https:\/\/21panorama.com\/index.php\/2024\/10\/22\/exhortan-a-aplicar-recursos-de-emergencia-en-jilotzingo\/","og_site_name":"21 Panorama","article_published_time":"2024-10-23T03:15:09+00:00","article_modified_time":"2024-10-23T03:15:10+00:00","og_image":[{"width":2560,"height":1706,"url":"https:\/\/21panorama.com\/wp-content\/uploads\/2024\/10\/WhatsApp-Image-2024-10-22-at-7.01.21-PM-2-scaled.jpeg","type":"image\/jpeg"}],"author":"admin","twitter_card":"summary_large_image","twitter_misc":{"Escrito por":"admin","Tiempo de lectura":"2 minutos"},"schema":{"@context":"https:\/\/schema.org","@graph":[{"@type":"Article","@id":"https:\/\/21panorama.com\/index.php\/2024\/10\/22\/exhortan-a-aplicar-recursos-de-emergencia-en-jilotzingo\/#article","isPartOf":{"@id":"https:\/\/21panorama.com\/index.php\/2024\/10\/22\/exhortan-a-aplicar-recursos-de-emergencia-en-jilotzingo\/"},"author":{"name":"admin","@id":"https:\/\/21panorama.com\/#\/schema\/person\/1afc291b96d5792a158768324287319f"},"headline":"EXHORTAN A APLICAR RECURSOS DE EMERGENCIA EN JILOTZINGO","datePublished":"2024-10-23T03:15:09+00:00","dateModified":"2024-10-23T03:15:10+00:00","mainEntityOfPage":{"@id":"https:\/\/21panorama.com\/index.php\/2024\/10\/22\/exhortan-a-aplicar-recursos-de-emergencia-en-jilotzingo\/"},"wordCount":341,"commentCount":0,"publisher":{"@id":"https:\/\/21panorama.com\/#organization"},"image":{"@id":"https:\/\/21panorama.com\/index.php\/2024\/10\/22\/exhortan-a-aplicar-recursos-de-emergencia-en-jilotzingo\/#primaryimage"},"thumbnailUrl":"https:\/\/21panorama.com\/wp-content\/uploads\/2024\/10\/WhatsApp-Image-2024-10-22-at-7.01.21-PM-2-scaled.jpeg","keywords":["Alejandro Castro","EDOMEX","PRI"],"articleSection":["Politica","Sociedad"],"inLanguage":"es","potentialAction":[{"@type":"CommentAction","name":"Comment","target":["https:\/\/21panorama.com\/index.php\/2024\/10\/22\/exhortan-a-aplicar-recursos-de-emergencia-en-jilotzingo\/#respond"]}]},{"@type":"WebPage","@id":"https:\/\/21panorama.com\/index.php\/2024\/10\/22\/exhortan-a-aplicar-recursos-de-emergencia-en-jilotzingo\/","url":"https:\/\/21panorama.com\/index.php\/2024\/10\/22\/exhortan-a-aplicar-recursos-de-emergencia-en-jilotzingo\/","name":"EXHORTAN A APLICAR RECURSOS DE EMERGENCIA EN JILOTZINGO - 21 Panorama","isPartOf":{"@id":"https:\/\/21panorama.com\/#website"},"primaryImageOfPage":{"@id":"https:\/\/21panorama.com\/index.php\/2024\/10\/22\/exhortan-a-aplicar-recursos-de-emergencia-en-jilotzingo\/#primaryimage"},"image":{"@id":"https:\/\/21panorama.com\/index.php\/2024\/10\/22\/exhortan-a-aplicar-recursos-de-emergencia-en-jilotzingo\/#primaryimage"},"thumbnailUrl":"https:\/\/21panorama.com\/wp-content\/uploads\/2024\/10\/WhatsApp-Image-2024-10-22-at-7.01.21-PM-2-scaled.jpeg","datePublished":"2024-10-23T03:15:09+00:00","dateModified":"2024-10-23T03:15:10+00:00","breadcrumb":{"@id":"https:\/\/21panorama.com\/index.php\/2024\/10\/22\/exhortan-a-aplicar-recursos-de-emergencia-en-jilotzingo\/#breadcrumb"},"inLanguage":"es","potentialAction":[{"@type":"ReadAction","target":["https:\/\/21panorama.com\/index.php\/2024\/10\/22\/exhortan-a-aplicar-recursos-de-emergencia-en-jilotzingo\/"]}]},{"@type":"ImageObject","inLanguage":"es","@id":"https:\/\/21panorama.com\/index.php\/2024\/10\/22\/exhortan-a-aplicar-recursos-de-emergencia-en-jilotzingo\/#primaryimage","url":"https:\/\/21panorama.com\/wp-content\/uploads\/2024\/10\/WhatsApp-Image-2024-10-22-at-7.01.21-PM-2-scaled.jpeg","contentUrl":"https:\/\/21panorama.com\/wp-content\/uploads\/2024\/10\/WhatsApp-Image-2024-10-22-at-7.01.21-PM-2-scaled.jpeg","width":2560,"height":1706},{"@type":"BreadcrumbList","@id":"https:\/\/21panorama.com\/index.php\/2024\/10\/22\/exhortan-a-aplicar-recursos-de-emergencia-en-jilotzingo\/#breadcrumb","itemListElement":[{"@type":"ListItem","position":1,"name":"Inicio","item":"https:\/\/21panorama.com\/"},{"@type":"ListItem","position":2,"name":"EXHORTAN A APLICAR RECURSOS DE EMERGENCIA EN JILOTZINGO"}]},{"@type":"WebSite","@id":"https:\/\/21panorama.com\/#website","url":"https:\/\/21panorama.com\/","name":"21 Panorama","description":"La construcci\u00f3n de la opini\u00f3n p\u00fablica merece un mejor Panorama en este siglo 21 para alcanzar una sociedad con mayor transparencia y sin corrupci\u00f3n.","publisher":{"@id":"https:\/\/21panorama.com\/#organization"},"potentialAction":[{"@type":"SearchAction","target":{"@type":"EntryPoint","urlTemplate":"https:\/\/21panorama.com\/?s={search_term_string}"},"query-input":{"@type":"PropertyValueSpecification","valueRequired":true,"valueName":"search_term_string"}}],"inLanguage":"es"},{"@type":"Organization","@id":"https:\/\/21panorama.com\/#organization","name":"21 Panorama","url":"https:\/\/21panorama.com\/","logo":{"@type":"ImageObject","inLanguage":"es","@id":"https:\/\/21panorama.com\/#\/schema\/logo\/image\/","url":"https:\/\/21panorama.com\/wp-content\/uploads\/2019\/07\/cropped-Logo-Panorama-01.jpeg","contentUrl":"https:\/\/21panorama.com\/wp-content\/uploads\/2019\/07\/cropped-Logo-Panorama-01.jpeg","width":290,"height":70,"caption":"21 Panorama"},"image":{"@id":"https:\/\/21panorama.com\/#\/schema\/logo\/image\/"}},{"@type":"Person","@id":"https:\/\/21panorama.com\/#\/schema\/person\/1afc291b96d5792a158768324287319f","name":"admin","image":{"@type":"ImageObject","inLanguage":"es","@id":"https:\/\/21panorama.com\/#\/schema\/person\/image\/","url":"https:\/\/secure.gravatar.com\/avatar\/ad365d9d9f46719215b0d042cc3df92a5a8683e09ef13d102233e5491985f0f0?s=96&d=mm&r=g","contentUrl":"https:\/\/secure.gravatar.com\/avatar\/ad365d9d9f46719215b0d042cc3df92a5a8683e09ef13d102233e5491985f0f0?s=96&d=mm&r=g","caption":"admin"},"url":"https:\/\/21panorama.com\/index.php\/author\/admin\/"}]}},"_links":{"self":[{"href":"https:\/\/21panorama.com\/index.php\/wp-json\/wp\/v2\/posts\/5666","targetHints":{"allow":["GET"]}}],"collection":[{"href":"https:\/\/21panorama.com\/index.php\/wp-json\/wp\/v2\/posts"}],"about":[{"href":"https:\/\/21panorama.com\/index.php\/wp-json\/wp\/v2\/types\/post"}],"author":[{"embeddable":true,"href":"https:\/\/21panorama.com\/index.php\/wp-json\/wp\/v2\/users\/1"}],"replies":[{"embeddable":true,"href":"https:\/\/21panorama.com\/index.php\/wp-json\/wp\/v2\/comments?post=5666"}],"version-history":[{"count":1,"href":"https:\/\/21panorama.com\/index.php\/wp-json\/wp\/v2\/posts\/5666\/revisions"}],"predecessor-version":[{"id":5668,"href":"https:\/\/21panorama.com\/index.php\/wp-json\/wp\/v2\/posts\/5666\/revisions\/5668"}],"wp:featuredmedia":[{"embeddable":true,"href":"https:\/\/21panorama.com\/index.php\/wp-json\/wp\/v2\/media\/5667"}],"wp:attachment":[{"href":"https:\/\/21panorama.com\/index.php\/wp-json\/wp\/v2\/media?parent=5666"}],"wp:term":[{"taxonomy":"category","embeddable":true,"href":"https:\/\/21panorama.com\/index.php\/wp-json\/wp\/v2\/categories?post=5666"},{"taxonomy":"post_tag","embeddable":true,"href":"https:\/\/21panorama.com\/index.php\/wp-json\/wp\/v2\/tags?post=5666"}],"curies":[{"name":"wp","href":"https:\/\/api.w.org\/{rel}","templated":true}]}}