{"id":5663,"date":"2024-10-18T18:28:00","date_gmt":"2024-10-19T00:28:00","guid":{"rendered":"https:\/\/21panorama.com\/?p=5663"},"modified":"2024-10-18T18:28:01","modified_gmt":"2024-10-19T00:28:01","slug":"velara-la-legislatura-por-la-integridad-del-servicio-publico-alejandro-castro","status":"publish","type":"post","link":"https:\/\/21panorama.com\/index.php\/2024\/10\/18\/velara-la-legislatura-por-la-integridad-del-servicio-publico-alejandro-castro\/","title":{"rendered":"VELAR\u00c1 LA LEGISLATURA POR LA INTEGRIDAD DEL SERVICIO P\u00daBLICO: ALEJANDRO CASTRO"},"content":{"rendered":"\n<p>Al dar inicio formal a los trabajos del Comit\u00e9 Permanente de Vigilancia de la Contralor\u00eda, el diputado Alejandro Castro Hern\u00e1ndez, afirm\u00f3 que la Legislatura del Estado de M\u00e9xico velar\u00e1 por la integridad de los actos de la administraci\u00f3n p\u00fablica y supervisar\u00e1 el cumplimiento de las normas y regulaciones que rigen el uso de los recursos del pueblo.<\/p>\n\n\n\n<p>En su participaci\u00f3n, dijo que la labor legislativa es fundamental porque responde a la necesidad de garantizar la transparencia, la rendici\u00f3n de cuentas y el adecuado ejercicio de los recursos p\u00fablicos en el Estado de M\u00e9xico y en el Poder Legislativo.<\/p>\n\n\n\n<p>La vigilancia y fiscalizaci\u00f3n son pilares fundamentales de la democracia, \u201cse busca fortalecer la confianza de los ciudadanos en las instituciones, asegurando que los procesos administrativos y financieros del Estado se realicen de manera eficiente, honesta y conforme a la ley\u201d, puntualiz\u00f3.<\/p>\n\n\n\n<p>Expuso que la Contralor\u00eda del Poder Legislativo tiene un papel clave en el ejercicio de la legalidad y la justicia, ya que es la primera l\u00ednea de contacto entre servidores p\u00fablicos y ciudadanos, para la presentaci\u00f3n de denuncias por faltas administrativas, cometidas en el servicio p\u00fablico.<\/p>\n\n\n\n<p>Desde el Congreso local vigilaremos que los instrumentos y mecanismos de auditor\u00eda, fiscalizaci\u00f3n, control, vigilancia e inspecci\u00f3n, as\u00ed como \u00e1reas de investigaci\u00f3n, substanciaci\u00f3n y resoluci\u00f3n de expedientes, se conduzcan con estricto apego a derecho y jam\u00e1s como mecanismos de presi\u00f3n, revanchismo, pago de favores o amiguismo, a\u00f1adi\u00f3.<\/p>\n\n\n\n<p>Destac\u00f3 la necesidad de contar con \u00d3rganos de Control apegados a la legalidad, con respeto a la presunci\u00f3n de inocencia, imponiendo sanciones justas y apegadas a derecho, a quien lo amerite, y as\u00ed mismo resoluciones absolutorias a quien lo merezca.<\/p>\n","protected":false},"excerpt":{"rendered":"<p>Al dar inicio formal a los trabajos del Comit\u00e9 Permanente de Vigilancia de la Contralor\u00eda, el diputado Alejandro Castro Hern\u00e1ndez, afirm\u00f3 que la Legislatura del Estado de M\u00e9xico velar\u00e1 por la integridad de los actos de la administraci\u00f3n p\u00fablica y supervisar\u00e1 el cumplimiento de las normas y regulaciones que rigen el uso de los recursos del pueblo.<\/p>\n","protected":false},"author":1,"featured_media":5664,"comment_status":"open","ping_status":"open","sticky":false,"template":"","format":"standard","meta":{"footnotes":""},"categories":[12,1],"tags":[418,97,33],"class_list":["post-5663","post","type-post","status-publish","format-standard","has-post-thumbnail","hentry","category-politica","category-sociedad","tag-alejandro-castro","tag-edomex","tag-pri"],"yoast_head":"<!-- This site is optimized with the Yoast SEO plugin v24.9 - https:\/\/yoast.com\/wordpress\/plugins\/seo\/ -->\n<title>VELAR\u00c1 LA LEGISLATURA POR LA INTEGRIDAD DEL SERVICIO P\u00daBLICO: ALEJANDRO CASTRO - 21 Panorama<\/title>\n<meta name=\"robots\" content=\"index, follow, max-snippet:-1, max-image-preview:large, max-video-preview:-1\" \/>\n<link rel=\"canonical\" href=\"https:\/\/21panorama.com\/index.php\/2024\/10\/18\/velara-la-legislatura-por-la-integridad-del-servicio-publico-alejandro-castro\/\" \/>\n<meta property=\"og:locale\" content=\"es_MX\" \/>\n<meta property=\"og:type\" content=\"article\" \/>\n<meta property=\"og:title\" content=\"VELAR\u00c1 LA LEGISLATURA POR LA INTEGRIDAD DEL SERVICIO P\u00daBLICO: ALEJANDRO CASTRO - 21 Panorama\" \/>\n<meta property=\"og:description\" content=\"Al dar inicio formal a los trabajos del Comit\u00e9 Permanente de Vigilancia de la Contralor\u00eda, el diputado Alejandro Castro Hern\u00e1ndez, afirm\u00f3 que la Legislatura del Estado de M\u00e9xico velar\u00e1 por la integridad de los actos de la administraci\u00f3n p\u00fablica y supervisar\u00e1 el cumplimiento de las normas y regulaciones que rigen el uso de los recursos del pueblo.\" \/>\n<meta property=\"og:url\" content=\"https:\/\/21panorama.com\/index.php\/2024\/10\/18\/velara-la-legislatura-por-la-integridad-del-servicio-publico-alejandro-castro\/\" \/>\n<meta property=\"og:site_name\" content=\"21 Panorama\" \/>\n<meta property=\"article:published_time\" content=\"2024-10-19T00:28:00+00:00\" \/>\n<meta property=\"article:modified_time\" content=\"2024-10-19T00:28:01+00:00\" \/>\n<meta property=\"og:image\" content=\"https:\/\/21panorama.com\/wp-content\/uploads\/2024\/10\/WhatsApp-Image-2024-10-18-at-1.47.22-PM-1.jpeg\" \/>\n\t<meta property=\"og:image:width\" content=\"1280\" \/>\n\t<meta property=\"og:image:height\" content=\"910\" \/>\n\t<meta property=\"og:image:type\" content=\"image\/jpeg\" \/>\n<meta name=\"author\" content=\"admin\" \/>\n<meta name=\"twitter:card\" content=\"summary_large_image\" \/>\n<meta name=\"twitter:label1\" content=\"Escrito por\" \/>\n\t<meta name=\"twitter:data1\" content=\"admin\" \/>\n\t<meta name=\"twitter:label2\" content=\"Tiempo de lectura\" \/>\n\t<meta name=\"twitter:data2\" content=\"2 minutos\" \/>\n<script type=\"application\/ld+json\" class=\"yoast-schema-graph\">{\"@context\":\"https:\/\/schema.org\",\"@graph\":[{\"@type\":\"Article\",\"@id\":\"https:\/\/21panorama.com\/index.php\/2024\/10\/18\/velara-la-legislatura-por-la-integridad-del-servicio-publico-alejandro-castro\/#article\",\"isPartOf\":{\"@id\":\"https:\/\/21panorama.com\/index.php\/2024\/10\/18\/velara-la-legislatura-por-la-integridad-del-servicio-publico-alejandro-castro\/\"},\"author\":{\"name\":\"admin\",\"@id\":\"https:\/\/21panorama.com\/#\/schema\/person\/1afc291b96d5792a158768324287319f\"},\"headline\":\"VELAR\u00c1 LA LEGISLATURA POR LA INTEGRIDAD DEL SERVICIO P\u00daBLICO: ALEJANDRO CASTRO\",\"datePublished\":\"2024-10-19T00:28:00+00:00\",\"dateModified\":\"2024-10-19T00:28:01+00:00\",\"mainEntityOfPage\":{\"@id\":\"https:\/\/21panorama.com\/index.php\/2024\/10\/18\/velara-la-legislatura-por-la-integridad-del-servicio-publico-alejandro-castro\/\"},\"wordCount\":310,\"commentCount\":0,\"publisher\":{\"@id\":\"https:\/\/21panorama.com\/#organization\"},\"image\":{\"@id\":\"https:\/\/21panorama.com\/index.php\/2024\/10\/18\/velara-la-legislatura-por-la-integridad-del-servicio-publico-alejandro-castro\/#primaryimage\"},\"thumbnailUrl\":\"https:\/\/21panorama.com\/wp-content\/uploads\/2024\/10\/WhatsApp-Image-2024-10-18-at-1.47.22-PM-1.jpeg\",\"keywords\":[\"Alejandro Castro\",\"EDOMEX\",\"PRI\"],\"articleSection\":[\"Politica\",\"Sociedad\"],\"inLanguage\":\"es\",\"potentialAction\":[{\"@type\":\"CommentAction\",\"name\":\"Comment\",\"target\":[\"https:\/\/21panorama.com\/index.php\/2024\/10\/18\/velara-la-legislatura-por-la-integridad-del-servicio-publico-alejandro-castro\/#respond\"]}]},{\"@type\":\"WebPage\",\"@id\":\"https:\/\/21panorama.com\/index.php\/2024\/10\/18\/velara-la-legislatura-por-la-integridad-del-servicio-publico-alejandro-castro\/\",\"url\":\"https:\/\/21panorama.com\/index.php\/2024\/10\/18\/velara-la-legislatura-por-la-integridad-del-servicio-publico-alejandro-castro\/\",\"name\":\"VELAR\u00c1 LA LEGISLATURA POR LA INTEGRIDAD DEL SERVICIO P\u00daBLICO: ALEJANDRO CASTRO - 21 Panorama\",\"isPartOf\":{\"@id\":\"https:\/\/21panorama.com\/#website\"},\"primaryImageOfPage\":{\"@id\":\"https:\/\/21panorama.com\/index.php\/2024\/10\/18\/velara-la-legislatura-por-la-integridad-del-servicio-publico-alejandro-castro\/#primaryimage\"},\"image\":{\"@id\":\"https:\/\/21panorama.com\/index.php\/2024\/10\/18\/velara-la-legislatura-por-la-integridad-del-servicio-publico-alejandro-castro\/#primaryimage\"},\"thumbnailUrl\":\"https:\/\/21panorama.com\/wp-content\/uploads\/2024\/10\/WhatsApp-Image-2024-10-18-at-1.47.22-PM-1.jpeg\",\"datePublished\":\"2024-10-19T00:28:00+00:00\",\"dateModified\":\"2024-10-19T00:28:01+00:00\",\"breadcrumb\":{\"@id\":\"https:\/\/21panorama.com\/index.php\/2024\/10\/18\/velara-la-legislatura-por-la-integridad-del-servicio-publico-alejandro-castro\/#breadcrumb\"},\"inLanguage\":\"es\",\"potentialAction\":[{\"@type\":\"ReadAction\",\"target\":[\"https:\/\/21panorama.com\/index.php\/2024\/10\/18\/velara-la-legislatura-por-la-integridad-del-servicio-publico-alejandro-castro\/\"]}]},{\"@type\":\"ImageObject\",\"inLanguage\":\"es\",\"@id\":\"https:\/\/21panorama.com\/index.php\/2024\/10\/18\/velara-la-legislatura-por-la-integridad-del-servicio-publico-alejandro-castro\/#primaryimage\",\"url\":\"https:\/\/21panorama.com\/wp-content\/uploads\/2024\/10\/WhatsApp-Image-2024-10-18-at-1.47.22-PM-1.jpeg\",\"contentUrl\":\"https:\/\/21panorama.com\/wp-content\/uploads\/2024\/10\/WhatsApp-Image-2024-10-18-at-1.47.22-PM-1.jpeg\",\"width\":1280,\"height\":910},{\"@type\":\"BreadcrumbList\",\"@id\":\"https:\/\/21panorama.com\/index.php\/2024\/10\/18\/velara-la-legislatura-por-la-integridad-del-servicio-publico-alejandro-castro\/#breadcrumb\",\"itemListElement\":[{\"@type\":\"ListItem\",\"position\":1,\"name\":\"Inicio\",\"item\":\"https:\/\/21panorama.com\/\"},{\"@type\":\"ListItem\",\"position\":2,\"name\":\"VELAR\u00c1 LA LEGISLATURA POR LA INTEGRIDAD DEL SERVICIO P\u00daBLICO: ALEJANDRO CASTRO\"}]},{\"@type\":\"WebSite\",\"@id\":\"https:\/\/21panorama.com\/#website\",\"url\":\"https:\/\/21panorama.com\/\",\"name\":\"21 Panorama\",\"description\":\"La construcci\u00f3n de la opini\u00f3n p\u00fablica merece un mejor Panorama en este siglo 21 para alcanzar una sociedad con mayor transparencia y sin corrupci\u00f3n.\",\"publisher\":{\"@id\":\"https:\/\/21panorama.com\/#organization\"},\"potentialAction\":[{\"@type\":\"SearchAction\",\"target\":{\"@type\":\"EntryPoint\",\"urlTemplate\":\"https:\/\/21panorama.com\/?s={search_term_string}\"},\"query-input\":{\"@type\":\"PropertyValueSpecification\",\"valueRequired\":true,\"valueName\":\"search_term_string\"}}],\"inLanguage\":\"es\"},{\"@type\":\"Organization\",\"@id\":\"https:\/\/21panorama.com\/#organization\",\"name\":\"21 Panorama\",\"url\":\"https:\/\/21panorama.com\/\",\"logo\":{\"@type\":\"ImageObject\",\"inLanguage\":\"es\",\"@id\":\"https:\/\/21panorama.com\/#\/schema\/logo\/image\/\",\"url\":\"https:\/\/21panorama.com\/wp-content\/uploads\/2019\/07\/cropped-Logo-Panorama-01.jpeg\",\"contentUrl\":\"https:\/\/21panorama.com\/wp-content\/uploads\/2019\/07\/cropped-Logo-Panorama-01.jpeg\",\"width\":290,\"height\":70,\"caption\":\"21 Panorama\"},\"image\":{\"@id\":\"https:\/\/21panorama.com\/#\/schema\/logo\/image\/\"}},{\"@type\":\"Person\",\"@id\":\"https:\/\/21panorama.com\/#\/schema\/person\/1afc291b96d5792a158768324287319f\",\"name\":\"admin\",\"image\":{\"@type\":\"ImageObject\",\"inLanguage\":\"es\",\"@id\":\"https:\/\/21panorama.com\/#\/schema\/person\/image\/\",\"url\":\"https:\/\/secure.gravatar.com\/avatar\/ad365d9d9f46719215b0d042cc3df92a5a8683e09ef13d102233e5491985f0f0?s=96&d=mm&r=g\",\"contentUrl\":\"https:\/\/secure.gravatar.com\/avatar\/ad365d9d9f46719215b0d042cc3df92a5a8683e09ef13d102233e5491985f0f0?s=96&d=mm&r=g\",\"caption\":\"admin\"},\"url\":\"https:\/\/21panorama.com\/index.php\/author\/admin\/\"}]}<\/script>\n<!-- \/ Yoast SEO plugin. -->","yoast_head_json":{"title":"VELAR\u00c1 LA LEGISLATURA POR LA INTEGRIDAD DEL SERVICIO P\u00daBLICO: ALEJANDRO CASTRO - 21 Panorama","robots":{"index":"index","follow":"follow","max-snippet":"max-snippet:-1","max-image-preview":"max-image-preview:large","max-video-preview":"max-video-preview:-1"},"canonical":"https:\/\/21panorama.com\/index.php\/2024\/10\/18\/velara-la-legislatura-por-la-integridad-del-servicio-publico-alejandro-castro\/","og_locale":"es_MX","og_type":"article","og_title":"VELAR\u00c1 LA LEGISLATURA POR LA INTEGRIDAD DEL SERVICIO P\u00daBLICO: ALEJANDRO CASTRO - 21 Panorama","og_description":"Al dar inicio formal a los trabajos del Comit\u00e9 Permanente de Vigilancia de la Contralor\u00eda, el diputado Alejandro Castro Hern\u00e1ndez, afirm\u00f3 que la Legislatura del Estado de M\u00e9xico velar\u00e1 por la integridad de los actos de la administraci\u00f3n p\u00fablica y supervisar\u00e1 el cumplimiento de las normas y regulaciones que rigen el uso de los recursos del pueblo.","og_url":"https:\/\/21panorama.com\/index.php\/2024\/10\/18\/velara-la-legislatura-por-la-integridad-del-servicio-publico-alejandro-castro\/","og_site_name":"21 Panorama","article_published_time":"2024-10-19T00:28:00+00:00","article_modified_time":"2024-10-19T00:28:01+00:00","og_image":[{"width":1280,"height":910,"url":"https:\/\/21panorama.com\/wp-content\/uploads\/2024\/10\/WhatsApp-Image-2024-10-18-at-1.47.22-PM-1.jpeg","type":"image\/jpeg"}],"author":"admin","twitter_card":"summary_large_image","twitter_misc":{"Escrito por":"admin","Tiempo de lectura":"2 minutos"},"schema":{"@context":"https:\/\/schema.org","@graph":[{"@type":"Article","@id":"https:\/\/21panorama.com\/index.php\/2024\/10\/18\/velara-la-legislatura-por-la-integridad-del-servicio-publico-alejandro-castro\/#article","isPartOf":{"@id":"https:\/\/21panorama.com\/index.php\/2024\/10\/18\/velara-la-legislatura-por-la-integridad-del-servicio-publico-alejandro-castro\/"},"author":{"name":"admin","@id":"https:\/\/21panorama.com\/#\/schema\/person\/1afc291b96d5792a158768324287319f"},"headline":"VELAR\u00c1 LA LEGISLATURA POR LA INTEGRIDAD DEL SERVICIO P\u00daBLICO: ALEJANDRO CASTRO","datePublished":"2024-10-19T00:28:00+00:00","dateModified":"2024-10-19T00:28:01+00:00","mainEntityOfPage":{"@id":"https:\/\/21panorama.com\/index.php\/2024\/10\/18\/velara-la-legislatura-por-la-integridad-del-servicio-publico-alejandro-castro\/"},"wordCount":310,"commentCount":0,"publisher":{"@id":"https:\/\/21panorama.com\/#organization"},"image":{"@id":"https:\/\/21panorama.com\/index.php\/2024\/10\/18\/velara-la-legislatura-por-la-integridad-del-servicio-publico-alejandro-castro\/#primaryimage"},"thumbnailUrl":"https:\/\/21panorama.com\/wp-content\/uploads\/2024\/10\/WhatsApp-Image-2024-10-18-at-1.47.22-PM-1.jpeg","keywords":["Alejandro Castro","EDOMEX","PRI"],"articleSection":["Politica","Sociedad"],"inLanguage":"es","potentialAction":[{"@type":"CommentAction","name":"Comment","target":["https:\/\/21panorama.com\/index.php\/2024\/10\/18\/velara-la-legislatura-por-la-integridad-del-servicio-publico-alejandro-castro\/#respond"]}]},{"@type":"WebPage","@id":"https:\/\/21panorama.com\/index.php\/2024\/10\/18\/velara-la-legislatura-por-la-integridad-del-servicio-publico-alejandro-castro\/","url":"https:\/\/21panorama.com\/index.php\/2024\/10\/18\/velara-la-legislatura-por-la-integridad-del-servicio-publico-alejandro-castro\/","name":"VELAR\u00c1 LA LEGISLATURA POR LA INTEGRIDAD DEL SERVICIO P\u00daBLICO: ALEJANDRO CASTRO - 21 Panorama","isPartOf":{"@id":"https:\/\/21panorama.com\/#website"},"primaryImageOfPage":{"@id":"https:\/\/21panorama.com\/index.php\/2024\/10\/18\/velara-la-legislatura-por-la-integridad-del-servicio-publico-alejandro-castro\/#primaryimage"},"image":{"@id":"https:\/\/21panorama.com\/index.php\/2024\/10\/18\/velara-la-legislatura-por-la-integridad-del-servicio-publico-alejandro-castro\/#primaryimage"},"thumbnailUrl":"https:\/\/21panorama.com\/wp-content\/uploads\/2024\/10\/WhatsApp-Image-2024-10-18-at-1.47.22-PM-1.jpeg","datePublished":"2024-10-19T00:28:00+00:00","dateModified":"2024-10-19T00:28:01+00:00","breadcrumb":{"@id":"https:\/\/21panorama.com\/index.php\/2024\/10\/18\/velara-la-legislatura-por-la-integridad-del-servicio-publico-alejandro-castro\/#breadcrumb"},"inLanguage":"es","potentialAction":[{"@type":"ReadAction","target":["https:\/\/21panorama.com\/index.php\/2024\/10\/18\/velara-la-legislatura-por-la-integridad-del-servicio-publico-alejandro-castro\/"]}]},{"@type":"ImageObject","inLanguage":"es","@id":"https:\/\/21panorama.com\/index.php\/2024\/10\/18\/velara-la-legislatura-por-la-integridad-del-servicio-publico-alejandro-castro\/#primaryimage","url":"https:\/\/21panorama.com\/wp-content\/uploads\/2024\/10\/WhatsApp-Image-2024-10-18-at-1.47.22-PM-1.jpeg","contentUrl":"https:\/\/21panorama.com\/wp-content\/uploads\/2024\/10\/WhatsApp-Image-2024-10-18-at-1.47.22-PM-1.jpeg","width":1280,"height":910},{"@type":"BreadcrumbList","@id":"https:\/\/21panorama.com\/index.php\/2024\/10\/18\/velara-la-legislatura-por-la-integridad-del-servicio-publico-alejandro-castro\/#breadcrumb","itemListElement":[{"@type":"ListItem","position":1,"name":"Inicio","item":"https:\/\/21panorama.com\/"},{"@type":"ListItem","position":2,"name":"VELAR\u00c1 LA LEGISLATURA POR LA INTEGRIDAD DEL SERVICIO P\u00daBLICO: ALEJANDRO CASTRO"}]},{"@type":"WebSite","@id":"https:\/\/21panorama.com\/#website","url":"https:\/\/21panorama.com\/","name":"21 Panorama","description":"La construcci\u00f3n de la opini\u00f3n p\u00fablica merece un mejor Panorama en este siglo 21 para alcanzar una sociedad con mayor transparencia y sin corrupci\u00f3n.","publisher":{"@id":"https:\/\/21panorama.com\/#organization"},"potentialAction":[{"@type":"SearchAction","target":{"@type":"EntryPoint","urlTemplate":"https:\/\/21panorama.com\/?s={search_term_string}"},"query-input":{"@type":"PropertyValueSpecification","valueRequired":true,"valueName":"search_term_string"}}],"inLanguage":"es"},{"@type":"Organization","@id":"https:\/\/21panorama.com\/#organization","name":"21 Panorama","url":"https:\/\/21panorama.com\/","logo":{"@type":"ImageObject","inLanguage":"es","@id":"https:\/\/21panorama.com\/#\/schema\/logo\/image\/","url":"https:\/\/21panorama.com\/wp-content\/uploads\/2019\/07\/cropped-Logo-Panorama-01.jpeg","contentUrl":"https:\/\/21panorama.com\/wp-content\/uploads\/2019\/07\/cropped-Logo-Panorama-01.jpeg","width":290,"height":70,"caption":"21 Panorama"},"image":{"@id":"https:\/\/21panorama.com\/#\/schema\/logo\/image\/"}},{"@type":"Person","@id":"https:\/\/21panorama.com\/#\/schema\/person\/1afc291b96d5792a158768324287319f","name":"admin","image":{"@type":"ImageObject","inLanguage":"es","@id":"https:\/\/21panorama.com\/#\/schema\/person\/image\/","url":"https:\/\/secure.gravatar.com\/avatar\/ad365d9d9f46719215b0d042cc3df92a5a8683e09ef13d102233e5491985f0f0?s=96&d=mm&r=g","contentUrl":"https:\/\/secure.gravatar.com\/avatar\/ad365d9d9f46719215b0d042cc3df92a5a8683e09ef13d102233e5491985f0f0?s=96&d=mm&r=g","caption":"admin"},"url":"https:\/\/21panorama.com\/index.php\/author\/admin\/"}]}},"_links":{"self":[{"href":"https:\/\/21panorama.com\/index.php\/wp-json\/wp\/v2\/posts\/5663","targetHints":{"allow":["GET"]}}],"collection":[{"href":"https:\/\/21panorama.com\/index.php\/wp-json\/wp\/v2\/posts"}],"about":[{"href":"https:\/\/21panorama.com\/index.php\/wp-json\/wp\/v2\/types\/post"}],"author":[{"embeddable":true,"href":"https:\/\/21panorama.com\/index.php\/wp-json\/wp\/v2\/users\/1"}],"replies":[{"embeddable":true,"href":"https:\/\/21panorama.com\/index.php\/wp-json\/wp\/v2\/comments?post=5663"}],"version-history":[{"count":1,"href":"https:\/\/21panorama.com\/index.php\/wp-json\/wp\/v2\/posts\/5663\/revisions"}],"predecessor-version":[{"id":5665,"href":"https:\/\/21panorama.com\/index.php\/wp-json\/wp\/v2\/posts\/5663\/revisions\/5665"}],"wp:featuredmedia":[{"embeddable":true,"href":"https:\/\/21panorama.com\/index.php\/wp-json\/wp\/v2\/media\/5664"}],"wp:attachment":[{"href":"https:\/\/21panorama.com\/index.php\/wp-json\/wp\/v2\/media?parent=5663"}],"wp:term":[{"taxonomy":"category","embeddable":true,"href":"https:\/\/21panorama.com\/index.php\/wp-json\/wp\/v2\/categories?post=5663"},{"taxonomy":"post_tag","embeddable":true,"href":"https:\/\/21panorama.com\/index.php\/wp-json\/wp\/v2\/tags?post=5663"}],"curies":[{"name":"wp","href":"https:\/\/api.w.org\/{rel}","templated":true}]}}