{"id":5656,"date":"2024-10-14T17:02:50","date_gmt":"2024-10-14T23:02:50","guid":{"rendered":"https:\/\/21panorama.com\/?p=5656"},"modified":"2024-10-14T17:02:51","modified_gmt":"2024-10-14T23:02:51","slug":"confirman-triunfo-de-mario-santana-en-villa-victoria","status":"publish","type":"post","link":"https:\/\/21panorama.com\/index.php\/2024\/10\/14\/confirman-triunfo-de-mario-santana-en-villa-victoria\/","title":{"rendered":"CONFIRMAN TRIUNFO DE MARIO SANTANA EN VILLA VICTORIA"},"content":{"rendered":"\n<p>Al culminar el estudio del juicio de inconformidad, el Tribunal Electoral del Estado de M\u00e9xico (TEEM) ratific\u00f3 el triunfo de Mario Santana Carbajal en el municipio de Villa Victoria.<\/p>\n\n\n\n<p>Con la confirmaci\u00f3n del resultado electoral del pasado 2 de junio en la alcald\u00eda tambi\u00e9n qued\u00f3 ratificada la constancia de mayor\u00eda entregada al presidente municipal electo del Partido Revolucionario Institucional (PRI).<\/p>\n\n\n\n<p>Luego de conocer el resultando del \u00f3rgano jurisdiccional, el alcalde electo de Villa Victoria, agradeci\u00f3 nuevamente al priismo de su tierra y pidi\u00f3 a sus vecinos la tranquilidad que se requiere para respetar la voluntad del voto de los priistas.<\/p>\n\n\n\n<p>Por otro lado, exhort\u00f3 muy respetuosamente a los integrantes de la coalici\u00f3n y militancia de Morena-PT-PVEM para que respeten el resultado de la autoridad electoral. Adem\u00e1s los invit\u00f3 a que se sumen al desarrollo y progreso de Villa Victoria.<\/p>\n\n\n\n<p>Los magistrados consideraron que en las impugnaciones que se promovieron, no se encontraron argumentos para sustentar los agravios que mencionaron en sus respectivos juicios de inconformidad.<\/p>\n\n\n\n<p>De tal manera que los magistrados rechazaron anular la elecci\u00f3n por no existir pruebas para tal efecto, confirmando con ello el triunfo de Mario Santana, quien gan\u00f3 la presidencia municipal para el periodo 2025-2027.<\/p>\n","protected":false},"excerpt":{"rendered":"<p>Al culminar el estudio del juicio de inconformidad, el Tribunal Electoral del Estado de M\u00e9xico (TEEM) ratific\u00f3 el triunfo de Mario Santana Carbajal en el municipio de Villa Victoria.<\/p>\n","protected":false},"author":1,"featured_media":5657,"comment_status":"open","ping_status":"open","sticky":false,"template":"","format":"standard","meta":{"footnotes":""},"categories":[12,1],"tags":[97,401,33],"class_list":["post-5656","post","type-post","status-publish","format-standard","has-post-thumbnail","hentry","category-politica","category-sociedad","tag-edomex","tag-mario-santana","tag-pri"],"yoast_head":"<!-- This site is optimized with the Yoast SEO plugin v24.9 - https:\/\/yoast.com\/wordpress\/plugins\/seo\/ -->\n<title>CONFIRMAN TRIUNFO DE MARIO SANTANA EN VILLA VICTORIA - 21 Panorama<\/title>\n<meta name=\"robots\" content=\"index, follow, max-snippet:-1, max-image-preview:large, max-video-preview:-1\" \/>\n<link rel=\"canonical\" href=\"https:\/\/21panorama.com\/index.php\/2024\/10\/14\/confirman-triunfo-de-mario-santana-en-villa-victoria\/\" \/>\n<meta property=\"og:locale\" content=\"es_MX\" \/>\n<meta property=\"og:type\" content=\"article\" \/>\n<meta property=\"og:title\" content=\"CONFIRMAN TRIUNFO DE MARIO SANTANA EN VILLA VICTORIA - 21 Panorama\" \/>\n<meta property=\"og:description\" content=\"Al culminar el estudio del juicio de inconformidad, el Tribunal Electoral del Estado de M\u00e9xico (TEEM) ratific\u00f3 el triunfo de Mario Santana Carbajal en el municipio de Villa Victoria.\" \/>\n<meta property=\"og:url\" content=\"https:\/\/21panorama.com\/index.php\/2024\/10\/14\/confirman-triunfo-de-mario-santana-en-villa-victoria\/\" \/>\n<meta property=\"og:site_name\" content=\"21 Panorama\" \/>\n<meta property=\"article:published_time\" content=\"2024-10-14T23:02:50+00:00\" \/>\n<meta property=\"article:modified_time\" content=\"2024-10-14T23:02:51+00:00\" \/>\n<meta property=\"og:image\" content=\"https:\/\/21panorama.com\/wp-content\/uploads\/2024\/10\/WhatsApp-Image-2024-10-14-at-1.34.27-PM-1.jpeg\" \/>\n\t<meta property=\"og:image:width\" content=\"1600\" \/>\n\t<meta property=\"og:image:height\" content=\"1200\" \/>\n\t<meta property=\"og:image:type\" content=\"image\/jpeg\" \/>\n<meta name=\"author\" content=\"admin\" \/>\n<meta name=\"twitter:card\" content=\"summary_large_image\" \/>\n<meta name=\"twitter:label1\" content=\"Escrito por\" \/>\n\t<meta name=\"twitter:data1\" content=\"admin\" \/>\n\t<meta name=\"twitter:label2\" content=\"Tiempo de lectura\" \/>\n\t<meta name=\"twitter:data2\" content=\"2 minutos\" \/>\n<script type=\"application\/ld+json\" class=\"yoast-schema-graph\">{\"@context\":\"https:\/\/schema.org\",\"@graph\":[{\"@type\":\"Article\",\"@id\":\"https:\/\/21panorama.com\/index.php\/2024\/10\/14\/confirman-triunfo-de-mario-santana-en-villa-victoria\/#article\",\"isPartOf\":{\"@id\":\"https:\/\/21panorama.com\/index.php\/2024\/10\/14\/confirman-triunfo-de-mario-santana-en-villa-victoria\/\"},\"author\":{\"name\":\"admin\",\"@id\":\"https:\/\/21panorama.com\/#\/schema\/person\/1afc291b96d5792a158768324287319f\"},\"headline\":\"CONFIRMAN TRIUNFO DE MARIO SANTANA EN VILLA VICTORIA\",\"datePublished\":\"2024-10-14T23:02:50+00:00\",\"dateModified\":\"2024-10-14T23:02:51+00:00\",\"mainEntityOfPage\":{\"@id\":\"https:\/\/21panorama.com\/index.php\/2024\/10\/14\/confirman-triunfo-de-mario-santana-en-villa-victoria\/\"},\"wordCount\":214,\"commentCount\":0,\"publisher\":{\"@id\":\"https:\/\/21panorama.com\/#organization\"},\"image\":{\"@id\":\"https:\/\/21panorama.com\/index.php\/2024\/10\/14\/confirman-triunfo-de-mario-santana-en-villa-victoria\/#primaryimage\"},\"thumbnailUrl\":\"https:\/\/21panorama.com\/wp-content\/uploads\/2024\/10\/WhatsApp-Image-2024-10-14-at-1.34.27-PM-1.jpeg\",\"keywords\":[\"EDOMEX\",\"Mario Santana\",\"PRI\"],\"articleSection\":[\"Politica\",\"Sociedad\"],\"inLanguage\":\"es\",\"potentialAction\":[{\"@type\":\"CommentAction\",\"name\":\"Comment\",\"target\":[\"https:\/\/21panorama.com\/index.php\/2024\/10\/14\/confirman-triunfo-de-mario-santana-en-villa-victoria\/#respond\"]}]},{\"@type\":\"WebPage\",\"@id\":\"https:\/\/21panorama.com\/index.php\/2024\/10\/14\/confirman-triunfo-de-mario-santana-en-villa-victoria\/\",\"url\":\"https:\/\/21panorama.com\/index.php\/2024\/10\/14\/confirman-triunfo-de-mario-santana-en-villa-victoria\/\",\"name\":\"CONFIRMAN TRIUNFO DE MARIO SANTANA EN VILLA VICTORIA - 21 Panorama\",\"isPartOf\":{\"@id\":\"https:\/\/21panorama.com\/#website\"},\"primaryImageOfPage\":{\"@id\":\"https:\/\/21panorama.com\/index.php\/2024\/10\/14\/confirman-triunfo-de-mario-santana-en-villa-victoria\/#primaryimage\"},\"image\":{\"@id\":\"https:\/\/21panorama.com\/index.php\/2024\/10\/14\/confirman-triunfo-de-mario-santana-en-villa-victoria\/#primaryimage\"},\"thumbnailUrl\":\"https:\/\/21panorama.com\/wp-content\/uploads\/2024\/10\/WhatsApp-Image-2024-10-14-at-1.34.27-PM-1.jpeg\",\"datePublished\":\"2024-10-14T23:02:50+00:00\",\"dateModified\":\"2024-10-14T23:02:51+00:00\",\"breadcrumb\":{\"@id\":\"https:\/\/21panorama.com\/index.php\/2024\/10\/14\/confirman-triunfo-de-mario-santana-en-villa-victoria\/#breadcrumb\"},\"inLanguage\":\"es\",\"potentialAction\":[{\"@type\":\"ReadAction\",\"target\":[\"https:\/\/21panorama.com\/index.php\/2024\/10\/14\/confirman-triunfo-de-mario-santana-en-villa-victoria\/\"]}]},{\"@type\":\"ImageObject\",\"inLanguage\":\"es\",\"@id\":\"https:\/\/21panorama.com\/index.php\/2024\/10\/14\/confirman-triunfo-de-mario-santana-en-villa-victoria\/#primaryimage\",\"url\":\"https:\/\/21panorama.com\/wp-content\/uploads\/2024\/10\/WhatsApp-Image-2024-10-14-at-1.34.27-PM-1.jpeg\",\"contentUrl\":\"https:\/\/21panorama.com\/wp-content\/uploads\/2024\/10\/WhatsApp-Image-2024-10-14-at-1.34.27-PM-1.jpeg\",\"width\":1600,\"height\":1200},{\"@type\":\"BreadcrumbList\",\"@id\":\"https:\/\/21panorama.com\/index.php\/2024\/10\/14\/confirman-triunfo-de-mario-santana-en-villa-victoria\/#breadcrumb\",\"itemListElement\":[{\"@type\":\"ListItem\",\"position\":1,\"name\":\"Inicio\",\"item\":\"https:\/\/21panorama.com\/\"},{\"@type\":\"ListItem\",\"position\":2,\"name\":\"CONFIRMAN TRIUNFO DE MARIO SANTANA EN VILLA VICTORIA\"}]},{\"@type\":\"WebSite\",\"@id\":\"https:\/\/21panorama.com\/#website\",\"url\":\"https:\/\/21panorama.com\/\",\"name\":\"21 Panorama\",\"description\":\"La construcci\u00f3n de la opini\u00f3n p\u00fablica merece un mejor Panorama en este siglo 21 para alcanzar una sociedad con mayor transparencia y sin corrupci\u00f3n.\",\"publisher\":{\"@id\":\"https:\/\/21panorama.com\/#organization\"},\"potentialAction\":[{\"@type\":\"SearchAction\",\"target\":{\"@type\":\"EntryPoint\",\"urlTemplate\":\"https:\/\/21panorama.com\/?s={search_term_string}\"},\"query-input\":{\"@type\":\"PropertyValueSpecification\",\"valueRequired\":true,\"valueName\":\"search_term_string\"}}],\"inLanguage\":\"es\"},{\"@type\":\"Organization\",\"@id\":\"https:\/\/21panorama.com\/#organization\",\"name\":\"21 Panorama\",\"url\":\"https:\/\/21panorama.com\/\",\"logo\":{\"@type\":\"ImageObject\",\"inLanguage\":\"es\",\"@id\":\"https:\/\/21panorama.com\/#\/schema\/logo\/image\/\",\"url\":\"https:\/\/21panorama.com\/wp-content\/uploads\/2019\/07\/cropped-Logo-Panorama-01.jpeg\",\"contentUrl\":\"https:\/\/21panorama.com\/wp-content\/uploads\/2019\/07\/cropped-Logo-Panorama-01.jpeg\",\"width\":290,\"height\":70,\"caption\":\"21 Panorama\"},\"image\":{\"@id\":\"https:\/\/21panorama.com\/#\/schema\/logo\/image\/\"}},{\"@type\":\"Person\",\"@id\":\"https:\/\/21panorama.com\/#\/schema\/person\/1afc291b96d5792a158768324287319f\",\"name\":\"admin\",\"image\":{\"@type\":\"ImageObject\",\"inLanguage\":\"es\",\"@id\":\"https:\/\/21panorama.com\/#\/schema\/person\/image\/\",\"url\":\"https:\/\/secure.gravatar.com\/avatar\/ad365d9d9f46719215b0d042cc3df92a5a8683e09ef13d102233e5491985f0f0?s=96&d=mm&r=g\",\"contentUrl\":\"https:\/\/secure.gravatar.com\/avatar\/ad365d9d9f46719215b0d042cc3df92a5a8683e09ef13d102233e5491985f0f0?s=96&d=mm&r=g\",\"caption\":\"admin\"},\"url\":\"https:\/\/21panorama.com\/index.php\/author\/admin\/\"}]}<\/script>\n<!-- \/ Yoast SEO plugin. -->","yoast_head_json":{"title":"CONFIRMAN TRIUNFO DE MARIO SANTANA EN VILLA VICTORIA - 21 Panorama","robots":{"index":"index","follow":"follow","max-snippet":"max-snippet:-1","max-image-preview":"max-image-preview:large","max-video-preview":"max-video-preview:-1"},"canonical":"https:\/\/21panorama.com\/index.php\/2024\/10\/14\/confirman-triunfo-de-mario-santana-en-villa-victoria\/","og_locale":"es_MX","og_type":"article","og_title":"CONFIRMAN TRIUNFO DE MARIO SANTANA EN VILLA VICTORIA - 21 Panorama","og_description":"Al culminar el estudio del juicio de inconformidad, el Tribunal Electoral del Estado de M\u00e9xico (TEEM) ratific\u00f3 el triunfo de Mario Santana Carbajal en el municipio de Villa Victoria.","og_url":"https:\/\/21panorama.com\/index.php\/2024\/10\/14\/confirman-triunfo-de-mario-santana-en-villa-victoria\/","og_site_name":"21 Panorama","article_published_time":"2024-10-14T23:02:50+00:00","article_modified_time":"2024-10-14T23:02:51+00:00","og_image":[{"width":1600,"height":1200,"url":"https:\/\/21panorama.com\/wp-content\/uploads\/2024\/10\/WhatsApp-Image-2024-10-14-at-1.34.27-PM-1.jpeg","type":"image\/jpeg"}],"author":"admin","twitter_card":"summary_large_image","twitter_misc":{"Escrito por":"admin","Tiempo de lectura":"2 minutos"},"schema":{"@context":"https:\/\/schema.org","@graph":[{"@type":"Article","@id":"https:\/\/21panorama.com\/index.php\/2024\/10\/14\/confirman-triunfo-de-mario-santana-en-villa-victoria\/#article","isPartOf":{"@id":"https:\/\/21panorama.com\/index.php\/2024\/10\/14\/confirman-triunfo-de-mario-santana-en-villa-victoria\/"},"author":{"name":"admin","@id":"https:\/\/21panorama.com\/#\/schema\/person\/1afc291b96d5792a158768324287319f"},"headline":"CONFIRMAN TRIUNFO DE MARIO SANTANA EN VILLA VICTORIA","datePublished":"2024-10-14T23:02:50+00:00","dateModified":"2024-10-14T23:02:51+00:00","mainEntityOfPage":{"@id":"https:\/\/21panorama.com\/index.php\/2024\/10\/14\/confirman-triunfo-de-mario-santana-en-villa-victoria\/"},"wordCount":214,"commentCount":0,"publisher":{"@id":"https:\/\/21panorama.com\/#organization"},"image":{"@id":"https:\/\/21panorama.com\/index.php\/2024\/10\/14\/confirman-triunfo-de-mario-santana-en-villa-victoria\/#primaryimage"},"thumbnailUrl":"https:\/\/21panorama.com\/wp-content\/uploads\/2024\/10\/WhatsApp-Image-2024-10-14-at-1.34.27-PM-1.jpeg","keywords":["EDOMEX","Mario Santana","PRI"],"articleSection":["Politica","Sociedad"],"inLanguage":"es","potentialAction":[{"@type":"CommentAction","name":"Comment","target":["https:\/\/21panorama.com\/index.php\/2024\/10\/14\/confirman-triunfo-de-mario-santana-en-villa-victoria\/#respond"]}]},{"@type":"WebPage","@id":"https:\/\/21panorama.com\/index.php\/2024\/10\/14\/confirman-triunfo-de-mario-santana-en-villa-victoria\/","url":"https:\/\/21panorama.com\/index.php\/2024\/10\/14\/confirman-triunfo-de-mario-santana-en-villa-victoria\/","name":"CONFIRMAN TRIUNFO DE MARIO SANTANA EN VILLA VICTORIA - 21 Panorama","isPartOf":{"@id":"https:\/\/21panorama.com\/#website"},"primaryImageOfPage":{"@id":"https:\/\/21panorama.com\/index.php\/2024\/10\/14\/confirman-triunfo-de-mario-santana-en-villa-victoria\/#primaryimage"},"image":{"@id":"https:\/\/21panorama.com\/index.php\/2024\/10\/14\/confirman-triunfo-de-mario-santana-en-villa-victoria\/#primaryimage"},"thumbnailUrl":"https:\/\/21panorama.com\/wp-content\/uploads\/2024\/10\/WhatsApp-Image-2024-10-14-at-1.34.27-PM-1.jpeg","datePublished":"2024-10-14T23:02:50+00:00","dateModified":"2024-10-14T23:02:51+00:00","breadcrumb":{"@id":"https:\/\/21panorama.com\/index.php\/2024\/10\/14\/confirman-triunfo-de-mario-santana-en-villa-victoria\/#breadcrumb"},"inLanguage":"es","potentialAction":[{"@type":"ReadAction","target":["https:\/\/21panorama.com\/index.php\/2024\/10\/14\/confirman-triunfo-de-mario-santana-en-villa-victoria\/"]}]},{"@type":"ImageObject","inLanguage":"es","@id":"https:\/\/21panorama.com\/index.php\/2024\/10\/14\/confirman-triunfo-de-mario-santana-en-villa-victoria\/#primaryimage","url":"https:\/\/21panorama.com\/wp-content\/uploads\/2024\/10\/WhatsApp-Image-2024-10-14-at-1.34.27-PM-1.jpeg","contentUrl":"https:\/\/21panorama.com\/wp-content\/uploads\/2024\/10\/WhatsApp-Image-2024-10-14-at-1.34.27-PM-1.jpeg","width":1600,"height":1200},{"@type":"BreadcrumbList","@id":"https:\/\/21panorama.com\/index.php\/2024\/10\/14\/confirman-triunfo-de-mario-santana-en-villa-victoria\/#breadcrumb","itemListElement":[{"@type":"ListItem","position":1,"name":"Inicio","item":"https:\/\/21panorama.com\/"},{"@type":"ListItem","position":2,"name":"CONFIRMAN TRIUNFO DE MARIO SANTANA EN VILLA VICTORIA"}]},{"@type":"WebSite","@id":"https:\/\/21panorama.com\/#website","url":"https:\/\/21panorama.com\/","name":"21 Panorama","description":"La construcci\u00f3n de la opini\u00f3n p\u00fablica merece un mejor Panorama en este siglo 21 para alcanzar una sociedad con mayor transparencia y sin corrupci\u00f3n.","publisher":{"@id":"https:\/\/21panorama.com\/#organization"},"potentialAction":[{"@type":"SearchAction","target":{"@type":"EntryPoint","urlTemplate":"https:\/\/21panorama.com\/?s={search_term_string}"},"query-input":{"@type":"PropertyValueSpecification","valueRequired":true,"valueName":"search_term_string"}}],"inLanguage":"es"},{"@type":"Organization","@id":"https:\/\/21panorama.com\/#organization","name":"21 Panorama","url":"https:\/\/21panorama.com\/","logo":{"@type":"ImageObject","inLanguage":"es","@id":"https:\/\/21panorama.com\/#\/schema\/logo\/image\/","url":"https:\/\/21panorama.com\/wp-content\/uploads\/2019\/07\/cropped-Logo-Panorama-01.jpeg","contentUrl":"https:\/\/21panorama.com\/wp-content\/uploads\/2019\/07\/cropped-Logo-Panorama-01.jpeg","width":290,"height":70,"caption":"21 Panorama"},"image":{"@id":"https:\/\/21panorama.com\/#\/schema\/logo\/image\/"}},{"@type":"Person","@id":"https:\/\/21panorama.com\/#\/schema\/person\/1afc291b96d5792a158768324287319f","name":"admin","image":{"@type":"ImageObject","inLanguage":"es","@id":"https:\/\/21panorama.com\/#\/schema\/person\/image\/","url":"https:\/\/secure.gravatar.com\/avatar\/ad365d9d9f46719215b0d042cc3df92a5a8683e09ef13d102233e5491985f0f0?s=96&d=mm&r=g","contentUrl":"https:\/\/secure.gravatar.com\/avatar\/ad365d9d9f46719215b0d042cc3df92a5a8683e09ef13d102233e5491985f0f0?s=96&d=mm&r=g","caption":"admin"},"url":"https:\/\/21panorama.com\/index.php\/author\/admin\/"}]}},"_links":{"self":[{"href":"https:\/\/21panorama.com\/index.php\/wp-json\/wp\/v2\/posts\/5656","targetHints":{"allow":["GET"]}}],"collection":[{"href":"https:\/\/21panorama.com\/index.php\/wp-json\/wp\/v2\/posts"}],"about":[{"href":"https:\/\/21panorama.com\/index.php\/wp-json\/wp\/v2\/types\/post"}],"author":[{"embeddable":true,"href":"https:\/\/21panorama.com\/index.php\/wp-json\/wp\/v2\/users\/1"}],"replies":[{"embeddable":true,"href":"https:\/\/21panorama.com\/index.php\/wp-json\/wp\/v2\/comments?post=5656"}],"version-history":[{"count":1,"href":"https:\/\/21panorama.com\/index.php\/wp-json\/wp\/v2\/posts\/5656\/revisions"}],"predecessor-version":[{"id":5658,"href":"https:\/\/21panorama.com\/index.php\/wp-json\/wp\/v2\/posts\/5656\/revisions\/5658"}],"wp:featuredmedia":[{"embeddable":true,"href":"https:\/\/21panorama.com\/index.php\/wp-json\/wp\/v2\/media\/5657"}],"wp:attachment":[{"href":"https:\/\/21panorama.com\/index.php\/wp-json\/wp\/v2\/media?parent=5656"}],"wp:term":[{"taxonomy":"category","embeddable":true,"href":"https:\/\/21panorama.com\/index.php\/wp-json\/wp\/v2\/categories?post=5656"},{"taxonomy":"post_tag","embeddable":true,"href":"https:\/\/21panorama.com\/index.php\/wp-json\/wp\/v2\/tags?post=5656"}],"curies":[{"name":"wp","href":"https:\/\/api.w.org\/{rel}","templated":true}]}}