{"id":5640,"date":"2024-09-26T21:24:26","date_gmt":"2024-09-27T03:24:26","guid":{"rendered":"https:\/\/21panorama.com\/?p=5640"},"modified":"2024-09-26T21:24:26","modified_gmt":"2024-09-27T03:24:26","slug":"presenta-abuzeid-lozano-programa-de-la-feria-de-ixtlahuaca-2024","status":"publish","type":"post","link":"https:\/\/21panorama.com\/index.php\/2024\/09\/26\/presenta-abuzeid-lozano-programa-de-la-feria-de-ixtlahuaca-2024\/","title":{"rendered":"PRESENTA ABUZEID LOZANO PROGRAMA DE LA FERIA DE IXTLAHUACA 2024"},"content":{"rendered":"\n<p><\/p>\n\n\n\n<p>Para fortalecer las tradiciones y promover la convivencia familiar, el Gobierno de Ixtlahuaca present\u00f3 la Feria Patronal de Ixtlahuaca 2024 en honor a San Francisco de As\u00eds, que se realizar\u00e1 del 23 de septiembre al 6 de octubre en el Teatro del Pueblo y diferentes sedes en la cabecera municipal.<\/p>\n\n\n\n<p>El presidente municipal, Abuzeid Lozano, destac\u00f3 que este a\u00f1o, la feria se presenta con una programaci\u00f3n de gran calidad, dise\u00f1ada para realzar las costumbres de Ixtlahuaca, al tiempo que impulsa el turismo y el desarrollo econ\u00f3mico del municipio.<\/p>\n\n\n\n<p>\u201cDurante los d\u00edas de feria, los habitantes de Ixtlahuaca y los visitantes de la regi\u00f3n podr\u00e1n disfrutar de una amplia oferta de eventos art\u00edsticos, culturales y deportivos sin costo, todos ellos pensados para ofrecer una experiencia \u00fanica a personas de todas las edades. Esta edici\u00f3n de la feria incluir\u00e1 espect\u00e1culos de primer nivel, dando especial \u00e9nfasis a nuestras tradiciones locales y al ambiente familiar que distingue a esta festividad\u201d, se\u00f1alo.<\/p>\n\n\n\n<p>Las celebraciones comenzar\u00e1n el jueves 26 de septiembre con el Certamen Reina Mazahua, un evento que honra las ra\u00edces ind\u00edgenas y resalta el orgullo de la identidad cultural en Ixtlahuaca. El viernes 27 de septiembre ser\u00e1 el turno del Certamen Reina de la Feria, donde se elegir\u00e1n a las dem\u00e1s representantes de las festividades.<\/p>\n\n\n\n<p>El s\u00e1bado 28 de septiembre se llevar\u00e1 a cabo la inauguraci\u00f3n formal de la feria, con un desfile de carros aleg\u00f3ricos que recorrer\u00e1 las principales calles del municipio. Como acto estelar de esta jornada, el grupo Los Askis ofrecer\u00e1 un concierto que promete hacer vibrar a todos los asistentes.<\/p>\n\n\n\n<p>El domingo 29 de septiembre, la m\u00fasica contin\u00faa con la presentaci\u00f3n de Metamorf\u00e9ame: La Reencarnaci\u00f3n del Jaguar, una banda de rock que revive los \u00e9xitos m\u00e1s ic\u00f3nicos que grabaron sus integrantes junto a Caifanes y Jaguares.<\/p>\n\n\n\n<p>Para el jueves 3 de octubre, v\u00edspera del d\u00eda principal de la festividad, se llevar\u00e1 a cabo el tradicional traslado de La Portada hacia la parroquia de San Francisco de As\u00eds, una costumbre que distingue a Ixtlahuaca y que es s\u00edmbolo de la fe y la uni\u00f3n de la comunidad.<\/p>\n\n\n\n<p>Esa misma tarde-noche, los comediantes El Indio Brayan y El Coste\u00f1o ofrecer\u00e1n un espect\u00e1culo lleno de risas en el Teatro del Pueblo, seguido por la presentaci\u00f3n de la reconocida cantante Ninel Conde, quien cerrar\u00e1 la noche con un concierto.<\/p>\n\n\n\n<p>El viernes 4 de octubre estar\u00e1 repleto de entretenimiento con tres grandes presentaciones art\u00edsticas. Sonido C\u00f3ndor encender\u00e1 la Plaza de Las Aves, mientras que La Arrolladora Banda El Lim\u00f3n de Ren\u00e9 Camacho har\u00e1 lo propio frente al Auditorio Ixtlahuac\u00e1n y el Grupo Latino estar\u00e1 en el Teatro del Pueblo, garantizando una noche llena de m\u00fasica y diversi\u00f3n.<\/p>\n\n\n\n<p>Finalmente, el domingo 6 de octubre, la feria cerrar\u00e1 con broche de oro con la presentaci\u00f3n estelar de Mi Banda El Mexicano de Germ\u00e1n Rom\u00e1n, quienes pondr\u00e1n el toque final a m\u00e1s de dos semanas de celebraciones.<\/p>\n\n\n\n<p>Adem\u00e1s de los eventos principales, la Feria Patronal San Francisco de As\u00eds ofrecer\u00e1 una extensa gama de actividades para todos los gustos y edades. El p\u00fablico podr\u00e1 disfrutar de actuaciones musicales, obras de teatro, exposiciones art\u00edsticas, ballets folcl\u00f3ricos, danzas, coros, espect\u00e1culos de magia e hipnosis, lucha libre, futbol, exhibiciones de box, kick boxing y taekwondo, entre otros. Todo esto, en un entorno seguro y festivo que resaltar\u00e1 las tradiciones m\u00e1s emblem\u00e1ticas de Ixtlahuaca.<\/p>\n\n\n\n<p>Para m\u00e1s informaci\u00f3n, consulta el programa completo y a detallado en las redes sociales oficiales o en la p\u00e1gina www.ixtlahuaca.gob.mx<\/p>\n","protected":false},"excerpt":{"rendered":"<p>Para fortalecer las tradiciones y promover la convivencia familiar, el Gobierno de Ixtlahuaca present\u00f3 la Feria Patronal de Ixtlahuaca 2024 en honor a San Francisco de As\u00eds, que se realizar\u00e1 del 23 de septiembre al 6 de octubre en el Teatro del Pueblo y diferentes sedes en la cabecera municipal.<\/p>\n","protected":false},"author":1,"featured_media":5641,"comment_status":"open","ping_status":"open","sticky":false,"template":"","format":"standard","meta":{"footnotes":""},"categories":[12,1],"tags":[380,97,244,33],"class_list":["post-5640","post","type-post","status-publish","format-standard","has-post-thumbnail","hentry","category-politica","category-sociedad","tag-abuzeid-lozano","tag-edomex","tag-ixtlahuaca","tag-pri"],"yoast_head":"<!-- This site is optimized with the Yoast SEO plugin v24.9 - https:\/\/yoast.com\/wordpress\/plugins\/seo\/ -->\n<title>PRESENTA ABUZEID LOZANO PROGRAMA DE LA FERIA DE IXTLAHUACA 2024 - 21 Panorama<\/title>\n<meta name=\"robots\" content=\"index, follow, max-snippet:-1, max-image-preview:large, max-video-preview:-1\" \/>\n<link rel=\"canonical\" href=\"https:\/\/21panorama.com\/index.php\/2024\/09\/26\/presenta-abuzeid-lozano-programa-de-la-feria-de-ixtlahuaca-2024\/\" \/>\n<meta property=\"og:locale\" content=\"es_MX\" \/>\n<meta property=\"og:type\" content=\"article\" \/>\n<meta property=\"og:title\" content=\"PRESENTA ABUZEID LOZANO PROGRAMA DE LA FERIA DE IXTLAHUACA 2024 - 21 Panorama\" \/>\n<meta property=\"og:description\" content=\"Para fortalecer las tradiciones y promover la convivencia familiar, el Gobierno de Ixtlahuaca present\u00f3 la Feria Patronal de Ixtlahuaca 2024 en honor a San Francisco de As\u00eds, que se realizar\u00e1 del 23 de septiembre al 6 de octubre en el Teatro del Pueblo y diferentes sedes en la cabecera municipal.\" \/>\n<meta property=\"og:url\" content=\"https:\/\/21panorama.com\/index.php\/2024\/09\/26\/presenta-abuzeid-lozano-programa-de-la-feria-de-ixtlahuaca-2024\/\" \/>\n<meta property=\"og:site_name\" content=\"21 Panorama\" \/>\n<meta property=\"article:published_time\" content=\"2024-09-27T03:24:26+00:00\" \/>\n<meta property=\"og:image\" content=\"https:\/\/21panorama.com\/wp-content\/uploads\/2024\/09\/WhatsApp-Image-2024-09-26-at-3.16.12-PM.jpeg\" \/>\n\t<meta property=\"og:image:width\" content=\"1600\" \/>\n\t<meta property=\"og:image:height\" content=\"1075\" \/>\n\t<meta property=\"og:image:type\" content=\"image\/jpeg\" \/>\n<meta name=\"author\" content=\"admin\" \/>\n<meta name=\"twitter:card\" content=\"summary_large_image\" \/>\n<meta name=\"twitter:label1\" content=\"Escrito por\" \/>\n\t<meta name=\"twitter:data1\" content=\"admin\" \/>\n\t<meta name=\"twitter:label2\" content=\"Tiempo de lectura\" \/>\n\t<meta name=\"twitter:data2\" content=\"3 minutos\" \/>\n<script type=\"application\/ld+json\" class=\"yoast-schema-graph\">{\"@context\":\"https:\/\/schema.org\",\"@graph\":[{\"@type\":\"Article\",\"@id\":\"https:\/\/21panorama.com\/index.php\/2024\/09\/26\/presenta-abuzeid-lozano-programa-de-la-feria-de-ixtlahuaca-2024\/#article\",\"isPartOf\":{\"@id\":\"https:\/\/21panorama.com\/index.php\/2024\/09\/26\/presenta-abuzeid-lozano-programa-de-la-feria-de-ixtlahuaca-2024\/\"},\"author\":{\"name\":\"admin\",\"@id\":\"https:\/\/21panorama.com\/#\/schema\/person\/1afc291b96d5792a158768324287319f\"},\"headline\":\"PRESENTA ABUZEID LOZANO PROGRAMA DE LA FERIA DE IXTLAHUACA 2024\",\"datePublished\":\"2024-09-27T03:24:26+00:00\",\"mainEntityOfPage\":{\"@id\":\"https:\/\/21panorama.com\/index.php\/2024\/09\/26\/presenta-abuzeid-lozano-programa-de-la-feria-de-ixtlahuaca-2024\/\"},\"wordCount\":633,\"commentCount\":0,\"publisher\":{\"@id\":\"https:\/\/21panorama.com\/#organization\"},\"image\":{\"@id\":\"https:\/\/21panorama.com\/index.php\/2024\/09\/26\/presenta-abuzeid-lozano-programa-de-la-feria-de-ixtlahuaca-2024\/#primaryimage\"},\"thumbnailUrl\":\"https:\/\/21panorama.com\/wp-content\/uploads\/2024\/09\/WhatsApp-Image-2024-09-26-at-3.16.12-PM.jpeg\",\"keywords\":[\"Abuzeid Lozano\",\"EDOMEX\",\"IXTLAHUACA\",\"PRI\"],\"articleSection\":[\"Politica\",\"Sociedad\"],\"inLanguage\":\"es\",\"potentialAction\":[{\"@type\":\"CommentAction\",\"name\":\"Comment\",\"target\":[\"https:\/\/21panorama.com\/index.php\/2024\/09\/26\/presenta-abuzeid-lozano-programa-de-la-feria-de-ixtlahuaca-2024\/#respond\"]}]},{\"@type\":\"WebPage\",\"@id\":\"https:\/\/21panorama.com\/index.php\/2024\/09\/26\/presenta-abuzeid-lozano-programa-de-la-feria-de-ixtlahuaca-2024\/\",\"url\":\"https:\/\/21panorama.com\/index.php\/2024\/09\/26\/presenta-abuzeid-lozano-programa-de-la-feria-de-ixtlahuaca-2024\/\",\"name\":\"PRESENTA ABUZEID LOZANO PROGRAMA DE LA FERIA DE IXTLAHUACA 2024 - 21 Panorama\",\"isPartOf\":{\"@id\":\"https:\/\/21panorama.com\/#website\"},\"primaryImageOfPage\":{\"@id\":\"https:\/\/21panorama.com\/index.php\/2024\/09\/26\/presenta-abuzeid-lozano-programa-de-la-feria-de-ixtlahuaca-2024\/#primaryimage\"},\"image\":{\"@id\":\"https:\/\/21panorama.com\/index.php\/2024\/09\/26\/presenta-abuzeid-lozano-programa-de-la-feria-de-ixtlahuaca-2024\/#primaryimage\"},\"thumbnailUrl\":\"https:\/\/21panorama.com\/wp-content\/uploads\/2024\/09\/WhatsApp-Image-2024-09-26-at-3.16.12-PM.jpeg\",\"datePublished\":\"2024-09-27T03:24:26+00:00\",\"breadcrumb\":{\"@id\":\"https:\/\/21panorama.com\/index.php\/2024\/09\/26\/presenta-abuzeid-lozano-programa-de-la-feria-de-ixtlahuaca-2024\/#breadcrumb\"},\"inLanguage\":\"es\",\"potentialAction\":[{\"@type\":\"ReadAction\",\"target\":[\"https:\/\/21panorama.com\/index.php\/2024\/09\/26\/presenta-abuzeid-lozano-programa-de-la-feria-de-ixtlahuaca-2024\/\"]}]},{\"@type\":\"ImageObject\",\"inLanguage\":\"es\",\"@id\":\"https:\/\/21panorama.com\/index.php\/2024\/09\/26\/presenta-abuzeid-lozano-programa-de-la-feria-de-ixtlahuaca-2024\/#primaryimage\",\"url\":\"https:\/\/21panorama.com\/wp-content\/uploads\/2024\/09\/WhatsApp-Image-2024-09-26-at-3.16.12-PM.jpeg\",\"contentUrl\":\"https:\/\/21panorama.com\/wp-content\/uploads\/2024\/09\/WhatsApp-Image-2024-09-26-at-3.16.12-PM.jpeg\",\"width\":1600,\"height\":1075},{\"@type\":\"BreadcrumbList\",\"@id\":\"https:\/\/21panorama.com\/index.php\/2024\/09\/26\/presenta-abuzeid-lozano-programa-de-la-feria-de-ixtlahuaca-2024\/#breadcrumb\",\"itemListElement\":[{\"@type\":\"ListItem\",\"position\":1,\"name\":\"Inicio\",\"item\":\"https:\/\/21panorama.com\/\"},{\"@type\":\"ListItem\",\"position\":2,\"name\":\"PRESENTA ABUZEID LOZANO PROGRAMA DE LA FERIA DE IXTLAHUACA 2024\"}]},{\"@type\":\"WebSite\",\"@id\":\"https:\/\/21panorama.com\/#website\",\"url\":\"https:\/\/21panorama.com\/\",\"name\":\"21 Panorama\",\"description\":\"La construcci\u00f3n de la opini\u00f3n p\u00fablica merece un mejor Panorama en este siglo 21 para alcanzar una sociedad con mayor transparencia y sin corrupci\u00f3n.\",\"publisher\":{\"@id\":\"https:\/\/21panorama.com\/#organization\"},\"potentialAction\":[{\"@type\":\"SearchAction\",\"target\":{\"@type\":\"EntryPoint\",\"urlTemplate\":\"https:\/\/21panorama.com\/?s={search_term_string}\"},\"query-input\":{\"@type\":\"PropertyValueSpecification\",\"valueRequired\":true,\"valueName\":\"search_term_string\"}}],\"inLanguage\":\"es\"},{\"@type\":\"Organization\",\"@id\":\"https:\/\/21panorama.com\/#organization\",\"name\":\"21 Panorama\",\"url\":\"https:\/\/21panorama.com\/\",\"logo\":{\"@type\":\"ImageObject\",\"inLanguage\":\"es\",\"@id\":\"https:\/\/21panorama.com\/#\/schema\/logo\/image\/\",\"url\":\"https:\/\/21panorama.com\/wp-content\/uploads\/2019\/07\/cropped-Logo-Panorama-01.jpeg\",\"contentUrl\":\"https:\/\/21panorama.com\/wp-content\/uploads\/2019\/07\/cropped-Logo-Panorama-01.jpeg\",\"width\":290,\"height\":70,\"caption\":\"21 Panorama\"},\"image\":{\"@id\":\"https:\/\/21panorama.com\/#\/schema\/logo\/image\/\"}},{\"@type\":\"Person\",\"@id\":\"https:\/\/21panorama.com\/#\/schema\/person\/1afc291b96d5792a158768324287319f\",\"name\":\"admin\",\"image\":{\"@type\":\"ImageObject\",\"inLanguage\":\"es\",\"@id\":\"https:\/\/21panorama.com\/#\/schema\/person\/image\/\",\"url\":\"https:\/\/secure.gravatar.com\/avatar\/ad365d9d9f46719215b0d042cc3df92a5a8683e09ef13d102233e5491985f0f0?s=96&d=mm&r=g\",\"contentUrl\":\"https:\/\/secure.gravatar.com\/avatar\/ad365d9d9f46719215b0d042cc3df92a5a8683e09ef13d102233e5491985f0f0?s=96&d=mm&r=g\",\"caption\":\"admin\"},\"url\":\"https:\/\/21panorama.com\/index.php\/author\/admin\/\"}]}<\/script>\n<!-- \/ Yoast SEO plugin. -->","yoast_head_json":{"title":"PRESENTA ABUZEID LOZANO PROGRAMA DE LA FERIA DE IXTLAHUACA 2024 - 21 Panorama","robots":{"index":"index","follow":"follow","max-snippet":"max-snippet:-1","max-image-preview":"max-image-preview:large","max-video-preview":"max-video-preview:-1"},"canonical":"https:\/\/21panorama.com\/index.php\/2024\/09\/26\/presenta-abuzeid-lozano-programa-de-la-feria-de-ixtlahuaca-2024\/","og_locale":"es_MX","og_type":"article","og_title":"PRESENTA ABUZEID LOZANO PROGRAMA DE LA FERIA DE IXTLAHUACA 2024 - 21 Panorama","og_description":"Para fortalecer las tradiciones y promover la convivencia familiar, el Gobierno de Ixtlahuaca present\u00f3 la Feria Patronal de Ixtlahuaca 2024 en honor a San Francisco de As\u00eds, que se realizar\u00e1 del 23 de septiembre al 6 de octubre en el Teatro del Pueblo y diferentes sedes en la cabecera municipal.","og_url":"https:\/\/21panorama.com\/index.php\/2024\/09\/26\/presenta-abuzeid-lozano-programa-de-la-feria-de-ixtlahuaca-2024\/","og_site_name":"21 Panorama","article_published_time":"2024-09-27T03:24:26+00:00","og_image":[{"width":1600,"height":1075,"url":"https:\/\/21panorama.com\/wp-content\/uploads\/2024\/09\/WhatsApp-Image-2024-09-26-at-3.16.12-PM.jpeg","type":"image\/jpeg"}],"author":"admin","twitter_card":"summary_large_image","twitter_misc":{"Escrito por":"admin","Tiempo de lectura":"3 minutos"},"schema":{"@context":"https:\/\/schema.org","@graph":[{"@type":"Article","@id":"https:\/\/21panorama.com\/index.php\/2024\/09\/26\/presenta-abuzeid-lozano-programa-de-la-feria-de-ixtlahuaca-2024\/#article","isPartOf":{"@id":"https:\/\/21panorama.com\/index.php\/2024\/09\/26\/presenta-abuzeid-lozano-programa-de-la-feria-de-ixtlahuaca-2024\/"},"author":{"name":"admin","@id":"https:\/\/21panorama.com\/#\/schema\/person\/1afc291b96d5792a158768324287319f"},"headline":"PRESENTA ABUZEID LOZANO PROGRAMA DE LA FERIA DE IXTLAHUACA 2024","datePublished":"2024-09-27T03:24:26+00:00","mainEntityOfPage":{"@id":"https:\/\/21panorama.com\/index.php\/2024\/09\/26\/presenta-abuzeid-lozano-programa-de-la-feria-de-ixtlahuaca-2024\/"},"wordCount":633,"commentCount":0,"publisher":{"@id":"https:\/\/21panorama.com\/#organization"},"image":{"@id":"https:\/\/21panorama.com\/index.php\/2024\/09\/26\/presenta-abuzeid-lozano-programa-de-la-feria-de-ixtlahuaca-2024\/#primaryimage"},"thumbnailUrl":"https:\/\/21panorama.com\/wp-content\/uploads\/2024\/09\/WhatsApp-Image-2024-09-26-at-3.16.12-PM.jpeg","keywords":["Abuzeid Lozano","EDOMEX","IXTLAHUACA","PRI"],"articleSection":["Politica","Sociedad"],"inLanguage":"es","potentialAction":[{"@type":"CommentAction","name":"Comment","target":["https:\/\/21panorama.com\/index.php\/2024\/09\/26\/presenta-abuzeid-lozano-programa-de-la-feria-de-ixtlahuaca-2024\/#respond"]}]},{"@type":"WebPage","@id":"https:\/\/21panorama.com\/index.php\/2024\/09\/26\/presenta-abuzeid-lozano-programa-de-la-feria-de-ixtlahuaca-2024\/","url":"https:\/\/21panorama.com\/index.php\/2024\/09\/26\/presenta-abuzeid-lozano-programa-de-la-feria-de-ixtlahuaca-2024\/","name":"PRESENTA ABUZEID LOZANO PROGRAMA DE LA FERIA DE IXTLAHUACA 2024 - 21 Panorama","isPartOf":{"@id":"https:\/\/21panorama.com\/#website"},"primaryImageOfPage":{"@id":"https:\/\/21panorama.com\/index.php\/2024\/09\/26\/presenta-abuzeid-lozano-programa-de-la-feria-de-ixtlahuaca-2024\/#primaryimage"},"image":{"@id":"https:\/\/21panorama.com\/index.php\/2024\/09\/26\/presenta-abuzeid-lozano-programa-de-la-feria-de-ixtlahuaca-2024\/#primaryimage"},"thumbnailUrl":"https:\/\/21panorama.com\/wp-content\/uploads\/2024\/09\/WhatsApp-Image-2024-09-26-at-3.16.12-PM.jpeg","datePublished":"2024-09-27T03:24:26+00:00","breadcrumb":{"@id":"https:\/\/21panorama.com\/index.php\/2024\/09\/26\/presenta-abuzeid-lozano-programa-de-la-feria-de-ixtlahuaca-2024\/#breadcrumb"},"inLanguage":"es","potentialAction":[{"@type":"ReadAction","target":["https:\/\/21panorama.com\/index.php\/2024\/09\/26\/presenta-abuzeid-lozano-programa-de-la-feria-de-ixtlahuaca-2024\/"]}]},{"@type":"ImageObject","inLanguage":"es","@id":"https:\/\/21panorama.com\/index.php\/2024\/09\/26\/presenta-abuzeid-lozano-programa-de-la-feria-de-ixtlahuaca-2024\/#primaryimage","url":"https:\/\/21panorama.com\/wp-content\/uploads\/2024\/09\/WhatsApp-Image-2024-09-26-at-3.16.12-PM.jpeg","contentUrl":"https:\/\/21panorama.com\/wp-content\/uploads\/2024\/09\/WhatsApp-Image-2024-09-26-at-3.16.12-PM.jpeg","width":1600,"height":1075},{"@type":"BreadcrumbList","@id":"https:\/\/21panorama.com\/index.php\/2024\/09\/26\/presenta-abuzeid-lozano-programa-de-la-feria-de-ixtlahuaca-2024\/#breadcrumb","itemListElement":[{"@type":"ListItem","position":1,"name":"Inicio","item":"https:\/\/21panorama.com\/"},{"@type":"ListItem","position":2,"name":"PRESENTA ABUZEID LOZANO PROGRAMA DE LA FERIA DE IXTLAHUACA 2024"}]},{"@type":"WebSite","@id":"https:\/\/21panorama.com\/#website","url":"https:\/\/21panorama.com\/","name":"21 Panorama","description":"La construcci\u00f3n de la opini\u00f3n p\u00fablica merece un mejor Panorama en este siglo 21 para alcanzar una sociedad con mayor transparencia y sin corrupci\u00f3n.","publisher":{"@id":"https:\/\/21panorama.com\/#organization"},"potentialAction":[{"@type":"SearchAction","target":{"@type":"EntryPoint","urlTemplate":"https:\/\/21panorama.com\/?s={search_term_string}"},"query-input":{"@type":"PropertyValueSpecification","valueRequired":true,"valueName":"search_term_string"}}],"inLanguage":"es"},{"@type":"Organization","@id":"https:\/\/21panorama.com\/#organization","name":"21 Panorama","url":"https:\/\/21panorama.com\/","logo":{"@type":"ImageObject","inLanguage":"es","@id":"https:\/\/21panorama.com\/#\/schema\/logo\/image\/","url":"https:\/\/21panorama.com\/wp-content\/uploads\/2019\/07\/cropped-Logo-Panorama-01.jpeg","contentUrl":"https:\/\/21panorama.com\/wp-content\/uploads\/2019\/07\/cropped-Logo-Panorama-01.jpeg","width":290,"height":70,"caption":"21 Panorama"},"image":{"@id":"https:\/\/21panorama.com\/#\/schema\/logo\/image\/"}},{"@type":"Person","@id":"https:\/\/21panorama.com\/#\/schema\/person\/1afc291b96d5792a158768324287319f","name":"admin","image":{"@type":"ImageObject","inLanguage":"es","@id":"https:\/\/21panorama.com\/#\/schema\/person\/image\/","url":"https:\/\/secure.gravatar.com\/avatar\/ad365d9d9f46719215b0d042cc3df92a5a8683e09ef13d102233e5491985f0f0?s=96&d=mm&r=g","contentUrl":"https:\/\/secure.gravatar.com\/avatar\/ad365d9d9f46719215b0d042cc3df92a5a8683e09ef13d102233e5491985f0f0?s=96&d=mm&r=g","caption":"admin"},"url":"https:\/\/21panorama.com\/index.php\/author\/admin\/"}]}},"_links":{"self":[{"href":"https:\/\/21panorama.com\/index.php\/wp-json\/wp\/v2\/posts\/5640","targetHints":{"allow":["GET"]}}],"collection":[{"href":"https:\/\/21panorama.com\/index.php\/wp-json\/wp\/v2\/posts"}],"about":[{"href":"https:\/\/21panorama.com\/index.php\/wp-json\/wp\/v2\/types\/post"}],"author":[{"embeddable":true,"href":"https:\/\/21panorama.com\/index.php\/wp-json\/wp\/v2\/users\/1"}],"replies":[{"embeddable":true,"href":"https:\/\/21panorama.com\/index.php\/wp-json\/wp\/v2\/comments?post=5640"}],"version-history":[{"count":1,"href":"https:\/\/21panorama.com\/index.php\/wp-json\/wp\/v2\/posts\/5640\/revisions"}],"predecessor-version":[{"id":5642,"href":"https:\/\/21panorama.com\/index.php\/wp-json\/wp\/v2\/posts\/5640\/revisions\/5642"}],"wp:featuredmedia":[{"embeddable":true,"href":"https:\/\/21panorama.com\/index.php\/wp-json\/wp\/v2\/media\/5641"}],"wp:attachment":[{"href":"https:\/\/21panorama.com\/index.php\/wp-json\/wp\/v2\/media?parent=5640"}],"wp:term":[{"taxonomy":"category","embeddable":true,"href":"https:\/\/21panorama.com\/index.php\/wp-json\/wp\/v2\/categories?post=5640"},{"taxonomy":"post_tag","embeddable":true,"href":"https:\/\/21panorama.com\/index.php\/wp-json\/wp\/v2\/tags?post=5640"}],"curies":[{"name":"wp","href":"https:\/\/api.w.org\/{rel}","templated":true}]}}