{"id":5637,"date":"2024-09-25T09:01:35","date_gmt":"2024-09-25T15:01:35","guid":{"rendered":"https:\/\/21panorama.com\/?p=5637"},"modified":"2024-09-26T09:02:55","modified_gmt":"2024-09-26T15:02:55","slug":"trabajara-el-congreso-por-un-desarrollo-economico-inclusivo-y-sostenible-alejandro-castro","status":"publish","type":"post","link":"https:\/\/21panorama.com\/index.php\/2024\/09\/25\/trabajara-el-congreso-por-un-desarrollo-economico-inclusivo-y-sostenible-alejandro-castro\/","title":{"rendered":"TRABAJAR\u00c1 EL CONGRESO POR UN DESARROLLO ECON\u00d3MICO INCLUSIVO Y SOSTENIBLE: ALEJANDRO CASTRO"},"content":{"rendered":"\n<p>\u2022 El legislador pri\u00edsta instal\u00f3 la Comisi\u00f3n Legislativa de Desarrollo Econ\u00f3mico, Industrial, Comercial y Minero.<\/p>\n\n\n\n<p>El Poder Legislativo apuesta a enfocar un crecimiento econ\u00f3mico inclusivo y sostenible para el Estado de M\u00e9xico, dej\u00f3 en claro el Diputado Alejandro Castro Hern\u00e1ndez, al asegurar que el objetivo es ampliar los beneficios para todos y reducir las desigualdades con la generaci\u00f3n de empleos de calidad.<\/p>\n\n\n\n<p>Al instalar la Comisi\u00f3n de Desarrollo Econ\u00f3mico, Industrial, Comercial y Minero, el legislador del Grupo Parlamentario del PRI sostuvo que la tarea es trabajar de manera republicana con el Ejecutivo Estatal para consolidar una econom\u00eda justa y profundamente humana.<\/p>\n\n\n\n<p>Con la presencia de la Secretaria de Desarrollo Econ\u00f3mico, Laura Hern\u00e1ndez Gonz\u00e1lez, el presidente de esta comisi\u00f3n legislativa expuso que el Estado de M\u00e9xico tiene todo lo necesario para consolidarse como locomotora del desarrollo nacional con su alto potencial industrial, comercial, tur\u00edstico y de servicios.<\/p>\n\n\n\n<p>De acuerdo con el INEGI, tenemos 8.3 millones de personas econ\u00f3micamente activas, de las cuales 96% est\u00e1n ocupadas y existen 704 mil unidades econ\u00f3micas en el estado de las cuales el 99% son MiPYMES dedicadas al comercio, servicios, alojamiento y manufacturas, que aportan el 9.1% del PIB nacional equivalente a 2 billones 220 mil millones de pesos, apunt\u00f3.<\/p>\n\n\n\n<p>\u201cNuestra responsabilidad ser\u00e1 actualizar el marco jur\u00eddico para que incentive la inversi\u00f3n, fortalezca nuestras industrias, fomente el comercio y aproveche de manera sustentable nuestros recursos mineros, y beneficie a todas y todos los mexiquenses\u201d, a\u00f1adi\u00f3.<\/p>\n\n\n\n<p>Finalmente, dijo que van a proponer la asignaci\u00f3n de recursos para apoyar el emprendimiento de los j\u00f3venes, enfocados en sectores emergentes, \u201cesto implica la creaci\u00f3n de cl\u00faster industriales, que permitan a las PYMES colaborar con las grandes corporaciones, y as\u00ed detonar el desarrollo econ\u00f3mico en la entidad\u201d.<\/p>\n","protected":false},"excerpt":{"rendered":"<p>El Poder Legislativo apuesta a enfocar un crecimiento econ\u00f3mico inclusivo y sostenible para el Estado de M\u00e9xico, dej\u00f3 en claro el Diputado Alejandro Castro Hern\u00e1ndez, al asegurar que el objetivo es ampliar los beneficios para todos y reducir las desigualdades con la generaci\u00f3n de empleos de calidad.<\/p>\n","protected":false},"author":1,"featured_media":5638,"comment_status":"open","ping_status":"open","sticky":false,"template":"","format":"standard","meta":{"footnotes":""},"categories":[12,1],"tags":[418,97,33],"class_list":["post-5637","post","type-post","status-publish","format-standard","has-post-thumbnail","hentry","category-politica","category-sociedad","tag-alejandro-castro","tag-edomex","tag-pri"],"yoast_head":"<!-- This site is optimized with the Yoast SEO plugin v24.9 - https:\/\/yoast.com\/wordpress\/plugins\/seo\/ -->\n<title>TRABAJAR\u00c1 EL CONGRESO POR UN DESARROLLO ECON\u00d3MICO INCLUSIVO Y SOSTENIBLE: ALEJANDRO CASTRO - 21 Panorama<\/title>\n<meta name=\"robots\" content=\"index, follow, max-snippet:-1, max-image-preview:large, max-video-preview:-1\" \/>\n<link rel=\"canonical\" href=\"https:\/\/21panorama.com\/index.php\/2024\/09\/25\/trabajara-el-congreso-por-un-desarrollo-economico-inclusivo-y-sostenible-alejandro-castro\/\" \/>\n<meta property=\"og:locale\" content=\"es_MX\" \/>\n<meta property=\"og:type\" content=\"article\" \/>\n<meta property=\"og:title\" content=\"TRABAJAR\u00c1 EL CONGRESO POR UN DESARROLLO ECON\u00d3MICO INCLUSIVO Y SOSTENIBLE: ALEJANDRO CASTRO - 21 Panorama\" \/>\n<meta property=\"og:description\" content=\"El Poder Legislativo apuesta a enfocar un crecimiento econ\u00f3mico inclusivo y sostenible para el Estado de M\u00e9xico, dej\u00f3 en claro el Diputado Alejandro Castro Hern\u00e1ndez, al asegurar que el objetivo es ampliar los beneficios para todos y reducir las desigualdades con la generaci\u00f3n de empleos de calidad.\" \/>\n<meta property=\"og:url\" content=\"https:\/\/21panorama.com\/index.php\/2024\/09\/25\/trabajara-el-congreso-por-un-desarrollo-economico-inclusivo-y-sostenible-alejandro-castro\/\" \/>\n<meta property=\"og:site_name\" content=\"21 Panorama\" \/>\n<meta property=\"article:published_time\" content=\"2024-09-25T15:01:35+00:00\" \/>\n<meta property=\"article:modified_time\" content=\"2024-09-26T15:02:55+00:00\" \/>\n<meta property=\"og:image\" content=\"https:\/\/21panorama.com\/wp-content\/uploads\/2024\/09\/WhatsApp-Image-2024-09-25-at-4.28.34-PM-1.jpeg\" \/>\n\t<meta property=\"og:image:width\" content=\"1280\" \/>\n\t<meta property=\"og:image:height\" content=\"826\" \/>\n\t<meta property=\"og:image:type\" content=\"image\/jpeg\" \/>\n<meta name=\"author\" content=\"admin\" \/>\n<meta name=\"twitter:card\" content=\"summary_large_image\" \/>\n<meta name=\"twitter:label1\" content=\"Escrito por\" \/>\n\t<meta name=\"twitter:data1\" content=\"admin\" \/>\n\t<meta name=\"twitter:label2\" content=\"Tiempo de lectura\" \/>\n\t<meta name=\"twitter:data2\" content=\"2 minutos\" \/>\n<script type=\"application\/ld+json\" class=\"yoast-schema-graph\">{\"@context\":\"https:\/\/schema.org\",\"@graph\":[{\"@type\":\"Article\",\"@id\":\"https:\/\/21panorama.com\/index.php\/2024\/09\/25\/trabajara-el-congreso-por-un-desarrollo-economico-inclusivo-y-sostenible-alejandro-castro\/#article\",\"isPartOf\":{\"@id\":\"https:\/\/21panorama.com\/index.php\/2024\/09\/25\/trabajara-el-congreso-por-un-desarrollo-economico-inclusivo-y-sostenible-alejandro-castro\/\"},\"author\":{\"name\":\"admin\",\"@id\":\"https:\/\/21panorama.com\/#\/schema\/person\/1afc291b96d5792a158768324287319f\"},\"headline\":\"TRABAJAR\u00c1 EL CONGRESO POR UN DESARROLLO ECON\u00d3MICO INCLUSIVO Y SOSTENIBLE: ALEJANDRO CASTRO\",\"datePublished\":\"2024-09-25T15:01:35+00:00\",\"dateModified\":\"2024-09-26T15:02:55+00:00\",\"mainEntityOfPage\":{\"@id\":\"https:\/\/21panorama.com\/index.php\/2024\/09\/25\/trabajara-el-congreso-por-un-desarrollo-economico-inclusivo-y-sostenible-alejandro-castro\/\"},\"wordCount\":318,\"commentCount\":0,\"publisher\":{\"@id\":\"https:\/\/21panorama.com\/#organization\"},\"image\":{\"@id\":\"https:\/\/21panorama.com\/index.php\/2024\/09\/25\/trabajara-el-congreso-por-un-desarrollo-economico-inclusivo-y-sostenible-alejandro-castro\/#primaryimage\"},\"thumbnailUrl\":\"https:\/\/21panorama.com\/wp-content\/uploads\/2024\/09\/WhatsApp-Image-2024-09-25-at-4.28.34-PM-1.jpeg\",\"keywords\":[\"Alejandro Castro\",\"EDOMEX\",\"PRI\"],\"articleSection\":[\"Politica\",\"Sociedad\"],\"inLanguage\":\"es\",\"potentialAction\":[{\"@type\":\"CommentAction\",\"name\":\"Comment\",\"target\":[\"https:\/\/21panorama.com\/index.php\/2024\/09\/25\/trabajara-el-congreso-por-un-desarrollo-economico-inclusivo-y-sostenible-alejandro-castro\/#respond\"]}]},{\"@type\":\"WebPage\",\"@id\":\"https:\/\/21panorama.com\/index.php\/2024\/09\/25\/trabajara-el-congreso-por-un-desarrollo-economico-inclusivo-y-sostenible-alejandro-castro\/\",\"url\":\"https:\/\/21panorama.com\/index.php\/2024\/09\/25\/trabajara-el-congreso-por-un-desarrollo-economico-inclusivo-y-sostenible-alejandro-castro\/\",\"name\":\"TRABAJAR\u00c1 EL CONGRESO POR UN DESARROLLO ECON\u00d3MICO INCLUSIVO Y SOSTENIBLE: ALEJANDRO CASTRO - 21 Panorama\",\"isPartOf\":{\"@id\":\"https:\/\/21panorama.com\/#website\"},\"primaryImageOfPage\":{\"@id\":\"https:\/\/21panorama.com\/index.php\/2024\/09\/25\/trabajara-el-congreso-por-un-desarrollo-economico-inclusivo-y-sostenible-alejandro-castro\/#primaryimage\"},\"image\":{\"@id\":\"https:\/\/21panorama.com\/index.php\/2024\/09\/25\/trabajara-el-congreso-por-un-desarrollo-economico-inclusivo-y-sostenible-alejandro-castro\/#primaryimage\"},\"thumbnailUrl\":\"https:\/\/21panorama.com\/wp-content\/uploads\/2024\/09\/WhatsApp-Image-2024-09-25-at-4.28.34-PM-1.jpeg\",\"datePublished\":\"2024-09-25T15:01:35+00:00\",\"dateModified\":\"2024-09-26T15:02:55+00:00\",\"breadcrumb\":{\"@id\":\"https:\/\/21panorama.com\/index.php\/2024\/09\/25\/trabajara-el-congreso-por-un-desarrollo-economico-inclusivo-y-sostenible-alejandro-castro\/#breadcrumb\"},\"inLanguage\":\"es\",\"potentialAction\":[{\"@type\":\"ReadAction\",\"target\":[\"https:\/\/21panorama.com\/index.php\/2024\/09\/25\/trabajara-el-congreso-por-un-desarrollo-economico-inclusivo-y-sostenible-alejandro-castro\/\"]}]},{\"@type\":\"ImageObject\",\"inLanguage\":\"es\",\"@id\":\"https:\/\/21panorama.com\/index.php\/2024\/09\/25\/trabajara-el-congreso-por-un-desarrollo-economico-inclusivo-y-sostenible-alejandro-castro\/#primaryimage\",\"url\":\"https:\/\/21panorama.com\/wp-content\/uploads\/2024\/09\/WhatsApp-Image-2024-09-25-at-4.28.34-PM-1.jpeg\",\"contentUrl\":\"https:\/\/21panorama.com\/wp-content\/uploads\/2024\/09\/WhatsApp-Image-2024-09-25-at-4.28.34-PM-1.jpeg\",\"width\":1280,\"height\":826},{\"@type\":\"BreadcrumbList\",\"@id\":\"https:\/\/21panorama.com\/index.php\/2024\/09\/25\/trabajara-el-congreso-por-un-desarrollo-economico-inclusivo-y-sostenible-alejandro-castro\/#breadcrumb\",\"itemListElement\":[{\"@type\":\"ListItem\",\"position\":1,\"name\":\"Inicio\",\"item\":\"https:\/\/21panorama.com\/\"},{\"@type\":\"ListItem\",\"position\":2,\"name\":\"TRABAJAR\u00c1 EL CONGRESO POR UN DESARROLLO ECON\u00d3MICO INCLUSIVO Y SOSTENIBLE: ALEJANDRO CASTRO\"}]},{\"@type\":\"WebSite\",\"@id\":\"https:\/\/21panorama.com\/#website\",\"url\":\"https:\/\/21panorama.com\/\",\"name\":\"21 Panorama\",\"description\":\"La construcci\u00f3n de la opini\u00f3n p\u00fablica merece un mejor Panorama en este siglo 21 para alcanzar una sociedad con mayor transparencia y sin corrupci\u00f3n.\",\"publisher\":{\"@id\":\"https:\/\/21panorama.com\/#organization\"},\"potentialAction\":[{\"@type\":\"SearchAction\",\"target\":{\"@type\":\"EntryPoint\",\"urlTemplate\":\"https:\/\/21panorama.com\/?s={search_term_string}\"},\"query-input\":{\"@type\":\"PropertyValueSpecification\",\"valueRequired\":true,\"valueName\":\"search_term_string\"}}],\"inLanguage\":\"es\"},{\"@type\":\"Organization\",\"@id\":\"https:\/\/21panorama.com\/#organization\",\"name\":\"21 Panorama\",\"url\":\"https:\/\/21panorama.com\/\",\"logo\":{\"@type\":\"ImageObject\",\"inLanguage\":\"es\",\"@id\":\"https:\/\/21panorama.com\/#\/schema\/logo\/image\/\",\"url\":\"https:\/\/21panorama.com\/wp-content\/uploads\/2019\/07\/cropped-Logo-Panorama-01.jpeg\",\"contentUrl\":\"https:\/\/21panorama.com\/wp-content\/uploads\/2019\/07\/cropped-Logo-Panorama-01.jpeg\",\"width\":290,\"height\":70,\"caption\":\"21 Panorama\"},\"image\":{\"@id\":\"https:\/\/21panorama.com\/#\/schema\/logo\/image\/\"}},{\"@type\":\"Person\",\"@id\":\"https:\/\/21panorama.com\/#\/schema\/person\/1afc291b96d5792a158768324287319f\",\"name\":\"admin\",\"image\":{\"@type\":\"ImageObject\",\"inLanguage\":\"es\",\"@id\":\"https:\/\/21panorama.com\/#\/schema\/person\/image\/\",\"url\":\"https:\/\/secure.gravatar.com\/avatar\/ad365d9d9f46719215b0d042cc3df92a5a8683e09ef13d102233e5491985f0f0?s=96&d=mm&r=g\",\"contentUrl\":\"https:\/\/secure.gravatar.com\/avatar\/ad365d9d9f46719215b0d042cc3df92a5a8683e09ef13d102233e5491985f0f0?s=96&d=mm&r=g\",\"caption\":\"admin\"},\"url\":\"https:\/\/21panorama.com\/index.php\/author\/admin\/\"}]}<\/script>\n<!-- \/ Yoast SEO plugin. -->","yoast_head_json":{"title":"TRABAJAR\u00c1 EL CONGRESO POR UN DESARROLLO ECON\u00d3MICO INCLUSIVO Y SOSTENIBLE: ALEJANDRO CASTRO - 21 Panorama","robots":{"index":"index","follow":"follow","max-snippet":"max-snippet:-1","max-image-preview":"max-image-preview:large","max-video-preview":"max-video-preview:-1"},"canonical":"https:\/\/21panorama.com\/index.php\/2024\/09\/25\/trabajara-el-congreso-por-un-desarrollo-economico-inclusivo-y-sostenible-alejandro-castro\/","og_locale":"es_MX","og_type":"article","og_title":"TRABAJAR\u00c1 EL CONGRESO POR UN DESARROLLO ECON\u00d3MICO INCLUSIVO Y SOSTENIBLE: ALEJANDRO CASTRO - 21 Panorama","og_description":"El Poder Legislativo apuesta a enfocar un crecimiento econ\u00f3mico inclusivo y sostenible para el Estado de M\u00e9xico, dej\u00f3 en claro el Diputado Alejandro Castro Hern\u00e1ndez, al asegurar que el objetivo es ampliar los beneficios para todos y reducir las desigualdades con la generaci\u00f3n de empleos de calidad.","og_url":"https:\/\/21panorama.com\/index.php\/2024\/09\/25\/trabajara-el-congreso-por-un-desarrollo-economico-inclusivo-y-sostenible-alejandro-castro\/","og_site_name":"21 Panorama","article_published_time":"2024-09-25T15:01:35+00:00","article_modified_time":"2024-09-26T15:02:55+00:00","og_image":[{"width":1280,"height":826,"url":"https:\/\/21panorama.com\/wp-content\/uploads\/2024\/09\/WhatsApp-Image-2024-09-25-at-4.28.34-PM-1.jpeg","type":"image\/jpeg"}],"author":"admin","twitter_card":"summary_large_image","twitter_misc":{"Escrito por":"admin","Tiempo de lectura":"2 minutos"},"schema":{"@context":"https:\/\/schema.org","@graph":[{"@type":"Article","@id":"https:\/\/21panorama.com\/index.php\/2024\/09\/25\/trabajara-el-congreso-por-un-desarrollo-economico-inclusivo-y-sostenible-alejandro-castro\/#article","isPartOf":{"@id":"https:\/\/21panorama.com\/index.php\/2024\/09\/25\/trabajara-el-congreso-por-un-desarrollo-economico-inclusivo-y-sostenible-alejandro-castro\/"},"author":{"name":"admin","@id":"https:\/\/21panorama.com\/#\/schema\/person\/1afc291b96d5792a158768324287319f"},"headline":"TRABAJAR\u00c1 EL CONGRESO POR UN DESARROLLO ECON\u00d3MICO INCLUSIVO Y SOSTENIBLE: ALEJANDRO CASTRO","datePublished":"2024-09-25T15:01:35+00:00","dateModified":"2024-09-26T15:02:55+00:00","mainEntityOfPage":{"@id":"https:\/\/21panorama.com\/index.php\/2024\/09\/25\/trabajara-el-congreso-por-un-desarrollo-economico-inclusivo-y-sostenible-alejandro-castro\/"},"wordCount":318,"commentCount":0,"publisher":{"@id":"https:\/\/21panorama.com\/#organization"},"image":{"@id":"https:\/\/21panorama.com\/index.php\/2024\/09\/25\/trabajara-el-congreso-por-un-desarrollo-economico-inclusivo-y-sostenible-alejandro-castro\/#primaryimage"},"thumbnailUrl":"https:\/\/21panorama.com\/wp-content\/uploads\/2024\/09\/WhatsApp-Image-2024-09-25-at-4.28.34-PM-1.jpeg","keywords":["Alejandro Castro","EDOMEX","PRI"],"articleSection":["Politica","Sociedad"],"inLanguage":"es","potentialAction":[{"@type":"CommentAction","name":"Comment","target":["https:\/\/21panorama.com\/index.php\/2024\/09\/25\/trabajara-el-congreso-por-un-desarrollo-economico-inclusivo-y-sostenible-alejandro-castro\/#respond"]}]},{"@type":"WebPage","@id":"https:\/\/21panorama.com\/index.php\/2024\/09\/25\/trabajara-el-congreso-por-un-desarrollo-economico-inclusivo-y-sostenible-alejandro-castro\/","url":"https:\/\/21panorama.com\/index.php\/2024\/09\/25\/trabajara-el-congreso-por-un-desarrollo-economico-inclusivo-y-sostenible-alejandro-castro\/","name":"TRABAJAR\u00c1 EL CONGRESO POR UN DESARROLLO ECON\u00d3MICO INCLUSIVO Y SOSTENIBLE: ALEJANDRO CASTRO - 21 Panorama","isPartOf":{"@id":"https:\/\/21panorama.com\/#website"},"primaryImageOfPage":{"@id":"https:\/\/21panorama.com\/index.php\/2024\/09\/25\/trabajara-el-congreso-por-un-desarrollo-economico-inclusivo-y-sostenible-alejandro-castro\/#primaryimage"},"image":{"@id":"https:\/\/21panorama.com\/index.php\/2024\/09\/25\/trabajara-el-congreso-por-un-desarrollo-economico-inclusivo-y-sostenible-alejandro-castro\/#primaryimage"},"thumbnailUrl":"https:\/\/21panorama.com\/wp-content\/uploads\/2024\/09\/WhatsApp-Image-2024-09-25-at-4.28.34-PM-1.jpeg","datePublished":"2024-09-25T15:01:35+00:00","dateModified":"2024-09-26T15:02:55+00:00","breadcrumb":{"@id":"https:\/\/21panorama.com\/index.php\/2024\/09\/25\/trabajara-el-congreso-por-un-desarrollo-economico-inclusivo-y-sostenible-alejandro-castro\/#breadcrumb"},"inLanguage":"es","potentialAction":[{"@type":"ReadAction","target":["https:\/\/21panorama.com\/index.php\/2024\/09\/25\/trabajara-el-congreso-por-un-desarrollo-economico-inclusivo-y-sostenible-alejandro-castro\/"]}]},{"@type":"ImageObject","inLanguage":"es","@id":"https:\/\/21panorama.com\/index.php\/2024\/09\/25\/trabajara-el-congreso-por-un-desarrollo-economico-inclusivo-y-sostenible-alejandro-castro\/#primaryimage","url":"https:\/\/21panorama.com\/wp-content\/uploads\/2024\/09\/WhatsApp-Image-2024-09-25-at-4.28.34-PM-1.jpeg","contentUrl":"https:\/\/21panorama.com\/wp-content\/uploads\/2024\/09\/WhatsApp-Image-2024-09-25-at-4.28.34-PM-1.jpeg","width":1280,"height":826},{"@type":"BreadcrumbList","@id":"https:\/\/21panorama.com\/index.php\/2024\/09\/25\/trabajara-el-congreso-por-un-desarrollo-economico-inclusivo-y-sostenible-alejandro-castro\/#breadcrumb","itemListElement":[{"@type":"ListItem","position":1,"name":"Inicio","item":"https:\/\/21panorama.com\/"},{"@type":"ListItem","position":2,"name":"TRABAJAR\u00c1 EL CONGRESO POR UN DESARROLLO ECON\u00d3MICO INCLUSIVO Y SOSTENIBLE: ALEJANDRO CASTRO"}]},{"@type":"WebSite","@id":"https:\/\/21panorama.com\/#website","url":"https:\/\/21panorama.com\/","name":"21 Panorama","description":"La construcci\u00f3n de la opini\u00f3n p\u00fablica merece un mejor Panorama en este siglo 21 para alcanzar una sociedad con mayor transparencia y sin corrupci\u00f3n.","publisher":{"@id":"https:\/\/21panorama.com\/#organization"},"potentialAction":[{"@type":"SearchAction","target":{"@type":"EntryPoint","urlTemplate":"https:\/\/21panorama.com\/?s={search_term_string}"},"query-input":{"@type":"PropertyValueSpecification","valueRequired":true,"valueName":"search_term_string"}}],"inLanguage":"es"},{"@type":"Organization","@id":"https:\/\/21panorama.com\/#organization","name":"21 Panorama","url":"https:\/\/21panorama.com\/","logo":{"@type":"ImageObject","inLanguage":"es","@id":"https:\/\/21panorama.com\/#\/schema\/logo\/image\/","url":"https:\/\/21panorama.com\/wp-content\/uploads\/2019\/07\/cropped-Logo-Panorama-01.jpeg","contentUrl":"https:\/\/21panorama.com\/wp-content\/uploads\/2019\/07\/cropped-Logo-Panorama-01.jpeg","width":290,"height":70,"caption":"21 Panorama"},"image":{"@id":"https:\/\/21panorama.com\/#\/schema\/logo\/image\/"}},{"@type":"Person","@id":"https:\/\/21panorama.com\/#\/schema\/person\/1afc291b96d5792a158768324287319f","name":"admin","image":{"@type":"ImageObject","inLanguage":"es","@id":"https:\/\/21panorama.com\/#\/schema\/person\/image\/","url":"https:\/\/secure.gravatar.com\/avatar\/ad365d9d9f46719215b0d042cc3df92a5a8683e09ef13d102233e5491985f0f0?s=96&d=mm&r=g","contentUrl":"https:\/\/secure.gravatar.com\/avatar\/ad365d9d9f46719215b0d042cc3df92a5a8683e09ef13d102233e5491985f0f0?s=96&d=mm&r=g","caption":"admin"},"url":"https:\/\/21panorama.com\/index.php\/author\/admin\/"}]}},"_links":{"self":[{"href":"https:\/\/21panorama.com\/index.php\/wp-json\/wp\/v2\/posts\/5637","targetHints":{"allow":["GET"]}}],"collection":[{"href":"https:\/\/21panorama.com\/index.php\/wp-json\/wp\/v2\/posts"}],"about":[{"href":"https:\/\/21panorama.com\/index.php\/wp-json\/wp\/v2\/types\/post"}],"author":[{"embeddable":true,"href":"https:\/\/21panorama.com\/index.php\/wp-json\/wp\/v2\/users\/1"}],"replies":[{"embeddable":true,"href":"https:\/\/21panorama.com\/index.php\/wp-json\/wp\/v2\/comments?post=5637"}],"version-history":[{"count":1,"href":"https:\/\/21panorama.com\/index.php\/wp-json\/wp\/v2\/posts\/5637\/revisions"}],"predecessor-version":[{"id":5639,"href":"https:\/\/21panorama.com\/index.php\/wp-json\/wp\/v2\/posts\/5637\/revisions\/5639"}],"wp:featuredmedia":[{"embeddable":true,"href":"https:\/\/21panorama.com\/index.php\/wp-json\/wp\/v2\/media\/5638"}],"wp:attachment":[{"href":"https:\/\/21panorama.com\/index.php\/wp-json\/wp\/v2\/media?parent=5637"}],"wp:term":[{"taxonomy":"category","embeddable":true,"href":"https:\/\/21panorama.com\/index.php\/wp-json\/wp\/v2\/categories?post=5637"},{"taxonomy":"post_tag","embeddable":true,"href":"https:\/\/21panorama.com\/index.php\/wp-json\/wp\/v2\/tags?post=5637"}],"curies":[{"name":"wp","href":"https:\/\/api.w.org\/{rel}","templated":true}]}}