{"id":5629,"date":"2024-09-18T13:01:25","date_gmt":"2024-09-18T18:01:25","guid":{"rendered":"https:\/\/21panorama.com\/?p=5629"},"modified":"2024-09-19T13:02:32","modified_gmt":"2024-09-19T18:02:32","slug":"termina-el-sexenio-mas-sangriento-jorge-meade","status":"publish","type":"post","link":"https:\/\/21panorama.com\/index.php\/2024\/09\/18\/termina-el-sexenio-mas-sangriento-jorge-meade\/","title":{"rendered":"TERMINA EL SEXENIO M\u00c1S SANGRIENTO: JORGE MEADE"},"content":{"rendered":"\n<p>La inseguridad y la violencia fueron una constante en este sexenio federal que est\u00e1 por acabar, asegur\u00f3 el delegado del CEN del PRI en el Estado de M\u00e9xico, Jorge Meade Ocaranza, al calificar de dram\u00e1tica la realidad que vive el pa\u00eds por la falta de promesas incumplidas del Presidente que ya se va.<\/p>\n\n\n\n<p>En conferencia de prensa, sostuvo que la militarizaci\u00f3n es un hecho en nuestra naci\u00f3n y se rompi\u00f3 con el equilibrio de poderes en esta administraci\u00f3n federal que prometi\u00f3 regresar a los soldados a los cuarteles y respetar el estado de derecho.<\/p>\n\n\n\n<p>\u201cHay m\u00e1s muertos en M\u00e9xico que un pa\u00eds en guerra con entidades como el Estado de M\u00e9xico que padecen de la inseguridad y luchas internas en el gabinete y que derivaron en el cambio del secretario de seguridad\u201d, anot\u00f3.<\/p>\n\n\n\n<p>Manifest\u00f3 que la percepci\u00f3n de inseguridad en la entidad mexiquense llega al 99 por ciento. \u201cLa inseguridad golpea todos los d\u00edas a las familias mexiquenses, quienes son v\u00edctimas de extorsiones, asaltos, robo en el transporte p\u00fablico, robo de autos y secuestros\u201d, dijo.<br>&nbsp;<br>La inseguridad p\u00fablica ha empeorado en el \u00faltimo a\u00f1o del sexenio presidencial y primero del gobierno estatal; adem\u00e1s la percepci\u00f3n de inseguridad crece, las denuncias disminuyen porque las v\u00edctimas no conf\u00edan en las autoridades, alert\u00f3.<\/p>\n\n\n\n<p>La presencia de la Guardia Nacional es testimonial, \u201crealizan pocas detenciones, cada una de ellas nos cuesta 64 millones de pesos, y las personas son liberadas por el Ministerio P\u00fablico a falta de pruebas\u201d, a\u00f1adi\u00f3.<\/p>\n\n\n\n<p>Meade Ocaranza se\u00f1al\u00f3 que en materia de inseguridad \u201cestamos por arriba de la media nacional y muy lejos de las entidades que tienen mejores pr\u00e1cticas\u201d.<\/p>\n","protected":false},"excerpt":{"rendered":"<p>La inseguridad y la violencia fueron una constante en este sexenio federal que est\u00e1 por acabar, asegur\u00f3 el delegado del CEN del PRI en el Estado de M\u00e9xico, Jorge Meade Ocaranza, al calificar de dram\u00e1tica la realidad que vive el pa\u00eds por la falta de promesas incumplidas del Presidente que ya se va.<\/p>\n","protected":false},"author":1,"featured_media":5630,"comment_status":"open","ping_status":"open","sticky":false,"template":"","format":"standard","meta":{"footnotes":""},"categories":[12,1],"tags":[97,419,33],"class_list":["post-5629","post","type-post","status-publish","format-standard","has-post-thumbnail","hentry","category-politica","category-sociedad","tag-edomex","tag-jorge-meade-ocaranza","tag-pri"],"yoast_head":"<!-- This site is optimized with the Yoast SEO plugin v24.9 - https:\/\/yoast.com\/wordpress\/plugins\/seo\/ -->\n<title>TERMINA EL SEXENIO M\u00c1S SANGRIENTO: JORGE MEADE - 21 Panorama<\/title>\n<meta name=\"robots\" content=\"index, follow, max-snippet:-1, max-image-preview:large, max-video-preview:-1\" \/>\n<link rel=\"canonical\" href=\"https:\/\/21panorama.com\/index.php\/2024\/09\/18\/termina-el-sexenio-mas-sangriento-jorge-meade\/\" \/>\n<meta property=\"og:locale\" content=\"es_MX\" \/>\n<meta property=\"og:type\" content=\"article\" \/>\n<meta property=\"og:title\" content=\"TERMINA EL SEXENIO M\u00c1S SANGRIENTO: JORGE MEADE - 21 Panorama\" \/>\n<meta property=\"og:description\" content=\"La inseguridad y la violencia fueron una constante en este sexenio federal que est\u00e1 por acabar, asegur\u00f3 el delegado del CEN del PRI en el Estado de M\u00e9xico, Jorge Meade Ocaranza, al calificar de dram\u00e1tica la realidad que vive el pa\u00eds por la falta de promesas incumplidas del Presidente que ya se va.\" \/>\n<meta property=\"og:url\" content=\"https:\/\/21panorama.com\/index.php\/2024\/09\/18\/termina-el-sexenio-mas-sangriento-jorge-meade\/\" \/>\n<meta property=\"og:site_name\" content=\"21 Panorama\" \/>\n<meta property=\"article:published_time\" content=\"2024-09-18T18:01:25+00:00\" \/>\n<meta property=\"article:modified_time\" content=\"2024-09-19T18:02:32+00:00\" \/>\n<meta property=\"og:image\" content=\"https:\/\/21panorama.com\/wp-content\/uploads\/2024\/09\/WhatsApp-Image-2024-09-18-at-10.50.14-PM.jpeg\" \/>\n\t<meta property=\"og:image:width\" content=\"1062\" \/>\n\t<meta property=\"og:image:height\" content=\"1280\" \/>\n\t<meta property=\"og:image:type\" content=\"image\/jpeg\" \/>\n<meta name=\"author\" content=\"admin\" \/>\n<meta name=\"twitter:card\" content=\"summary_large_image\" \/>\n<meta name=\"twitter:label1\" content=\"Escrito por\" \/>\n\t<meta name=\"twitter:data1\" content=\"admin\" \/>\n\t<meta name=\"twitter:label2\" content=\"Tiempo de lectura\" \/>\n\t<meta name=\"twitter:data2\" content=\"2 minutos\" \/>\n<script type=\"application\/ld+json\" class=\"yoast-schema-graph\">{\"@context\":\"https:\/\/schema.org\",\"@graph\":[{\"@type\":\"Article\",\"@id\":\"https:\/\/21panorama.com\/index.php\/2024\/09\/18\/termina-el-sexenio-mas-sangriento-jorge-meade\/#article\",\"isPartOf\":{\"@id\":\"https:\/\/21panorama.com\/index.php\/2024\/09\/18\/termina-el-sexenio-mas-sangriento-jorge-meade\/\"},\"author\":{\"name\":\"admin\",\"@id\":\"https:\/\/21panorama.com\/#\/schema\/person\/1afc291b96d5792a158768324287319f\"},\"headline\":\"TERMINA EL SEXENIO M\u00c1S SANGRIENTO: JORGE MEADE\",\"datePublished\":\"2024-09-18T18:01:25+00:00\",\"dateModified\":\"2024-09-19T18:02:32+00:00\",\"mainEntityOfPage\":{\"@id\":\"https:\/\/21panorama.com\/index.php\/2024\/09\/18\/termina-el-sexenio-mas-sangriento-jorge-meade\/\"},\"wordCount\":301,\"commentCount\":0,\"publisher\":{\"@id\":\"https:\/\/21panorama.com\/#organization\"},\"image\":{\"@id\":\"https:\/\/21panorama.com\/index.php\/2024\/09\/18\/termina-el-sexenio-mas-sangriento-jorge-meade\/#primaryimage\"},\"thumbnailUrl\":\"https:\/\/21panorama.com\/wp-content\/uploads\/2024\/09\/WhatsApp-Image-2024-09-18-at-10.50.14-PM.jpeg\",\"keywords\":[\"EDOMEX\",\"Jorge Meade Ocaranza\",\"PRI\"],\"articleSection\":[\"Politica\",\"Sociedad\"],\"inLanguage\":\"es\",\"potentialAction\":[{\"@type\":\"CommentAction\",\"name\":\"Comment\",\"target\":[\"https:\/\/21panorama.com\/index.php\/2024\/09\/18\/termina-el-sexenio-mas-sangriento-jorge-meade\/#respond\"]}]},{\"@type\":\"WebPage\",\"@id\":\"https:\/\/21panorama.com\/index.php\/2024\/09\/18\/termina-el-sexenio-mas-sangriento-jorge-meade\/\",\"url\":\"https:\/\/21panorama.com\/index.php\/2024\/09\/18\/termina-el-sexenio-mas-sangriento-jorge-meade\/\",\"name\":\"TERMINA EL SEXENIO M\u00c1S SANGRIENTO: JORGE MEADE - 21 Panorama\",\"isPartOf\":{\"@id\":\"https:\/\/21panorama.com\/#website\"},\"primaryImageOfPage\":{\"@id\":\"https:\/\/21panorama.com\/index.php\/2024\/09\/18\/termina-el-sexenio-mas-sangriento-jorge-meade\/#primaryimage\"},\"image\":{\"@id\":\"https:\/\/21panorama.com\/index.php\/2024\/09\/18\/termina-el-sexenio-mas-sangriento-jorge-meade\/#primaryimage\"},\"thumbnailUrl\":\"https:\/\/21panorama.com\/wp-content\/uploads\/2024\/09\/WhatsApp-Image-2024-09-18-at-10.50.14-PM.jpeg\",\"datePublished\":\"2024-09-18T18:01:25+00:00\",\"dateModified\":\"2024-09-19T18:02:32+00:00\",\"breadcrumb\":{\"@id\":\"https:\/\/21panorama.com\/index.php\/2024\/09\/18\/termina-el-sexenio-mas-sangriento-jorge-meade\/#breadcrumb\"},\"inLanguage\":\"es\",\"potentialAction\":[{\"@type\":\"ReadAction\",\"target\":[\"https:\/\/21panorama.com\/index.php\/2024\/09\/18\/termina-el-sexenio-mas-sangriento-jorge-meade\/\"]}]},{\"@type\":\"ImageObject\",\"inLanguage\":\"es\",\"@id\":\"https:\/\/21panorama.com\/index.php\/2024\/09\/18\/termina-el-sexenio-mas-sangriento-jorge-meade\/#primaryimage\",\"url\":\"https:\/\/21panorama.com\/wp-content\/uploads\/2024\/09\/WhatsApp-Image-2024-09-18-at-10.50.14-PM.jpeg\",\"contentUrl\":\"https:\/\/21panorama.com\/wp-content\/uploads\/2024\/09\/WhatsApp-Image-2024-09-18-at-10.50.14-PM.jpeg\",\"width\":1062,\"height\":1280},{\"@type\":\"BreadcrumbList\",\"@id\":\"https:\/\/21panorama.com\/index.php\/2024\/09\/18\/termina-el-sexenio-mas-sangriento-jorge-meade\/#breadcrumb\",\"itemListElement\":[{\"@type\":\"ListItem\",\"position\":1,\"name\":\"Inicio\",\"item\":\"https:\/\/21panorama.com\/\"},{\"@type\":\"ListItem\",\"position\":2,\"name\":\"TERMINA EL SEXENIO M\u00c1S SANGRIENTO: JORGE MEADE\"}]},{\"@type\":\"WebSite\",\"@id\":\"https:\/\/21panorama.com\/#website\",\"url\":\"https:\/\/21panorama.com\/\",\"name\":\"21 Panorama\",\"description\":\"La construcci\u00f3n de la opini\u00f3n p\u00fablica merece un mejor Panorama en este siglo 21 para alcanzar una sociedad con mayor transparencia y sin corrupci\u00f3n.\",\"publisher\":{\"@id\":\"https:\/\/21panorama.com\/#organization\"},\"potentialAction\":[{\"@type\":\"SearchAction\",\"target\":{\"@type\":\"EntryPoint\",\"urlTemplate\":\"https:\/\/21panorama.com\/?s={search_term_string}\"},\"query-input\":{\"@type\":\"PropertyValueSpecification\",\"valueRequired\":true,\"valueName\":\"search_term_string\"}}],\"inLanguage\":\"es\"},{\"@type\":\"Organization\",\"@id\":\"https:\/\/21panorama.com\/#organization\",\"name\":\"21 Panorama\",\"url\":\"https:\/\/21panorama.com\/\",\"logo\":{\"@type\":\"ImageObject\",\"inLanguage\":\"es\",\"@id\":\"https:\/\/21panorama.com\/#\/schema\/logo\/image\/\",\"url\":\"https:\/\/21panorama.com\/wp-content\/uploads\/2019\/07\/cropped-Logo-Panorama-01.jpeg\",\"contentUrl\":\"https:\/\/21panorama.com\/wp-content\/uploads\/2019\/07\/cropped-Logo-Panorama-01.jpeg\",\"width\":290,\"height\":70,\"caption\":\"21 Panorama\"},\"image\":{\"@id\":\"https:\/\/21panorama.com\/#\/schema\/logo\/image\/\"}},{\"@type\":\"Person\",\"@id\":\"https:\/\/21panorama.com\/#\/schema\/person\/1afc291b96d5792a158768324287319f\",\"name\":\"admin\",\"image\":{\"@type\":\"ImageObject\",\"inLanguage\":\"es\",\"@id\":\"https:\/\/21panorama.com\/#\/schema\/person\/image\/\",\"url\":\"https:\/\/secure.gravatar.com\/avatar\/ad365d9d9f46719215b0d042cc3df92a5a8683e09ef13d102233e5491985f0f0?s=96&d=mm&r=g\",\"contentUrl\":\"https:\/\/secure.gravatar.com\/avatar\/ad365d9d9f46719215b0d042cc3df92a5a8683e09ef13d102233e5491985f0f0?s=96&d=mm&r=g\",\"caption\":\"admin\"},\"url\":\"https:\/\/21panorama.com\/index.php\/author\/admin\/\"}]}<\/script>\n<!-- \/ Yoast SEO plugin. -->","yoast_head_json":{"title":"TERMINA EL SEXENIO M\u00c1S SANGRIENTO: JORGE MEADE - 21 Panorama","robots":{"index":"index","follow":"follow","max-snippet":"max-snippet:-1","max-image-preview":"max-image-preview:large","max-video-preview":"max-video-preview:-1"},"canonical":"https:\/\/21panorama.com\/index.php\/2024\/09\/18\/termina-el-sexenio-mas-sangriento-jorge-meade\/","og_locale":"es_MX","og_type":"article","og_title":"TERMINA EL SEXENIO M\u00c1S SANGRIENTO: JORGE MEADE - 21 Panorama","og_description":"La inseguridad y la violencia fueron una constante en este sexenio federal que est\u00e1 por acabar, asegur\u00f3 el delegado del CEN del PRI en el Estado de M\u00e9xico, Jorge Meade Ocaranza, al calificar de dram\u00e1tica la realidad que vive el pa\u00eds por la falta de promesas incumplidas del Presidente que ya se va.","og_url":"https:\/\/21panorama.com\/index.php\/2024\/09\/18\/termina-el-sexenio-mas-sangriento-jorge-meade\/","og_site_name":"21 Panorama","article_published_time":"2024-09-18T18:01:25+00:00","article_modified_time":"2024-09-19T18:02:32+00:00","og_image":[{"width":1062,"height":1280,"url":"https:\/\/21panorama.com\/wp-content\/uploads\/2024\/09\/WhatsApp-Image-2024-09-18-at-10.50.14-PM.jpeg","type":"image\/jpeg"}],"author":"admin","twitter_card":"summary_large_image","twitter_misc":{"Escrito por":"admin","Tiempo de lectura":"2 minutos"},"schema":{"@context":"https:\/\/schema.org","@graph":[{"@type":"Article","@id":"https:\/\/21panorama.com\/index.php\/2024\/09\/18\/termina-el-sexenio-mas-sangriento-jorge-meade\/#article","isPartOf":{"@id":"https:\/\/21panorama.com\/index.php\/2024\/09\/18\/termina-el-sexenio-mas-sangriento-jorge-meade\/"},"author":{"name":"admin","@id":"https:\/\/21panorama.com\/#\/schema\/person\/1afc291b96d5792a158768324287319f"},"headline":"TERMINA EL SEXENIO M\u00c1S SANGRIENTO: JORGE MEADE","datePublished":"2024-09-18T18:01:25+00:00","dateModified":"2024-09-19T18:02:32+00:00","mainEntityOfPage":{"@id":"https:\/\/21panorama.com\/index.php\/2024\/09\/18\/termina-el-sexenio-mas-sangriento-jorge-meade\/"},"wordCount":301,"commentCount":0,"publisher":{"@id":"https:\/\/21panorama.com\/#organization"},"image":{"@id":"https:\/\/21panorama.com\/index.php\/2024\/09\/18\/termina-el-sexenio-mas-sangriento-jorge-meade\/#primaryimage"},"thumbnailUrl":"https:\/\/21panorama.com\/wp-content\/uploads\/2024\/09\/WhatsApp-Image-2024-09-18-at-10.50.14-PM.jpeg","keywords":["EDOMEX","Jorge Meade Ocaranza","PRI"],"articleSection":["Politica","Sociedad"],"inLanguage":"es","potentialAction":[{"@type":"CommentAction","name":"Comment","target":["https:\/\/21panorama.com\/index.php\/2024\/09\/18\/termina-el-sexenio-mas-sangriento-jorge-meade\/#respond"]}]},{"@type":"WebPage","@id":"https:\/\/21panorama.com\/index.php\/2024\/09\/18\/termina-el-sexenio-mas-sangriento-jorge-meade\/","url":"https:\/\/21panorama.com\/index.php\/2024\/09\/18\/termina-el-sexenio-mas-sangriento-jorge-meade\/","name":"TERMINA EL SEXENIO M\u00c1S SANGRIENTO: JORGE MEADE - 21 Panorama","isPartOf":{"@id":"https:\/\/21panorama.com\/#website"},"primaryImageOfPage":{"@id":"https:\/\/21panorama.com\/index.php\/2024\/09\/18\/termina-el-sexenio-mas-sangriento-jorge-meade\/#primaryimage"},"image":{"@id":"https:\/\/21panorama.com\/index.php\/2024\/09\/18\/termina-el-sexenio-mas-sangriento-jorge-meade\/#primaryimage"},"thumbnailUrl":"https:\/\/21panorama.com\/wp-content\/uploads\/2024\/09\/WhatsApp-Image-2024-09-18-at-10.50.14-PM.jpeg","datePublished":"2024-09-18T18:01:25+00:00","dateModified":"2024-09-19T18:02:32+00:00","breadcrumb":{"@id":"https:\/\/21panorama.com\/index.php\/2024\/09\/18\/termina-el-sexenio-mas-sangriento-jorge-meade\/#breadcrumb"},"inLanguage":"es","potentialAction":[{"@type":"ReadAction","target":["https:\/\/21panorama.com\/index.php\/2024\/09\/18\/termina-el-sexenio-mas-sangriento-jorge-meade\/"]}]},{"@type":"ImageObject","inLanguage":"es","@id":"https:\/\/21panorama.com\/index.php\/2024\/09\/18\/termina-el-sexenio-mas-sangriento-jorge-meade\/#primaryimage","url":"https:\/\/21panorama.com\/wp-content\/uploads\/2024\/09\/WhatsApp-Image-2024-09-18-at-10.50.14-PM.jpeg","contentUrl":"https:\/\/21panorama.com\/wp-content\/uploads\/2024\/09\/WhatsApp-Image-2024-09-18-at-10.50.14-PM.jpeg","width":1062,"height":1280},{"@type":"BreadcrumbList","@id":"https:\/\/21panorama.com\/index.php\/2024\/09\/18\/termina-el-sexenio-mas-sangriento-jorge-meade\/#breadcrumb","itemListElement":[{"@type":"ListItem","position":1,"name":"Inicio","item":"https:\/\/21panorama.com\/"},{"@type":"ListItem","position":2,"name":"TERMINA EL SEXENIO M\u00c1S SANGRIENTO: JORGE MEADE"}]},{"@type":"WebSite","@id":"https:\/\/21panorama.com\/#website","url":"https:\/\/21panorama.com\/","name":"21 Panorama","description":"La construcci\u00f3n de la opini\u00f3n p\u00fablica merece un mejor Panorama en este siglo 21 para alcanzar una sociedad con mayor transparencia y sin corrupci\u00f3n.","publisher":{"@id":"https:\/\/21panorama.com\/#organization"},"potentialAction":[{"@type":"SearchAction","target":{"@type":"EntryPoint","urlTemplate":"https:\/\/21panorama.com\/?s={search_term_string}"},"query-input":{"@type":"PropertyValueSpecification","valueRequired":true,"valueName":"search_term_string"}}],"inLanguage":"es"},{"@type":"Organization","@id":"https:\/\/21panorama.com\/#organization","name":"21 Panorama","url":"https:\/\/21panorama.com\/","logo":{"@type":"ImageObject","inLanguage":"es","@id":"https:\/\/21panorama.com\/#\/schema\/logo\/image\/","url":"https:\/\/21panorama.com\/wp-content\/uploads\/2019\/07\/cropped-Logo-Panorama-01.jpeg","contentUrl":"https:\/\/21panorama.com\/wp-content\/uploads\/2019\/07\/cropped-Logo-Panorama-01.jpeg","width":290,"height":70,"caption":"21 Panorama"},"image":{"@id":"https:\/\/21panorama.com\/#\/schema\/logo\/image\/"}},{"@type":"Person","@id":"https:\/\/21panorama.com\/#\/schema\/person\/1afc291b96d5792a158768324287319f","name":"admin","image":{"@type":"ImageObject","inLanguage":"es","@id":"https:\/\/21panorama.com\/#\/schema\/person\/image\/","url":"https:\/\/secure.gravatar.com\/avatar\/ad365d9d9f46719215b0d042cc3df92a5a8683e09ef13d102233e5491985f0f0?s=96&d=mm&r=g","contentUrl":"https:\/\/secure.gravatar.com\/avatar\/ad365d9d9f46719215b0d042cc3df92a5a8683e09ef13d102233e5491985f0f0?s=96&d=mm&r=g","caption":"admin"},"url":"https:\/\/21panorama.com\/index.php\/author\/admin\/"}]}},"_links":{"self":[{"href":"https:\/\/21panorama.com\/index.php\/wp-json\/wp\/v2\/posts\/5629","targetHints":{"allow":["GET"]}}],"collection":[{"href":"https:\/\/21panorama.com\/index.php\/wp-json\/wp\/v2\/posts"}],"about":[{"href":"https:\/\/21panorama.com\/index.php\/wp-json\/wp\/v2\/types\/post"}],"author":[{"embeddable":true,"href":"https:\/\/21panorama.com\/index.php\/wp-json\/wp\/v2\/users\/1"}],"replies":[{"embeddable":true,"href":"https:\/\/21panorama.com\/index.php\/wp-json\/wp\/v2\/comments?post=5629"}],"version-history":[{"count":1,"href":"https:\/\/21panorama.com\/index.php\/wp-json\/wp\/v2\/posts\/5629\/revisions"}],"predecessor-version":[{"id":5631,"href":"https:\/\/21panorama.com\/index.php\/wp-json\/wp\/v2\/posts\/5629\/revisions\/5631"}],"wp:featuredmedia":[{"embeddable":true,"href":"https:\/\/21panorama.com\/index.php\/wp-json\/wp\/v2\/media\/5630"}],"wp:attachment":[{"href":"https:\/\/21panorama.com\/index.php\/wp-json\/wp\/v2\/media?parent=5629"}],"wp:term":[{"taxonomy":"category","embeddable":true,"href":"https:\/\/21panorama.com\/index.php\/wp-json\/wp\/v2\/categories?post=5629"},{"taxonomy":"post_tag","embeddable":true,"href":"https:\/\/21panorama.com\/index.php\/wp-json\/wp\/v2\/tags?post=5629"}],"curies":[{"name":"wp","href":"https:\/\/api.w.org\/{rel}","templated":true}]}}