{"id":5626,"date":"2024-09-18T12:37:33","date_gmt":"2024-09-18T17:37:33","guid":{"rendered":"https:\/\/21panorama.com\/?p=5626"},"modified":"2024-09-19T12:38:38","modified_gmt":"2024-09-19T17:38:38","slug":"austeridad-en-prevencion-de-desastres-naturales-cuesta-vidas-de-los-mexiquenses","status":"publish","type":"post","link":"https:\/\/21panorama.com\/index.php\/2024\/09\/18\/austeridad-en-prevencion-de-desastres-naturales-cuesta-vidas-de-los-mexiquenses\/","title":{"rendered":"AUSTERIDAD EN PREVENCI\u00d3N DE DESASTRES NATURALES CUESTA VIDAS DE LOS MEXIQUENSES"},"content":{"rendered":"\n<ul class=\"wp-block-list\">\n<li>El secretario general del PRI se pronunci\u00f3 por definir partidas presupuestales para la atenci\u00f3n de desastres naturales.<\/li>\n<\/ul>\n\n\n\n<p>En conferencia de prensa dijo que la falta de recursos p\u00fablicos para atender la prevenci\u00f3n y la atenci\u00f3n de los desastres naturales deja en la indefensi\u00f3n a las familias mexiquenses que por las lluvias de la temporada o los incendios forestales causan p\u00e9rdidas humanas y materiales, asegur\u00f3 el Diputado Alejandro Castro Hern\u00e1ndez.<\/p>\n\n\n\n<p>El Secretario General del CDE del PRI manifest\u00f3 que las severas afectaciones por las lluvias dejan 16 decesos, hasta el momento, y da\u00f1os en el patrimonio de cientos de familias de Naucalpan, Tlalnepantla, Coacalco, Tejupilco, Jilotzingo, Chalco y Toluca.<\/p>\n\n\n\n<p>\u201cQueremos dejar en claro que en este sexenio federal que ya termina no se prioriz\u00f3 la operaci\u00f3n en materia de protecci\u00f3n civil. Se desmantel\u00f3 la pol\u00edtica de prevenci\u00f3n y atenci\u00f3n de desastres\u201d, refrend\u00f3 el legislador priista.<\/p>\n\n\n\n<p>Puntualiz\u00f3 que en este sexenio se eliminaron los recursos para que los municipios dieran atenci\u00f3n al equipamiento urbano, infraestructura, calles, vialidades y sistemas de drenaje que permitieran minimizar los efectos de las fuertes precipitaciones pluviales.<br>&nbsp;<br>El FONDEN y el FOPREDEN que serv\u00edan para prevenir y atender los desastres ya no existen, \u201cpor eso cada vez que ocurre un siniestro est\u00e1 en peligro la vida y el patrimonio de la gente; no hay recurso disponible con la prontitud que los desastres demandan\u201d, dijo.<\/p>\n\n\n\n<p>Se\u00f1al\u00f3 que en el presupuesto del Estado de M\u00e9xico que entrar\u00e1 a discusi\u00f3n en las pr\u00f3ximas semanas \u201cvamos a defender la asignaci\u00f3n de partidas para prevenir y atender los desastres causados por fen\u00f3menos naturales. Es nuestra labor que se atienda con prontitud cualquier emergencia\u201d.<\/p>\n","protected":false},"excerpt":{"rendered":"<p>En conferencia de prensa dijo que la falta de recursos p\u00fablicos para atender la prevenci\u00f3n y la atenci\u00f3n de los desastres naturales deja en la indefensi\u00f3n a las familias mexiquenses que por las lluvias de la temporada o los incendios forestales causan p\u00e9rdidas humanas y materiales, asegur\u00f3 el Diputado Alejandro Castro Hern\u00e1ndez.<\/p>\n","protected":false},"author":1,"featured_media":5627,"comment_status":"open","ping_status":"open","sticky":false,"template":"","format":"standard","meta":{"footnotes":""},"categories":[12,1],"tags":[418,97,33],"class_list":["post-5626","post","type-post","status-publish","format-standard","has-post-thumbnail","hentry","category-politica","category-sociedad","tag-alejandro-castro","tag-edomex","tag-pri"],"yoast_head":"<!-- This site is optimized with the Yoast SEO plugin v24.9 - https:\/\/yoast.com\/wordpress\/plugins\/seo\/ -->\n<title>AUSTERIDAD EN PREVENCI\u00d3N DE DESASTRES NATURALES CUESTA VIDAS DE LOS MEXIQUENSES - 21 Panorama<\/title>\n<meta name=\"robots\" content=\"index, follow, max-snippet:-1, max-image-preview:large, max-video-preview:-1\" \/>\n<link rel=\"canonical\" href=\"https:\/\/21panorama.com\/index.php\/2024\/09\/18\/austeridad-en-prevencion-de-desastres-naturales-cuesta-vidas-de-los-mexiquenses\/\" \/>\n<meta property=\"og:locale\" content=\"es_MX\" \/>\n<meta property=\"og:type\" content=\"article\" \/>\n<meta property=\"og:title\" content=\"AUSTERIDAD EN PREVENCI\u00d3N DE DESASTRES NATURALES CUESTA VIDAS DE LOS MEXIQUENSES - 21 Panorama\" \/>\n<meta property=\"og:description\" content=\"En conferencia de prensa dijo que la falta de recursos p\u00fablicos para atender la prevenci\u00f3n y la atenci\u00f3n de los desastres naturales deja en la indefensi\u00f3n a las familias mexiquenses que por las lluvias de la temporada o los incendios forestales causan p\u00e9rdidas humanas y materiales, asegur\u00f3 el Diputado Alejandro Castro Hern\u00e1ndez.\" \/>\n<meta property=\"og:url\" content=\"https:\/\/21panorama.com\/index.php\/2024\/09\/18\/austeridad-en-prevencion-de-desastres-naturales-cuesta-vidas-de-los-mexiquenses\/\" \/>\n<meta property=\"og:site_name\" content=\"21 Panorama\" \/>\n<meta property=\"article:published_time\" content=\"2024-09-18T17:37:33+00:00\" \/>\n<meta property=\"article:modified_time\" content=\"2024-09-19T17:38:38+00:00\" \/>\n<meta property=\"og:image\" content=\"https:\/\/21panorama.com\/wp-content\/uploads\/2024\/09\/WhatsApp-Image-2024-09-18-at-6.04.02-PM.jpeg\" \/>\n\t<meta property=\"og:image:width\" content=\"796\" \/>\n\t<meta property=\"og:image:height\" content=\"1280\" \/>\n\t<meta property=\"og:image:type\" content=\"image\/jpeg\" \/>\n<meta name=\"author\" content=\"admin\" \/>\n<meta name=\"twitter:card\" content=\"summary_large_image\" \/>\n<meta name=\"twitter:label1\" content=\"Escrito por\" \/>\n\t<meta name=\"twitter:data1\" content=\"admin\" \/>\n\t<meta name=\"twitter:label2\" content=\"Tiempo de lectura\" \/>\n\t<meta name=\"twitter:data2\" content=\"2 minutos\" \/>\n<script type=\"application\/ld+json\" class=\"yoast-schema-graph\">{\"@context\":\"https:\/\/schema.org\",\"@graph\":[{\"@type\":\"Article\",\"@id\":\"https:\/\/21panorama.com\/index.php\/2024\/09\/18\/austeridad-en-prevencion-de-desastres-naturales-cuesta-vidas-de-los-mexiquenses\/#article\",\"isPartOf\":{\"@id\":\"https:\/\/21panorama.com\/index.php\/2024\/09\/18\/austeridad-en-prevencion-de-desastres-naturales-cuesta-vidas-de-los-mexiquenses\/\"},\"author\":{\"name\":\"admin\",\"@id\":\"https:\/\/21panorama.com\/#\/schema\/person\/1afc291b96d5792a158768324287319f\"},\"headline\":\"AUSTERIDAD EN PREVENCI\u00d3N DE DESASTRES NATURALES CUESTA VIDAS DE LOS MEXIQUENSES\",\"datePublished\":\"2024-09-18T17:37:33+00:00\",\"dateModified\":\"2024-09-19T17:38:38+00:00\",\"mainEntityOfPage\":{\"@id\":\"https:\/\/21panorama.com\/index.php\/2024\/09\/18\/austeridad-en-prevencion-de-desastres-naturales-cuesta-vidas-de-los-mexiquenses\/\"},\"wordCount\":303,\"commentCount\":0,\"publisher\":{\"@id\":\"https:\/\/21panorama.com\/#organization\"},\"image\":{\"@id\":\"https:\/\/21panorama.com\/index.php\/2024\/09\/18\/austeridad-en-prevencion-de-desastres-naturales-cuesta-vidas-de-los-mexiquenses\/#primaryimage\"},\"thumbnailUrl\":\"https:\/\/21panorama.com\/wp-content\/uploads\/2024\/09\/WhatsApp-Image-2024-09-18-at-6.04.02-PM.jpeg\",\"keywords\":[\"Alejandro Castro\",\"EDOMEX\",\"PRI\"],\"articleSection\":[\"Politica\",\"Sociedad\"],\"inLanguage\":\"es\",\"potentialAction\":[{\"@type\":\"CommentAction\",\"name\":\"Comment\",\"target\":[\"https:\/\/21panorama.com\/index.php\/2024\/09\/18\/austeridad-en-prevencion-de-desastres-naturales-cuesta-vidas-de-los-mexiquenses\/#respond\"]}]},{\"@type\":\"WebPage\",\"@id\":\"https:\/\/21panorama.com\/index.php\/2024\/09\/18\/austeridad-en-prevencion-de-desastres-naturales-cuesta-vidas-de-los-mexiquenses\/\",\"url\":\"https:\/\/21panorama.com\/index.php\/2024\/09\/18\/austeridad-en-prevencion-de-desastres-naturales-cuesta-vidas-de-los-mexiquenses\/\",\"name\":\"AUSTERIDAD EN PREVENCI\u00d3N DE DESASTRES NATURALES CUESTA VIDAS DE LOS MEXIQUENSES - 21 Panorama\",\"isPartOf\":{\"@id\":\"https:\/\/21panorama.com\/#website\"},\"primaryImageOfPage\":{\"@id\":\"https:\/\/21panorama.com\/index.php\/2024\/09\/18\/austeridad-en-prevencion-de-desastres-naturales-cuesta-vidas-de-los-mexiquenses\/#primaryimage\"},\"image\":{\"@id\":\"https:\/\/21panorama.com\/index.php\/2024\/09\/18\/austeridad-en-prevencion-de-desastres-naturales-cuesta-vidas-de-los-mexiquenses\/#primaryimage\"},\"thumbnailUrl\":\"https:\/\/21panorama.com\/wp-content\/uploads\/2024\/09\/WhatsApp-Image-2024-09-18-at-6.04.02-PM.jpeg\",\"datePublished\":\"2024-09-18T17:37:33+00:00\",\"dateModified\":\"2024-09-19T17:38:38+00:00\",\"breadcrumb\":{\"@id\":\"https:\/\/21panorama.com\/index.php\/2024\/09\/18\/austeridad-en-prevencion-de-desastres-naturales-cuesta-vidas-de-los-mexiquenses\/#breadcrumb\"},\"inLanguage\":\"es\",\"potentialAction\":[{\"@type\":\"ReadAction\",\"target\":[\"https:\/\/21panorama.com\/index.php\/2024\/09\/18\/austeridad-en-prevencion-de-desastres-naturales-cuesta-vidas-de-los-mexiquenses\/\"]}]},{\"@type\":\"ImageObject\",\"inLanguage\":\"es\",\"@id\":\"https:\/\/21panorama.com\/index.php\/2024\/09\/18\/austeridad-en-prevencion-de-desastres-naturales-cuesta-vidas-de-los-mexiquenses\/#primaryimage\",\"url\":\"https:\/\/21panorama.com\/wp-content\/uploads\/2024\/09\/WhatsApp-Image-2024-09-18-at-6.04.02-PM.jpeg\",\"contentUrl\":\"https:\/\/21panorama.com\/wp-content\/uploads\/2024\/09\/WhatsApp-Image-2024-09-18-at-6.04.02-PM.jpeg\",\"width\":796,\"height\":1280},{\"@type\":\"BreadcrumbList\",\"@id\":\"https:\/\/21panorama.com\/index.php\/2024\/09\/18\/austeridad-en-prevencion-de-desastres-naturales-cuesta-vidas-de-los-mexiquenses\/#breadcrumb\",\"itemListElement\":[{\"@type\":\"ListItem\",\"position\":1,\"name\":\"Inicio\",\"item\":\"https:\/\/21panorama.com\/\"},{\"@type\":\"ListItem\",\"position\":2,\"name\":\"AUSTERIDAD EN PREVENCI\u00d3N DE DESASTRES NATURALES CUESTA VIDAS DE LOS MEXIQUENSES\"}]},{\"@type\":\"WebSite\",\"@id\":\"https:\/\/21panorama.com\/#website\",\"url\":\"https:\/\/21panorama.com\/\",\"name\":\"21 Panorama\",\"description\":\"La construcci\u00f3n de la opini\u00f3n p\u00fablica merece un mejor Panorama en este siglo 21 para alcanzar una sociedad con mayor transparencia y sin corrupci\u00f3n.\",\"publisher\":{\"@id\":\"https:\/\/21panorama.com\/#organization\"},\"potentialAction\":[{\"@type\":\"SearchAction\",\"target\":{\"@type\":\"EntryPoint\",\"urlTemplate\":\"https:\/\/21panorama.com\/?s={search_term_string}\"},\"query-input\":{\"@type\":\"PropertyValueSpecification\",\"valueRequired\":true,\"valueName\":\"search_term_string\"}}],\"inLanguage\":\"es\"},{\"@type\":\"Organization\",\"@id\":\"https:\/\/21panorama.com\/#organization\",\"name\":\"21 Panorama\",\"url\":\"https:\/\/21panorama.com\/\",\"logo\":{\"@type\":\"ImageObject\",\"inLanguage\":\"es\",\"@id\":\"https:\/\/21panorama.com\/#\/schema\/logo\/image\/\",\"url\":\"https:\/\/21panorama.com\/wp-content\/uploads\/2019\/07\/cropped-Logo-Panorama-01.jpeg\",\"contentUrl\":\"https:\/\/21panorama.com\/wp-content\/uploads\/2019\/07\/cropped-Logo-Panorama-01.jpeg\",\"width\":290,\"height\":70,\"caption\":\"21 Panorama\"},\"image\":{\"@id\":\"https:\/\/21panorama.com\/#\/schema\/logo\/image\/\"}},{\"@type\":\"Person\",\"@id\":\"https:\/\/21panorama.com\/#\/schema\/person\/1afc291b96d5792a158768324287319f\",\"name\":\"admin\",\"image\":{\"@type\":\"ImageObject\",\"inLanguage\":\"es\",\"@id\":\"https:\/\/21panorama.com\/#\/schema\/person\/image\/\",\"url\":\"https:\/\/secure.gravatar.com\/avatar\/ad365d9d9f46719215b0d042cc3df92a5a8683e09ef13d102233e5491985f0f0?s=96&d=mm&r=g\",\"contentUrl\":\"https:\/\/secure.gravatar.com\/avatar\/ad365d9d9f46719215b0d042cc3df92a5a8683e09ef13d102233e5491985f0f0?s=96&d=mm&r=g\",\"caption\":\"admin\"},\"url\":\"https:\/\/21panorama.com\/index.php\/author\/admin\/\"}]}<\/script>\n<!-- \/ Yoast SEO plugin. -->","yoast_head_json":{"title":"AUSTERIDAD EN PREVENCI\u00d3N DE DESASTRES NATURALES CUESTA VIDAS DE LOS MEXIQUENSES - 21 Panorama","robots":{"index":"index","follow":"follow","max-snippet":"max-snippet:-1","max-image-preview":"max-image-preview:large","max-video-preview":"max-video-preview:-1"},"canonical":"https:\/\/21panorama.com\/index.php\/2024\/09\/18\/austeridad-en-prevencion-de-desastres-naturales-cuesta-vidas-de-los-mexiquenses\/","og_locale":"es_MX","og_type":"article","og_title":"AUSTERIDAD EN PREVENCI\u00d3N DE DESASTRES NATURALES CUESTA VIDAS DE LOS MEXIQUENSES - 21 Panorama","og_description":"En conferencia de prensa dijo que la falta de recursos p\u00fablicos para atender la prevenci\u00f3n y la atenci\u00f3n de los desastres naturales deja en la indefensi\u00f3n a las familias mexiquenses que por las lluvias de la temporada o los incendios forestales causan p\u00e9rdidas humanas y materiales, asegur\u00f3 el Diputado Alejandro Castro Hern\u00e1ndez.","og_url":"https:\/\/21panorama.com\/index.php\/2024\/09\/18\/austeridad-en-prevencion-de-desastres-naturales-cuesta-vidas-de-los-mexiquenses\/","og_site_name":"21 Panorama","article_published_time":"2024-09-18T17:37:33+00:00","article_modified_time":"2024-09-19T17:38:38+00:00","og_image":[{"width":796,"height":1280,"url":"https:\/\/21panorama.com\/wp-content\/uploads\/2024\/09\/WhatsApp-Image-2024-09-18-at-6.04.02-PM.jpeg","type":"image\/jpeg"}],"author":"admin","twitter_card":"summary_large_image","twitter_misc":{"Escrito por":"admin","Tiempo de lectura":"2 minutos"},"schema":{"@context":"https:\/\/schema.org","@graph":[{"@type":"Article","@id":"https:\/\/21panorama.com\/index.php\/2024\/09\/18\/austeridad-en-prevencion-de-desastres-naturales-cuesta-vidas-de-los-mexiquenses\/#article","isPartOf":{"@id":"https:\/\/21panorama.com\/index.php\/2024\/09\/18\/austeridad-en-prevencion-de-desastres-naturales-cuesta-vidas-de-los-mexiquenses\/"},"author":{"name":"admin","@id":"https:\/\/21panorama.com\/#\/schema\/person\/1afc291b96d5792a158768324287319f"},"headline":"AUSTERIDAD EN PREVENCI\u00d3N DE DESASTRES NATURALES CUESTA VIDAS DE LOS MEXIQUENSES","datePublished":"2024-09-18T17:37:33+00:00","dateModified":"2024-09-19T17:38:38+00:00","mainEntityOfPage":{"@id":"https:\/\/21panorama.com\/index.php\/2024\/09\/18\/austeridad-en-prevencion-de-desastres-naturales-cuesta-vidas-de-los-mexiquenses\/"},"wordCount":303,"commentCount":0,"publisher":{"@id":"https:\/\/21panorama.com\/#organization"},"image":{"@id":"https:\/\/21panorama.com\/index.php\/2024\/09\/18\/austeridad-en-prevencion-de-desastres-naturales-cuesta-vidas-de-los-mexiquenses\/#primaryimage"},"thumbnailUrl":"https:\/\/21panorama.com\/wp-content\/uploads\/2024\/09\/WhatsApp-Image-2024-09-18-at-6.04.02-PM.jpeg","keywords":["Alejandro Castro","EDOMEX","PRI"],"articleSection":["Politica","Sociedad"],"inLanguage":"es","potentialAction":[{"@type":"CommentAction","name":"Comment","target":["https:\/\/21panorama.com\/index.php\/2024\/09\/18\/austeridad-en-prevencion-de-desastres-naturales-cuesta-vidas-de-los-mexiquenses\/#respond"]}]},{"@type":"WebPage","@id":"https:\/\/21panorama.com\/index.php\/2024\/09\/18\/austeridad-en-prevencion-de-desastres-naturales-cuesta-vidas-de-los-mexiquenses\/","url":"https:\/\/21panorama.com\/index.php\/2024\/09\/18\/austeridad-en-prevencion-de-desastres-naturales-cuesta-vidas-de-los-mexiquenses\/","name":"AUSTERIDAD EN PREVENCI\u00d3N DE DESASTRES NATURALES CUESTA VIDAS DE LOS MEXIQUENSES - 21 Panorama","isPartOf":{"@id":"https:\/\/21panorama.com\/#website"},"primaryImageOfPage":{"@id":"https:\/\/21panorama.com\/index.php\/2024\/09\/18\/austeridad-en-prevencion-de-desastres-naturales-cuesta-vidas-de-los-mexiquenses\/#primaryimage"},"image":{"@id":"https:\/\/21panorama.com\/index.php\/2024\/09\/18\/austeridad-en-prevencion-de-desastres-naturales-cuesta-vidas-de-los-mexiquenses\/#primaryimage"},"thumbnailUrl":"https:\/\/21panorama.com\/wp-content\/uploads\/2024\/09\/WhatsApp-Image-2024-09-18-at-6.04.02-PM.jpeg","datePublished":"2024-09-18T17:37:33+00:00","dateModified":"2024-09-19T17:38:38+00:00","breadcrumb":{"@id":"https:\/\/21panorama.com\/index.php\/2024\/09\/18\/austeridad-en-prevencion-de-desastres-naturales-cuesta-vidas-de-los-mexiquenses\/#breadcrumb"},"inLanguage":"es","potentialAction":[{"@type":"ReadAction","target":["https:\/\/21panorama.com\/index.php\/2024\/09\/18\/austeridad-en-prevencion-de-desastres-naturales-cuesta-vidas-de-los-mexiquenses\/"]}]},{"@type":"ImageObject","inLanguage":"es","@id":"https:\/\/21panorama.com\/index.php\/2024\/09\/18\/austeridad-en-prevencion-de-desastres-naturales-cuesta-vidas-de-los-mexiquenses\/#primaryimage","url":"https:\/\/21panorama.com\/wp-content\/uploads\/2024\/09\/WhatsApp-Image-2024-09-18-at-6.04.02-PM.jpeg","contentUrl":"https:\/\/21panorama.com\/wp-content\/uploads\/2024\/09\/WhatsApp-Image-2024-09-18-at-6.04.02-PM.jpeg","width":796,"height":1280},{"@type":"BreadcrumbList","@id":"https:\/\/21panorama.com\/index.php\/2024\/09\/18\/austeridad-en-prevencion-de-desastres-naturales-cuesta-vidas-de-los-mexiquenses\/#breadcrumb","itemListElement":[{"@type":"ListItem","position":1,"name":"Inicio","item":"https:\/\/21panorama.com\/"},{"@type":"ListItem","position":2,"name":"AUSTERIDAD EN PREVENCI\u00d3N DE DESASTRES NATURALES CUESTA VIDAS DE LOS MEXIQUENSES"}]},{"@type":"WebSite","@id":"https:\/\/21panorama.com\/#website","url":"https:\/\/21panorama.com\/","name":"21 Panorama","description":"La construcci\u00f3n de la opini\u00f3n p\u00fablica merece un mejor Panorama en este siglo 21 para alcanzar una sociedad con mayor transparencia y sin corrupci\u00f3n.","publisher":{"@id":"https:\/\/21panorama.com\/#organization"},"potentialAction":[{"@type":"SearchAction","target":{"@type":"EntryPoint","urlTemplate":"https:\/\/21panorama.com\/?s={search_term_string}"},"query-input":{"@type":"PropertyValueSpecification","valueRequired":true,"valueName":"search_term_string"}}],"inLanguage":"es"},{"@type":"Organization","@id":"https:\/\/21panorama.com\/#organization","name":"21 Panorama","url":"https:\/\/21panorama.com\/","logo":{"@type":"ImageObject","inLanguage":"es","@id":"https:\/\/21panorama.com\/#\/schema\/logo\/image\/","url":"https:\/\/21panorama.com\/wp-content\/uploads\/2019\/07\/cropped-Logo-Panorama-01.jpeg","contentUrl":"https:\/\/21panorama.com\/wp-content\/uploads\/2019\/07\/cropped-Logo-Panorama-01.jpeg","width":290,"height":70,"caption":"21 Panorama"},"image":{"@id":"https:\/\/21panorama.com\/#\/schema\/logo\/image\/"}},{"@type":"Person","@id":"https:\/\/21panorama.com\/#\/schema\/person\/1afc291b96d5792a158768324287319f","name":"admin","image":{"@type":"ImageObject","inLanguage":"es","@id":"https:\/\/21panorama.com\/#\/schema\/person\/image\/","url":"https:\/\/secure.gravatar.com\/avatar\/ad365d9d9f46719215b0d042cc3df92a5a8683e09ef13d102233e5491985f0f0?s=96&d=mm&r=g","contentUrl":"https:\/\/secure.gravatar.com\/avatar\/ad365d9d9f46719215b0d042cc3df92a5a8683e09ef13d102233e5491985f0f0?s=96&d=mm&r=g","caption":"admin"},"url":"https:\/\/21panorama.com\/index.php\/author\/admin\/"}]}},"_links":{"self":[{"href":"https:\/\/21panorama.com\/index.php\/wp-json\/wp\/v2\/posts\/5626","targetHints":{"allow":["GET"]}}],"collection":[{"href":"https:\/\/21panorama.com\/index.php\/wp-json\/wp\/v2\/posts"}],"about":[{"href":"https:\/\/21panorama.com\/index.php\/wp-json\/wp\/v2\/types\/post"}],"author":[{"embeddable":true,"href":"https:\/\/21panorama.com\/index.php\/wp-json\/wp\/v2\/users\/1"}],"replies":[{"embeddable":true,"href":"https:\/\/21panorama.com\/index.php\/wp-json\/wp\/v2\/comments?post=5626"}],"version-history":[{"count":1,"href":"https:\/\/21panorama.com\/index.php\/wp-json\/wp\/v2\/posts\/5626\/revisions"}],"predecessor-version":[{"id":5628,"href":"https:\/\/21panorama.com\/index.php\/wp-json\/wp\/v2\/posts\/5626\/revisions\/5628"}],"wp:featuredmedia":[{"embeddable":true,"href":"https:\/\/21panorama.com\/index.php\/wp-json\/wp\/v2\/media\/5627"}],"wp:attachment":[{"href":"https:\/\/21panorama.com\/index.php\/wp-json\/wp\/v2\/media?parent=5626"}],"wp:term":[{"taxonomy":"category","embeddable":true,"href":"https:\/\/21panorama.com\/index.php\/wp-json\/wp\/v2\/categories?post=5626"},{"taxonomy":"post_tag","embeddable":true,"href":"https:\/\/21panorama.com\/index.php\/wp-json\/wp\/v2\/tags?post=5626"}],"curies":[{"name":"wp","href":"https:\/\/api.w.org\/{rel}","templated":true}]}}