{"id":5577,"date":"2024-08-14T23:25:50","date_gmt":"2024-08-15T04:25:50","guid":{"rendered":"https:\/\/21panorama.com\/?p=5577"},"modified":"2024-08-14T23:25:51","modified_gmt":"2024-08-15T04:25:51","slug":"entrega-gobierno-de-ixtlahuaca-reconocimiento-a-jovenes-destacados","status":"publish","type":"post","link":"https:\/\/21panorama.com\/index.php\/2024\/08\/14\/entrega-gobierno-de-ixtlahuaca-reconocimiento-a-jovenes-destacados\/","title":{"rendered":"ENTREGA GOBIERNO DE IXTLAHUACA RECONOCIMIENTO A J\u00d3VENES DESTACADOS"},"content":{"rendered":"\n<p><\/p>\n\n\n\n<p>En el marco del D\u00eda Internacional de la Juventud, el Gobierno de Ixtlahuaca, presidido por Abuzeid Lozano Casta\u00f1eda, entreg\u00f3 el &#8220;Reconocimiento a la Juventud Ixtlahuaquense 2024&#8221;, galard\u00f3n que se otorga por segundo a\u00f1o consecutivo para distinguir e impulsar a las y los j\u00f3venes que contribuyen al desarrollo de su comunidad.<\/p>\n\n\n\n<p>En la ceremonia que tuvo lugar en el Auditorio &#8220;Lic. Adolfo L\u00f3pez Mateos&#8221; de la cabecera municipal, se reconoci\u00f3 a trece j\u00f3venes en ocho categor\u00edas diferentes:<\/p>\n\n\n\n<ul class=\"wp-block-list\">\n<li>Ciencia y Tecnolog\u00eda: Jhonathan Salazar Mart\u00ednez.<\/li>\n\n\n\n<li>Compromiso Social y Altruista: Diego Reyes Figueroa.<\/li>\n\n\n\n<li>Expresi\u00f3n Art\u00edstica y Artes Populares: Diana Laura Romero Mart\u00ednez.<\/li>\n\n\n\n<li>Fomento del Cuidado del Medio Ambiente: Quetzalli Mariana T\u00e9llez G\u00f3mez.<\/li>\n\n\n\n<li>Identidad Ixtlahuaquense y Cultura Mazahua: Sthepani Quetzalli Betancourt V\u00e1zquez.<\/li>\n\n\n\n<li>Juventud Emprendedora: Fernando Vald\u00e9s Gonz\u00e1lez.<\/li>\n\n\n\n<li>Trayectoria Acad\u00e9mica: Erika Gonz\u00e1lez Mart\u00ednez y Sol Celeste T\u00e9llez G\u00f3mez.<\/li>\n\n\n\n<li>Trayectoria Deportiva: Indra Quetzalli Zara\u00f1ena Mendoza, Jos\u00e9 Luis Betancourt V\u00e1zquez, Kenia Renata Molina Enr\u00edquez, Luz Yanel Molina Enr\u00edquez y Susana Soltero Torres.<\/li>\n<\/ul>\n\n\n\n<p>El presidente municipal, Abuzeid Lozano, enfatiz\u00f3 la importancia de la colaboraci\u00f3n entre los diferentes niveles de gobierno para impulsar pol\u00edticas p\u00fablicas que generen m\u00e1s oportunidades para la juventud.<\/p>\n\n\n\n<p>&#8220;Debemos trabajar unidos, de la mano, sin divisiones por colores pol\u00edticos. Es esencial que nos coordinemos los diferentes niveles de gobierno para que la sociedad pueda crear pol\u00edticas p\u00fablicas que permitan a la juventud desarrollarse plenamente y contribuir a un mejor M\u00e9xico, un mejor Estado de M\u00e9xico, y un mejor Ixtlahuaca&#8221;, se\u00f1al\u00f3.<\/p>\n\n\n\n<p>Resalt\u00f3 la necesidad de crear espacios desde el gobierno que den voz a los j\u00f3venes, promuevan su participaci\u00f3n activa y potencien sus talentos y planes de vida.<\/p>\n","protected":false},"excerpt":{"rendered":"<p>En el marco del D\u00eda Internacional de la Juventud, el Gobierno de Ixtlahuaca, presidido por Abuzeid Lozano Casta\u00f1eda, entreg\u00f3 el &#8220;Reconocimiento a la Juventud Ixtlahuaquense 2024&#8221;, galard\u00f3n que se otorga por segundo a\u00f1o consecutivo para distinguir e impulsar a las y los j\u00f3venes que contribuyen al desarrollo de su comunidad.<\/p>\n","protected":false},"author":1,"featured_media":5578,"comment_status":"open","ping_status":"open","sticky":false,"template":"","format":"standard","meta":{"footnotes":""},"categories":[5,12,1],"tags":[380,97,222,244],"class_list":["post-5577","post","type-post","status-publish","format-standard","has-post-thumbnail","hentry","category-cultura","category-politica","category-sociedad","tag-abuzeid-lozano","tag-edomex","tag-gem","tag-ixtlahuaca"],"yoast_head":"<!-- This site is optimized with the Yoast SEO plugin v24.9 - https:\/\/yoast.com\/wordpress\/plugins\/seo\/ -->\n<title>ENTREGA GOBIERNO DE IXTLAHUACA RECONOCIMIENTO A J\u00d3VENES DESTACADOS - 21 Panorama<\/title>\n<meta name=\"robots\" content=\"index, follow, max-snippet:-1, max-image-preview:large, max-video-preview:-1\" \/>\n<link rel=\"canonical\" href=\"https:\/\/21panorama.com\/index.php\/2024\/08\/14\/entrega-gobierno-de-ixtlahuaca-reconocimiento-a-jovenes-destacados\/\" \/>\n<meta property=\"og:locale\" content=\"es_MX\" \/>\n<meta property=\"og:type\" content=\"article\" \/>\n<meta property=\"og:title\" content=\"ENTREGA GOBIERNO DE IXTLAHUACA RECONOCIMIENTO A J\u00d3VENES DESTACADOS - 21 Panorama\" \/>\n<meta property=\"og:description\" content=\"En el marco del D\u00eda Internacional de la Juventud, el Gobierno de Ixtlahuaca, presidido por Abuzeid Lozano Casta\u00f1eda, entreg\u00f3 el &quot;Reconocimiento a la Juventud Ixtlahuaquense 2024&quot;, galard\u00f3n que se otorga por segundo a\u00f1o consecutivo para distinguir e impulsar a las y los j\u00f3venes que contribuyen al desarrollo de su comunidad.\" \/>\n<meta property=\"og:url\" content=\"https:\/\/21panorama.com\/index.php\/2024\/08\/14\/entrega-gobierno-de-ixtlahuaca-reconocimiento-a-jovenes-destacados\/\" \/>\n<meta property=\"og:site_name\" content=\"21 Panorama\" \/>\n<meta property=\"article:published_time\" content=\"2024-08-15T04:25:50+00:00\" \/>\n<meta property=\"article:modified_time\" content=\"2024-08-15T04:25:51+00:00\" \/>\n<meta property=\"og:image\" content=\"https:\/\/21panorama.com\/wp-content\/uploads\/2024\/08\/WhatsApp-Image-2024-08-14-at-7.11.52-PM.jpeg\" \/>\n\t<meta property=\"og:image:width\" content=\"960\" \/>\n\t<meta property=\"og:image:height\" content=\"590\" \/>\n\t<meta property=\"og:image:type\" content=\"image\/jpeg\" \/>\n<meta name=\"author\" content=\"admin\" \/>\n<meta name=\"twitter:card\" content=\"summary_large_image\" \/>\n<meta name=\"twitter:label1\" content=\"Escrito por\" \/>\n\t<meta name=\"twitter:data1\" content=\"admin\" \/>\n\t<meta name=\"twitter:label2\" content=\"Tiempo de lectura\" \/>\n\t<meta name=\"twitter:data2\" content=\"2 minutos\" \/>\n<script type=\"application\/ld+json\" class=\"yoast-schema-graph\">{\"@context\":\"https:\/\/schema.org\",\"@graph\":[{\"@type\":\"Article\",\"@id\":\"https:\/\/21panorama.com\/index.php\/2024\/08\/14\/entrega-gobierno-de-ixtlahuaca-reconocimiento-a-jovenes-destacados\/#article\",\"isPartOf\":{\"@id\":\"https:\/\/21panorama.com\/index.php\/2024\/08\/14\/entrega-gobierno-de-ixtlahuaca-reconocimiento-a-jovenes-destacados\/\"},\"author\":{\"name\":\"admin\",\"@id\":\"https:\/\/21panorama.com\/#\/schema\/person\/1afc291b96d5792a158768324287319f\"},\"headline\":\"ENTREGA GOBIERNO DE IXTLAHUACA RECONOCIMIENTO A J\u00d3VENES DESTACADOS\",\"datePublished\":\"2024-08-15T04:25:50+00:00\",\"dateModified\":\"2024-08-15T04:25:51+00:00\",\"mainEntityOfPage\":{\"@id\":\"https:\/\/21panorama.com\/index.php\/2024\/08\/14\/entrega-gobierno-de-ixtlahuaca-reconocimiento-a-jovenes-destacados\/\"},\"wordCount\":308,\"commentCount\":0,\"publisher\":{\"@id\":\"https:\/\/21panorama.com\/#organization\"},\"image\":{\"@id\":\"https:\/\/21panorama.com\/index.php\/2024\/08\/14\/entrega-gobierno-de-ixtlahuaca-reconocimiento-a-jovenes-destacados\/#primaryimage\"},\"thumbnailUrl\":\"https:\/\/21panorama.com\/wp-content\/uploads\/2024\/08\/WhatsApp-Image-2024-08-14-at-7.11.52-PM.jpeg\",\"keywords\":[\"Abuzeid Lozano\",\"EDOMEX\",\"GEM\",\"IXTLAHUACA\"],\"articleSection\":[\"Cultura\",\"Politica\",\"Sociedad\"],\"inLanguage\":\"es\",\"potentialAction\":[{\"@type\":\"CommentAction\",\"name\":\"Comment\",\"target\":[\"https:\/\/21panorama.com\/index.php\/2024\/08\/14\/entrega-gobierno-de-ixtlahuaca-reconocimiento-a-jovenes-destacados\/#respond\"]}]},{\"@type\":\"WebPage\",\"@id\":\"https:\/\/21panorama.com\/index.php\/2024\/08\/14\/entrega-gobierno-de-ixtlahuaca-reconocimiento-a-jovenes-destacados\/\",\"url\":\"https:\/\/21panorama.com\/index.php\/2024\/08\/14\/entrega-gobierno-de-ixtlahuaca-reconocimiento-a-jovenes-destacados\/\",\"name\":\"ENTREGA GOBIERNO DE IXTLAHUACA RECONOCIMIENTO A J\u00d3VENES DESTACADOS - 21 Panorama\",\"isPartOf\":{\"@id\":\"https:\/\/21panorama.com\/#website\"},\"primaryImageOfPage\":{\"@id\":\"https:\/\/21panorama.com\/index.php\/2024\/08\/14\/entrega-gobierno-de-ixtlahuaca-reconocimiento-a-jovenes-destacados\/#primaryimage\"},\"image\":{\"@id\":\"https:\/\/21panorama.com\/index.php\/2024\/08\/14\/entrega-gobierno-de-ixtlahuaca-reconocimiento-a-jovenes-destacados\/#primaryimage\"},\"thumbnailUrl\":\"https:\/\/21panorama.com\/wp-content\/uploads\/2024\/08\/WhatsApp-Image-2024-08-14-at-7.11.52-PM.jpeg\",\"datePublished\":\"2024-08-15T04:25:50+00:00\",\"dateModified\":\"2024-08-15T04:25:51+00:00\",\"breadcrumb\":{\"@id\":\"https:\/\/21panorama.com\/index.php\/2024\/08\/14\/entrega-gobierno-de-ixtlahuaca-reconocimiento-a-jovenes-destacados\/#breadcrumb\"},\"inLanguage\":\"es\",\"potentialAction\":[{\"@type\":\"ReadAction\",\"target\":[\"https:\/\/21panorama.com\/index.php\/2024\/08\/14\/entrega-gobierno-de-ixtlahuaca-reconocimiento-a-jovenes-destacados\/\"]}]},{\"@type\":\"ImageObject\",\"inLanguage\":\"es\",\"@id\":\"https:\/\/21panorama.com\/index.php\/2024\/08\/14\/entrega-gobierno-de-ixtlahuaca-reconocimiento-a-jovenes-destacados\/#primaryimage\",\"url\":\"https:\/\/21panorama.com\/wp-content\/uploads\/2024\/08\/WhatsApp-Image-2024-08-14-at-7.11.52-PM.jpeg\",\"contentUrl\":\"https:\/\/21panorama.com\/wp-content\/uploads\/2024\/08\/WhatsApp-Image-2024-08-14-at-7.11.52-PM.jpeg\",\"width\":960,\"height\":590},{\"@type\":\"BreadcrumbList\",\"@id\":\"https:\/\/21panorama.com\/index.php\/2024\/08\/14\/entrega-gobierno-de-ixtlahuaca-reconocimiento-a-jovenes-destacados\/#breadcrumb\",\"itemListElement\":[{\"@type\":\"ListItem\",\"position\":1,\"name\":\"Inicio\",\"item\":\"https:\/\/21panorama.com\/\"},{\"@type\":\"ListItem\",\"position\":2,\"name\":\"ENTREGA GOBIERNO DE IXTLAHUACA RECONOCIMIENTO A J\u00d3VENES DESTACADOS\"}]},{\"@type\":\"WebSite\",\"@id\":\"https:\/\/21panorama.com\/#website\",\"url\":\"https:\/\/21panorama.com\/\",\"name\":\"21 Panorama\",\"description\":\"La construcci\u00f3n de la opini\u00f3n p\u00fablica merece un mejor Panorama en este siglo 21 para alcanzar una sociedad con mayor transparencia y sin corrupci\u00f3n.\",\"publisher\":{\"@id\":\"https:\/\/21panorama.com\/#organization\"},\"potentialAction\":[{\"@type\":\"SearchAction\",\"target\":{\"@type\":\"EntryPoint\",\"urlTemplate\":\"https:\/\/21panorama.com\/?s={search_term_string}\"},\"query-input\":{\"@type\":\"PropertyValueSpecification\",\"valueRequired\":true,\"valueName\":\"search_term_string\"}}],\"inLanguage\":\"es\"},{\"@type\":\"Organization\",\"@id\":\"https:\/\/21panorama.com\/#organization\",\"name\":\"21 Panorama\",\"url\":\"https:\/\/21panorama.com\/\",\"logo\":{\"@type\":\"ImageObject\",\"inLanguage\":\"es\",\"@id\":\"https:\/\/21panorama.com\/#\/schema\/logo\/image\/\",\"url\":\"https:\/\/21panorama.com\/wp-content\/uploads\/2019\/07\/cropped-Logo-Panorama-01.jpeg\",\"contentUrl\":\"https:\/\/21panorama.com\/wp-content\/uploads\/2019\/07\/cropped-Logo-Panorama-01.jpeg\",\"width\":290,\"height\":70,\"caption\":\"21 Panorama\"},\"image\":{\"@id\":\"https:\/\/21panorama.com\/#\/schema\/logo\/image\/\"}},{\"@type\":\"Person\",\"@id\":\"https:\/\/21panorama.com\/#\/schema\/person\/1afc291b96d5792a158768324287319f\",\"name\":\"admin\",\"image\":{\"@type\":\"ImageObject\",\"inLanguage\":\"es\",\"@id\":\"https:\/\/21panorama.com\/#\/schema\/person\/image\/\",\"url\":\"https:\/\/secure.gravatar.com\/avatar\/ad365d9d9f46719215b0d042cc3df92a5a8683e09ef13d102233e5491985f0f0?s=96&d=mm&r=g\",\"contentUrl\":\"https:\/\/secure.gravatar.com\/avatar\/ad365d9d9f46719215b0d042cc3df92a5a8683e09ef13d102233e5491985f0f0?s=96&d=mm&r=g\",\"caption\":\"admin\"},\"url\":\"https:\/\/21panorama.com\/index.php\/author\/admin\/\"}]}<\/script>\n<!-- \/ Yoast SEO plugin. -->","yoast_head_json":{"title":"ENTREGA GOBIERNO DE IXTLAHUACA RECONOCIMIENTO A J\u00d3VENES DESTACADOS - 21 Panorama","robots":{"index":"index","follow":"follow","max-snippet":"max-snippet:-1","max-image-preview":"max-image-preview:large","max-video-preview":"max-video-preview:-1"},"canonical":"https:\/\/21panorama.com\/index.php\/2024\/08\/14\/entrega-gobierno-de-ixtlahuaca-reconocimiento-a-jovenes-destacados\/","og_locale":"es_MX","og_type":"article","og_title":"ENTREGA GOBIERNO DE IXTLAHUACA RECONOCIMIENTO A J\u00d3VENES DESTACADOS - 21 Panorama","og_description":"En el marco del D\u00eda Internacional de la Juventud, el Gobierno de Ixtlahuaca, presidido por Abuzeid Lozano Casta\u00f1eda, entreg\u00f3 el \"Reconocimiento a la Juventud Ixtlahuaquense 2024\", galard\u00f3n que se otorga por segundo a\u00f1o consecutivo para distinguir e impulsar a las y los j\u00f3venes que contribuyen al desarrollo de su comunidad.","og_url":"https:\/\/21panorama.com\/index.php\/2024\/08\/14\/entrega-gobierno-de-ixtlahuaca-reconocimiento-a-jovenes-destacados\/","og_site_name":"21 Panorama","article_published_time":"2024-08-15T04:25:50+00:00","article_modified_time":"2024-08-15T04:25:51+00:00","og_image":[{"width":960,"height":590,"url":"https:\/\/21panorama.com\/wp-content\/uploads\/2024\/08\/WhatsApp-Image-2024-08-14-at-7.11.52-PM.jpeg","type":"image\/jpeg"}],"author":"admin","twitter_card":"summary_large_image","twitter_misc":{"Escrito por":"admin","Tiempo de lectura":"2 minutos"},"schema":{"@context":"https:\/\/schema.org","@graph":[{"@type":"Article","@id":"https:\/\/21panorama.com\/index.php\/2024\/08\/14\/entrega-gobierno-de-ixtlahuaca-reconocimiento-a-jovenes-destacados\/#article","isPartOf":{"@id":"https:\/\/21panorama.com\/index.php\/2024\/08\/14\/entrega-gobierno-de-ixtlahuaca-reconocimiento-a-jovenes-destacados\/"},"author":{"name":"admin","@id":"https:\/\/21panorama.com\/#\/schema\/person\/1afc291b96d5792a158768324287319f"},"headline":"ENTREGA GOBIERNO DE IXTLAHUACA RECONOCIMIENTO A J\u00d3VENES DESTACADOS","datePublished":"2024-08-15T04:25:50+00:00","dateModified":"2024-08-15T04:25:51+00:00","mainEntityOfPage":{"@id":"https:\/\/21panorama.com\/index.php\/2024\/08\/14\/entrega-gobierno-de-ixtlahuaca-reconocimiento-a-jovenes-destacados\/"},"wordCount":308,"commentCount":0,"publisher":{"@id":"https:\/\/21panorama.com\/#organization"},"image":{"@id":"https:\/\/21panorama.com\/index.php\/2024\/08\/14\/entrega-gobierno-de-ixtlahuaca-reconocimiento-a-jovenes-destacados\/#primaryimage"},"thumbnailUrl":"https:\/\/21panorama.com\/wp-content\/uploads\/2024\/08\/WhatsApp-Image-2024-08-14-at-7.11.52-PM.jpeg","keywords":["Abuzeid Lozano","EDOMEX","GEM","IXTLAHUACA"],"articleSection":["Cultura","Politica","Sociedad"],"inLanguage":"es","potentialAction":[{"@type":"CommentAction","name":"Comment","target":["https:\/\/21panorama.com\/index.php\/2024\/08\/14\/entrega-gobierno-de-ixtlahuaca-reconocimiento-a-jovenes-destacados\/#respond"]}]},{"@type":"WebPage","@id":"https:\/\/21panorama.com\/index.php\/2024\/08\/14\/entrega-gobierno-de-ixtlahuaca-reconocimiento-a-jovenes-destacados\/","url":"https:\/\/21panorama.com\/index.php\/2024\/08\/14\/entrega-gobierno-de-ixtlahuaca-reconocimiento-a-jovenes-destacados\/","name":"ENTREGA GOBIERNO DE IXTLAHUACA RECONOCIMIENTO A J\u00d3VENES DESTACADOS - 21 Panorama","isPartOf":{"@id":"https:\/\/21panorama.com\/#website"},"primaryImageOfPage":{"@id":"https:\/\/21panorama.com\/index.php\/2024\/08\/14\/entrega-gobierno-de-ixtlahuaca-reconocimiento-a-jovenes-destacados\/#primaryimage"},"image":{"@id":"https:\/\/21panorama.com\/index.php\/2024\/08\/14\/entrega-gobierno-de-ixtlahuaca-reconocimiento-a-jovenes-destacados\/#primaryimage"},"thumbnailUrl":"https:\/\/21panorama.com\/wp-content\/uploads\/2024\/08\/WhatsApp-Image-2024-08-14-at-7.11.52-PM.jpeg","datePublished":"2024-08-15T04:25:50+00:00","dateModified":"2024-08-15T04:25:51+00:00","breadcrumb":{"@id":"https:\/\/21panorama.com\/index.php\/2024\/08\/14\/entrega-gobierno-de-ixtlahuaca-reconocimiento-a-jovenes-destacados\/#breadcrumb"},"inLanguage":"es","potentialAction":[{"@type":"ReadAction","target":["https:\/\/21panorama.com\/index.php\/2024\/08\/14\/entrega-gobierno-de-ixtlahuaca-reconocimiento-a-jovenes-destacados\/"]}]},{"@type":"ImageObject","inLanguage":"es","@id":"https:\/\/21panorama.com\/index.php\/2024\/08\/14\/entrega-gobierno-de-ixtlahuaca-reconocimiento-a-jovenes-destacados\/#primaryimage","url":"https:\/\/21panorama.com\/wp-content\/uploads\/2024\/08\/WhatsApp-Image-2024-08-14-at-7.11.52-PM.jpeg","contentUrl":"https:\/\/21panorama.com\/wp-content\/uploads\/2024\/08\/WhatsApp-Image-2024-08-14-at-7.11.52-PM.jpeg","width":960,"height":590},{"@type":"BreadcrumbList","@id":"https:\/\/21panorama.com\/index.php\/2024\/08\/14\/entrega-gobierno-de-ixtlahuaca-reconocimiento-a-jovenes-destacados\/#breadcrumb","itemListElement":[{"@type":"ListItem","position":1,"name":"Inicio","item":"https:\/\/21panorama.com\/"},{"@type":"ListItem","position":2,"name":"ENTREGA GOBIERNO DE IXTLAHUACA RECONOCIMIENTO A J\u00d3VENES DESTACADOS"}]},{"@type":"WebSite","@id":"https:\/\/21panorama.com\/#website","url":"https:\/\/21panorama.com\/","name":"21 Panorama","description":"La construcci\u00f3n de la opini\u00f3n p\u00fablica merece un mejor Panorama en este siglo 21 para alcanzar una sociedad con mayor transparencia y sin corrupci\u00f3n.","publisher":{"@id":"https:\/\/21panorama.com\/#organization"},"potentialAction":[{"@type":"SearchAction","target":{"@type":"EntryPoint","urlTemplate":"https:\/\/21panorama.com\/?s={search_term_string}"},"query-input":{"@type":"PropertyValueSpecification","valueRequired":true,"valueName":"search_term_string"}}],"inLanguage":"es"},{"@type":"Organization","@id":"https:\/\/21panorama.com\/#organization","name":"21 Panorama","url":"https:\/\/21panorama.com\/","logo":{"@type":"ImageObject","inLanguage":"es","@id":"https:\/\/21panorama.com\/#\/schema\/logo\/image\/","url":"https:\/\/21panorama.com\/wp-content\/uploads\/2019\/07\/cropped-Logo-Panorama-01.jpeg","contentUrl":"https:\/\/21panorama.com\/wp-content\/uploads\/2019\/07\/cropped-Logo-Panorama-01.jpeg","width":290,"height":70,"caption":"21 Panorama"},"image":{"@id":"https:\/\/21panorama.com\/#\/schema\/logo\/image\/"}},{"@type":"Person","@id":"https:\/\/21panorama.com\/#\/schema\/person\/1afc291b96d5792a158768324287319f","name":"admin","image":{"@type":"ImageObject","inLanguage":"es","@id":"https:\/\/21panorama.com\/#\/schema\/person\/image\/","url":"https:\/\/secure.gravatar.com\/avatar\/ad365d9d9f46719215b0d042cc3df92a5a8683e09ef13d102233e5491985f0f0?s=96&d=mm&r=g","contentUrl":"https:\/\/secure.gravatar.com\/avatar\/ad365d9d9f46719215b0d042cc3df92a5a8683e09ef13d102233e5491985f0f0?s=96&d=mm&r=g","caption":"admin"},"url":"https:\/\/21panorama.com\/index.php\/author\/admin\/"}]}},"_links":{"self":[{"href":"https:\/\/21panorama.com\/index.php\/wp-json\/wp\/v2\/posts\/5577","targetHints":{"allow":["GET"]}}],"collection":[{"href":"https:\/\/21panorama.com\/index.php\/wp-json\/wp\/v2\/posts"}],"about":[{"href":"https:\/\/21panorama.com\/index.php\/wp-json\/wp\/v2\/types\/post"}],"author":[{"embeddable":true,"href":"https:\/\/21panorama.com\/index.php\/wp-json\/wp\/v2\/users\/1"}],"replies":[{"embeddable":true,"href":"https:\/\/21panorama.com\/index.php\/wp-json\/wp\/v2\/comments?post=5577"}],"version-history":[{"count":1,"href":"https:\/\/21panorama.com\/index.php\/wp-json\/wp\/v2\/posts\/5577\/revisions"}],"predecessor-version":[{"id":5579,"href":"https:\/\/21panorama.com\/index.php\/wp-json\/wp\/v2\/posts\/5577\/revisions\/5579"}],"wp:featuredmedia":[{"embeddable":true,"href":"https:\/\/21panorama.com\/index.php\/wp-json\/wp\/v2\/media\/5578"}],"wp:attachment":[{"href":"https:\/\/21panorama.com\/index.php\/wp-json\/wp\/v2\/media?parent=5577"}],"wp:term":[{"taxonomy":"category","embeddable":true,"href":"https:\/\/21panorama.com\/index.php\/wp-json\/wp\/v2\/categories?post=5577"},{"taxonomy":"post_tag","embeddable":true,"href":"https:\/\/21panorama.com\/index.php\/wp-json\/wp\/v2\/tags?post=5577"}],"curies":[{"name":"wp","href":"https:\/\/api.w.org\/{rel}","templated":true}]}}