{"id":5573,"date":"2024-08-09T10:45:31","date_gmt":"2024-08-09T15:45:31","guid":{"rendered":"https:\/\/21panorama.com\/?p=5573"},"modified":"2024-08-09T10:45:32","modified_gmt":"2024-08-09T15:45:32","slug":"logra-ixtlahuaca-reconocimiento-de-11-comunidades-como-pueblos-indigenas","status":"publish","type":"post","link":"https:\/\/21panorama.com\/index.php\/2024\/08\/09\/logra-ixtlahuaca-reconocimiento-de-11-comunidades-como-pueblos-indigenas\/","title":{"rendered":"LOGRA IXTLAHUACA RECONOCIMIENTO DE 11 COMUNIDADES COMO PUEBLOS IND\u00cdGENAS"},"content":{"rendered":"\n<p><\/p>\n\n\n\n<p>\u00b7 En el marco del D\u00eda Internacional de los Pueblos Ind\u00edgenas, el presidente municipal, Abuzeid Lozano, precis\u00f3 que en total ya suman 47 pueblos con esta denominaci\u00f3n oficial.<\/p>\n\n\n\n<p>El presidente municipal de Ixtlahuaca, Abuzeid Lozano Casta\u00f1eda, inform\u00f3 que derivado de las gestiones realizadas por el actual ayuntamiento, se logr\u00f3 que once pueblos con poblaci\u00f3n mazahua fueran reconocidos por el Gobierno del Estado de M\u00e9xico como comunidades ind\u00edgenas, lo cual les traer\u00e1 beneficios como lo es presupuesto y programas sociales espec\u00edficos.<\/p>\n\n\n\n<p>De acuerdo al Peri\u00f3dico Oficial Gaceta del Gobierno, tomo CCXVII, N\u00famero 95 en su secci\u00f3n primera, con fecha del 29 de mayo de 2024, las comunidades de Ixtlahuaca que a partir de su publicaci\u00f3n ya forman parte del cat\u00e1logo de comunidades ind\u00edgenas del Consejo Estatal para el Desarrollo Integral de los Pueblos Ind\u00edgenas, son:<\/p>\n\n\n\n<ol class=\"wp-block-list\">\n<li>El Tecomate<\/li>\n\n\n\n<li>San Jer\u00f3nimo La Ca\u00f1ada<\/li>\n\n\n\n<li>San Francisco Ixtlahuaca<\/li>\n\n\n\n<li>San Antonio de los Remedios<\/li>\n\n\n\n<li>Huereje<\/li>\n\n\n\n<li>San Ignacio del Pedregal<\/li>\n\n\n\n<li>San Antonio Bonixi<\/li>\n\n\n\n<li>La Pur\u00edsima<\/li>\n\n\n\n<li>Santa Mar\u00eda de Guadalupe<\/li>\n\n\n\n<li>La Bandera<\/li>\n\n\n\n<li>La Guadalupana<\/li>\n<\/ol>\n\n\n\n<figure class=\"wp-block-image size-large\"><img decoding=\"async\" width=\"1024\" height=\"682\" src=\"https:\/\/21panorama.com\/wp-content\/uploads\/2024\/08\/WhatsApp-Image-2024-08-09-at-7.14.48-AM-1-1024x682.jpeg\" alt=\"\" class=\"wp-image-5575\" srcset=\"https:\/\/21panorama.com\/wp-content\/uploads\/2024\/08\/WhatsApp-Image-2024-08-09-at-7.14.48-AM-1-1024x682.jpeg 1024w, https:\/\/21panorama.com\/wp-content\/uploads\/2024\/08\/WhatsApp-Image-2024-08-09-at-7.14.48-AM-1-300x200.jpeg 300w, https:\/\/21panorama.com\/wp-content\/uploads\/2024\/08\/WhatsApp-Image-2024-08-09-at-7.14.48-AM-1-768x512.jpeg 768w, https:\/\/21panorama.com\/wp-content\/uploads\/2024\/08\/WhatsApp-Image-2024-08-09-at-7.14.48-AM-1-1536x1023.jpeg 1536w, https:\/\/21panorama.com\/wp-content\/uploads\/2024\/08\/WhatsApp-Image-2024-08-09-at-7.14.48-AM-1.jpeg 1600w\" sizes=\"(max-width: 1024px) 100vw, 1024px\" \/><\/figure>\n\n\n\n<p>Con esta acci\u00f3n, Ixtlahuaca ya cuenta con 47 pueblos reconocidos como comunidades ind\u00edgenas, de un total de 53 delegaciones y la cabecera municipal.<\/p>\n\n\n\n<p>En el marco del D\u00eda de los Pueblos Ind\u00edgenas que se conmemora el 09 de agosto, el presidente municipal har\u00e1 entrega del Reconocimiento impreso a las autoridades auxiliares de cada comunidad, acci\u00f3n que tambi\u00e9n es un paso m\u00e1s para lograr en el mediano plazo aparecer en el Cat\u00e1logo Nacional de Pueblos y Comunidades Ind\u00edgenas y Afromexicanas, que lleva el Instituto Nacional de los Pueblos Ind\u00edgenas.<\/p>\n\n\n\n<p>Abuzeid Lozano explic\u00f3 que el objetivo de subirlas a ambos cat\u00e1logos es identificarlas, con base en sus principales instituciones pol\u00edticas, jur\u00eddicas, territoriales, econ\u00f3micas, sociales y culturales, en tanto sujetos de derecho p\u00fablico con personalidad jur\u00eddica; a fin de garantizar el ejercicio de su libre determinaci\u00f3n y autonom\u00eda.<\/p>\n","protected":false},"excerpt":{"rendered":"<p>En el marco del D\u00eda Internacional de los Pueblos Ind\u00edgenas, el presidente municipal, Abuzeid Lozano, precis\u00f3 que en total ya suman 47 pueblos con esta denominaci\u00f3n oficial.<\/p>\n","protected":false},"author":1,"featured_media":5574,"comment_status":"open","ping_status":"open","sticky":false,"template":"","format":"standard","meta":{"footnotes":""},"categories":[5,12,1],"tags":[380,97,222,244],"class_list":["post-5573","post","type-post","status-publish","format-standard","has-post-thumbnail","hentry","category-cultura","category-politica","category-sociedad","tag-abuzeid-lozano","tag-edomex","tag-gem","tag-ixtlahuaca"],"yoast_head":"<!-- This site is optimized with the Yoast SEO plugin v24.9 - https:\/\/yoast.com\/wordpress\/plugins\/seo\/ -->\n<title>LOGRA IXTLAHUACA RECONOCIMIENTO DE 11 COMUNIDADES COMO PUEBLOS IND\u00cdGENAS - 21 Panorama<\/title>\n<meta name=\"robots\" content=\"index, follow, max-snippet:-1, max-image-preview:large, max-video-preview:-1\" \/>\n<link rel=\"canonical\" href=\"https:\/\/21panorama.com\/index.php\/2024\/08\/09\/logra-ixtlahuaca-reconocimiento-de-11-comunidades-como-pueblos-indigenas\/\" \/>\n<meta property=\"og:locale\" content=\"es_MX\" \/>\n<meta property=\"og:type\" content=\"article\" \/>\n<meta property=\"og:title\" content=\"LOGRA IXTLAHUACA RECONOCIMIENTO DE 11 COMUNIDADES COMO PUEBLOS IND\u00cdGENAS - 21 Panorama\" \/>\n<meta property=\"og:description\" content=\"En el marco del D\u00eda Internacional de los Pueblos Ind\u00edgenas, el presidente municipal, Abuzeid Lozano, precis\u00f3 que en total ya suman 47 pueblos con esta denominaci\u00f3n oficial.\" \/>\n<meta property=\"og:url\" content=\"https:\/\/21panorama.com\/index.php\/2024\/08\/09\/logra-ixtlahuaca-reconocimiento-de-11-comunidades-como-pueblos-indigenas\/\" \/>\n<meta property=\"og:site_name\" content=\"21 Panorama\" \/>\n<meta property=\"article:published_time\" content=\"2024-08-09T15:45:31+00:00\" \/>\n<meta property=\"article:modified_time\" content=\"2024-08-09T15:45:32+00:00\" \/>\n<meta property=\"og:image\" content=\"https:\/\/21panorama.com\/wp-content\/uploads\/2024\/08\/WhatsApp-Image-2024-08-09-at-7.14.48-AM.jpeg\" \/>\n\t<meta property=\"og:image:width\" content=\"1600\" \/>\n\t<meta property=\"og:image:height\" content=\"1066\" \/>\n\t<meta property=\"og:image:type\" content=\"image\/jpeg\" \/>\n<meta name=\"author\" content=\"admin\" \/>\n<meta name=\"twitter:card\" content=\"summary_large_image\" \/>\n<meta name=\"twitter:label1\" content=\"Escrito por\" \/>\n\t<meta name=\"twitter:data1\" content=\"admin\" \/>\n\t<meta name=\"twitter:label2\" content=\"Tiempo de lectura\" \/>\n\t<meta name=\"twitter:data2\" content=\"2 minutos\" \/>\n<script type=\"application\/ld+json\" class=\"yoast-schema-graph\">{\"@context\":\"https:\/\/schema.org\",\"@graph\":[{\"@type\":\"Article\",\"@id\":\"https:\/\/21panorama.com\/index.php\/2024\/08\/09\/logra-ixtlahuaca-reconocimiento-de-11-comunidades-como-pueblos-indigenas\/#article\",\"isPartOf\":{\"@id\":\"https:\/\/21panorama.com\/index.php\/2024\/08\/09\/logra-ixtlahuaca-reconocimiento-de-11-comunidades-como-pueblos-indigenas\/\"},\"author\":{\"name\":\"admin\",\"@id\":\"https:\/\/21panorama.com\/#\/schema\/person\/1afc291b96d5792a158768324287319f\"},\"headline\":\"LOGRA IXTLAHUACA RECONOCIMIENTO DE 11 COMUNIDADES COMO PUEBLOS IND\u00cdGENAS\",\"datePublished\":\"2024-08-09T15:45:31+00:00\",\"dateModified\":\"2024-08-09T15:45:32+00:00\",\"mainEntityOfPage\":{\"@id\":\"https:\/\/21panorama.com\/index.php\/2024\/08\/09\/logra-ixtlahuaca-reconocimiento-de-11-comunidades-como-pueblos-indigenas\/\"},\"wordCount\":339,\"commentCount\":0,\"publisher\":{\"@id\":\"https:\/\/21panorama.com\/#organization\"},\"image\":{\"@id\":\"https:\/\/21panorama.com\/index.php\/2024\/08\/09\/logra-ixtlahuaca-reconocimiento-de-11-comunidades-como-pueblos-indigenas\/#primaryimage\"},\"thumbnailUrl\":\"https:\/\/21panorama.com\/wp-content\/uploads\/2024\/08\/WhatsApp-Image-2024-08-09-at-7.14.48-AM.jpeg\",\"keywords\":[\"Abuzeid Lozano\",\"EDOMEX\",\"GEM\",\"IXTLAHUACA\"],\"articleSection\":[\"Cultura\",\"Politica\",\"Sociedad\"],\"inLanguage\":\"es\",\"potentialAction\":[{\"@type\":\"CommentAction\",\"name\":\"Comment\",\"target\":[\"https:\/\/21panorama.com\/index.php\/2024\/08\/09\/logra-ixtlahuaca-reconocimiento-de-11-comunidades-como-pueblos-indigenas\/#respond\"]}]},{\"@type\":\"WebPage\",\"@id\":\"https:\/\/21panorama.com\/index.php\/2024\/08\/09\/logra-ixtlahuaca-reconocimiento-de-11-comunidades-como-pueblos-indigenas\/\",\"url\":\"https:\/\/21panorama.com\/index.php\/2024\/08\/09\/logra-ixtlahuaca-reconocimiento-de-11-comunidades-como-pueblos-indigenas\/\",\"name\":\"LOGRA IXTLAHUACA RECONOCIMIENTO DE 11 COMUNIDADES COMO PUEBLOS IND\u00cdGENAS - 21 Panorama\",\"isPartOf\":{\"@id\":\"https:\/\/21panorama.com\/#website\"},\"primaryImageOfPage\":{\"@id\":\"https:\/\/21panorama.com\/index.php\/2024\/08\/09\/logra-ixtlahuaca-reconocimiento-de-11-comunidades-como-pueblos-indigenas\/#primaryimage\"},\"image\":{\"@id\":\"https:\/\/21panorama.com\/index.php\/2024\/08\/09\/logra-ixtlahuaca-reconocimiento-de-11-comunidades-como-pueblos-indigenas\/#primaryimage\"},\"thumbnailUrl\":\"https:\/\/21panorama.com\/wp-content\/uploads\/2024\/08\/WhatsApp-Image-2024-08-09-at-7.14.48-AM.jpeg\",\"datePublished\":\"2024-08-09T15:45:31+00:00\",\"dateModified\":\"2024-08-09T15:45:32+00:00\",\"breadcrumb\":{\"@id\":\"https:\/\/21panorama.com\/index.php\/2024\/08\/09\/logra-ixtlahuaca-reconocimiento-de-11-comunidades-como-pueblos-indigenas\/#breadcrumb\"},\"inLanguage\":\"es\",\"potentialAction\":[{\"@type\":\"ReadAction\",\"target\":[\"https:\/\/21panorama.com\/index.php\/2024\/08\/09\/logra-ixtlahuaca-reconocimiento-de-11-comunidades-como-pueblos-indigenas\/\"]}]},{\"@type\":\"ImageObject\",\"inLanguage\":\"es\",\"@id\":\"https:\/\/21panorama.com\/index.php\/2024\/08\/09\/logra-ixtlahuaca-reconocimiento-de-11-comunidades-como-pueblos-indigenas\/#primaryimage\",\"url\":\"https:\/\/21panorama.com\/wp-content\/uploads\/2024\/08\/WhatsApp-Image-2024-08-09-at-7.14.48-AM.jpeg\",\"contentUrl\":\"https:\/\/21panorama.com\/wp-content\/uploads\/2024\/08\/WhatsApp-Image-2024-08-09-at-7.14.48-AM.jpeg\",\"width\":1600,\"height\":1066},{\"@type\":\"BreadcrumbList\",\"@id\":\"https:\/\/21panorama.com\/index.php\/2024\/08\/09\/logra-ixtlahuaca-reconocimiento-de-11-comunidades-como-pueblos-indigenas\/#breadcrumb\",\"itemListElement\":[{\"@type\":\"ListItem\",\"position\":1,\"name\":\"Inicio\",\"item\":\"https:\/\/21panorama.com\/\"},{\"@type\":\"ListItem\",\"position\":2,\"name\":\"LOGRA IXTLAHUACA RECONOCIMIENTO DE 11 COMUNIDADES COMO PUEBLOS IND\u00cdGENAS\"}]},{\"@type\":\"WebSite\",\"@id\":\"https:\/\/21panorama.com\/#website\",\"url\":\"https:\/\/21panorama.com\/\",\"name\":\"21 Panorama\",\"description\":\"La construcci\u00f3n de la opini\u00f3n p\u00fablica merece un mejor Panorama en este siglo 21 para alcanzar una sociedad con mayor transparencia y sin corrupci\u00f3n.\",\"publisher\":{\"@id\":\"https:\/\/21panorama.com\/#organization\"},\"potentialAction\":[{\"@type\":\"SearchAction\",\"target\":{\"@type\":\"EntryPoint\",\"urlTemplate\":\"https:\/\/21panorama.com\/?s={search_term_string}\"},\"query-input\":{\"@type\":\"PropertyValueSpecification\",\"valueRequired\":true,\"valueName\":\"search_term_string\"}}],\"inLanguage\":\"es\"},{\"@type\":\"Organization\",\"@id\":\"https:\/\/21panorama.com\/#organization\",\"name\":\"21 Panorama\",\"url\":\"https:\/\/21panorama.com\/\",\"logo\":{\"@type\":\"ImageObject\",\"inLanguage\":\"es\",\"@id\":\"https:\/\/21panorama.com\/#\/schema\/logo\/image\/\",\"url\":\"https:\/\/21panorama.com\/wp-content\/uploads\/2019\/07\/cropped-Logo-Panorama-01.jpeg\",\"contentUrl\":\"https:\/\/21panorama.com\/wp-content\/uploads\/2019\/07\/cropped-Logo-Panorama-01.jpeg\",\"width\":290,\"height\":70,\"caption\":\"21 Panorama\"},\"image\":{\"@id\":\"https:\/\/21panorama.com\/#\/schema\/logo\/image\/\"}},{\"@type\":\"Person\",\"@id\":\"https:\/\/21panorama.com\/#\/schema\/person\/1afc291b96d5792a158768324287319f\",\"name\":\"admin\",\"image\":{\"@type\":\"ImageObject\",\"inLanguage\":\"es\",\"@id\":\"https:\/\/21panorama.com\/#\/schema\/person\/image\/\",\"url\":\"https:\/\/secure.gravatar.com\/avatar\/ad365d9d9f46719215b0d042cc3df92a5a8683e09ef13d102233e5491985f0f0?s=96&d=mm&r=g\",\"contentUrl\":\"https:\/\/secure.gravatar.com\/avatar\/ad365d9d9f46719215b0d042cc3df92a5a8683e09ef13d102233e5491985f0f0?s=96&d=mm&r=g\",\"caption\":\"admin\"},\"url\":\"https:\/\/21panorama.com\/index.php\/author\/admin\/\"}]}<\/script>\n<!-- \/ Yoast SEO plugin. -->","yoast_head_json":{"title":"LOGRA IXTLAHUACA RECONOCIMIENTO DE 11 COMUNIDADES COMO PUEBLOS IND\u00cdGENAS - 21 Panorama","robots":{"index":"index","follow":"follow","max-snippet":"max-snippet:-1","max-image-preview":"max-image-preview:large","max-video-preview":"max-video-preview:-1"},"canonical":"https:\/\/21panorama.com\/index.php\/2024\/08\/09\/logra-ixtlahuaca-reconocimiento-de-11-comunidades-como-pueblos-indigenas\/","og_locale":"es_MX","og_type":"article","og_title":"LOGRA IXTLAHUACA RECONOCIMIENTO DE 11 COMUNIDADES COMO PUEBLOS IND\u00cdGENAS - 21 Panorama","og_description":"En el marco del D\u00eda Internacional de los Pueblos Ind\u00edgenas, el presidente municipal, Abuzeid Lozano, precis\u00f3 que en total ya suman 47 pueblos con esta denominaci\u00f3n oficial.","og_url":"https:\/\/21panorama.com\/index.php\/2024\/08\/09\/logra-ixtlahuaca-reconocimiento-de-11-comunidades-como-pueblos-indigenas\/","og_site_name":"21 Panorama","article_published_time":"2024-08-09T15:45:31+00:00","article_modified_time":"2024-08-09T15:45:32+00:00","og_image":[{"width":1600,"height":1066,"url":"https:\/\/21panorama.com\/wp-content\/uploads\/2024\/08\/WhatsApp-Image-2024-08-09-at-7.14.48-AM.jpeg","type":"image\/jpeg"}],"author":"admin","twitter_card":"summary_large_image","twitter_misc":{"Escrito por":"admin","Tiempo de lectura":"2 minutos"},"schema":{"@context":"https:\/\/schema.org","@graph":[{"@type":"Article","@id":"https:\/\/21panorama.com\/index.php\/2024\/08\/09\/logra-ixtlahuaca-reconocimiento-de-11-comunidades-como-pueblos-indigenas\/#article","isPartOf":{"@id":"https:\/\/21panorama.com\/index.php\/2024\/08\/09\/logra-ixtlahuaca-reconocimiento-de-11-comunidades-como-pueblos-indigenas\/"},"author":{"name":"admin","@id":"https:\/\/21panorama.com\/#\/schema\/person\/1afc291b96d5792a158768324287319f"},"headline":"LOGRA IXTLAHUACA RECONOCIMIENTO DE 11 COMUNIDADES COMO PUEBLOS IND\u00cdGENAS","datePublished":"2024-08-09T15:45:31+00:00","dateModified":"2024-08-09T15:45:32+00:00","mainEntityOfPage":{"@id":"https:\/\/21panorama.com\/index.php\/2024\/08\/09\/logra-ixtlahuaca-reconocimiento-de-11-comunidades-como-pueblos-indigenas\/"},"wordCount":339,"commentCount":0,"publisher":{"@id":"https:\/\/21panorama.com\/#organization"},"image":{"@id":"https:\/\/21panorama.com\/index.php\/2024\/08\/09\/logra-ixtlahuaca-reconocimiento-de-11-comunidades-como-pueblos-indigenas\/#primaryimage"},"thumbnailUrl":"https:\/\/21panorama.com\/wp-content\/uploads\/2024\/08\/WhatsApp-Image-2024-08-09-at-7.14.48-AM.jpeg","keywords":["Abuzeid Lozano","EDOMEX","GEM","IXTLAHUACA"],"articleSection":["Cultura","Politica","Sociedad"],"inLanguage":"es","potentialAction":[{"@type":"CommentAction","name":"Comment","target":["https:\/\/21panorama.com\/index.php\/2024\/08\/09\/logra-ixtlahuaca-reconocimiento-de-11-comunidades-como-pueblos-indigenas\/#respond"]}]},{"@type":"WebPage","@id":"https:\/\/21panorama.com\/index.php\/2024\/08\/09\/logra-ixtlahuaca-reconocimiento-de-11-comunidades-como-pueblos-indigenas\/","url":"https:\/\/21panorama.com\/index.php\/2024\/08\/09\/logra-ixtlahuaca-reconocimiento-de-11-comunidades-como-pueblos-indigenas\/","name":"LOGRA IXTLAHUACA RECONOCIMIENTO DE 11 COMUNIDADES COMO PUEBLOS IND\u00cdGENAS - 21 Panorama","isPartOf":{"@id":"https:\/\/21panorama.com\/#website"},"primaryImageOfPage":{"@id":"https:\/\/21panorama.com\/index.php\/2024\/08\/09\/logra-ixtlahuaca-reconocimiento-de-11-comunidades-como-pueblos-indigenas\/#primaryimage"},"image":{"@id":"https:\/\/21panorama.com\/index.php\/2024\/08\/09\/logra-ixtlahuaca-reconocimiento-de-11-comunidades-como-pueblos-indigenas\/#primaryimage"},"thumbnailUrl":"https:\/\/21panorama.com\/wp-content\/uploads\/2024\/08\/WhatsApp-Image-2024-08-09-at-7.14.48-AM.jpeg","datePublished":"2024-08-09T15:45:31+00:00","dateModified":"2024-08-09T15:45:32+00:00","breadcrumb":{"@id":"https:\/\/21panorama.com\/index.php\/2024\/08\/09\/logra-ixtlahuaca-reconocimiento-de-11-comunidades-como-pueblos-indigenas\/#breadcrumb"},"inLanguage":"es","potentialAction":[{"@type":"ReadAction","target":["https:\/\/21panorama.com\/index.php\/2024\/08\/09\/logra-ixtlahuaca-reconocimiento-de-11-comunidades-como-pueblos-indigenas\/"]}]},{"@type":"ImageObject","inLanguage":"es","@id":"https:\/\/21panorama.com\/index.php\/2024\/08\/09\/logra-ixtlahuaca-reconocimiento-de-11-comunidades-como-pueblos-indigenas\/#primaryimage","url":"https:\/\/21panorama.com\/wp-content\/uploads\/2024\/08\/WhatsApp-Image-2024-08-09-at-7.14.48-AM.jpeg","contentUrl":"https:\/\/21panorama.com\/wp-content\/uploads\/2024\/08\/WhatsApp-Image-2024-08-09-at-7.14.48-AM.jpeg","width":1600,"height":1066},{"@type":"BreadcrumbList","@id":"https:\/\/21panorama.com\/index.php\/2024\/08\/09\/logra-ixtlahuaca-reconocimiento-de-11-comunidades-como-pueblos-indigenas\/#breadcrumb","itemListElement":[{"@type":"ListItem","position":1,"name":"Inicio","item":"https:\/\/21panorama.com\/"},{"@type":"ListItem","position":2,"name":"LOGRA IXTLAHUACA RECONOCIMIENTO DE 11 COMUNIDADES COMO PUEBLOS IND\u00cdGENAS"}]},{"@type":"WebSite","@id":"https:\/\/21panorama.com\/#website","url":"https:\/\/21panorama.com\/","name":"21 Panorama","description":"La construcci\u00f3n de la opini\u00f3n p\u00fablica merece un mejor Panorama en este siglo 21 para alcanzar una sociedad con mayor transparencia y sin corrupci\u00f3n.","publisher":{"@id":"https:\/\/21panorama.com\/#organization"},"potentialAction":[{"@type":"SearchAction","target":{"@type":"EntryPoint","urlTemplate":"https:\/\/21panorama.com\/?s={search_term_string}"},"query-input":{"@type":"PropertyValueSpecification","valueRequired":true,"valueName":"search_term_string"}}],"inLanguage":"es"},{"@type":"Organization","@id":"https:\/\/21panorama.com\/#organization","name":"21 Panorama","url":"https:\/\/21panorama.com\/","logo":{"@type":"ImageObject","inLanguage":"es","@id":"https:\/\/21panorama.com\/#\/schema\/logo\/image\/","url":"https:\/\/21panorama.com\/wp-content\/uploads\/2019\/07\/cropped-Logo-Panorama-01.jpeg","contentUrl":"https:\/\/21panorama.com\/wp-content\/uploads\/2019\/07\/cropped-Logo-Panorama-01.jpeg","width":290,"height":70,"caption":"21 Panorama"},"image":{"@id":"https:\/\/21panorama.com\/#\/schema\/logo\/image\/"}},{"@type":"Person","@id":"https:\/\/21panorama.com\/#\/schema\/person\/1afc291b96d5792a158768324287319f","name":"admin","image":{"@type":"ImageObject","inLanguage":"es","@id":"https:\/\/21panorama.com\/#\/schema\/person\/image\/","url":"https:\/\/secure.gravatar.com\/avatar\/ad365d9d9f46719215b0d042cc3df92a5a8683e09ef13d102233e5491985f0f0?s=96&d=mm&r=g","contentUrl":"https:\/\/secure.gravatar.com\/avatar\/ad365d9d9f46719215b0d042cc3df92a5a8683e09ef13d102233e5491985f0f0?s=96&d=mm&r=g","caption":"admin"},"url":"https:\/\/21panorama.com\/index.php\/author\/admin\/"}]}},"_links":{"self":[{"href":"https:\/\/21panorama.com\/index.php\/wp-json\/wp\/v2\/posts\/5573","targetHints":{"allow":["GET"]}}],"collection":[{"href":"https:\/\/21panorama.com\/index.php\/wp-json\/wp\/v2\/posts"}],"about":[{"href":"https:\/\/21panorama.com\/index.php\/wp-json\/wp\/v2\/types\/post"}],"author":[{"embeddable":true,"href":"https:\/\/21panorama.com\/index.php\/wp-json\/wp\/v2\/users\/1"}],"replies":[{"embeddable":true,"href":"https:\/\/21panorama.com\/index.php\/wp-json\/wp\/v2\/comments?post=5573"}],"version-history":[{"count":1,"href":"https:\/\/21panorama.com\/index.php\/wp-json\/wp\/v2\/posts\/5573\/revisions"}],"predecessor-version":[{"id":5576,"href":"https:\/\/21panorama.com\/index.php\/wp-json\/wp\/v2\/posts\/5573\/revisions\/5576"}],"wp:featuredmedia":[{"embeddable":true,"href":"https:\/\/21panorama.com\/index.php\/wp-json\/wp\/v2\/media\/5574"}],"wp:attachment":[{"href":"https:\/\/21panorama.com\/index.php\/wp-json\/wp\/v2\/media?parent=5573"}],"wp:term":[{"taxonomy":"category","embeddable":true,"href":"https:\/\/21panorama.com\/index.php\/wp-json\/wp\/v2\/categories?post=5573"},{"taxonomy":"post_tag","embeddable":true,"href":"https:\/\/21panorama.com\/index.php\/wp-json\/wp\/v2\/tags?post=5573"}],"curies":[{"name":"wp","href":"https:\/\/api.w.org\/{rel}","templated":true}]}}