{"id":5565,"date":"2024-07-18T00:07:19","date_gmt":"2024-07-18T05:07:19","guid":{"rendered":"https:\/\/21panorama.com\/?p=5565"},"modified":"2024-07-18T00:07:19","modified_gmt":"2024-07-18T05:07:19","slug":"llama-abuzeid-lozano-a-la-unidad-luego-de-elecciones-al-festejar-204-anos-del-municipio-de-ixtlahuaca","status":"publish","type":"post","link":"https:\/\/21panorama.com\/index.php\/2024\/07\/18\/llama-abuzeid-lozano-a-la-unidad-luego-de-elecciones-al-festejar-204-anos-del-municipio-de-ixtlahuaca\/","title":{"rendered":"LLAMA ABUZEID LOZANO A LA UNIDAD LUEGO DE ELECCIONES, AL FESTEJAR 204 A\u00d1OS DEL MUNICIPIO DE IXTLAHUACA"},"content":{"rendered":"\n<p><\/p>\n\n\n\n<p>\u00b7 En este marco, se llev\u00f3 a cabo la entrega de la Presea de Honor al M\u00e9rito Ixtlahuaquense 2024, reconociendo a 10 ciudadanos destacados.<\/p>\n\n\n\n<p>Durante la ceremonia para celebrar los 204 a\u00f1os de vida municipal de Ixtlahuaca, el presidente municipal Abuzeid Lozano Casta\u00f1eda hizo un ferviente llamado a la unidad y la colaboraci\u00f3n, subrayando la importancia de trabajar juntos para construir un futuro pr\u00f3spero para Ixtlahuaca.<\/p>\n\n\n\n<p>\u201cDebemos mirar hacia el futuro, trabajar juntos en la ruta del progreso y sumar voluntades para que Ixtlahuaca siga brillando, buscando la conciliaci\u00f3n luego de la pasada jornada electoral, poniendo como meta la unidad&#8221;, expres\u00f3.<\/p>\n\n\n\n<p>El presidente municipal reafirm\u00f3 el compromiso de su administraci\u00f3n de continuar trabajando con dedicaci\u00f3n y vocaci\u00f3n de servicio hasta el \u00faltimo d\u00eda para mantener la grandeza de Ixtlahuaca y honrar su historia.<\/p>\n\n\n\n<p>En la emotiva ceremonia realizada en la Plaza Ray\u00f3n, se cont\u00f3 con la presencia de Mar\u00eda Eugenia Rojano Vald\u00e9s, secretaria del Campo en el Estado de M\u00e9xico; de Karina Labastida Sotelo, directora general del DIFEM; de Leticia Mej\u00eda Garc\u00eda, diputada local por el distrito 9; de \u00d3scar Gustavo C\u00e1rdenas Monroy, diputado federal por el distrito 3, as\u00ed como expresidentes municipales, autoridades auxiliares y representantes de todos los sectores sociales del municipio.<\/p>\n\n\n\n<p>En este marco, se llev\u00f3 a cabo la entrega de la Presea de Honor al M\u00e9rito Ixtlahuaquense 2024, reconociendo a los siguientes ciudadanos:<\/p>\n\n\n\n<figure class=\"wp-block-image size-large\"><img decoding=\"async\" width=\"1024\" height=\"682\" src=\"https:\/\/21panorama.com\/wp-content\/uploads\/2024\/07\/WhatsApp-Image-2024-07-17-at-1.53.39-PM-2-1-1024x682.jpeg\" alt=\"\" class=\"wp-image-5567\" srcset=\"https:\/\/21panorama.com\/wp-content\/uploads\/2024\/07\/WhatsApp-Image-2024-07-17-at-1.53.39-PM-2-1-1024x682.jpeg 1024w, https:\/\/21panorama.com\/wp-content\/uploads\/2024\/07\/WhatsApp-Image-2024-07-17-at-1.53.39-PM-2-1-300x200.jpeg 300w, https:\/\/21panorama.com\/wp-content\/uploads\/2024\/07\/WhatsApp-Image-2024-07-17-at-1.53.39-PM-2-1-768x512.jpeg 768w, https:\/\/21panorama.com\/wp-content\/uploads\/2024\/07\/WhatsApp-Image-2024-07-17-at-1.53.39-PM-2-1-1536x1023.jpeg 1536w, https:\/\/21panorama.com\/wp-content\/uploads\/2024\/07\/WhatsApp-Image-2024-07-17-at-1.53.39-PM-2-1.jpeg 1600w\" sizes=\"(max-width: 1024px) 100vw, 1024px\" \/><\/figure>\n\n\n\n<p>\u00b7 M\u00e9rito \u201cA la Juventud\u201d \u2013 Jos\u00e9 Amador Cruz Fuentes: Matem\u00e1tico y educador, con una destacada participaci\u00f3n en la Olimpiada Mexicana de Matem\u00e1ticas y en la realizaci\u00f3n de talleres educativos.<br>\u00b7 M\u00e9rito \u201cAl Deporte\u201d \u2013 Amada Yoselin Molina Lora: Ciclista de monta\u00f1a, campeona estatal y nacional en diversas competiciones.<br>\u00b7 M\u00e9rito \u201cAl Deporte\u201d \u2013 Javier Gonz\u00e1lez Mateos: Exboxeador, entrenador y promotor deportivo, con una notable carrera iniciada en 1980.<br>\u00b7 M\u00e9rito \u201cAl Deporte\u201d \u2013 Vicente De la Cruz Mat\u00edas: Ciclista de monta\u00f1a, promotor del ciclismo recreativo y organizador de campa\u00f1as altruistas y brigadas de reforestaci\u00f3n.<br>\u00b7 M\u00e9rito \u201cArtes y Letras\u201d \u2013 Daniel Quetzalc\u00f3atl Fabela Montes de Oca: Abogado, maestro en derecho, tricampe\u00f3n estatal de oratoria y locutor de radio.<br>\u00b7 M\u00e9rito \u201cArtes y Letras\u201d \u2013 Mateo De Jes\u00fas S\u00e1nchez: Poeta y promotor cultural, galardonado con m\u00faltiples premios internacionales.<br>\u00b7 M\u00e9rito \u201cArtes y Letras\u201d \u2013 Santos Manuel G\u00f3mez Morquecho: Fot\u00f3grafo de renombre internacional, con exposiciones en ciudades como Nueva York y Londres.<br>\u00b7 M\u00e9rito \u201cCiencia y Tecnolog\u00eda\u201d \u2013 Edwin Fabi\u00e1n Cruz Mart\u00ednez: Ingeniero en rob\u00f3tica y maestro en ingenier\u00eda aeroespacial, reconocido por su trabajo en el dise\u00f1o de nanosat\u00e9lites.<br>\u00b7 M\u00e9rito \u201cServicio Social y Altruismo\u201d \u2013 Arturo Mercado Trujillo: M\u00e9dico internista que ha brindado servicios de salud gratuitos a la comunidad.<br>\u00b7 M\u00e9rito \u201cServicio Social y Altruismo\u201d \u2013 Socorro Garc\u00eda Reyes &#8220;Don Lauro&#8221;: Figura clave en la tradici\u00f3n de La Portada en Ixtlahuaca, con 75 a\u00f1os de contribuci\u00f3n.<\/p>\n\n\n\n<p>Este evento no solo celebr\u00f3 los 204 a\u00f1os de vida municipal, sino que tambi\u00e9n fortaleci\u00f3 el amor y el orgullo de ser ixtlahuaquenses, fomentando la identidad municipal y preservando sus ra\u00edces.<\/p>\n","protected":false},"excerpt":{"rendered":"<p>\u00b7 En este marco, se llev\u00f3 a cabo la entrega de la Presea de Honor al M\u00e9rito Ixtlahuaquense 2024, reconociendo a 10 ciudadanos destacados. Durante la ceremonia para celebrar los 204 a\u00f1os de vida municipal de Ixtlahuaca, el presidente municipal Abuzeid Lozano Casta\u00f1eda hizo un ferviente llamado a la unidad y la colaboraci\u00f3n, subrayando la importancia de trabajar juntos para construir un futuro pr\u00f3spero para Ixtlahuaca. \u201cDebemos mirar hacia el futuro, trabajar juntos en la ruta del progreso y sumar voluntades para que Ixtlahuaca siga brillando, buscando la conciliaci\u00f3n luego&hellip;<\/p>\n","protected":false},"author":1,"featured_media":5566,"comment_status":"open","ping_status":"open","sticky":false,"template":"","format":"standard","meta":{"footnotes":""},"categories":[5,10,12,1],"tags":[380,97,222,244],"class_list":["post-5565","post","type-post","status-publish","format-standard","has-post-thumbnail","hentry","category-cultura","category-opinion","category-politica","category-sociedad","tag-abuzeid-lozano","tag-edomex","tag-gem","tag-ixtlahuaca"],"yoast_head":"<!-- This site is optimized with the Yoast SEO plugin v24.9 - https:\/\/yoast.com\/wordpress\/plugins\/seo\/ -->\n<title>LLAMA ABUZEID LOZANO A LA UNIDAD LUEGO DE ELECCIONES, AL FESTEJAR 204 A\u00d1OS DEL MUNICIPIO DE IXTLAHUACA - 21 Panorama<\/title>\n<meta name=\"robots\" content=\"index, follow, max-snippet:-1, max-image-preview:large, max-video-preview:-1\" \/>\n<link rel=\"canonical\" href=\"https:\/\/21panorama.com\/index.php\/2024\/07\/18\/llama-abuzeid-lozano-a-la-unidad-luego-de-elecciones-al-festejar-204-anos-del-municipio-de-ixtlahuaca\/\" \/>\n<meta property=\"og:locale\" content=\"es_MX\" \/>\n<meta property=\"og:type\" content=\"article\" \/>\n<meta property=\"og:title\" content=\"LLAMA ABUZEID LOZANO A LA UNIDAD LUEGO DE ELECCIONES, AL FESTEJAR 204 A\u00d1OS DEL MUNICIPIO DE IXTLAHUACA - 21 Panorama\" \/>\n<meta property=\"og:description\" content=\"\u00b7 En este marco, se llev\u00f3 a cabo la entrega de la Presea de Honor al M\u00e9rito Ixtlahuaquense 2024, reconociendo a 10 ciudadanos destacados. Durante la ceremonia para celebrar los 204 a\u00f1os de vida municipal de Ixtlahuaca, el presidente municipal Abuzeid Lozano Casta\u00f1eda hizo un ferviente llamado a la unidad y la colaboraci\u00f3n, subrayando la importancia de trabajar juntos para construir un futuro pr\u00f3spero para Ixtlahuaca. \u201cDebemos mirar hacia el futuro, trabajar juntos en la ruta del progreso y sumar voluntades para que Ixtlahuaca siga brillando, buscando la conciliaci\u00f3n luego&hellip;\" \/>\n<meta property=\"og:url\" content=\"https:\/\/21panorama.com\/index.php\/2024\/07\/18\/llama-abuzeid-lozano-a-la-unidad-luego-de-elecciones-al-festejar-204-anos-del-municipio-de-ixtlahuaca\/\" \/>\n<meta property=\"og:site_name\" content=\"21 Panorama\" \/>\n<meta property=\"article:published_time\" content=\"2024-07-18T05:07:19+00:00\" \/>\n<meta property=\"og:image\" content=\"https:\/\/21panorama.com\/wp-content\/uploads\/2024\/07\/WhatsApp-Image-2024-07-17-at-1.53.39-PM-4.jpeg\" \/>\n\t<meta property=\"og:image:width\" content=\"1600\" \/>\n\t<meta property=\"og:image:height\" content=\"1066\" \/>\n\t<meta property=\"og:image:type\" content=\"image\/jpeg\" \/>\n<meta name=\"author\" content=\"admin\" \/>\n<meta name=\"twitter:card\" content=\"summary_large_image\" \/>\n<meta name=\"twitter:label1\" content=\"Escrito por\" \/>\n\t<meta name=\"twitter:data1\" content=\"admin\" \/>\n\t<meta name=\"twitter:label2\" content=\"Tiempo de lectura\" \/>\n\t<meta name=\"twitter:data2\" content=\"3 minutos\" \/>\n<script type=\"application\/ld+json\" class=\"yoast-schema-graph\">{\"@context\":\"https:\/\/schema.org\",\"@graph\":[{\"@type\":\"Article\",\"@id\":\"https:\/\/21panorama.com\/index.php\/2024\/07\/18\/llama-abuzeid-lozano-a-la-unidad-luego-de-elecciones-al-festejar-204-anos-del-municipio-de-ixtlahuaca\/#article\",\"isPartOf\":{\"@id\":\"https:\/\/21panorama.com\/index.php\/2024\/07\/18\/llama-abuzeid-lozano-a-la-unidad-luego-de-elecciones-al-festejar-204-anos-del-municipio-de-ixtlahuaca\/\"},\"author\":{\"name\":\"admin\",\"@id\":\"https:\/\/21panorama.com\/#\/schema\/person\/1afc291b96d5792a158768324287319f\"},\"headline\":\"LLAMA ABUZEID LOZANO A LA UNIDAD LUEGO DE ELECCIONES, AL FESTEJAR 204 A\u00d1OS DEL MUNICIPIO DE IXTLAHUACA\",\"datePublished\":\"2024-07-18T05:07:19+00:00\",\"mainEntityOfPage\":{\"@id\":\"https:\/\/21panorama.com\/index.php\/2024\/07\/18\/llama-abuzeid-lozano-a-la-unidad-luego-de-elecciones-al-festejar-204-anos-del-municipio-de-ixtlahuaca\/\"},\"wordCount\":542,\"commentCount\":0,\"publisher\":{\"@id\":\"https:\/\/21panorama.com\/#organization\"},\"image\":{\"@id\":\"https:\/\/21panorama.com\/index.php\/2024\/07\/18\/llama-abuzeid-lozano-a-la-unidad-luego-de-elecciones-al-festejar-204-anos-del-municipio-de-ixtlahuaca\/#primaryimage\"},\"thumbnailUrl\":\"https:\/\/21panorama.com\/wp-content\/uploads\/2024\/07\/WhatsApp-Image-2024-07-17-at-1.53.39-PM-4.jpeg\",\"keywords\":[\"Abuzeid Lozano\",\"EDOMEX\",\"GEM\",\"IXTLAHUACA\"],\"articleSection\":[\"Cultura\",\"Opini\u00f3n\",\"Politica\",\"Sociedad\"],\"inLanguage\":\"es\",\"potentialAction\":[{\"@type\":\"CommentAction\",\"name\":\"Comment\",\"target\":[\"https:\/\/21panorama.com\/index.php\/2024\/07\/18\/llama-abuzeid-lozano-a-la-unidad-luego-de-elecciones-al-festejar-204-anos-del-municipio-de-ixtlahuaca\/#respond\"]}]},{\"@type\":\"WebPage\",\"@id\":\"https:\/\/21panorama.com\/index.php\/2024\/07\/18\/llama-abuzeid-lozano-a-la-unidad-luego-de-elecciones-al-festejar-204-anos-del-municipio-de-ixtlahuaca\/\",\"url\":\"https:\/\/21panorama.com\/index.php\/2024\/07\/18\/llama-abuzeid-lozano-a-la-unidad-luego-de-elecciones-al-festejar-204-anos-del-municipio-de-ixtlahuaca\/\",\"name\":\"LLAMA ABUZEID LOZANO A LA UNIDAD LUEGO DE ELECCIONES, AL FESTEJAR 204 A\u00d1OS DEL MUNICIPIO DE IXTLAHUACA - 21 Panorama\",\"isPartOf\":{\"@id\":\"https:\/\/21panorama.com\/#website\"},\"primaryImageOfPage\":{\"@id\":\"https:\/\/21panorama.com\/index.php\/2024\/07\/18\/llama-abuzeid-lozano-a-la-unidad-luego-de-elecciones-al-festejar-204-anos-del-municipio-de-ixtlahuaca\/#primaryimage\"},\"image\":{\"@id\":\"https:\/\/21panorama.com\/index.php\/2024\/07\/18\/llama-abuzeid-lozano-a-la-unidad-luego-de-elecciones-al-festejar-204-anos-del-municipio-de-ixtlahuaca\/#primaryimage\"},\"thumbnailUrl\":\"https:\/\/21panorama.com\/wp-content\/uploads\/2024\/07\/WhatsApp-Image-2024-07-17-at-1.53.39-PM-4.jpeg\",\"datePublished\":\"2024-07-18T05:07:19+00:00\",\"breadcrumb\":{\"@id\":\"https:\/\/21panorama.com\/index.php\/2024\/07\/18\/llama-abuzeid-lozano-a-la-unidad-luego-de-elecciones-al-festejar-204-anos-del-municipio-de-ixtlahuaca\/#breadcrumb\"},\"inLanguage\":\"es\",\"potentialAction\":[{\"@type\":\"ReadAction\",\"target\":[\"https:\/\/21panorama.com\/index.php\/2024\/07\/18\/llama-abuzeid-lozano-a-la-unidad-luego-de-elecciones-al-festejar-204-anos-del-municipio-de-ixtlahuaca\/\"]}]},{\"@type\":\"ImageObject\",\"inLanguage\":\"es\",\"@id\":\"https:\/\/21panorama.com\/index.php\/2024\/07\/18\/llama-abuzeid-lozano-a-la-unidad-luego-de-elecciones-al-festejar-204-anos-del-municipio-de-ixtlahuaca\/#primaryimage\",\"url\":\"https:\/\/21panorama.com\/wp-content\/uploads\/2024\/07\/WhatsApp-Image-2024-07-17-at-1.53.39-PM-4.jpeg\",\"contentUrl\":\"https:\/\/21panorama.com\/wp-content\/uploads\/2024\/07\/WhatsApp-Image-2024-07-17-at-1.53.39-PM-4.jpeg\",\"width\":1600,\"height\":1066},{\"@type\":\"BreadcrumbList\",\"@id\":\"https:\/\/21panorama.com\/index.php\/2024\/07\/18\/llama-abuzeid-lozano-a-la-unidad-luego-de-elecciones-al-festejar-204-anos-del-municipio-de-ixtlahuaca\/#breadcrumb\",\"itemListElement\":[{\"@type\":\"ListItem\",\"position\":1,\"name\":\"Inicio\",\"item\":\"https:\/\/21panorama.com\/\"},{\"@type\":\"ListItem\",\"position\":2,\"name\":\"LLAMA ABUZEID LOZANO A LA UNIDAD LUEGO DE ELECCIONES, AL FESTEJAR 204 A\u00d1OS DEL MUNICIPIO DE IXTLAHUACA\"}]},{\"@type\":\"WebSite\",\"@id\":\"https:\/\/21panorama.com\/#website\",\"url\":\"https:\/\/21panorama.com\/\",\"name\":\"21 Panorama\",\"description\":\"La construcci\u00f3n de la opini\u00f3n p\u00fablica merece un mejor Panorama en este siglo 21 para alcanzar una sociedad con mayor transparencia y sin corrupci\u00f3n.\",\"publisher\":{\"@id\":\"https:\/\/21panorama.com\/#organization\"},\"potentialAction\":[{\"@type\":\"SearchAction\",\"target\":{\"@type\":\"EntryPoint\",\"urlTemplate\":\"https:\/\/21panorama.com\/?s={search_term_string}\"},\"query-input\":{\"@type\":\"PropertyValueSpecification\",\"valueRequired\":true,\"valueName\":\"search_term_string\"}}],\"inLanguage\":\"es\"},{\"@type\":\"Organization\",\"@id\":\"https:\/\/21panorama.com\/#organization\",\"name\":\"21 Panorama\",\"url\":\"https:\/\/21panorama.com\/\",\"logo\":{\"@type\":\"ImageObject\",\"inLanguage\":\"es\",\"@id\":\"https:\/\/21panorama.com\/#\/schema\/logo\/image\/\",\"url\":\"https:\/\/21panorama.com\/wp-content\/uploads\/2019\/07\/cropped-Logo-Panorama-01.jpeg\",\"contentUrl\":\"https:\/\/21panorama.com\/wp-content\/uploads\/2019\/07\/cropped-Logo-Panorama-01.jpeg\",\"width\":290,\"height\":70,\"caption\":\"21 Panorama\"},\"image\":{\"@id\":\"https:\/\/21panorama.com\/#\/schema\/logo\/image\/\"}},{\"@type\":\"Person\",\"@id\":\"https:\/\/21panorama.com\/#\/schema\/person\/1afc291b96d5792a158768324287319f\",\"name\":\"admin\",\"image\":{\"@type\":\"ImageObject\",\"inLanguage\":\"es\",\"@id\":\"https:\/\/21panorama.com\/#\/schema\/person\/image\/\",\"url\":\"https:\/\/secure.gravatar.com\/avatar\/ad365d9d9f46719215b0d042cc3df92a5a8683e09ef13d102233e5491985f0f0?s=96&d=mm&r=g\",\"contentUrl\":\"https:\/\/secure.gravatar.com\/avatar\/ad365d9d9f46719215b0d042cc3df92a5a8683e09ef13d102233e5491985f0f0?s=96&d=mm&r=g\",\"caption\":\"admin\"},\"url\":\"https:\/\/21panorama.com\/index.php\/author\/admin\/\"}]}<\/script>\n<!-- \/ Yoast SEO plugin. -->","yoast_head_json":{"title":"LLAMA ABUZEID LOZANO A LA UNIDAD LUEGO DE ELECCIONES, AL FESTEJAR 204 A\u00d1OS DEL MUNICIPIO DE IXTLAHUACA - 21 Panorama","robots":{"index":"index","follow":"follow","max-snippet":"max-snippet:-1","max-image-preview":"max-image-preview:large","max-video-preview":"max-video-preview:-1"},"canonical":"https:\/\/21panorama.com\/index.php\/2024\/07\/18\/llama-abuzeid-lozano-a-la-unidad-luego-de-elecciones-al-festejar-204-anos-del-municipio-de-ixtlahuaca\/","og_locale":"es_MX","og_type":"article","og_title":"LLAMA ABUZEID LOZANO A LA UNIDAD LUEGO DE ELECCIONES, AL FESTEJAR 204 A\u00d1OS DEL MUNICIPIO DE IXTLAHUACA - 21 Panorama","og_description":"\u00b7 En este marco, se llev\u00f3 a cabo la entrega de la Presea de Honor al M\u00e9rito Ixtlahuaquense 2024, reconociendo a 10 ciudadanos destacados. Durante la ceremonia para celebrar los 204 a\u00f1os de vida municipal de Ixtlahuaca, el presidente municipal Abuzeid Lozano Casta\u00f1eda hizo un ferviente llamado a la unidad y la colaboraci\u00f3n, subrayando la importancia de trabajar juntos para construir un futuro pr\u00f3spero para Ixtlahuaca. \u201cDebemos mirar hacia el futuro, trabajar juntos en la ruta del progreso y sumar voluntades para que Ixtlahuaca siga brillando, buscando la conciliaci\u00f3n luego&hellip;","og_url":"https:\/\/21panorama.com\/index.php\/2024\/07\/18\/llama-abuzeid-lozano-a-la-unidad-luego-de-elecciones-al-festejar-204-anos-del-municipio-de-ixtlahuaca\/","og_site_name":"21 Panorama","article_published_time":"2024-07-18T05:07:19+00:00","og_image":[{"width":1600,"height":1066,"url":"https:\/\/21panorama.com\/wp-content\/uploads\/2024\/07\/WhatsApp-Image-2024-07-17-at-1.53.39-PM-4.jpeg","type":"image\/jpeg"}],"author":"admin","twitter_card":"summary_large_image","twitter_misc":{"Escrito por":"admin","Tiempo de lectura":"3 minutos"},"schema":{"@context":"https:\/\/schema.org","@graph":[{"@type":"Article","@id":"https:\/\/21panorama.com\/index.php\/2024\/07\/18\/llama-abuzeid-lozano-a-la-unidad-luego-de-elecciones-al-festejar-204-anos-del-municipio-de-ixtlahuaca\/#article","isPartOf":{"@id":"https:\/\/21panorama.com\/index.php\/2024\/07\/18\/llama-abuzeid-lozano-a-la-unidad-luego-de-elecciones-al-festejar-204-anos-del-municipio-de-ixtlahuaca\/"},"author":{"name":"admin","@id":"https:\/\/21panorama.com\/#\/schema\/person\/1afc291b96d5792a158768324287319f"},"headline":"LLAMA ABUZEID LOZANO A LA UNIDAD LUEGO DE ELECCIONES, AL FESTEJAR 204 A\u00d1OS DEL MUNICIPIO DE IXTLAHUACA","datePublished":"2024-07-18T05:07:19+00:00","mainEntityOfPage":{"@id":"https:\/\/21panorama.com\/index.php\/2024\/07\/18\/llama-abuzeid-lozano-a-la-unidad-luego-de-elecciones-al-festejar-204-anos-del-municipio-de-ixtlahuaca\/"},"wordCount":542,"commentCount":0,"publisher":{"@id":"https:\/\/21panorama.com\/#organization"},"image":{"@id":"https:\/\/21panorama.com\/index.php\/2024\/07\/18\/llama-abuzeid-lozano-a-la-unidad-luego-de-elecciones-al-festejar-204-anos-del-municipio-de-ixtlahuaca\/#primaryimage"},"thumbnailUrl":"https:\/\/21panorama.com\/wp-content\/uploads\/2024\/07\/WhatsApp-Image-2024-07-17-at-1.53.39-PM-4.jpeg","keywords":["Abuzeid Lozano","EDOMEX","GEM","IXTLAHUACA"],"articleSection":["Cultura","Opini\u00f3n","Politica","Sociedad"],"inLanguage":"es","potentialAction":[{"@type":"CommentAction","name":"Comment","target":["https:\/\/21panorama.com\/index.php\/2024\/07\/18\/llama-abuzeid-lozano-a-la-unidad-luego-de-elecciones-al-festejar-204-anos-del-municipio-de-ixtlahuaca\/#respond"]}]},{"@type":"WebPage","@id":"https:\/\/21panorama.com\/index.php\/2024\/07\/18\/llama-abuzeid-lozano-a-la-unidad-luego-de-elecciones-al-festejar-204-anos-del-municipio-de-ixtlahuaca\/","url":"https:\/\/21panorama.com\/index.php\/2024\/07\/18\/llama-abuzeid-lozano-a-la-unidad-luego-de-elecciones-al-festejar-204-anos-del-municipio-de-ixtlahuaca\/","name":"LLAMA ABUZEID LOZANO A LA UNIDAD LUEGO DE ELECCIONES, AL FESTEJAR 204 A\u00d1OS DEL MUNICIPIO DE IXTLAHUACA - 21 Panorama","isPartOf":{"@id":"https:\/\/21panorama.com\/#website"},"primaryImageOfPage":{"@id":"https:\/\/21panorama.com\/index.php\/2024\/07\/18\/llama-abuzeid-lozano-a-la-unidad-luego-de-elecciones-al-festejar-204-anos-del-municipio-de-ixtlahuaca\/#primaryimage"},"image":{"@id":"https:\/\/21panorama.com\/index.php\/2024\/07\/18\/llama-abuzeid-lozano-a-la-unidad-luego-de-elecciones-al-festejar-204-anos-del-municipio-de-ixtlahuaca\/#primaryimage"},"thumbnailUrl":"https:\/\/21panorama.com\/wp-content\/uploads\/2024\/07\/WhatsApp-Image-2024-07-17-at-1.53.39-PM-4.jpeg","datePublished":"2024-07-18T05:07:19+00:00","breadcrumb":{"@id":"https:\/\/21panorama.com\/index.php\/2024\/07\/18\/llama-abuzeid-lozano-a-la-unidad-luego-de-elecciones-al-festejar-204-anos-del-municipio-de-ixtlahuaca\/#breadcrumb"},"inLanguage":"es","potentialAction":[{"@type":"ReadAction","target":["https:\/\/21panorama.com\/index.php\/2024\/07\/18\/llama-abuzeid-lozano-a-la-unidad-luego-de-elecciones-al-festejar-204-anos-del-municipio-de-ixtlahuaca\/"]}]},{"@type":"ImageObject","inLanguage":"es","@id":"https:\/\/21panorama.com\/index.php\/2024\/07\/18\/llama-abuzeid-lozano-a-la-unidad-luego-de-elecciones-al-festejar-204-anos-del-municipio-de-ixtlahuaca\/#primaryimage","url":"https:\/\/21panorama.com\/wp-content\/uploads\/2024\/07\/WhatsApp-Image-2024-07-17-at-1.53.39-PM-4.jpeg","contentUrl":"https:\/\/21panorama.com\/wp-content\/uploads\/2024\/07\/WhatsApp-Image-2024-07-17-at-1.53.39-PM-4.jpeg","width":1600,"height":1066},{"@type":"BreadcrumbList","@id":"https:\/\/21panorama.com\/index.php\/2024\/07\/18\/llama-abuzeid-lozano-a-la-unidad-luego-de-elecciones-al-festejar-204-anos-del-municipio-de-ixtlahuaca\/#breadcrumb","itemListElement":[{"@type":"ListItem","position":1,"name":"Inicio","item":"https:\/\/21panorama.com\/"},{"@type":"ListItem","position":2,"name":"LLAMA ABUZEID LOZANO A LA UNIDAD LUEGO DE ELECCIONES, AL FESTEJAR 204 A\u00d1OS DEL MUNICIPIO DE IXTLAHUACA"}]},{"@type":"WebSite","@id":"https:\/\/21panorama.com\/#website","url":"https:\/\/21panorama.com\/","name":"21 Panorama","description":"La construcci\u00f3n de la opini\u00f3n p\u00fablica merece un mejor Panorama en este siglo 21 para alcanzar una sociedad con mayor transparencia y sin corrupci\u00f3n.","publisher":{"@id":"https:\/\/21panorama.com\/#organization"},"potentialAction":[{"@type":"SearchAction","target":{"@type":"EntryPoint","urlTemplate":"https:\/\/21panorama.com\/?s={search_term_string}"},"query-input":{"@type":"PropertyValueSpecification","valueRequired":true,"valueName":"search_term_string"}}],"inLanguage":"es"},{"@type":"Organization","@id":"https:\/\/21panorama.com\/#organization","name":"21 Panorama","url":"https:\/\/21panorama.com\/","logo":{"@type":"ImageObject","inLanguage":"es","@id":"https:\/\/21panorama.com\/#\/schema\/logo\/image\/","url":"https:\/\/21panorama.com\/wp-content\/uploads\/2019\/07\/cropped-Logo-Panorama-01.jpeg","contentUrl":"https:\/\/21panorama.com\/wp-content\/uploads\/2019\/07\/cropped-Logo-Panorama-01.jpeg","width":290,"height":70,"caption":"21 Panorama"},"image":{"@id":"https:\/\/21panorama.com\/#\/schema\/logo\/image\/"}},{"@type":"Person","@id":"https:\/\/21panorama.com\/#\/schema\/person\/1afc291b96d5792a158768324287319f","name":"admin","image":{"@type":"ImageObject","inLanguage":"es","@id":"https:\/\/21panorama.com\/#\/schema\/person\/image\/","url":"https:\/\/secure.gravatar.com\/avatar\/ad365d9d9f46719215b0d042cc3df92a5a8683e09ef13d102233e5491985f0f0?s=96&d=mm&r=g","contentUrl":"https:\/\/secure.gravatar.com\/avatar\/ad365d9d9f46719215b0d042cc3df92a5a8683e09ef13d102233e5491985f0f0?s=96&d=mm&r=g","caption":"admin"},"url":"https:\/\/21panorama.com\/index.php\/author\/admin\/"}]}},"_links":{"self":[{"href":"https:\/\/21panorama.com\/index.php\/wp-json\/wp\/v2\/posts\/5565","targetHints":{"allow":["GET"]}}],"collection":[{"href":"https:\/\/21panorama.com\/index.php\/wp-json\/wp\/v2\/posts"}],"about":[{"href":"https:\/\/21panorama.com\/index.php\/wp-json\/wp\/v2\/types\/post"}],"author":[{"embeddable":true,"href":"https:\/\/21panorama.com\/index.php\/wp-json\/wp\/v2\/users\/1"}],"replies":[{"embeddable":true,"href":"https:\/\/21panorama.com\/index.php\/wp-json\/wp\/v2\/comments?post=5565"}],"version-history":[{"count":1,"href":"https:\/\/21panorama.com\/index.php\/wp-json\/wp\/v2\/posts\/5565\/revisions"}],"predecessor-version":[{"id":5568,"href":"https:\/\/21panorama.com\/index.php\/wp-json\/wp\/v2\/posts\/5565\/revisions\/5568"}],"wp:featuredmedia":[{"embeddable":true,"href":"https:\/\/21panorama.com\/index.php\/wp-json\/wp\/v2\/media\/5566"}],"wp:attachment":[{"href":"https:\/\/21panorama.com\/index.php\/wp-json\/wp\/v2\/media?parent=5565"}],"wp:term":[{"taxonomy":"category","embeddable":true,"href":"https:\/\/21panorama.com\/index.php\/wp-json\/wp\/v2\/categories?post=5565"},{"taxonomy":"post_tag","embeddable":true,"href":"https:\/\/21panorama.com\/index.php\/wp-json\/wp\/v2\/tags?post=5565"}],"curies":[{"name":"wp","href":"https:\/\/api.w.org\/{rel}","templated":true}]}}