{"id":5556,"date":"2024-07-08T08:01:49","date_gmt":"2024-07-08T13:01:49","guid":{"rendered":"https:\/\/21panorama.com\/?p=5556"},"modified":"2024-07-09T08:03:20","modified_gmt":"2024-07-09T13:03:20","slug":"realizan-gobierno-de-ixtlahuaca-y-apycm-periodismo-con-valor-jornada-de-reforestacion","status":"publish","type":"post","link":"https:\/\/21panorama.com\/index.php\/2024\/07\/08\/realizan-gobierno-de-ixtlahuaca-y-apycm-periodismo-con-valor-jornada-de-reforestacion\/","title":{"rendered":"REALIZAN GOBIERNO DE IXTLAHUACA Y APyCM, PERIODISMO CON VALOR, JORNADA DE REFORESTACI\u00d3N"},"content":{"rendered":"\n<p>\u00b7 Para este ejercicio de amor y responsabilidad con el planeta se dispuso de 2 mil 700 \u00e1rboles entre pinos y fresnos.<\/p>\n\n\n\n<p>Como parte de las acciones que el Gobierno Municipal de Ixtlahuaca emprende para reparar el avanzado da\u00f1o que presenta nuestro entorno natural, en coordinaci\u00f3n la Asociaci\u00f3n de Periodistas y Comunicadores Mexiquenses APyCM, Periodismo con Valor, realiz\u00f3 una jornada de reforestaci\u00f3n en la zona mazahua de Santa Ana Ixtlahuaca.<\/p>\n\n\n\n<p>Luego de un hermoso ritual aut\u00f3ctono encabezado por el Jefe Supremo Mazahua, como gratitud y permiso a la madre tierra para realizar la faena, se inici\u00f3 con la siembra de 2 mil 700 pinos y fresnos en el paraje de Xhimboishi, perteneciente a la comunidad de Santa Ana Ixtlahuaca.<\/p>\n\n\n\n<p>Abuzeid Lozano Casta\u00f1eda y Mar\u00eda Guadalupe Escobar S\u00e1nchez, presidente municipal y presidenta de la APyCM, respectivamente, fueron los primeros en sembrar, actividad que fue replicada por m\u00e1s de 200 personas entre ejidatarios, vecinos, ambientalistas, periodistas, foto periodistas, camar\u00f3grafos y comunicadores del Estado de M\u00e9xico.<\/p>\n\n\n\n<figure class=\"wp-block-image size-large\"><img decoding=\"async\" width=\"1024\" height=\"682\" src=\"https:\/\/21panorama.com\/wp-content\/uploads\/2024\/07\/WhatsApp-Image-2024-07-08-at-10.10.51-PM-1024x682.jpeg\" alt=\"\" class=\"wp-image-5558\" srcset=\"https:\/\/21panorama.com\/wp-content\/uploads\/2024\/07\/WhatsApp-Image-2024-07-08-at-10.10.51-PM-1024x682.jpeg 1024w, https:\/\/21panorama.com\/wp-content\/uploads\/2024\/07\/WhatsApp-Image-2024-07-08-at-10.10.51-PM-300x200.jpeg 300w, https:\/\/21panorama.com\/wp-content\/uploads\/2024\/07\/WhatsApp-Image-2024-07-08-at-10.10.51-PM-768x512.jpeg 768w, https:\/\/21panorama.com\/wp-content\/uploads\/2024\/07\/WhatsApp-Image-2024-07-08-at-10.10.51-PM-1536x1023.jpeg 1536w, https:\/\/21panorama.com\/wp-content\/uploads\/2024\/07\/WhatsApp-Image-2024-07-08-at-10.10.51-PM.jpeg 1600w\" sizes=\"(max-width: 1024px) 100vw, 1024px\" \/><\/figure>\n\n\n\n<p>El presidente municipal hizo hincapi\u00e9 en la importancia de visibilizar el grave da\u00f1o que a trav\u00e9s de la historia de la humanidad se ha ocasionado al medio ambiente bajo el argumento del progreso y hoy los efectos negativos son irreversibles; sin embargo, si no se le pone un alto a las afectaciones, el futuro del planeta ser\u00e1 catastr\u00f3fico y muy doloroso para las pr\u00f3ximas generaciones.<\/p>\n\n\n\n<p>Por otro lado, la APyCM manifest\u00f3 su compromiso en este rubro al anunciar que seguir\u00e1 promoviendo actividades similares en otras localidades del estado. El objetivo es seguir contribuyendo de manera significativa a la recuperaci\u00f3n de zonas naturales y a la mitigaci\u00f3n de los efectos del cambio clim\u00e1tico.<\/p>\n\n\n\n<p>Al finalizar la jornada, se entregaron certificados de adopci\u00f3n a aquellas personas que se comprometieron a regresar para cuidar los \u00e1rboles plantados. Esta acci\u00f3n busca garantizar la supervivencia de los \u00e1rboles y fomentar un sentido de responsabilidad y pertenencia entre los participantes.<\/p>\n","protected":false},"excerpt":{"rendered":"<p>Como parte de las acciones que el Gobierno Municipal de Ixtlahuaca emprende para reparar el avanzado da\u00f1o que presenta nuestro entorno natural, en coordinaci\u00f3n la Asociaci\u00f3n de Periodistas y Comunicadores Mexiquenses APyCM, Periodismo con Valor, realiz\u00f3 una jornada de reforestaci\u00f3n en la zona mazahua de Santa Ana Ixtlahuaca.<\/p>\n","protected":false},"author":1,"featured_media":5557,"comment_status":"open","ping_status":"open","sticky":false,"template":"","format":"standard","meta":{"footnotes":""},"categories":[12,1],"tags":[380,97,222,244],"class_list":["post-5556","post","type-post","status-publish","format-standard","has-post-thumbnail","hentry","category-politica","category-sociedad","tag-abuzeid-lozano","tag-edomex","tag-gem","tag-ixtlahuaca"],"yoast_head":"<!-- This site is optimized with the Yoast SEO plugin v24.9 - https:\/\/yoast.com\/wordpress\/plugins\/seo\/ -->\n<title>REALIZAN GOBIERNO DE IXTLAHUACA Y APyCM, PERIODISMO CON VALOR, JORNADA DE REFORESTACI\u00d3N - 21 Panorama<\/title>\n<meta name=\"robots\" content=\"index, follow, max-snippet:-1, max-image-preview:large, max-video-preview:-1\" \/>\n<link rel=\"canonical\" href=\"https:\/\/21panorama.com\/index.php\/2024\/07\/08\/realizan-gobierno-de-ixtlahuaca-y-apycm-periodismo-con-valor-jornada-de-reforestacion\/\" \/>\n<meta property=\"og:locale\" content=\"es_MX\" \/>\n<meta property=\"og:type\" content=\"article\" \/>\n<meta property=\"og:title\" content=\"REALIZAN GOBIERNO DE IXTLAHUACA Y APyCM, PERIODISMO CON VALOR, JORNADA DE REFORESTACI\u00d3N - 21 Panorama\" \/>\n<meta property=\"og:description\" content=\"Como parte de las acciones que el Gobierno Municipal de Ixtlahuaca emprende para reparar el avanzado da\u00f1o que presenta nuestro entorno natural, en coordinaci\u00f3n la Asociaci\u00f3n de Periodistas y Comunicadores Mexiquenses APyCM, Periodismo con Valor, realiz\u00f3 una jornada de reforestaci\u00f3n en la zona mazahua de Santa Ana Ixtlahuaca.\" \/>\n<meta property=\"og:url\" content=\"https:\/\/21panorama.com\/index.php\/2024\/07\/08\/realizan-gobierno-de-ixtlahuaca-y-apycm-periodismo-con-valor-jornada-de-reforestacion\/\" \/>\n<meta property=\"og:site_name\" content=\"21 Panorama\" \/>\n<meta property=\"article:published_time\" content=\"2024-07-08T13:01:49+00:00\" \/>\n<meta property=\"article:modified_time\" content=\"2024-07-09T13:03:20+00:00\" \/>\n<meta property=\"og:image\" content=\"https:\/\/21panorama.com\/wp-content\/uploads\/2024\/07\/WhatsApp-Image-2024-07-08-at-10.10.52-PM-2.jpeg\" \/>\n\t<meta property=\"og:image:width\" content=\"1600\" \/>\n\t<meta property=\"og:image:height\" content=\"900\" \/>\n\t<meta property=\"og:image:type\" content=\"image\/jpeg\" \/>\n<meta name=\"author\" content=\"admin\" \/>\n<meta name=\"twitter:card\" content=\"summary_large_image\" \/>\n<meta name=\"twitter:label1\" content=\"Escrito por\" \/>\n\t<meta name=\"twitter:data1\" content=\"admin\" \/>\n\t<meta name=\"twitter:label2\" content=\"Tiempo de lectura\" \/>\n\t<meta name=\"twitter:data2\" content=\"2 minutos\" \/>\n<script type=\"application\/ld+json\" class=\"yoast-schema-graph\">{\"@context\":\"https:\/\/schema.org\",\"@graph\":[{\"@type\":\"Article\",\"@id\":\"https:\/\/21panorama.com\/index.php\/2024\/07\/08\/realizan-gobierno-de-ixtlahuaca-y-apycm-periodismo-con-valor-jornada-de-reforestacion\/#article\",\"isPartOf\":{\"@id\":\"https:\/\/21panorama.com\/index.php\/2024\/07\/08\/realizan-gobierno-de-ixtlahuaca-y-apycm-periodismo-con-valor-jornada-de-reforestacion\/\"},\"author\":{\"name\":\"admin\",\"@id\":\"https:\/\/21panorama.com\/#\/schema\/person\/1afc291b96d5792a158768324287319f\"},\"headline\":\"REALIZAN GOBIERNO DE IXTLAHUACA Y APyCM, PERIODISMO CON VALOR, JORNADA DE REFORESTACI\u00d3N\",\"datePublished\":\"2024-07-08T13:01:49+00:00\",\"dateModified\":\"2024-07-09T13:03:20+00:00\",\"mainEntityOfPage\":{\"@id\":\"https:\/\/21panorama.com\/index.php\/2024\/07\/08\/realizan-gobierno-de-ixtlahuaca-y-apycm-periodismo-con-valor-jornada-de-reforestacion\/\"},\"wordCount\":344,\"commentCount\":0,\"publisher\":{\"@id\":\"https:\/\/21panorama.com\/#organization\"},\"image\":{\"@id\":\"https:\/\/21panorama.com\/index.php\/2024\/07\/08\/realizan-gobierno-de-ixtlahuaca-y-apycm-periodismo-con-valor-jornada-de-reforestacion\/#primaryimage\"},\"thumbnailUrl\":\"https:\/\/21panorama.com\/wp-content\/uploads\/2024\/07\/WhatsApp-Image-2024-07-08-at-10.10.52-PM-2.jpeg\",\"keywords\":[\"Abuzeid Lozano\",\"EDOMEX\",\"GEM\",\"IXTLAHUACA\"],\"articleSection\":[\"Politica\",\"Sociedad\"],\"inLanguage\":\"es\",\"potentialAction\":[{\"@type\":\"CommentAction\",\"name\":\"Comment\",\"target\":[\"https:\/\/21panorama.com\/index.php\/2024\/07\/08\/realizan-gobierno-de-ixtlahuaca-y-apycm-periodismo-con-valor-jornada-de-reforestacion\/#respond\"]}]},{\"@type\":\"WebPage\",\"@id\":\"https:\/\/21panorama.com\/index.php\/2024\/07\/08\/realizan-gobierno-de-ixtlahuaca-y-apycm-periodismo-con-valor-jornada-de-reforestacion\/\",\"url\":\"https:\/\/21panorama.com\/index.php\/2024\/07\/08\/realizan-gobierno-de-ixtlahuaca-y-apycm-periodismo-con-valor-jornada-de-reforestacion\/\",\"name\":\"REALIZAN GOBIERNO DE IXTLAHUACA Y APyCM, PERIODISMO CON VALOR, JORNADA DE REFORESTACI\u00d3N - 21 Panorama\",\"isPartOf\":{\"@id\":\"https:\/\/21panorama.com\/#website\"},\"primaryImageOfPage\":{\"@id\":\"https:\/\/21panorama.com\/index.php\/2024\/07\/08\/realizan-gobierno-de-ixtlahuaca-y-apycm-periodismo-con-valor-jornada-de-reforestacion\/#primaryimage\"},\"image\":{\"@id\":\"https:\/\/21panorama.com\/index.php\/2024\/07\/08\/realizan-gobierno-de-ixtlahuaca-y-apycm-periodismo-con-valor-jornada-de-reforestacion\/#primaryimage\"},\"thumbnailUrl\":\"https:\/\/21panorama.com\/wp-content\/uploads\/2024\/07\/WhatsApp-Image-2024-07-08-at-10.10.52-PM-2.jpeg\",\"datePublished\":\"2024-07-08T13:01:49+00:00\",\"dateModified\":\"2024-07-09T13:03:20+00:00\",\"breadcrumb\":{\"@id\":\"https:\/\/21panorama.com\/index.php\/2024\/07\/08\/realizan-gobierno-de-ixtlahuaca-y-apycm-periodismo-con-valor-jornada-de-reforestacion\/#breadcrumb\"},\"inLanguage\":\"es\",\"potentialAction\":[{\"@type\":\"ReadAction\",\"target\":[\"https:\/\/21panorama.com\/index.php\/2024\/07\/08\/realizan-gobierno-de-ixtlahuaca-y-apycm-periodismo-con-valor-jornada-de-reforestacion\/\"]}]},{\"@type\":\"ImageObject\",\"inLanguage\":\"es\",\"@id\":\"https:\/\/21panorama.com\/index.php\/2024\/07\/08\/realizan-gobierno-de-ixtlahuaca-y-apycm-periodismo-con-valor-jornada-de-reforestacion\/#primaryimage\",\"url\":\"https:\/\/21panorama.com\/wp-content\/uploads\/2024\/07\/WhatsApp-Image-2024-07-08-at-10.10.52-PM-2.jpeg\",\"contentUrl\":\"https:\/\/21panorama.com\/wp-content\/uploads\/2024\/07\/WhatsApp-Image-2024-07-08-at-10.10.52-PM-2.jpeg\",\"width\":1600,\"height\":900},{\"@type\":\"BreadcrumbList\",\"@id\":\"https:\/\/21panorama.com\/index.php\/2024\/07\/08\/realizan-gobierno-de-ixtlahuaca-y-apycm-periodismo-con-valor-jornada-de-reforestacion\/#breadcrumb\",\"itemListElement\":[{\"@type\":\"ListItem\",\"position\":1,\"name\":\"Inicio\",\"item\":\"https:\/\/21panorama.com\/\"},{\"@type\":\"ListItem\",\"position\":2,\"name\":\"REALIZAN GOBIERNO DE IXTLAHUACA Y APyCM, PERIODISMO CON VALOR, JORNADA DE REFORESTACI\u00d3N\"}]},{\"@type\":\"WebSite\",\"@id\":\"https:\/\/21panorama.com\/#website\",\"url\":\"https:\/\/21panorama.com\/\",\"name\":\"21 Panorama\",\"description\":\"La construcci\u00f3n de la opini\u00f3n p\u00fablica merece un mejor Panorama en este siglo 21 para alcanzar una sociedad con mayor transparencia y sin corrupci\u00f3n.\",\"publisher\":{\"@id\":\"https:\/\/21panorama.com\/#organization\"},\"potentialAction\":[{\"@type\":\"SearchAction\",\"target\":{\"@type\":\"EntryPoint\",\"urlTemplate\":\"https:\/\/21panorama.com\/?s={search_term_string}\"},\"query-input\":{\"@type\":\"PropertyValueSpecification\",\"valueRequired\":true,\"valueName\":\"search_term_string\"}}],\"inLanguage\":\"es\"},{\"@type\":\"Organization\",\"@id\":\"https:\/\/21panorama.com\/#organization\",\"name\":\"21 Panorama\",\"url\":\"https:\/\/21panorama.com\/\",\"logo\":{\"@type\":\"ImageObject\",\"inLanguage\":\"es\",\"@id\":\"https:\/\/21panorama.com\/#\/schema\/logo\/image\/\",\"url\":\"https:\/\/21panorama.com\/wp-content\/uploads\/2019\/07\/cropped-Logo-Panorama-01.jpeg\",\"contentUrl\":\"https:\/\/21panorama.com\/wp-content\/uploads\/2019\/07\/cropped-Logo-Panorama-01.jpeg\",\"width\":290,\"height\":70,\"caption\":\"21 Panorama\"},\"image\":{\"@id\":\"https:\/\/21panorama.com\/#\/schema\/logo\/image\/\"}},{\"@type\":\"Person\",\"@id\":\"https:\/\/21panorama.com\/#\/schema\/person\/1afc291b96d5792a158768324287319f\",\"name\":\"admin\",\"image\":{\"@type\":\"ImageObject\",\"inLanguage\":\"es\",\"@id\":\"https:\/\/21panorama.com\/#\/schema\/person\/image\/\",\"url\":\"https:\/\/secure.gravatar.com\/avatar\/ad365d9d9f46719215b0d042cc3df92a5a8683e09ef13d102233e5491985f0f0?s=96&d=mm&r=g\",\"contentUrl\":\"https:\/\/secure.gravatar.com\/avatar\/ad365d9d9f46719215b0d042cc3df92a5a8683e09ef13d102233e5491985f0f0?s=96&d=mm&r=g\",\"caption\":\"admin\"},\"url\":\"https:\/\/21panorama.com\/index.php\/author\/admin\/\"}]}<\/script>\n<!-- \/ Yoast SEO plugin. -->","yoast_head_json":{"title":"REALIZAN GOBIERNO DE IXTLAHUACA Y APyCM, PERIODISMO CON VALOR, JORNADA DE REFORESTACI\u00d3N - 21 Panorama","robots":{"index":"index","follow":"follow","max-snippet":"max-snippet:-1","max-image-preview":"max-image-preview:large","max-video-preview":"max-video-preview:-1"},"canonical":"https:\/\/21panorama.com\/index.php\/2024\/07\/08\/realizan-gobierno-de-ixtlahuaca-y-apycm-periodismo-con-valor-jornada-de-reforestacion\/","og_locale":"es_MX","og_type":"article","og_title":"REALIZAN GOBIERNO DE IXTLAHUACA Y APyCM, PERIODISMO CON VALOR, JORNADA DE REFORESTACI\u00d3N - 21 Panorama","og_description":"Como parte de las acciones que el Gobierno Municipal de Ixtlahuaca emprende para reparar el avanzado da\u00f1o que presenta nuestro entorno natural, en coordinaci\u00f3n la Asociaci\u00f3n de Periodistas y Comunicadores Mexiquenses APyCM, Periodismo con Valor, realiz\u00f3 una jornada de reforestaci\u00f3n en la zona mazahua de Santa Ana Ixtlahuaca.","og_url":"https:\/\/21panorama.com\/index.php\/2024\/07\/08\/realizan-gobierno-de-ixtlahuaca-y-apycm-periodismo-con-valor-jornada-de-reforestacion\/","og_site_name":"21 Panorama","article_published_time":"2024-07-08T13:01:49+00:00","article_modified_time":"2024-07-09T13:03:20+00:00","og_image":[{"width":1600,"height":900,"url":"https:\/\/21panorama.com\/wp-content\/uploads\/2024\/07\/WhatsApp-Image-2024-07-08-at-10.10.52-PM-2.jpeg","type":"image\/jpeg"}],"author":"admin","twitter_card":"summary_large_image","twitter_misc":{"Escrito por":"admin","Tiempo de lectura":"2 minutos"},"schema":{"@context":"https:\/\/schema.org","@graph":[{"@type":"Article","@id":"https:\/\/21panorama.com\/index.php\/2024\/07\/08\/realizan-gobierno-de-ixtlahuaca-y-apycm-periodismo-con-valor-jornada-de-reforestacion\/#article","isPartOf":{"@id":"https:\/\/21panorama.com\/index.php\/2024\/07\/08\/realizan-gobierno-de-ixtlahuaca-y-apycm-periodismo-con-valor-jornada-de-reforestacion\/"},"author":{"name":"admin","@id":"https:\/\/21panorama.com\/#\/schema\/person\/1afc291b96d5792a158768324287319f"},"headline":"REALIZAN GOBIERNO DE IXTLAHUACA Y APyCM, PERIODISMO CON VALOR, JORNADA DE REFORESTACI\u00d3N","datePublished":"2024-07-08T13:01:49+00:00","dateModified":"2024-07-09T13:03:20+00:00","mainEntityOfPage":{"@id":"https:\/\/21panorama.com\/index.php\/2024\/07\/08\/realizan-gobierno-de-ixtlahuaca-y-apycm-periodismo-con-valor-jornada-de-reforestacion\/"},"wordCount":344,"commentCount":0,"publisher":{"@id":"https:\/\/21panorama.com\/#organization"},"image":{"@id":"https:\/\/21panorama.com\/index.php\/2024\/07\/08\/realizan-gobierno-de-ixtlahuaca-y-apycm-periodismo-con-valor-jornada-de-reforestacion\/#primaryimage"},"thumbnailUrl":"https:\/\/21panorama.com\/wp-content\/uploads\/2024\/07\/WhatsApp-Image-2024-07-08-at-10.10.52-PM-2.jpeg","keywords":["Abuzeid Lozano","EDOMEX","GEM","IXTLAHUACA"],"articleSection":["Politica","Sociedad"],"inLanguage":"es","potentialAction":[{"@type":"CommentAction","name":"Comment","target":["https:\/\/21panorama.com\/index.php\/2024\/07\/08\/realizan-gobierno-de-ixtlahuaca-y-apycm-periodismo-con-valor-jornada-de-reforestacion\/#respond"]}]},{"@type":"WebPage","@id":"https:\/\/21panorama.com\/index.php\/2024\/07\/08\/realizan-gobierno-de-ixtlahuaca-y-apycm-periodismo-con-valor-jornada-de-reforestacion\/","url":"https:\/\/21panorama.com\/index.php\/2024\/07\/08\/realizan-gobierno-de-ixtlahuaca-y-apycm-periodismo-con-valor-jornada-de-reforestacion\/","name":"REALIZAN GOBIERNO DE IXTLAHUACA Y APyCM, PERIODISMO CON VALOR, JORNADA DE REFORESTACI\u00d3N - 21 Panorama","isPartOf":{"@id":"https:\/\/21panorama.com\/#website"},"primaryImageOfPage":{"@id":"https:\/\/21panorama.com\/index.php\/2024\/07\/08\/realizan-gobierno-de-ixtlahuaca-y-apycm-periodismo-con-valor-jornada-de-reforestacion\/#primaryimage"},"image":{"@id":"https:\/\/21panorama.com\/index.php\/2024\/07\/08\/realizan-gobierno-de-ixtlahuaca-y-apycm-periodismo-con-valor-jornada-de-reforestacion\/#primaryimage"},"thumbnailUrl":"https:\/\/21panorama.com\/wp-content\/uploads\/2024\/07\/WhatsApp-Image-2024-07-08-at-10.10.52-PM-2.jpeg","datePublished":"2024-07-08T13:01:49+00:00","dateModified":"2024-07-09T13:03:20+00:00","breadcrumb":{"@id":"https:\/\/21panorama.com\/index.php\/2024\/07\/08\/realizan-gobierno-de-ixtlahuaca-y-apycm-periodismo-con-valor-jornada-de-reforestacion\/#breadcrumb"},"inLanguage":"es","potentialAction":[{"@type":"ReadAction","target":["https:\/\/21panorama.com\/index.php\/2024\/07\/08\/realizan-gobierno-de-ixtlahuaca-y-apycm-periodismo-con-valor-jornada-de-reforestacion\/"]}]},{"@type":"ImageObject","inLanguage":"es","@id":"https:\/\/21panorama.com\/index.php\/2024\/07\/08\/realizan-gobierno-de-ixtlahuaca-y-apycm-periodismo-con-valor-jornada-de-reforestacion\/#primaryimage","url":"https:\/\/21panorama.com\/wp-content\/uploads\/2024\/07\/WhatsApp-Image-2024-07-08-at-10.10.52-PM-2.jpeg","contentUrl":"https:\/\/21panorama.com\/wp-content\/uploads\/2024\/07\/WhatsApp-Image-2024-07-08-at-10.10.52-PM-2.jpeg","width":1600,"height":900},{"@type":"BreadcrumbList","@id":"https:\/\/21panorama.com\/index.php\/2024\/07\/08\/realizan-gobierno-de-ixtlahuaca-y-apycm-periodismo-con-valor-jornada-de-reforestacion\/#breadcrumb","itemListElement":[{"@type":"ListItem","position":1,"name":"Inicio","item":"https:\/\/21panorama.com\/"},{"@type":"ListItem","position":2,"name":"REALIZAN GOBIERNO DE IXTLAHUACA Y APyCM, PERIODISMO CON VALOR, JORNADA DE REFORESTACI\u00d3N"}]},{"@type":"WebSite","@id":"https:\/\/21panorama.com\/#website","url":"https:\/\/21panorama.com\/","name":"21 Panorama","description":"La construcci\u00f3n de la opini\u00f3n p\u00fablica merece un mejor Panorama en este siglo 21 para alcanzar una sociedad con mayor transparencia y sin corrupci\u00f3n.","publisher":{"@id":"https:\/\/21panorama.com\/#organization"},"potentialAction":[{"@type":"SearchAction","target":{"@type":"EntryPoint","urlTemplate":"https:\/\/21panorama.com\/?s={search_term_string}"},"query-input":{"@type":"PropertyValueSpecification","valueRequired":true,"valueName":"search_term_string"}}],"inLanguage":"es"},{"@type":"Organization","@id":"https:\/\/21panorama.com\/#organization","name":"21 Panorama","url":"https:\/\/21panorama.com\/","logo":{"@type":"ImageObject","inLanguage":"es","@id":"https:\/\/21panorama.com\/#\/schema\/logo\/image\/","url":"https:\/\/21panorama.com\/wp-content\/uploads\/2019\/07\/cropped-Logo-Panorama-01.jpeg","contentUrl":"https:\/\/21panorama.com\/wp-content\/uploads\/2019\/07\/cropped-Logo-Panorama-01.jpeg","width":290,"height":70,"caption":"21 Panorama"},"image":{"@id":"https:\/\/21panorama.com\/#\/schema\/logo\/image\/"}},{"@type":"Person","@id":"https:\/\/21panorama.com\/#\/schema\/person\/1afc291b96d5792a158768324287319f","name":"admin","image":{"@type":"ImageObject","inLanguage":"es","@id":"https:\/\/21panorama.com\/#\/schema\/person\/image\/","url":"https:\/\/secure.gravatar.com\/avatar\/ad365d9d9f46719215b0d042cc3df92a5a8683e09ef13d102233e5491985f0f0?s=96&d=mm&r=g","contentUrl":"https:\/\/secure.gravatar.com\/avatar\/ad365d9d9f46719215b0d042cc3df92a5a8683e09ef13d102233e5491985f0f0?s=96&d=mm&r=g","caption":"admin"},"url":"https:\/\/21panorama.com\/index.php\/author\/admin\/"}]}},"_links":{"self":[{"href":"https:\/\/21panorama.com\/index.php\/wp-json\/wp\/v2\/posts\/5556","targetHints":{"allow":["GET"]}}],"collection":[{"href":"https:\/\/21panorama.com\/index.php\/wp-json\/wp\/v2\/posts"}],"about":[{"href":"https:\/\/21panorama.com\/index.php\/wp-json\/wp\/v2\/types\/post"}],"author":[{"embeddable":true,"href":"https:\/\/21panorama.com\/index.php\/wp-json\/wp\/v2\/users\/1"}],"replies":[{"embeddable":true,"href":"https:\/\/21panorama.com\/index.php\/wp-json\/wp\/v2\/comments?post=5556"}],"version-history":[{"count":1,"href":"https:\/\/21panorama.com\/index.php\/wp-json\/wp\/v2\/posts\/5556\/revisions"}],"predecessor-version":[{"id":5559,"href":"https:\/\/21panorama.com\/index.php\/wp-json\/wp\/v2\/posts\/5556\/revisions\/5559"}],"wp:featuredmedia":[{"embeddable":true,"href":"https:\/\/21panorama.com\/index.php\/wp-json\/wp\/v2\/media\/5557"}],"wp:attachment":[{"href":"https:\/\/21panorama.com\/index.php\/wp-json\/wp\/v2\/media?parent=5556"}],"wp:term":[{"taxonomy":"category","embeddable":true,"href":"https:\/\/21panorama.com\/index.php\/wp-json\/wp\/v2\/categories?post=5556"},{"taxonomy":"post_tag","embeddable":true,"href":"https:\/\/21panorama.com\/index.php\/wp-json\/wp\/v2\/tags?post=5556"}],"curies":[{"name":"wp","href":"https:\/\/api.w.org\/{rel}","templated":true}]}}