{"id":5552,"date":"2024-07-04T15:28:11","date_gmt":"2024-07-04T20:28:11","guid":{"rendered":"https:\/\/21panorama.com\/?p=5552"},"modified":"2024-07-04T15:28:11","modified_gmt":"2024-07-04T20:28:11","slug":"aculco-vive-sus-mejores-momentos-de-infraestructura-educativa","status":"publish","type":"post","link":"https:\/\/21panorama.com\/index.php\/2024\/07\/04\/aculco-vive-sus-mejores-momentos-de-infraestructura-educativa\/","title":{"rendered":"ACULCO VIVE SUS MEJORES MOMENTOS DE INFRAESTRUCTURA EDUCATIVA"},"content":{"rendered":"\n<p><\/p>\n\n\n\n<p>Las actividades de los estudiantes se realizan de la mejor manera con mejor infraestructura en Aculco, asegur\u00f3 el Presidente Municipal, Jorge Alfredo Osornio, en gira de trabajo por la comunidad de Jurica.<\/p>\n\n\n\n<p>A d\u00edas de salir de vacaciones, el alcalde llam\u00f3 a los padres de familia a apoyar a sus hijos para ser triunfadores. Sin duda todos tienen que estudiar y esa es la mejor herencia, puntualiz\u00f3.<\/p>\n\n\n\n<figure class=\"wp-block-image size-large\"><img decoding=\"async\" width=\"1024\" height=\"768\" src=\"https:\/\/21panorama.com\/wp-content\/uploads\/2024\/07\/WhatsApp-Image-2024-07-04-at-11.44.13-AM-3-1024x768.jpeg\" alt=\"\" class=\"wp-image-5554\" srcset=\"https:\/\/21panorama.com\/wp-content\/uploads\/2024\/07\/WhatsApp-Image-2024-07-04-at-11.44.13-AM-3-1024x768.jpeg 1024w, https:\/\/21panorama.com\/wp-content\/uploads\/2024\/07\/WhatsApp-Image-2024-07-04-at-11.44.13-AM-3-300x225.jpeg 300w, https:\/\/21panorama.com\/wp-content\/uploads\/2024\/07\/WhatsApp-Image-2024-07-04-at-11.44.13-AM-3-768x576.jpeg 768w, https:\/\/21panorama.com\/wp-content\/uploads\/2024\/07\/WhatsApp-Image-2024-07-04-at-11.44.13-AM-3.jpeg 1280w\" sizes=\"(max-width: 1024px) 100vw, 1024px\" \/><\/figure>\n\n\n\n<p>En la Escuela Primaria Gral. Francisco Villa se hizo el corte inaugural de la techumbre que impactar\u00e1 en la formaci\u00f3n de las ni\u00f1as y ni\u00f1os.<\/p>\n","protected":false},"excerpt":{"rendered":"<p>Las actividades de los estudiantes se realizan de la mejor manera con mejor infraestructura en Aculco, asegur\u00f3 el Presidente Municipal, Jorge Alfredo Osornio, en gira de trabajo por la comunidad de Jurica.<\/p>\n","protected":false},"author":1,"featured_media":5553,"comment_status":"open","ping_status":"open","sticky":false,"template":"","format":"standard","meta":{"footnotes":""},"categories":[12,1],"tags":[166,97,222,317],"class_list":["post-5552","post","type-post","status-publish","format-standard","has-post-thumbnail","hentry","category-politica","category-sociedad","tag-aculco","tag-edomex","tag-gem","tag-jorge-osornio"],"yoast_head":"<!-- This site is optimized with the Yoast SEO plugin v24.9 - https:\/\/yoast.com\/wordpress\/plugins\/seo\/ -->\n<title>ACULCO VIVE SUS MEJORES MOMENTOS DE INFRAESTRUCTURA EDUCATIVA - 21 Panorama<\/title>\n<meta name=\"robots\" content=\"index, follow, max-snippet:-1, max-image-preview:large, max-video-preview:-1\" \/>\n<link rel=\"canonical\" href=\"https:\/\/21panorama.com\/index.php\/2024\/07\/04\/aculco-vive-sus-mejores-momentos-de-infraestructura-educativa\/\" \/>\n<meta property=\"og:locale\" content=\"es_MX\" \/>\n<meta property=\"og:type\" content=\"article\" \/>\n<meta property=\"og:title\" content=\"ACULCO VIVE SUS MEJORES MOMENTOS DE INFRAESTRUCTURA EDUCATIVA - 21 Panorama\" \/>\n<meta property=\"og:description\" content=\"Las actividades de los estudiantes se realizan de la mejor manera con mejor infraestructura en Aculco, asegur\u00f3 el Presidente Municipal, Jorge Alfredo Osornio, en gira de trabajo por la comunidad de Jurica.\" \/>\n<meta property=\"og:url\" content=\"https:\/\/21panorama.com\/index.php\/2024\/07\/04\/aculco-vive-sus-mejores-momentos-de-infraestructura-educativa\/\" \/>\n<meta property=\"og:site_name\" content=\"21 Panorama\" \/>\n<meta property=\"article:published_time\" content=\"2024-07-04T20:28:11+00:00\" \/>\n<meta property=\"og:image\" content=\"https:\/\/21panorama.com\/wp-content\/uploads\/2024\/07\/WhatsApp-Image-2024-07-04-at-11.44.13-AM.jpeg\" \/>\n\t<meta property=\"og:image:width\" content=\"1280\" \/>\n\t<meta property=\"og:image:height\" content=\"960\" \/>\n\t<meta property=\"og:image:type\" content=\"image\/jpeg\" \/>\n<meta name=\"author\" content=\"admin\" \/>\n<meta name=\"twitter:card\" content=\"summary_large_image\" \/>\n<meta name=\"twitter:label1\" content=\"Escrito por\" \/>\n\t<meta name=\"twitter:data1\" content=\"admin\" \/>\n\t<meta name=\"twitter:label2\" content=\"Tiempo de lectura\" \/>\n\t<meta name=\"twitter:data2\" content=\"1 minuto\" \/>\n<script type=\"application\/ld+json\" class=\"yoast-schema-graph\">{\"@context\":\"https:\/\/schema.org\",\"@graph\":[{\"@type\":\"Article\",\"@id\":\"https:\/\/21panorama.com\/index.php\/2024\/07\/04\/aculco-vive-sus-mejores-momentos-de-infraestructura-educativa\/#article\",\"isPartOf\":{\"@id\":\"https:\/\/21panorama.com\/index.php\/2024\/07\/04\/aculco-vive-sus-mejores-momentos-de-infraestructura-educativa\/\"},\"author\":{\"name\":\"admin\",\"@id\":\"https:\/\/21panorama.com\/#\/schema\/person\/1afc291b96d5792a158768324287319f\"},\"headline\":\"ACULCO VIVE SUS MEJORES MOMENTOS DE INFRAESTRUCTURA EDUCATIVA\",\"datePublished\":\"2024-07-04T20:28:11+00:00\",\"mainEntityOfPage\":{\"@id\":\"https:\/\/21panorama.com\/index.php\/2024\/07\/04\/aculco-vive-sus-mejores-momentos-de-infraestructura-educativa\/\"},\"wordCount\":104,\"commentCount\":0,\"publisher\":{\"@id\":\"https:\/\/21panorama.com\/#organization\"},\"image\":{\"@id\":\"https:\/\/21panorama.com\/index.php\/2024\/07\/04\/aculco-vive-sus-mejores-momentos-de-infraestructura-educativa\/#primaryimage\"},\"thumbnailUrl\":\"https:\/\/21panorama.com\/wp-content\/uploads\/2024\/07\/WhatsApp-Image-2024-07-04-at-11.44.13-AM.jpeg\",\"keywords\":[\"aculco\",\"EDOMEX\",\"GEM\",\"JORGE OSORNIO\"],\"articleSection\":[\"Politica\",\"Sociedad\"],\"inLanguage\":\"es\",\"potentialAction\":[{\"@type\":\"CommentAction\",\"name\":\"Comment\",\"target\":[\"https:\/\/21panorama.com\/index.php\/2024\/07\/04\/aculco-vive-sus-mejores-momentos-de-infraestructura-educativa\/#respond\"]}]},{\"@type\":\"WebPage\",\"@id\":\"https:\/\/21panorama.com\/index.php\/2024\/07\/04\/aculco-vive-sus-mejores-momentos-de-infraestructura-educativa\/\",\"url\":\"https:\/\/21panorama.com\/index.php\/2024\/07\/04\/aculco-vive-sus-mejores-momentos-de-infraestructura-educativa\/\",\"name\":\"ACULCO VIVE SUS MEJORES MOMENTOS DE INFRAESTRUCTURA EDUCATIVA - 21 Panorama\",\"isPartOf\":{\"@id\":\"https:\/\/21panorama.com\/#website\"},\"primaryImageOfPage\":{\"@id\":\"https:\/\/21panorama.com\/index.php\/2024\/07\/04\/aculco-vive-sus-mejores-momentos-de-infraestructura-educativa\/#primaryimage\"},\"image\":{\"@id\":\"https:\/\/21panorama.com\/index.php\/2024\/07\/04\/aculco-vive-sus-mejores-momentos-de-infraestructura-educativa\/#primaryimage\"},\"thumbnailUrl\":\"https:\/\/21panorama.com\/wp-content\/uploads\/2024\/07\/WhatsApp-Image-2024-07-04-at-11.44.13-AM.jpeg\",\"datePublished\":\"2024-07-04T20:28:11+00:00\",\"breadcrumb\":{\"@id\":\"https:\/\/21panorama.com\/index.php\/2024\/07\/04\/aculco-vive-sus-mejores-momentos-de-infraestructura-educativa\/#breadcrumb\"},\"inLanguage\":\"es\",\"potentialAction\":[{\"@type\":\"ReadAction\",\"target\":[\"https:\/\/21panorama.com\/index.php\/2024\/07\/04\/aculco-vive-sus-mejores-momentos-de-infraestructura-educativa\/\"]}]},{\"@type\":\"ImageObject\",\"inLanguage\":\"es\",\"@id\":\"https:\/\/21panorama.com\/index.php\/2024\/07\/04\/aculco-vive-sus-mejores-momentos-de-infraestructura-educativa\/#primaryimage\",\"url\":\"https:\/\/21panorama.com\/wp-content\/uploads\/2024\/07\/WhatsApp-Image-2024-07-04-at-11.44.13-AM.jpeg\",\"contentUrl\":\"https:\/\/21panorama.com\/wp-content\/uploads\/2024\/07\/WhatsApp-Image-2024-07-04-at-11.44.13-AM.jpeg\",\"width\":1280,\"height\":960},{\"@type\":\"BreadcrumbList\",\"@id\":\"https:\/\/21panorama.com\/index.php\/2024\/07\/04\/aculco-vive-sus-mejores-momentos-de-infraestructura-educativa\/#breadcrumb\",\"itemListElement\":[{\"@type\":\"ListItem\",\"position\":1,\"name\":\"Inicio\",\"item\":\"https:\/\/21panorama.com\/\"},{\"@type\":\"ListItem\",\"position\":2,\"name\":\"ACULCO VIVE SUS MEJORES MOMENTOS DE INFRAESTRUCTURA EDUCATIVA\"}]},{\"@type\":\"WebSite\",\"@id\":\"https:\/\/21panorama.com\/#website\",\"url\":\"https:\/\/21panorama.com\/\",\"name\":\"21 Panorama\",\"description\":\"La construcci\u00f3n de la opini\u00f3n p\u00fablica merece un mejor Panorama en este siglo 21 para alcanzar una sociedad con mayor transparencia y sin corrupci\u00f3n.\",\"publisher\":{\"@id\":\"https:\/\/21panorama.com\/#organization\"},\"potentialAction\":[{\"@type\":\"SearchAction\",\"target\":{\"@type\":\"EntryPoint\",\"urlTemplate\":\"https:\/\/21panorama.com\/?s={search_term_string}\"},\"query-input\":{\"@type\":\"PropertyValueSpecification\",\"valueRequired\":true,\"valueName\":\"search_term_string\"}}],\"inLanguage\":\"es\"},{\"@type\":\"Organization\",\"@id\":\"https:\/\/21panorama.com\/#organization\",\"name\":\"21 Panorama\",\"url\":\"https:\/\/21panorama.com\/\",\"logo\":{\"@type\":\"ImageObject\",\"inLanguage\":\"es\",\"@id\":\"https:\/\/21panorama.com\/#\/schema\/logo\/image\/\",\"url\":\"https:\/\/21panorama.com\/wp-content\/uploads\/2019\/07\/cropped-Logo-Panorama-01.jpeg\",\"contentUrl\":\"https:\/\/21panorama.com\/wp-content\/uploads\/2019\/07\/cropped-Logo-Panorama-01.jpeg\",\"width\":290,\"height\":70,\"caption\":\"21 Panorama\"},\"image\":{\"@id\":\"https:\/\/21panorama.com\/#\/schema\/logo\/image\/\"}},{\"@type\":\"Person\",\"@id\":\"https:\/\/21panorama.com\/#\/schema\/person\/1afc291b96d5792a158768324287319f\",\"name\":\"admin\",\"image\":{\"@type\":\"ImageObject\",\"inLanguage\":\"es\",\"@id\":\"https:\/\/21panorama.com\/#\/schema\/person\/image\/\",\"url\":\"https:\/\/secure.gravatar.com\/avatar\/ad365d9d9f46719215b0d042cc3df92a5a8683e09ef13d102233e5491985f0f0?s=96&d=mm&r=g\",\"contentUrl\":\"https:\/\/secure.gravatar.com\/avatar\/ad365d9d9f46719215b0d042cc3df92a5a8683e09ef13d102233e5491985f0f0?s=96&d=mm&r=g\",\"caption\":\"admin\"},\"url\":\"https:\/\/21panorama.com\/index.php\/author\/admin\/\"}]}<\/script>\n<!-- \/ Yoast SEO plugin. -->","yoast_head_json":{"title":"ACULCO VIVE SUS MEJORES MOMENTOS DE INFRAESTRUCTURA EDUCATIVA - 21 Panorama","robots":{"index":"index","follow":"follow","max-snippet":"max-snippet:-1","max-image-preview":"max-image-preview:large","max-video-preview":"max-video-preview:-1"},"canonical":"https:\/\/21panorama.com\/index.php\/2024\/07\/04\/aculco-vive-sus-mejores-momentos-de-infraestructura-educativa\/","og_locale":"es_MX","og_type":"article","og_title":"ACULCO VIVE SUS MEJORES MOMENTOS DE INFRAESTRUCTURA EDUCATIVA - 21 Panorama","og_description":"Las actividades de los estudiantes se realizan de la mejor manera con mejor infraestructura en Aculco, asegur\u00f3 el Presidente Municipal, Jorge Alfredo Osornio, en gira de trabajo por la comunidad de Jurica.","og_url":"https:\/\/21panorama.com\/index.php\/2024\/07\/04\/aculco-vive-sus-mejores-momentos-de-infraestructura-educativa\/","og_site_name":"21 Panorama","article_published_time":"2024-07-04T20:28:11+00:00","og_image":[{"width":1280,"height":960,"url":"https:\/\/21panorama.com\/wp-content\/uploads\/2024\/07\/WhatsApp-Image-2024-07-04-at-11.44.13-AM.jpeg","type":"image\/jpeg"}],"author":"admin","twitter_card":"summary_large_image","twitter_misc":{"Escrito por":"admin","Tiempo de lectura":"1 minuto"},"schema":{"@context":"https:\/\/schema.org","@graph":[{"@type":"Article","@id":"https:\/\/21panorama.com\/index.php\/2024\/07\/04\/aculco-vive-sus-mejores-momentos-de-infraestructura-educativa\/#article","isPartOf":{"@id":"https:\/\/21panorama.com\/index.php\/2024\/07\/04\/aculco-vive-sus-mejores-momentos-de-infraestructura-educativa\/"},"author":{"name":"admin","@id":"https:\/\/21panorama.com\/#\/schema\/person\/1afc291b96d5792a158768324287319f"},"headline":"ACULCO VIVE SUS MEJORES MOMENTOS DE INFRAESTRUCTURA EDUCATIVA","datePublished":"2024-07-04T20:28:11+00:00","mainEntityOfPage":{"@id":"https:\/\/21panorama.com\/index.php\/2024\/07\/04\/aculco-vive-sus-mejores-momentos-de-infraestructura-educativa\/"},"wordCount":104,"commentCount":0,"publisher":{"@id":"https:\/\/21panorama.com\/#organization"},"image":{"@id":"https:\/\/21panorama.com\/index.php\/2024\/07\/04\/aculco-vive-sus-mejores-momentos-de-infraestructura-educativa\/#primaryimage"},"thumbnailUrl":"https:\/\/21panorama.com\/wp-content\/uploads\/2024\/07\/WhatsApp-Image-2024-07-04-at-11.44.13-AM.jpeg","keywords":["aculco","EDOMEX","GEM","JORGE OSORNIO"],"articleSection":["Politica","Sociedad"],"inLanguage":"es","potentialAction":[{"@type":"CommentAction","name":"Comment","target":["https:\/\/21panorama.com\/index.php\/2024\/07\/04\/aculco-vive-sus-mejores-momentos-de-infraestructura-educativa\/#respond"]}]},{"@type":"WebPage","@id":"https:\/\/21panorama.com\/index.php\/2024\/07\/04\/aculco-vive-sus-mejores-momentos-de-infraestructura-educativa\/","url":"https:\/\/21panorama.com\/index.php\/2024\/07\/04\/aculco-vive-sus-mejores-momentos-de-infraestructura-educativa\/","name":"ACULCO VIVE SUS MEJORES MOMENTOS DE INFRAESTRUCTURA EDUCATIVA - 21 Panorama","isPartOf":{"@id":"https:\/\/21panorama.com\/#website"},"primaryImageOfPage":{"@id":"https:\/\/21panorama.com\/index.php\/2024\/07\/04\/aculco-vive-sus-mejores-momentos-de-infraestructura-educativa\/#primaryimage"},"image":{"@id":"https:\/\/21panorama.com\/index.php\/2024\/07\/04\/aculco-vive-sus-mejores-momentos-de-infraestructura-educativa\/#primaryimage"},"thumbnailUrl":"https:\/\/21panorama.com\/wp-content\/uploads\/2024\/07\/WhatsApp-Image-2024-07-04-at-11.44.13-AM.jpeg","datePublished":"2024-07-04T20:28:11+00:00","breadcrumb":{"@id":"https:\/\/21panorama.com\/index.php\/2024\/07\/04\/aculco-vive-sus-mejores-momentos-de-infraestructura-educativa\/#breadcrumb"},"inLanguage":"es","potentialAction":[{"@type":"ReadAction","target":["https:\/\/21panorama.com\/index.php\/2024\/07\/04\/aculco-vive-sus-mejores-momentos-de-infraestructura-educativa\/"]}]},{"@type":"ImageObject","inLanguage":"es","@id":"https:\/\/21panorama.com\/index.php\/2024\/07\/04\/aculco-vive-sus-mejores-momentos-de-infraestructura-educativa\/#primaryimage","url":"https:\/\/21panorama.com\/wp-content\/uploads\/2024\/07\/WhatsApp-Image-2024-07-04-at-11.44.13-AM.jpeg","contentUrl":"https:\/\/21panorama.com\/wp-content\/uploads\/2024\/07\/WhatsApp-Image-2024-07-04-at-11.44.13-AM.jpeg","width":1280,"height":960},{"@type":"BreadcrumbList","@id":"https:\/\/21panorama.com\/index.php\/2024\/07\/04\/aculco-vive-sus-mejores-momentos-de-infraestructura-educativa\/#breadcrumb","itemListElement":[{"@type":"ListItem","position":1,"name":"Inicio","item":"https:\/\/21panorama.com\/"},{"@type":"ListItem","position":2,"name":"ACULCO VIVE SUS MEJORES MOMENTOS DE INFRAESTRUCTURA EDUCATIVA"}]},{"@type":"WebSite","@id":"https:\/\/21panorama.com\/#website","url":"https:\/\/21panorama.com\/","name":"21 Panorama","description":"La construcci\u00f3n de la opini\u00f3n p\u00fablica merece un mejor Panorama en este siglo 21 para alcanzar una sociedad con mayor transparencia y sin corrupci\u00f3n.","publisher":{"@id":"https:\/\/21panorama.com\/#organization"},"potentialAction":[{"@type":"SearchAction","target":{"@type":"EntryPoint","urlTemplate":"https:\/\/21panorama.com\/?s={search_term_string}"},"query-input":{"@type":"PropertyValueSpecification","valueRequired":true,"valueName":"search_term_string"}}],"inLanguage":"es"},{"@type":"Organization","@id":"https:\/\/21panorama.com\/#organization","name":"21 Panorama","url":"https:\/\/21panorama.com\/","logo":{"@type":"ImageObject","inLanguage":"es","@id":"https:\/\/21panorama.com\/#\/schema\/logo\/image\/","url":"https:\/\/21panorama.com\/wp-content\/uploads\/2019\/07\/cropped-Logo-Panorama-01.jpeg","contentUrl":"https:\/\/21panorama.com\/wp-content\/uploads\/2019\/07\/cropped-Logo-Panorama-01.jpeg","width":290,"height":70,"caption":"21 Panorama"},"image":{"@id":"https:\/\/21panorama.com\/#\/schema\/logo\/image\/"}},{"@type":"Person","@id":"https:\/\/21panorama.com\/#\/schema\/person\/1afc291b96d5792a158768324287319f","name":"admin","image":{"@type":"ImageObject","inLanguage":"es","@id":"https:\/\/21panorama.com\/#\/schema\/person\/image\/","url":"https:\/\/secure.gravatar.com\/avatar\/ad365d9d9f46719215b0d042cc3df92a5a8683e09ef13d102233e5491985f0f0?s=96&d=mm&r=g","contentUrl":"https:\/\/secure.gravatar.com\/avatar\/ad365d9d9f46719215b0d042cc3df92a5a8683e09ef13d102233e5491985f0f0?s=96&d=mm&r=g","caption":"admin"},"url":"https:\/\/21panorama.com\/index.php\/author\/admin\/"}]}},"_links":{"self":[{"href":"https:\/\/21panorama.com\/index.php\/wp-json\/wp\/v2\/posts\/5552","targetHints":{"allow":["GET"]}}],"collection":[{"href":"https:\/\/21panorama.com\/index.php\/wp-json\/wp\/v2\/posts"}],"about":[{"href":"https:\/\/21panorama.com\/index.php\/wp-json\/wp\/v2\/types\/post"}],"author":[{"embeddable":true,"href":"https:\/\/21panorama.com\/index.php\/wp-json\/wp\/v2\/users\/1"}],"replies":[{"embeddable":true,"href":"https:\/\/21panorama.com\/index.php\/wp-json\/wp\/v2\/comments?post=5552"}],"version-history":[{"count":1,"href":"https:\/\/21panorama.com\/index.php\/wp-json\/wp\/v2\/posts\/5552\/revisions"}],"predecessor-version":[{"id":5555,"href":"https:\/\/21panorama.com\/index.php\/wp-json\/wp\/v2\/posts\/5552\/revisions\/5555"}],"wp:featuredmedia":[{"embeddable":true,"href":"https:\/\/21panorama.com\/index.php\/wp-json\/wp\/v2\/media\/5553"}],"wp:attachment":[{"href":"https:\/\/21panorama.com\/index.php\/wp-json\/wp\/v2\/media?parent=5552"}],"wp:term":[{"taxonomy":"category","embeddable":true,"href":"https:\/\/21panorama.com\/index.php\/wp-json\/wp\/v2\/categories?post=5552"},{"taxonomy":"post_tag","embeddable":true,"href":"https:\/\/21panorama.com\/index.php\/wp-json\/wp\/v2\/tags?post=5552"}],"curies":[{"name":"wp","href":"https:\/\/api.w.org\/{rel}","templated":true}]}}