{"id":5541,"date":"2024-06-07T20:39:49","date_gmt":"2024-06-08T01:39:49","guid":{"rendered":"https:\/\/21panorama.com\/?p=5541"},"modified":"2024-06-07T20:39:49","modified_gmt":"2024-06-08T01:39:49","slug":"tono-diaz-es-electo-presidente-municipal-de-coatepec-harinas","status":"publish","type":"post","link":"https:\/\/21panorama.com\/index.php\/2024\/06\/07\/tono-diaz-es-electo-presidente-municipal-de-coatepec-harinas\/","title":{"rendered":"TO\u00d1O D\u00cdAZ ES ELECTO PRESIDENTE MUNICIPAL DE COATEPEC HARINAS"},"content":{"rendered":"\n<p><\/p>\n\n\n\n<ul class=\"wp-block-list\">\n<li>Recibi\u00f3 constancia de mayor\u00eda al alcanzar 8 mil 898 votos.<\/li>\n<\/ul>\n\n\n\n<p>Marco Antonio D\u00edaz Ju\u00e1rez recibi\u00f3 su constancia de mayor\u00eda y validez de la Junta Electoral 21 del IEEM, al obtener m\u00e1s del 51% de la votaci\u00f3n v\u00e1lida emitida en la elecci\u00f3n presidencial del municipio de Coatepec Harinas.<\/p>\n\n\n\n<p>Luego de recibir con su planilla el documento que lo acredita como alcalde electo, To\u00f1o D\u00edaz sostuvo que seguir\u00e1 en la ruta del trabajo para que su municipio progrese con la participaci\u00f3n ciudadana en los proyectos que se definan.<\/p>\n\n\n\n<p>\u201cApostamos al progreso en este proyecto de continuidad y no puede haber duda que habr\u00e1n acciones en beneficio de los vecinos y los planes de desarrollo se tendr\u00e1n que mejorar; a partir del primer d\u00eda del 2025 vamos a consolidar un proyecto de grandeza\u201d, agreg\u00f3.<\/p>\n\n\n\n<p>El candidato ganador de origen pri\u00edsta agradeci\u00f3 la confianza de sus vecinos para seguir con el trabajo desde la administraci\u00f3n municipal. \u201cEstamos muy contentos por el respaldo de todas las comunidades que le apostaron a nuestra planilla que integr\u00f3 la alianza Fuerza y Coraz\u00f3n por Edomex\u201d, dijo.<\/p>\n\n\n\n<p>Expuso que Coatepec de Harinas gana con la continuidad y se trabajar\u00e1 para ser un municipio referente de todo el sur del Estado de M\u00e9xico, resalt\u00f3 D\u00edaz Ju\u00e1rez al se\u00f1alar que la gente confi\u00f3 y \u201cahora debemos cumplir con esas expectativas con todos y sin distinci\u00f3n de colores\u201d.<\/p>\n","protected":false},"excerpt":{"rendered":"<p>Marco Antonio D\u00edaz Ju\u00e1rez recibi\u00f3 su constancia de mayor\u00eda y validez de la Junta Electoral 21 del IEEM, al obtener m\u00e1s del 51% de la votaci\u00f3n v\u00e1lida emitida en la elecci\u00f3n presidencial del municipio de Coatepec Harinas.<\/p>\n","protected":false},"author":1,"featured_media":5542,"comment_status":"open","ping_status":"open","sticky":false,"template":"","format":"standard","meta":{"footnotes":""},"categories":[12,1],"tags":[388,97,222,389,33],"class_list":["post-5541","post","type-post","status-publish","format-standard","has-post-thumbnail","hentry","category-politica","category-sociedad","tag-coatepec-harinas","tag-edomex","tag-gem","tag-marco-antonio-diaz-juarez","tag-pri"],"yoast_head":"<!-- This site is optimized with the Yoast SEO plugin v24.9 - https:\/\/yoast.com\/wordpress\/plugins\/seo\/ -->\n<title>TO\u00d1O D\u00cdAZ ES ELECTO PRESIDENTE MUNICIPAL DE COATEPEC HARINAS - 21 Panorama<\/title>\n<meta name=\"robots\" content=\"index, follow, max-snippet:-1, max-image-preview:large, max-video-preview:-1\" \/>\n<link rel=\"canonical\" href=\"https:\/\/21panorama.com\/index.php\/2024\/06\/07\/tono-diaz-es-electo-presidente-municipal-de-coatepec-harinas\/\" \/>\n<meta property=\"og:locale\" content=\"es_MX\" \/>\n<meta property=\"og:type\" content=\"article\" \/>\n<meta property=\"og:title\" content=\"TO\u00d1O D\u00cdAZ ES ELECTO PRESIDENTE MUNICIPAL DE COATEPEC HARINAS - 21 Panorama\" \/>\n<meta property=\"og:description\" content=\"Marco Antonio D\u00edaz Ju\u00e1rez recibi\u00f3 su constancia de mayor\u00eda y validez de la Junta Electoral 21 del IEEM, al obtener m\u00e1s del 51% de la votaci\u00f3n v\u00e1lida emitida en la elecci\u00f3n presidencial del municipio de Coatepec Harinas.\" \/>\n<meta property=\"og:url\" content=\"https:\/\/21panorama.com\/index.php\/2024\/06\/07\/tono-diaz-es-electo-presidente-municipal-de-coatepec-harinas\/\" \/>\n<meta property=\"og:site_name\" content=\"21 Panorama\" \/>\n<meta property=\"article:published_time\" content=\"2024-06-08T01:39:49+00:00\" \/>\n<meta property=\"og:image\" content=\"https:\/\/21panorama.com\/wp-content\/uploads\/2024\/06\/WhatsApp-Image-2024-06-06-at-7.04.02-PM.jpeg\" \/>\n\t<meta property=\"og:image:width\" content=\"1600\" \/>\n\t<meta property=\"og:image:height\" content=\"1202\" \/>\n\t<meta property=\"og:image:type\" content=\"image\/jpeg\" \/>\n<meta name=\"author\" content=\"admin\" \/>\n<meta name=\"twitter:card\" content=\"summary_large_image\" \/>\n<meta name=\"twitter:label1\" content=\"Escrito por\" \/>\n\t<meta name=\"twitter:data1\" content=\"admin\" \/>\n\t<meta name=\"twitter:label2\" content=\"Tiempo de lectura\" \/>\n\t<meta name=\"twitter:data2\" content=\"2 minutos\" \/>\n<script type=\"application\/ld+json\" class=\"yoast-schema-graph\">{\"@context\":\"https:\/\/schema.org\",\"@graph\":[{\"@type\":\"Article\",\"@id\":\"https:\/\/21panorama.com\/index.php\/2024\/06\/07\/tono-diaz-es-electo-presidente-municipal-de-coatepec-harinas\/#article\",\"isPartOf\":{\"@id\":\"https:\/\/21panorama.com\/index.php\/2024\/06\/07\/tono-diaz-es-electo-presidente-municipal-de-coatepec-harinas\/\"},\"author\":{\"name\":\"admin\",\"@id\":\"https:\/\/21panorama.com\/#\/schema\/person\/1afc291b96d5792a158768324287319f\"},\"headline\":\"TO\u00d1O D\u00cdAZ ES ELECTO PRESIDENTE MUNICIPAL DE COATEPEC HARINAS\",\"datePublished\":\"2024-06-08T01:39:49+00:00\",\"mainEntityOfPage\":{\"@id\":\"https:\/\/21panorama.com\/index.php\/2024\/06\/07\/tono-diaz-es-electo-presidente-municipal-de-coatepec-harinas\/\"},\"wordCount\":254,\"commentCount\":0,\"publisher\":{\"@id\":\"https:\/\/21panorama.com\/#organization\"},\"image\":{\"@id\":\"https:\/\/21panorama.com\/index.php\/2024\/06\/07\/tono-diaz-es-electo-presidente-municipal-de-coatepec-harinas\/#primaryimage\"},\"thumbnailUrl\":\"https:\/\/21panorama.com\/wp-content\/uploads\/2024\/06\/WhatsApp-Image-2024-06-06-at-7.04.02-PM.jpeg\",\"keywords\":[\"Coatepec Harinas\",\"EDOMEX\",\"GEM\",\"Marco Antonio D\u00edaz Ju\u00e1rez\",\"PRI\"],\"articleSection\":[\"Politica\",\"Sociedad\"],\"inLanguage\":\"es\",\"potentialAction\":[{\"@type\":\"CommentAction\",\"name\":\"Comment\",\"target\":[\"https:\/\/21panorama.com\/index.php\/2024\/06\/07\/tono-diaz-es-electo-presidente-municipal-de-coatepec-harinas\/#respond\"]}]},{\"@type\":\"WebPage\",\"@id\":\"https:\/\/21panorama.com\/index.php\/2024\/06\/07\/tono-diaz-es-electo-presidente-municipal-de-coatepec-harinas\/\",\"url\":\"https:\/\/21panorama.com\/index.php\/2024\/06\/07\/tono-diaz-es-electo-presidente-municipal-de-coatepec-harinas\/\",\"name\":\"TO\u00d1O D\u00cdAZ ES ELECTO PRESIDENTE MUNICIPAL DE COATEPEC HARINAS - 21 Panorama\",\"isPartOf\":{\"@id\":\"https:\/\/21panorama.com\/#website\"},\"primaryImageOfPage\":{\"@id\":\"https:\/\/21panorama.com\/index.php\/2024\/06\/07\/tono-diaz-es-electo-presidente-municipal-de-coatepec-harinas\/#primaryimage\"},\"image\":{\"@id\":\"https:\/\/21panorama.com\/index.php\/2024\/06\/07\/tono-diaz-es-electo-presidente-municipal-de-coatepec-harinas\/#primaryimage\"},\"thumbnailUrl\":\"https:\/\/21panorama.com\/wp-content\/uploads\/2024\/06\/WhatsApp-Image-2024-06-06-at-7.04.02-PM.jpeg\",\"datePublished\":\"2024-06-08T01:39:49+00:00\",\"breadcrumb\":{\"@id\":\"https:\/\/21panorama.com\/index.php\/2024\/06\/07\/tono-diaz-es-electo-presidente-municipal-de-coatepec-harinas\/#breadcrumb\"},\"inLanguage\":\"es\",\"potentialAction\":[{\"@type\":\"ReadAction\",\"target\":[\"https:\/\/21panorama.com\/index.php\/2024\/06\/07\/tono-diaz-es-electo-presidente-municipal-de-coatepec-harinas\/\"]}]},{\"@type\":\"ImageObject\",\"inLanguage\":\"es\",\"@id\":\"https:\/\/21panorama.com\/index.php\/2024\/06\/07\/tono-diaz-es-electo-presidente-municipal-de-coatepec-harinas\/#primaryimage\",\"url\":\"https:\/\/21panorama.com\/wp-content\/uploads\/2024\/06\/WhatsApp-Image-2024-06-06-at-7.04.02-PM.jpeg\",\"contentUrl\":\"https:\/\/21panorama.com\/wp-content\/uploads\/2024\/06\/WhatsApp-Image-2024-06-06-at-7.04.02-PM.jpeg\",\"width\":1600,\"height\":1202},{\"@type\":\"BreadcrumbList\",\"@id\":\"https:\/\/21panorama.com\/index.php\/2024\/06\/07\/tono-diaz-es-electo-presidente-municipal-de-coatepec-harinas\/#breadcrumb\",\"itemListElement\":[{\"@type\":\"ListItem\",\"position\":1,\"name\":\"Inicio\",\"item\":\"https:\/\/21panorama.com\/\"},{\"@type\":\"ListItem\",\"position\":2,\"name\":\"TO\u00d1O D\u00cdAZ ES ELECTO PRESIDENTE MUNICIPAL DE COATEPEC HARINAS\"}]},{\"@type\":\"WebSite\",\"@id\":\"https:\/\/21panorama.com\/#website\",\"url\":\"https:\/\/21panorama.com\/\",\"name\":\"21 Panorama\",\"description\":\"La construcci\u00f3n de la opini\u00f3n p\u00fablica merece un mejor Panorama en este siglo 21 para alcanzar una sociedad con mayor transparencia y sin corrupci\u00f3n.\",\"publisher\":{\"@id\":\"https:\/\/21panorama.com\/#organization\"},\"potentialAction\":[{\"@type\":\"SearchAction\",\"target\":{\"@type\":\"EntryPoint\",\"urlTemplate\":\"https:\/\/21panorama.com\/?s={search_term_string}\"},\"query-input\":{\"@type\":\"PropertyValueSpecification\",\"valueRequired\":true,\"valueName\":\"search_term_string\"}}],\"inLanguage\":\"es\"},{\"@type\":\"Organization\",\"@id\":\"https:\/\/21panorama.com\/#organization\",\"name\":\"21 Panorama\",\"url\":\"https:\/\/21panorama.com\/\",\"logo\":{\"@type\":\"ImageObject\",\"inLanguage\":\"es\",\"@id\":\"https:\/\/21panorama.com\/#\/schema\/logo\/image\/\",\"url\":\"https:\/\/21panorama.com\/wp-content\/uploads\/2019\/07\/cropped-Logo-Panorama-01.jpeg\",\"contentUrl\":\"https:\/\/21panorama.com\/wp-content\/uploads\/2019\/07\/cropped-Logo-Panorama-01.jpeg\",\"width\":290,\"height\":70,\"caption\":\"21 Panorama\"},\"image\":{\"@id\":\"https:\/\/21panorama.com\/#\/schema\/logo\/image\/\"}},{\"@type\":\"Person\",\"@id\":\"https:\/\/21panorama.com\/#\/schema\/person\/1afc291b96d5792a158768324287319f\",\"name\":\"admin\",\"image\":{\"@type\":\"ImageObject\",\"inLanguage\":\"es\",\"@id\":\"https:\/\/21panorama.com\/#\/schema\/person\/image\/\",\"url\":\"https:\/\/secure.gravatar.com\/avatar\/ad365d9d9f46719215b0d042cc3df92a5a8683e09ef13d102233e5491985f0f0?s=96&d=mm&r=g\",\"contentUrl\":\"https:\/\/secure.gravatar.com\/avatar\/ad365d9d9f46719215b0d042cc3df92a5a8683e09ef13d102233e5491985f0f0?s=96&d=mm&r=g\",\"caption\":\"admin\"},\"url\":\"https:\/\/21panorama.com\/index.php\/author\/admin\/\"}]}<\/script>\n<!-- \/ Yoast SEO plugin. -->","yoast_head_json":{"title":"TO\u00d1O D\u00cdAZ ES ELECTO PRESIDENTE MUNICIPAL DE COATEPEC HARINAS - 21 Panorama","robots":{"index":"index","follow":"follow","max-snippet":"max-snippet:-1","max-image-preview":"max-image-preview:large","max-video-preview":"max-video-preview:-1"},"canonical":"https:\/\/21panorama.com\/index.php\/2024\/06\/07\/tono-diaz-es-electo-presidente-municipal-de-coatepec-harinas\/","og_locale":"es_MX","og_type":"article","og_title":"TO\u00d1O D\u00cdAZ ES ELECTO PRESIDENTE MUNICIPAL DE COATEPEC HARINAS - 21 Panorama","og_description":"Marco Antonio D\u00edaz Ju\u00e1rez recibi\u00f3 su constancia de mayor\u00eda y validez de la Junta Electoral 21 del IEEM, al obtener m\u00e1s del 51% de la votaci\u00f3n v\u00e1lida emitida en la elecci\u00f3n presidencial del municipio de Coatepec Harinas.","og_url":"https:\/\/21panorama.com\/index.php\/2024\/06\/07\/tono-diaz-es-electo-presidente-municipal-de-coatepec-harinas\/","og_site_name":"21 Panorama","article_published_time":"2024-06-08T01:39:49+00:00","og_image":[{"width":1600,"height":1202,"url":"https:\/\/21panorama.com\/wp-content\/uploads\/2024\/06\/WhatsApp-Image-2024-06-06-at-7.04.02-PM.jpeg","type":"image\/jpeg"}],"author":"admin","twitter_card":"summary_large_image","twitter_misc":{"Escrito por":"admin","Tiempo de lectura":"2 minutos"},"schema":{"@context":"https:\/\/schema.org","@graph":[{"@type":"Article","@id":"https:\/\/21panorama.com\/index.php\/2024\/06\/07\/tono-diaz-es-electo-presidente-municipal-de-coatepec-harinas\/#article","isPartOf":{"@id":"https:\/\/21panorama.com\/index.php\/2024\/06\/07\/tono-diaz-es-electo-presidente-municipal-de-coatepec-harinas\/"},"author":{"name":"admin","@id":"https:\/\/21panorama.com\/#\/schema\/person\/1afc291b96d5792a158768324287319f"},"headline":"TO\u00d1O D\u00cdAZ ES ELECTO PRESIDENTE MUNICIPAL DE COATEPEC HARINAS","datePublished":"2024-06-08T01:39:49+00:00","mainEntityOfPage":{"@id":"https:\/\/21panorama.com\/index.php\/2024\/06\/07\/tono-diaz-es-electo-presidente-municipal-de-coatepec-harinas\/"},"wordCount":254,"commentCount":0,"publisher":{"@id":"https:\/\/21panorama.com\/#organization"},"image":{"@id":"https:\/\/21panorama.com\/index.php\/2024\/06\/07\/tono-diaz-es-electo-presidente-municipal-de-coatepec-harinas\/#primaryimage"},"thumbnailUrl":"https:\/\/21panorama.com\/wp-content\/uploads\/2024\/06\/WhatsApp-Image-2024-06-06-at-7.04.02-PM.jpeg","keywords":["Coatepec Harinas","EDOMEX","GEM","Marco Antonio D\u00edaz Ju\u00e1rez","PRI"],"articleSection":["Politica","Sociedad"],"inLanguage":"es","potentialAction":[{"@type":"CommentAction","name":"Comment","target":["https:\/\/21panorama.com\/index.php\/2024\/06\/07\/tono-diaz-es-electo-presidente-municipal-de-coatepec-harinas\/#respond"]}]},{"@type":"WebPage","@id":"https:\/\/21panorama.com\/index.php\/2024\/06\/07\/tono-diaz-es-electo-presidente-municipal-de-coatepec-harinas\/","url":"https:\/\/21panorama.com\/index.php\/2024\/06\/07\/tono-diaz-es-electo-presidente-municipal-de-coatepec-harinas\/","name":"TO\u00d1O D\u00cdAZ ES ELECTO PRESIDENTE MUNICIPAL DE COATEPEC HARINAS - 21 Panorama","isPartOf":{"@id":"https:\/\/21panorama.com\/#website"},"primaryImageOfPage":{"@id":"https:\/\/21panorama.com\/index.php\/2024\/06\/07\/tono-diaz-es-electo-presidente-municipal-de-coatepec-harinas\/#primaryimage"},"image":{"@id":"https:\/\/21panorama.com\/index.php\/2024\/06\/07\/tono-diaz-es-electo-presidente-municipal-de-coatepec-harinas\/#primaryimage"},"thumbnailUrl":"https:\/\/21panorama.com\/wp-content\/uploads\/2024\/06\/WhatsApp-Image-2024-06-06-at-7.04.02-PM.jpeg","datePublished":"2024-06-08T01:39:49+00:00","breadcrumb":{"@id":"https:\/\/21panorama.com\/index.php\/2024\/06\/07\/tono-diaz-es-electo-presidente-municipal-de-coatepec-harinas\/#breadcrumb"},"inLanguage":"es","potentialAction":[{"@type":"ReadAction","target":["https:\/\/21panorama.com\/index.php\/2024\/06\/07\/tono-diaz-es-electo-presidente-municipal-de-coatepec-harinas\/"]}]},{"@type":"ImageObject","inLanguage":"es","@id":"https:\/\/21panorama.com\/index.php\/2024\/06\/07\/tono-diaz-es-electo-presidente-municipal-de-coatepec-harinas\/#primaryimage","url":"https:\/\/21panorama.com\/wp-content\/uploads\/2024\/06\/WhatsApp-Image-2024-06-06-at-7.04.02-PM.jpeg","contentUrl":"https:\/\/21panorama.com\/wp-content\/uploads\/2024\/06\/WhatsApp-Image-2024-06-06-at-7.04.02-PM.jpeg","width":1600,"height":1202},{"@type":"BreadcrumbList","@id":"https:\/\/21panorama.com\/index.php\/2024\/06\/07\/tono-diaz-es-electo-presidente-municipal-de-coatepec-harinas\/#breadcrumb","itemListElement":[{"@type":"ListItem","position":1,"name":"Inicio","item":"https:\/\/21panorama.com\/"},{"@type":"ListItem","position":2,"name":"TO\u00d1O D\u00cdAZ ES ELECTO PRESIDENTE MUNICIPAL DE COATEPEC HARINAS"}]},{"@type":"WebSite","@id":"https:\/\/21panorama.com\/#website","url":"https:\/\/21panorama.com\/","name":"21 Panorama","description":"La construcci\u00f3n de la opini\u00f3n p\u00fablica merece un mejor Panorama en este siglo 21 para alcanzar una sociedad con mayor transparencia y sin corrupci\u00f3n.","publisher":{"@id":"https:\/\/21panorama.com\/#organization"},"potentialAction":[{"@type":"SearchAction","target":{"@type":"EntryPoint","urlTemplate":"https:\/\/21panorama.com\/?s={search_term_string}"},"query-input":{"@type":"PropertyValueSpecification","valueRequired":true,"valueName":"search_term_string"}}],"inLanguage":"es"},{"@type":"Organization","@id":"https:\/\/21panorama.com\/#organization","name":"21 Panorama","url":"https:\/\/21panorama.com\/","logo":{"@type":"ImageObject","inLanguage":"es","@id":"https:\/\/21panorama.com\/#\/schema\/logo\/image\/","url":"https:\/\/21panorama.com\/wp-content\/uploads\/2019\/07\/cropped-Logo-Panorama-01.jpeg","contentUrl":"https:\/\/21panorama.com\/wp-content\/uploads\/2019\/07\/cropped-Logo-Panorama-01.jpeg","width":290,"height":70,"caption":"21 Panorama"},"image":{"@id":"https:\/\/21panorama.com\/#\/schema\/logo\/image\/"}},{"@type":"Person","@id":"https:\/\/21panorama.com\/#\/schema\/person\/1afc291b96d5792a158768324287319f","name":"admin","image":{"@type":"ImageObject","inLanguage":"es","@id":"https:\/\/21panorama.com\/#\/schema\/person\/image\/","url":"https:\/\/secure.gravatar.com\/avatar\/ad365d9d9f46719215b0d042cc3df92a5a8683e09ef13d102233e5491985f0f0?s=96&d=mm&r=g","contentUrl":"https:\/\/secure.gravatar.com\/avatar\/ad365d9d9f46719215b0d042cc3df92a5a8683e09ef13d102233e5491985f0f0?s=96&d=mm&r=g","caption":"admin"},"url":"https:\/\/21panorama.com\/index.php\/author\/admin\/"}]}},"_links":{"self":[{"href":"https:\/\/21panorama.com\/index.php\/wp-json\/wp\/v2\/posts\/5541","targetHints":{"allow":["GET"]}}],"collection":[{"href":"https:\/\/21panorama.com\/index.php\/wp-json\/wp\/v2\/posts"}],"about":[{"href":"https:\/\/21panorama.com\/index.php\/wp-json\/wp\/v2\/types\/post"}],"author":[{"embeddable":true,"href":"https:\/\/21panorama.com\/index.php\/wp-json\/wp\/v2\/users\/1"}],"replies":[{"embeddable":true,"href":"https:\/\/21panorama.com\/index.php\/wp-json\/wp\/v2\/comments?post=5541"}],"version-history":[{"count":1,"href":"https:\/\/21panorama.com\/index.php\/wp-json\/wp\/v2\/posts\/5541\/revisions"}],"predecessor-version":[{"id":5543,"href":"https:\/\/21panorama.com\/index.php\/wp-json\/wp\/v2\/posts\/5541\/revisions\/5543"}],"wp:featuredmedia":[{"embeddable":true,"href":"https:\/\/21panorama.com\/index.php\/wp-json\/wp\/v2\/media\/5542"}],"wp:attachment":[{"href":"https:\/\/21panorama.com\/index.php\/wp-json\/wp\/v2\/media?parent=5541"}],"wp:term":[{"taxonomy":"category","embeddable":true,"href":"https:\/\/21panorama.com\/index.php\/wp-json\/wp\/v2\/categories?post=5541"},{"taxonomy":"post_tag","embeddable":true,"href":"https:\/\/21panorama.com\/index.php\/wp-json\/wp\/v2\/tags?post=5541"}],"curies":[{"name":"wp","href":"https:\/\/api.w.org\/{rel}","templated":true}]}}