{"id":5518,"date":"2024-05-28T23:01:20","date_gmt":"2024-05-29T04:01:20","guid":{"rendered":"https:\/\/21panorama.com\/?p=5518"},"modified":"2024-05-28T23:01:21","modified_gmt":"2024-05-29T04:01:21","slug":"se-perfila-el-triunfo-de-elias-rescala-en-naucalpan","status":"publish","type":"post","link":"https:\/\/21panorama.com\/index.php\/2024\/05\/28\/se-perfila-el-triunfo-de-elias-rescala-en-naucalpan\/","title":{"rendered":"SE PERFILA EL TRIUNFO DE EL\u00cdAS RESCALA EN NAUCALPAN"},"content":{"rendered":"\n<p><\/p>\n\n\n\n<p>\u2022 Cuenta con una estructura s\u00f3lida, inclusiva y comprometida, de al menos cuatro mil priistas convencidos de que las mejores propuestas las encuentran en el candidato de Fuerza y Coraz\u00f3n por Edomex.<\/p>\n\n\n\n<p>En campa\u00f1a, El\u00edas Rescala Jim\u00e9nez, candidato a diputado local por el distrito 32, consolid\u00f3 una estructura s\u00f3lida, inclusiva y comprometida, representada por al menos cuatro mil priistas; mujeres y hombres convencidos de que su plataforma pol\u00edtica tiene las mejores propuestas y, por lo tanto, es la mejor opci\u00f3n para votar el pr\u00f3ximo 2 de junio.<\/p>\n\n\n\n<p>Esta nueva estructura, dijo el abanderado de la coalici\u00f3n Fuerza y Coraz\u00f3n por Edomex, est\u00e1 comprometida con los valores y principios que nos representan como instituto pol\u00edtico, es un equipo cohesionado, comprometido y dispuesto a trabajar por el progreso de Naucalpan.<\/p>\n\n\n\n<p>\u201cPara nosotros, las voces de todas y todos tienen cabida en nuestra plataforma pol\u00edtica, en la que est\u00e1n incluidas las inquietudes de los diferentes sectores que conforman el distrito 32\u201d, extern\u00f3.<\/p>\n\n\n\n<p>Por esta raz\u00f3n, el candidato a diputado por Naucalpan subray\u00f3 que impulsar\u00e1 la transparencia, la \u00e9tica y la rendici\u00f3n de cuentas en esta nueva estructura del Revolucionario Institucional, a fin de garantizar una gesti\u00f3n responsable de los recursos p\u00fablicos, as\u00ed como una comunicaci\u00f3n abierta y cercana con las y los naucalpenses.<\/p>\n\n\n\n<p>\u201cRefrendo mi compromiso de caminar de la mano de las y los naucalpenses, mi prop\u00f3sito es que juntos impulsemos un cambio positivo para Naucalpan\u201d, concluy\u00f3 Rescala Jim\u00e9nez.<\/p>\n","protected":false},"excerpt":{"rendered":"<p>En campa\u00f1a, El\u00edas Rescala Jim\u00e9nez, candidato a diputado local por el distrito 32, consolid\u00f3 una estructura s\u00f3lida, inclusiva y comprometida, representada por al menos cuatro mil priistas; mujeres y hombres convencidos de que su plataforma pol\u00edtica tiene las mejores propuestas y, por lo tanto, es la mejor opci\u00f3n para votar el pr\u00f3ximo 2 de junio.<\/p>\n","protected":false},"author":1,"featured_media":5519,"comment_status":"open","ping_status":"open","sticky":false,"template":"","format":"standard","meta":{"footnotes":""},"categories":[10,12,1],"tags":[97,378,396,33],"class_list":["post-5518","post","type-post","status-publish","format-standard","has-post-thumbnail","hentry","category-opinion","category-politica","category-sociedad","tag-edomex","tag-elias-rescala","tag-naucalpan","tag-pri"],"yoast_head":"<!-- This site is optimized with the Yoast SEO plugin v24.9 - https:\/\/yoast.com\/wordpress\/plugins\/seo\/ -->\n<title>SE PERFILA EL TRIUNFO DE EL\u00cdAS RESCALA EN NAUCALPAN - 21 Panorama<\/title>\n<meta name=\"robots\" content=\"index, follow, max-snippet:-1, max-image-preview:large, max-video-preview:-1\" \/>\n<link rel=\"canonical\" href=\"https:\/\/21panorama.com\/index.php\/2024\/05\/28\/se-perfila-el-triunfo-de-elias-rescala-en-naucalpan\/\" \/>\n<meta property=\"og:locale\" content=\"es_MX\" \/>\n<meta property=\"og:type\" content=\"article\" \/>\n<meta property=\"og:title\" content=\"SE PERFILA EL TRIUNFO DE EL\u00cdAS RESCALA EN NAUCALPAN - 21 Panorama\" \/>\n<meta property=\"og:description\" content=\"En campa\u00f1a, El\u00edas Rescala Jim\u00e9nez, candidato a diputado local por el distrito 32, consolid\u00f3 una estructura s\u00f3lida, inclusiva y comprometida, representada por al menos cuatro mil priistas; mujeres y hombres convencidos de que su plataforma pol\u00edtica tiene las mejores propuestas y, por lo tanto, es la mejor opci\u00f3n para votar el pr\u00f3ximo 2 de junio.\" \/>\n<meta property=\"og:url\" content=\"https:\/\/21panorama.com\/index.php\/2024\/05\/28\/se-perfila-el-triunfo-de-elias-rescala-en-naucalpan\/\" \/>\n<meta property=\"og:site_name\" content=\"21 Panorama\" \/>\n<meta property=\"article:published_time\" content=\"2024-05-29T04:01:20+00:00\" \/>\n<meta property=\"article:modified_time\" content=\"2024-05-29T04:01:21+00:00\" \/>\n<meta property=\"og:image\" content=\"https:\/\/21panorama.com\/wp-content\/uploads\/2024\/05\/WhatsApp-Image-2024-05-28-at-4.32.47-PM.jpeg\" \/>\n\t<meta property=\"og:image:width\" content=\"1526\" \/>\n\t<meta property=\"og:image:height\" content=\"856\" \/>\n\t<meta property=\"og:image:type\" content=\"image\/jpeg\" \/>\n<meta name=\"author\" content=\"admin\" \/>\n<meta name=\"twitter:card\" content=\"summary_large_image\" \/>\n<meta name=\"twitter:label1\" content=\"Escrito por\" \/>\n\t<meta name=\"twitter:data1\" content=\"admin\" \/>\n\t<meta name=\"twitter:label2\" content=\"Tiempo de lectura\" \/>\n\t<meta name=\"twitter:data2\" content=\"2 minutos\" \/>\n<script type=\"application\/ld+json\" class=\"yoast-schema-graph\">{\"@context\":\"https:\/\/schema.org\",\"@graph\":[{\"@type\":\"Article\",\"@id\":\"https:\/\/21panorama.com\/index.php\/2024\/05\/28\/se-perfila-el-triunfo-de-elias-rescala-en-naucalpan\/#article\",\"isPartOf\":{\"@id\":\"https:\/\/21panorama.com\/index.php\/2024\/05\/28\/se-perfila-el-triunfo-de-elias-rescala-en-naucalpan\/\"},\"author\":{\"name\":\"admin\",\"@id\":\"https:\/\/21panorama.com\/#\/schema\/person\/1afc291b96d5792a158768324287319f\"},\"headline\":\"SE PERFILA EL TRIUNFO DE EL\u00cdAS RESCALA EN NAUCALPAN\",\"datePublished\":\"2024-05-29T04:01:20+00:00\",\"dateModified\":\"2024-05-29T04:01:21+00:00\",\"mainEntityOfPage\":{\"@id\":\"https:\/\/21panorama.com\/index.php\/2024\/05\/28\/se-perfila-el-triunfo-de-elias-rescala-en-naucalpan\/\"},\"wordCount\":264,\"commentCount\":0,\"publisher\":{\"@id\":\"https:\/\/21panorama.com\/#organization\"},\"image\":{\"@id\":\"https:\/\/21panorama.com\/index.php\/2024\/05\/28\/se-perfila-el-triunfo-de-elias-rescala-en-naucalpan\/#primaryimage\"},\"thumbnailUrl\":\"https:\/\/21panorama.com\/wp-content\/uploads\/2024\/05\/WhatsApp-Image-2024-05-28-at-4.32.47-PM.jpeg\",\"keywords\":[\"EDOMEX\",\"El\u00edas Rescala\",\"Naucalpan\",\"PRI\"],\"articleSection\":[\"Opini\u00f3n\",\"Politica\",\"Sociedad\"],\"inLanguage\":\"es\",\"potentialAction\":[{\"@type\":\"CommentAction\",\"name\":\"Comment\",\"target\":[\"https:\/\/21panorama.com\/index.php\/2024\/05\/28\/se-perfila-el-triunfo-de-elias-rescala-en-naucalpan\/#respond\"]}]},{\"@type\":\"WebPage\",\"@id\":\"https:\/\/21panorama.com\/index.php\/2024\/05\/28\/se-perfila-el-triunfo-de-elias-rescala-en-naucalpan\/\",\"url\":\"https:\/\/21panorama.com\/index.php\/2024\/05\/28\/se-perfila-el-triunfo-de-elias-rescala-en-naucalpan\/\",\"name\":\"SE PERFILA EL TRIUNFO DE EL\u00cdAS RESCALA EN NAUCALPAN - 21 Panorama\",\"isPartOf\":{\"@id\":\"https:\/\/21panorama.com\/#website\"},\"primaryImageOfPage\":{\"@id\":\"https:\/\/21panorama.com\/index.php\/2024\/05\/28\/se-perfila-el-triunfo-de-elias-rescala-en-naucalpan\/#primaryimage\"},\"image\":{\"@id\":\"https:\/\/21panorama.com\/index.php\/2024\/05\/28\/se-perfila-el-triunfo-de-elias-rescala-en-naucalpan\/#primaryimage\"},\"thumbnailUrl\":\"https:\/\/21panorama.com\/wp-content\/uploads\/2024\/05\/WhatsApp-Image-2024-05-28-at-4.32.47-PM.jpeg\",\"datePublished\":\"2024-05-29T04:01:20+00:00\",\"dateModified\":\"2024-05-29T04:01:21+00:00\",\"breadcrumb\":{\"@id\":\"https:\/\/21panorama.com\/index.php\/2024\/05\/28\/se-perfila-el-triunfo-de-elias-rescala-en-naucalpan\/#breadcrumb\"},\"inLanguage\":\"es\",\"potentialAction\":[{\"@type\":\"ReadAction\",\"target\":[\"https:\/\/21panorama.com\/index.php\/2024\/05\/28\/se-perfila-el-triunfo-de-elias-rescala-en-naucalpan\/\"]}]},{\"@type\":\"ImageObject\",\"inLanguage\":\"es\",\"@id\":\"https:\/\/21panorama.com\/index.php\/2024\/05\/28\/se-perfila-el-triunfo-de-elias-rescala-en-naucalpan\/#primaryimage\",\"url\":\"https:\/\/21panorama.com\/wp-content\/uploads\/2024\/05\/WhatsApp-Image-2024-05-28-at-4.32.47-PM.jpeg\",\"contentUrl\":\"https:\/\/21panorama.com\/wp-content\/uploads\/2024\/05\/WhatsApp-Image-2024-05-28-at-4.32.47-PM.jpeg\",\"width\":1526,\"height\":856},{\"@type\":\"BreadcrumbList\",\"@id\":\"https:\/\/21panorama.com\/index.php\/2024\/05\/28\/se-perfila-el-triunfo-de-elias-rescala-en-naucalpan\/#breadcrumb\",\"itemListElement\":[{\"@type\":\"ListItem\",\"position\":1,\"name\":\"Inicio\",\"item\":\"https:\/\/21panorama.com\/\"},{\"@type\":\"ListItem\",\"position\":2,\"name\":\"SE PERFILA EL TRIUNFO DE EL\u00cdAS RESCALA EN NAUCALPAN\"}]},{\"@type\":\"WebSite\",\"@id\":\"https:\/\/21panorama.com\/#website\",\"url\":\"https:\/\/21panorama.com\/\",\"name\":\"21 Panorama\",\"description\":\"La construcci\u00f3n de la opini\u00f3n p\u00fablica merece un mejor Panorama en este siglo 21 para alcanzar una sociedad con mayor transparencia y sin corrupci\u00f3n.\",\"publisher\":{\"@id\":\"https:\/\/21panorama.com\/#organization\"},\"potentialAction\":[{\"@type\":\"SearchAction\",\"target\":{\"@type\":\"EntryPoint\",\"urlTemplate\":\"https:\/\/21panorama.com\/?s={search_term_string}\"},\"query-input\":{\"@type\":\"PropertyValueSpecification\",\"valueRequired\":true,\"valueName\":\"search_term_string\"}}],\"inLanguage\":\"es\"},{\"@type\":\"Organization\",\"@id\":\"https:\/\/21panorama.com\/#organization\",\"name\":\"21 Panorama\",\"url\":\"https:\/\/21panorama.com\/\",\"logo\":{\"@type\":\"ImageObject\",\"inLanguage\":\"es\",\"@id\":\"https:\/\/21panorama.com\/#\/schema\/logo\/image\/\",\"url\":\"https:\/\/21panorama.com\/wp-content\/uploads\/2019\/07\/cropped-Logo-Panorama-01.jpeg\",\"contentUrl\":\"https:\/\/21panorama.com\/wp-content\/uploads\/2019\/07\/cropped-Logo-Panorama-01.jpeg\",\"width\":290,\"height\":70,\"caption\":\"21 Panorama\"},\"image\":{\"@id\":\"https:\/\/21panorama.com\/#\/schema\/logo\/image\/\"}},{\"@type\":\"Person\",\"@id\":\"https:\/\/21panorama.com\/#\/schema\/person\/1afc291b96d5792a158768324287319f\",\"name\":\"admin\",\"image\":{\"@type\":\"ImageObject\",\"inLanguage\":\"es\",\"@id\":\"https:\/\/21panorama.com\/#\/schema\/person\/image\/\",\"url\":\"https:\/\/secure.gravatar.com\/avatar\/ad365d9d9f46719215b0d042cc3df92a5a8683e09ef13d102233e5491985f0f0?s=96&d=mm&r=g\",\"contentUrl\":\"https:\/\/secure.gravatar.com\/avatar\/ad365d9d9f46719215b0d042cc3df92a5a8683e09ef13d102233e5491985f0f0?s=96&d=mm&r=g\",\"caption\":\"admin\"},\"url\":\"https:\/\/21panorama.com\/index.php\/author\/admin\/\"}]}<\/script>\n<!-- \/ Yoast SEO plugin. -->","yoast_head_json":{"title":"SE PERFILA EL TRIUNFO DE EL\u00cdAS RESCALA EN NAUCALPAN - 21 Panorama","robots":{"index":"index","follow":"follow","max-snippet":"max-snippet:-1","max-image-preview":"max-image-preview:large","max-video-preview":"max-video-preview:-1"},"canonical":"https:\/\/21panorama.com\/index.php\/2024\/05\/28\/se-perfila-el-triunfo-de-elias-rescala-en-naucalpan\/","og_locale":"es_MX","og_type":"article","og_title":"SE PERFILA EL TRIUNFO DE EL\u00cdAS RESCALA EN NAUCALPAN - 21 Panorama","og_description":"En campa\u00f1a, El\u00edas Rescala Jim\u00e9nez, candidato a diputado local por el distrito 32, consolid\u00f3 una estructura s\u00f3lida, inclusiva y comprometida, representada por al menos cuatro mil priistas; mujeres y hombres convencidos de que su plataforma pol\u00edtica tiene las mejores propuestas y, por lo tanto, es la mejor opci\u00f3n para votar el pr\u00f3ximo 2 de junio.","og_url":"https:\/\/21panorama.com\/index.php\/2024\/05\/28\/se-perfila-el-triunfo-de-elias-rescala-en-naucalpan\/","og_site_name":"21 Panorama","article_published_time":"2024-05-29T04:01:20+00:00","article_modified_time":"2024-05-29T04:01:21+00:00","og_image":[{"width":1526,"height":856,"url":"https:\/\/21panorama.com\/wp-content\/uploads\/2024\/05\/WhatsApp-Image-2024-05-28-at-4.32.47-PM.jpeg","type":"image\/jpeg"}],"author":"admin","twitter_card":"summary_large_image","twitter_misc":{"Escrito por":"admin","Tiempo de lectura":"2 minutos"},"schema":{"@context":"https:\/\/schema.org","@graph":[{"@type":"Article","@id":"https:\/\/21panorama.com\/index.php\/2024\/05\/28\/se-perfila-el-triunfo-de-elias-rescala-en-naucalpan\/#article","isPartOf":{"@id":"https:\/\/21panorama.com\/index.php\/2024\/05\/28\/se-perfila-el-triunfo-de-elias-rescala-en-naucalpan\/"},"author":{"name":"admin","@id":"https:\/\/21panorama.com\/#\/schema\/person\/1afc291b96d5792a158768324287319f"},"headline":"SE PERFILA EL TRIUNFO DE EL\u00cdAS RESCALA EN NAUCALPAN","datePublished":"2024-05-29T04:01:20+00:00","dateModified":"2024-05-29T04:01:21+00:00","mainEntityOfPage":{"@id":"https:\/\/21panorama.com\/index.php\/2024\/05\/28\/se-perfila-el-triunfo-de-elias-rescala-en-naucalpan\/"},"wordCount":264,"commentCount":0,"publisher":{"@id":"https:\/\/21panorama.com\/#organization"},"image":{"@id":"https:\/\/21panorama.com\/index.php\/2024\/05\/28\/se-perfila-el-triunfo-de-elias-rescala-en-naucalpan\/#primaryimage"},"thumbnailUrl":"https:\/\/21panorama.com\/wp-content\/uploads\/2024\/05\/WhatsApp-Image-2024-05-28-at-4.32.47-PM.jpeg","keywords":["EDOMEX","El\u00edas Rescala","Naucalpan","PRI"],"articleSection":["Opini\u00f3n","Politica","Sociedad"],"inLanguage":"es","potentialAction":[{"@type":"CommentAction","name":"Comment","target":["https:\/\/21panorama.com\/index.php\/2024\/05\/28\/se-perfila-el-triunfo-de-elias-rescala-en-naucalpan\/#respond"]}]},{"@type":"WebPage","@id":"https:\/\/21panorama.com\/index.php\/2024\/05\/28\/se-perfila-el-triunfo-de-elias-rescala-en-naucalpan\/","url":"https:\/\/21panorama.com\/index.php\/2024\/05\/28\/se-perfila-el-triunfo-de-elias-rescala-en-naucalpan\/","name":"SE PERFILA EL TRIUNFO DE EL\u00cdAS RESCALA EN NAUCALPAN - 21 Panorama","isPartOf":{"@id":"https:\/\/21panorama.com\/#website"},"primaryImageOfPage":{"@id":"https:\/\/21panorama.com\/index.php\/2024\/05\/28\/se-perfila-el-triunfo-de-elias-rescala-en-naucalpan\/#primaryimage"},"image":{"@id":"https:\/\/21panorama.com\/index.php\/2024\/05\/28\/se-perfila-el-triunfo-de-elias-rescala-en-naucalpan\/#primaryimage"},"thumbnailUrl":"https:\/\/21panorama.com\/wp-content\/uploads\/2024\/05\/WhatsApp-Image-2024-05-28-at-4.32.47-PM.jpeg","datePublished":"2024-05-29T04:01:20+00:00","dateModified":"2024-05-29T04:01:21+00:00","breadcrumb":{"@id":"https:\/\/21panorama.com\/index.php\/2024\/05\/28\/se-perfila-el-triunfo-de-elias-rescala-en-naucalpan\/#breadcrumb"},"inLanguage":"es","potentialAction":[{"@type":"ReadAction","target":["https:\/\/21panorama.com\/index.php\/2024\/05\/28\/se-perfila-el-triunfo-de-elias-rescala-en-naucalpan\/"]}]},{"@type":"ImageObject","inLanguage":"es","@id":"https:\/\/21panorama.com\/index.php\/2024\/05\/28\/se-perfila-el-triunfo-de-elias-rescala-en-naucalpan\/#primaryimage","url":"https:\/\/21panorama.com\/wp-content\/uploads\/2024\/05\/WhatsApp-Image-2024-05-28-at-4.32.47-PM.jpeg","contentUrl":"https:\/\/21panorama.com\/wp-content\/uploads\/2024\/05\/WhatsApp-Image-2024-05-28-at-4.32.47-PM.jpeg","width":1526,"height":856},{"@type":"BreadcrumbList","@id":"https:\/\/21panorama.com\/index.php\/2024\/05\/28\/se-perfila-el-triunfo-de-elias-rescala-en-naucalpan\/#breadcrumb","itemListElement":[{"@type":"ListItem","position":1,"name":"Inicio","item":"https:\/\/21panorama.com\/"},{"@type":"ListItem","position":2,"name":"SE PERFILA EL TRIUNFO DE EL\u00cdAS RESCALA EN NAUCALPAN"}]},{"@type":"WebSite","@id":"https:\/\/21panorama.com\/#website","url":"https:\/\/21panorama.com\/","name":"21 Panorama","description":"La construcci\u00f3n de la opini\u00f3n p\u00fablica merece un mejor Panorama en este siglo 21 para alcanzar una sociedad con mayor transparencia y sin corrupci\u00f3n.","publisher":{"@id":"https:\/\/21panorama.com\/#organization"},"potentialAction":[{"@type":"SearchAction","target":{"@type":"EntryPoint","urlTemplate":"https:\/\/21panorama.com\/?s={search_term_string}"},"query-input":{"@type":"PropertyValueSpecification","valueRequired":true,"valueName":"search_term_string"}}],"inLanguage":"es"},{"@type":"Organization","@id":"https:\/\/21panorama.com\/#organization","name":"21 Panorama","url":"https:\/\/21panorama.com\/","logo":{"@type":"ImageObject","inLanguage":"es","@id":"https:\/\/21panorama.com\/#\/schema\/logo\/image\/","url":"https:\/\/21panorama.com\/wp-content\/uploads\/2019\/07\/cropped-Logo-Panorama-01.jpeg","contentUrl":"https:\/\/21panorama.com\/wp-content\/uploads\/2019\/07\/cropped-Logo-Panorama-01.jpeg","width":290,"height":70,"caption":"21 Panorama"},"image":{"@id":"https:\/\/21panorama.com\/#\/schema\/logo\/image\/"}},{"@type":"Person","@id":"https:\/\/21panorama.com\/#\/schema\/person\/1afc291b96d5792a158768324287319f","name":"admin","image":{"@type":"ImageObject","inLanguage":"es","@id":"https:\/\/21panorama.com\/#\/schema\/person\/image\/","url":"https:\/\/secure.gravatar.com\/avatar\/ad365d9d9f46719215b0d042cc3df92a5a8683e09ef13d102233e5491985f0f0?s=96&d=mm&r=g","contentUrl":"https:\/\/secure.gravatar.com\/avatar\/ad365d9d9f46719215b0d042cc3df92a5a8683e09ef13d102233e5491985f0f0?s=96&d=mm&r=g","caption":"admin"},"url":"https:\/\/21panorama.com\/index.php\/author\/admin\/"}]}},"_links":{"self":[{"href":"https:\/\/21panorama.com\/index.php\/wp-json\/wp\/v2\/posts\/5518","targetHints":{"allow":["GET"]}}],"collection":[{"href":"https:\/\/21panorama.com\/index.php\/wp-json\/wp\/v2\/posts"}],"about":[{"href":"https:\/\/21panorama.com\/index.php\/wp-json\/wp\/v2\/types\/post"}],"author":[{"embeddable":true,"href":"https:\/\/21panorama.com\/index.php\/wp-json\/wp\/v2\/users\/1"}],"replies":[{"embeddable":true,"href":"https:\/\/21panorama.com\/index.php\/wp-json\/wp\/v2\/comments?post=5518"}],"version-history":[{"count":1,"href":"https:\/\/21panorama.com\/index.php\/wp-json\/wp\/v2\/posts\/5518\/revisions"}],"predecessor-version":[{"id":5520,"href":"https:\/\/21panorama.com\/index.php\/wp-json\/wp\/v2\/posts\/5518\/revisions\/5520"}],"wp:featuredmedia":[{"embeddable":true,"href":"https:\/\/21panorama.com\/index.php\/wp-json\/wp\/v2\/media\/5519"}],"wp:attachment":[{"href":"https:\/\/21panorama.com\/index.php\/wp-json\/wp\/v2\/media?parent=5518"}],"wp:term":[{"taxonomy":"category","embeddable":true,"href":"https:\/\/21panorama.com\/index.php\/wp-json\/wp\/v2\/categories?post=5518"},{"taxonomy":"post_tag","embeddable":true,"href":"https:\/\/21panorama.com\/index.php\/wp-json\/wp\/v2\/tags?post=5518"}],"curies":[{"name":"wp","href":"https:\/\/api.w.org\/{rel}","templated":true}]}}