{"id":5512,"date":"2024-05-28T22:11:28","date_gmt":"2024-05-29T03:11:28","guid":{"rendered":"https:\/\/21panorama.com\/?p=5512"},"modified":"2024-05-28T22:11:28","modified_gmt":"2024-05-29T03:11:28","slug":"se-prepara-ixtlahuaca-para-celebrar-el-204-aniversario-de-su-fundacion-legal","status":"publish","type":"post","link":"https:\/\/21panorama.com\/index.php\/2024\/05\/28\/se-prepara-ixtlahuaca-para-celebrar-el-204-aniversario-de-su-fundacion-legal\/","title":{"rendered":"SE PREPARA IXTLAHUACA PARA CELEBRAR EL 204 ANIVERSARIO DE SU FUNDACI\u00d3N LEGAL"},"content":{"rendered":"\n<p><\/p>\n\n\n\n<p>En el marco de la conmemoraci\u00f3n del 204 Aniversario de la Erecci\u00f3n de Ixtlahuaca, que se celebrar\u00e1 el pr\u00f3ximo 16 de julio, el Gobierno Municipal se encuentra afinando los detalles para la entrega de la Presea de Honor al M\u00e9rito Ixtlahuaquense 2024.<\/p>\n\n\n\n<p>Este galard\u00f3n es el m\u00e1ximo reconocimiento p\u00fablico que el municipio otorga a ciudadanos y colectivos que, a trav\u00e9s de su desempe\u00f1o y acciones, han realizado contribuciones significativas en beneficio de la sociedad. La Presea de Honor al M\u00e9rito Ixtlahuaquense se concede a personas cuyas actividades han destacado y contribuido a enaltecer la imagen de Ixtlahuaca, ya sea a nivel local, estatal o nacional.<\/p>\n\n\n\n<p>Actualmente, la Comisi\u00f3n Edilicia Transitoria que lleva el tema est\u00e1 en proceso de hacer p\u00fablica la convocatoria oficial para este importante reconocimiento. Dicha convocatoria establecer\u00e1 las bases y requisitos para postular candidatos, quienes ser\u00e1n evaluados por sus m\u00e9ritos y logros, a trav\u00e9s de un proceso de selecci\u00f3n meticuloso que busca asegurar que los galardonados representen lo mejor de la comunidad ixtlahuaquense.<\/p>\n\n\n\n<p>La ceremonia del 204 Aniversario de la Erecci\u00f3n de Ixtlahuaca, donde se entregar\u00e1 la presea, no solo marca la fundaci\u00f3n del municipio, sino que tambi\u00e9n es una fecha para destacar y celebrar el talento, el esfuerzo y la dedicaci\u00f3n de aquellos que contribuyen al progreso y bienestar de Ixtlahuaca.<\/p>\n\n\n\n<p>Es as\u00ed como los preparativos del Gobierno Municipal van tomando forma para esta fecha tan importante que reconoce y promueve los valores y logros de la comunidad. Sin duda, la entrega de la Presea de Honor al M\u00e9rito Ixtlahuaquense ser\u00e1 un momento de orgullo y celebraci\u00f3n para todos los habitantes, fortaleciendo el sentido de identidad y pertenencia entre los ciudadanos.<\/p>\n\n\n\n<p>La administraci\u00f3n municipal invita a toda la poblaci\u00f3n a estar atenta a la pr\u00f3xima publicaci\u00f3n de la convocatoria y a participar activamente en este significativo acontecimiento. Con estas acciones, Ixtlahuaca no solo conmemora su historia, sino que tambi\u00e9n celebra el presente y futuro.<\/p>\n","protected":false},"excerpt":{"rendered":"<p>En el marco de la conmemoraci\u00f3n del 204 Aniversario de la Erecci\u00f3n de Ixtlahuaca, que se celebrar\u00e1 el pr\u00f3ximo 16 de julio, el Gobierno Municipal se encuentra afinando los detalles para la entrega de la Presea de Honor al M\u00e9rito Ixtlahuaquense 2024.<\/p>\n","protected":false},"author":1,"featured_media":5513,"comment_status":"open","ping_status":"open","sticky":false,"template":"","format":"standard","meta":{"footnotes":""},"categories":[12,1],"tags":[97,222,244],"class_list":["post-5512","post","type-post","status-publish","format-standard","has-post-thumbnail","hentry","category-politica","category-sociedad","tag-edomex","tag-gem","tag-ixtlahuaca"],"yoast_head":"<!-- This site is optimized with the Yoast SEO plugin v24.9 - https:\/\/yoast.com\/wordpress\/plugins\/seo\/ -->\n<title>SE PREPARA IXTLAHUACA PARA CELEBRAR EL 204 ANIVERSARIO DE SU FUNDACI\u00d3N LEGAL - 21 Panorama<\/title>\n<meta name=\"robots\" content=\"index, follow, max-snippet:-1, max-image-preview:large, max-video-preview:-1\" \/>\n<link rel=\"canonical\" href=\"https:\/\/21panorama.com\/index.php\/2024\/05\/28\/se-prepara-ixtlahuaca-para-celebrar-el-204-aniversario-de-su-fundacion-legal\/\" \/>\n<meta property=\"og:locale\" content=\"es_MX\" \/>\n<meta property=\"og:type\" content=\"article\" \/>\n<meta property=\"og:title\" content=\"SE PREPARA IXTLAHUACA PARA CELEBRAR EL 204 ANIVERSARIO DE SU FUNDACI\u00d3N LEGAL - 21 Panorama\" \/>\n<meta property=\"og:description\" content=\"En el marco de la conmemoraci\u00f3n del 204 Aniversario de la Erecci\u00f3n de Ixtlahuaca, que se celebrar\u00e1 el pr\u00f3ximo 16 de julio, el Gobierno Municipal se encuentra afinando los detalles para la entrega de la Presea de Honor al M\u00e9rito Ixtlahuaquense 2024.\" \/>\n<meta property=\"og:url\" content=\"https:\/\/21panorama.com\/index.php\/2024\/05\/28\/se-prepara-ixtlahuaca-para-celebrar-el-204-aniversario-de-su-fundacion-legal\/\" \/>\n<meta property=\"og:site_name\" content=\"21 Panorama\" \/>\n<meta property=\"article:published_time\" content=\"2024-05-29T03:11:28+00:00\" \/>\n<meta property=\"og:image\" content=\"https:\/\/21panorama.com\/wp-content\/uploads\/2024\/05\/WhatsApp-Image-2024-05-28-at-3.43.51-PM.jpeg\" \/>\n\t<meta property=\"og:image:width\" content=\"253\" \/>\n\t<meta property=\"og:image:height\" content=\"316\" \/>\n\t<meta property=\"og:image:type\" content=\"image\/jpeg\" \/>\n<meta name=\"author\" content=\"admin\" \/>\n<meta name=\"twitter:card\" content=\"summary_large_image\" \/>\n<meta name=\"twitter:label1\" content=\"Escrito por\" \/>\n\t<meta name=\"twitter:data1\" content=\"admin\" \/>\n\t<meta name=\"twitter:label2\" content=\"Tiempo de lectura\" \/>\n\t<meta name=\"twitter:data2\" content=\"2 minutos\" \/>\n<script type=\"application\/ld+json\" class=\"yoast-schema-graph\">{\"@context\":\"https:\/\/schema.org\",\"@graph\":[{\"@type\":\"Article\",\"@id\":\"https:\/\/21panorama.com\/index.php\/2024\/05\/28\/se-prepara-ixtlahuaca-para-celebrar-el-204-aniversario-de-su-fundacion-legal\/#article\",\"isPartOf\":{\"@id\":\"https:\/\/21panorama.com\/index.php\/2024\/05\/28\/se-prepara-ixtlahuaca-para-celebrar-el-204-aniversario-de-su-fundacion-legal\/\"},\"author\":{\"name\":\"admin\",\"@id\":\"https:\/\/21panorama.com\/#\/schema\/person\/1afc291b96d5792a158768324287319f\"},\"headline\":\"SE PREPARA IXTLAHUACA PARA CELEBRAR EL 204 ANIVERSARIO DE SU FUNDACI\u00d3N LEGAL\",\"datePublished\":\"2024-05-29T03:11:28+00:00\",\"mainEntityOfPage\":{\"@id\":\"https:\/\/21panorama.com\/index.php\/2024\/05\/28\/se-prepara-ixtlahuaca-para-celebrar-el-204-aniversario-de-su-fundacion-legal\/\"},\"wordCount\":353,\"commentCount\":0,\"publisher\":{\"@id\":\"https:\/\/21panorama.com\/#organization\"},\"image\":{\"@id\":\"https:\/\/21panorama.com\/index.php\/2024\/05\/28\/se-prepara-ixtlahuaca-para-celebrar-el-204-aniversario-de-su-fundacion-legal\/#primaryimage\"},\"thumbnailUrl\":\"https:\/\/21panorama.com\/wp-content\/uploads\/2024\/05\/WhatsApp-Image-2024-05-28-at-3.43.51-PM.jpeg\",\"keywords\":[\"EDOMEX\",\"GEM\",\"IXTLAHUACA\"],\"articleSection\":[\"Politica\",\"Sociedad\"],\"inLanguage\":\"es\",\"potentialAction\":[{\"@type\":\"CommentAction\",\"name\":\"Comment\",\"target\":[\"https:\/\/21panorama.com\/index.php\/2024\/05\/28\/se-prepara-ixtlahuaca-para-celebrar-el-204-aniversario-de-su-fundacion-legal\/#respond\"]}]},{\"@type\":\"WebPage\",\"@id\":\"https:\/\/21panorama.com\/index.php\/2024\/05\/28\/se-prepara-ixtlahuaca-para-celebrar-el-204-aniversario-de-su-fundacion-legal\/\",\"url\":\"https:\/\/21panorama.com\/index.php\/2024\/05\/28\/se-prepara-ixtlahuaca-para-celebrar-el-204-aniversario-de-su-fundacion-legal\/\",\"name\":\"SE PREPARA IXTLAHUACA PARA CELEBRAR EL 204 ANIVERSARIO DE SU FUNDACI\u00d3N LEGAL - 21 Panorama\",\"isPartOf\":{\"@id\":\"https:\/\/21panorama.com\/#website\"},\"primaryImageOfPage\":{\"@id\":\"https:\/\/21panorama.com\/index.php\/2024\/05\/28\/se-prepara-ixtlahuaca-para-celebrar-el-204-aniversario-de-su-fundacion-legal\/#primaryimage\"},\"image\":{\"@id\":\"https:\/\/21panorama.com\/index.php\/2024\/05\/28\/se-prepara-ixtlahuaca-para-celebrar-el-204-aniversario-de-su-fundacion-legal\/#primaryimage\"},\"thumbnailUrl\":\"https:\/\/21panorama.com\/wp-content\/uploads\/2024\/05\/WhatsApp-Image-2024-05-28-at-3.43.51-PM.jpeg\",\"datePublished\":\"2024-05-29T03:11:28+00:00\",\"breadcrumb\":{\"@id\":\"https:\/\/21panorama.com\/index.php\/2024\/05\/28\/se-prepara-ixtlahuaca-para-celebrar-el-204-aniversario-de-su-fundacion-legal\/#breadcrumb\"},\"inLanguage\":\"es\",\"potentialAction\":[{\"@type\":\"ReadAction\",\"target\":[\"https:\/\/21panorama.com\/index.php\/2024\/05\/28\/se-prepara-ixtlahuaca-para-celebrar-el-204-aniversario-de-su-fundacion-legal\/\"]}]},{\"@type\":\"ImageObject\",\"inLanguage\":\"es\",\"@id\":\"https:\/\/21panorama.com\/index.php\/2024\/05\/28\/se-prepara-ixtlahuaca-para-celebrar-el-204-aniversario-de-su-fundacion-legal\/#primaryimage\",\"url\":\"https:\/\/21panorama.com\/wp-content\/uploads\/2024\/05\/WhatsApp-Image-2024-05-28-at-3.43.51-PM.jpeg\",\"contentUrl\":\"https:\/\/21panorama.com\/wp-content\/uploads\/2024\/05\/WhatsApp-Image-2024-05-28-at-3.43.51-PM.jpeg\",\"width\":253,\"height\":316},{\"@type\":\"BreadcrumbList\",\"@id\":\"https:\/\/21panorama.com\/index.php\/2024\/05\/28\/se-prepara-ixtlahuaca-para-celebrar-el-204-aniversario-de-su-fundacion-legal\/#breadcrumb\",\"itemListElement\":[{\"@type\":\"ListItem\",\"position\":1,\"name\":\"Inicio\",\"item\":\"https:\/\/21panorama.com\/\"},{\"@type\":\"ListItem\",\"position\":2,\"name\":\"SE PREPARA IXTLAHUACA PARA CELEBRAR EL 204 ANIVERSARIO DE SU FUNDACI\u00d3N LEGAL\"}]},{\"@type\":\"WebSite\",\"@id\":\"https:\/\/21panorama.com\/#website\",\"url\":\"https:\/\/21panorama.com\/\",\"name\":\"21 Panorama\",\"description\":\"La construcci\u00f3n de la opini\u00f3n p\u00fablica merece un mejor Panorama en este siglo 21 para alcanzar una sociedad con mayor transparencia y sin corrupci\u00f3n.\",\"publisher\":{\"@id\":\"https:\/\/21panorama.com\/#organization\"},\"potentialAction\":[{\"@type\":\"SearchAction\",\"target\":{\"@type\":\"EntryPoint\",\"urlTemplate\":\"https:\/\/21panorama.com\/?s={search_term_string}\"},\"query-input\":{\"@type\":\"PropertyValueSpecification\",\"valueRequired\":true,\"valueName\":\"search_term_string\"}}],\"inLanguage\":\"es\"},{\"@type\":\"Organization\",\"@id\":\"https:\/\/21panorama.com\/#organization\",\"name\":\"21 Panorama\",\"url\":\"https:\/\/21panorama.com\/\",\"logo\":{\"@type\":\"ImageObject\",\"inLanguage\":\"es\",\"@id\":\"https:\/\/21panorama.com\/#\/schema\/logo\/image\/\",\"url\":\"https:\/\/21panorama.com\/wp-content\/uploads\/2019\/07\/cropped-Logo-Panorama-01.jpeg\",\"contentUrl\":\"https:\/\/21panorama.com\/wp-content\/uploads\/2019\/07\/cropped-Logo-Panorama-01.jpeg\",\"width\":290,\"height\":70,\"caption\":\"21 Panorama\"},\"image\":{\"@id\":\"https:\/\/21panorama.com\/#\/schema\/logo\/image\/\"}},{\"@type\":\"Person\",\"@id\":\"https:\/\/21panorama.com\/#\/schema\/person\/1afc291b96d5792a158768324287319f\",\"name\":\"admin\",\"image\":{\"@type\":\"ImageObject\",\"inLanguage\":\"es\",\"@id\":\"https:\/\/21panorama.com\/#\/schema\/person\/image\/\",\"url\":\"https:\/\/secure.gravatar.com\/avatar\/ad365d9d9f46719215b0d042cc3df92a5a8683e09ef13d102233e5491985f0f0?s=96&d=mm&r=g\",\"contentUrl\":\"https:\/\/secure.gravatar.com\/avatar\/ad365d9d9f46719215b0d042cc3df92a5a8683e09ef13d102233e5491985f0f0?s=96&d=mm&r=g\",\"caption\":\"admin\"},\"url\":\"https:\/\/21panorama.com\/index.php\/author\/admin\/\"}]}<\/script>\n<!-- \/ Yoast SEO plugin. -->","yoast_head_json":{"title":"SE PREPARA IXTLAHUACA PARA CELEBRAR EL 204 ANIVERSARIO DE SU FUNDACI\u00d3N LEGAL - 21 Panorama","robots":{"index":"index","follow":"follow","max-snippet":"max-snippet:-1","max-image-preview":"max-image-preview:large","max-video-preview":"max-video-preview:-1"},"canonical":"https:\/\/21panorama.com\/index.php\/2024\/05\/28\/se-prepara-ixtlahuaca-para-celebrar-el-204-aniversario-de-su-fundacion-legal\/","og_locale":"es_MX","og_type":"article","og_title":"SE PREPARA IXTLAHUACA PARA CELEBRAR EL 204 ANIVERSARIO DE SU FUNDACI\u00d3N LEGAL - 21 Panorama","og_description":"En el marco de la conmemoraci\u00f3n del 204 Aniversario de la Erecci\u00f3n de Ixtlahuaca, que se celebrar\u00e1 el pr\u00f3ximo 16 de julio, el Gobierno Municipal se encuentra afinando los detalles para la entrega de la Presea de Honor al M\u00e9rito Ixtlahuaquense 2024.","og_url":"https:\/\/21panorama.com\/index.php\/2024\/05\/28\/se-prepara-ixtlahuaca-para-celebrar-el-204-aniversario-de-su-fundacion-legal\/","og_site_name":"21 Panorama","article_published_time":"2024-05-29T03:11:28+00:00","og_image":[{"width":253,"height":316,"url":"https:\/\/21panorama.com\/wp-content\/uploads\/2024\/05\/WhatsApp-Image-2024-05-28-at-3.43.51-PM.jpeg","type":"image\/jpeg"}],"author":"admin","twitter_card":"summary_large_image","twitter_misc":{"Escrito por":"admin","Tiempo de lectura":"2 minutos"},"schema":{"@context":"https:\/\/schema.org","@graph":[{"@type":"Article","@id":"https:\/\/21panorama.com\/index.php\/2024\/05\/28\/se-prepara-ixtlahuaca-para-celebrar-el-204-aniversario-de-su-fundacion-legal\/#article","isPartOf":{"@id":"https:\/\/21panorama.com\/index.php\/2024\/05\/28\/se-prepara-ixtlahuaca-para-celebrar-el-204-aniversario-de-su-fundacion-legal\/"},"author":{"name":"admin","@id":"https:\/\/21panorama.com\/#\/schema\/person\/1afc291b96d5792a158768324287319f"},"headline":"SE PREPARA IXTLAHUACA PARA CELEBRAR EL 204 ANIVERSARIO DE SU FUNDACI\u00d3N LEGAL","datePublished":"2024-05-29T03:11:28+00:00","mainEntityOfPage":{"@id":"https:\/\/21panorama.com\/index.php\/2024\/05\/28\/se-prepara-ixtlahuaca-para-celebrar-el-204-aniversario-de-su-fundacion-legal\/"},"wordCount":353,"commentCount":0,"publisher":{"@id":"https:\/\/21panorama.com\/#organization"},"image":{"@id":"https:\/\/21panorama.com\/index.php\/2024\/05\/28\/se-prepara-ixtlahuaca-para-celebrar-el-204-aniversario-de-su-fundacion-legal\/#primaryimage"},"thumbnailUrl":"https:\/\/21panorama.com\/wp-content\/uploads\/2024\/05\/WhatsApp-Image-2024-05-28-at-3.43.51-PM.jpeg","keywords":["EDOMEX","GEM","IXTLAHUACA"],"articleSection":["Politica","Sociedad"],"inLanguage":"es","potentialAction":[{"@type":"CommentAction","name":"Comment","target":["https:\/\/21panorama.com\/index.php\/2024\/05\/28\/se-prepara-ixtlahuaca-para-celebrar-el-204-aniversario-de-su-fundacion-legal\/#respond"]}]},{"@type":"WebPage","@id":"https:\/\/21panorama.com\/index.php\/2024\/05\/28\/se-prepara-ixtlahuaca-para-celebrar-el-204-aniversario-de-su-fundacion-legal\/","url":"https:\/\/21panorama.com\/index.php\/2024\/05\/28\/se-prepara-ixtlahuaca-para-celebrar-el-204-aniversario-de-su-fundacion-legal\/","name":"SE PREPARA IXTLAHUACA PARA CELEBRAR EL 204 ANIVERSARIO DE SU FUNDACI\u00d3N LEGAL - 21 Panorama","isPartOf":{"@id":"https:\/\/21panorama.com\/#website"},"primaryImageOfPage":{"@id":"https:\/\/21panorama.com\/index.php\/2024\/05\/28\/se-prepara-ixtlahuaca-para-celebrar-el-204-aniversario-de-su-fundacion-legal\/#primaryimage"},"image":{"@id":"https:\/\/21panorama.com\/index.php\/2024\/05\/28\/se-prepara-ixtlahuaca-para-celebrar-el-204-aniversario-de-su-fundacion-legal\/#primaryimage"},"thumbnailUrl":"https:\/\/21panorama.com\/wp-content\/uploads\/2024\/05\/WhatsApp-Image-2024-05-28-at-3.43.51-PM.jpeg","datePublished":"2024-05-29T03:11:28+00:00","breadcrumb":{"@id":"https:\/\/21panorama.com\/index.php\/2024\/05\/28\/se-prepara-ixtlahuaca-para-celebrar-el-204-aniversario-de-su-fundacion-legal\/#breadcrumb"},"inLanguage":"es","potentialAction":[{"@type":"ReadAction","target":["https:\/\/21panorama.com\/index.php\/2024\/05\/28\/se-prepara-ixtlahuaca-para-celebrar-el-204-aniversario-de-su-fundacion-legal\/"]}]},{"@type":"ImageObject","inLanguage":"es","@id":"https:\/\/21panorama.com\/index.php\/2024\/05\/28\/se-prepara-ixtlahuaca-para-celebrar-el-204-aniversario-de-su-fundacion-legal\/#primaryimage","url":"https:\/\/21panorama.com\/wp-content\/uploads\/2024\/05\/WhatsApp-Image-2024-05-28-at-3.43.51-PM.jpeg","contentUrl":"https:\/\/21panorama.com\/wp-content\/uploads\/2024\/05\/WhatsApp-Image-2024-05-28-at-3.43.51-PM.jpeg","width":253,"height":316},{"@type":"BreadcrumbList","@id":"https:\/\/21panorama.com\/index.php\/2024\/05\/28\/se-prepara-ixtlahuaca-para-celebrar-el-204-aniversario-de-su-fundacion-legal\/#breadcrumb","itemListElement":[{"@type":"ListItem","position":1,"name":"Inicio","item":"https:\/\/21panorama.com\/"},{"@type":"ListItem","position":2,"name":"SE PREPARA IXTLAHUACA PARA CELEBRAR EL 204 ANIVERSARIO DE SU FUNDACI\u00d3N LEGAL"}]},{"@type":"WebSite","@id":"https:\/\/21panorama.com\/#website","url":"https:\/\/21panorama.com\/","name":"21 Panorama","description":"La construcci\u00f3n de la opini\u00f3n p\u00fablica merece un mejor Panorama en este siglo 21 para alcanzar una sociedad con mayor transparencia y sin corrupci\u00f3n.","publisher":{"@id":"https:\/\/21panorama.com\/#organization"},"potentialAction":[{"@type":"SearchAction","target":{"@type":"EntryPoint","urlTemplate":"https:\/\/21panorama.com\/?s={search_term_string}"},"query-input":{"@type":"PropertyValueSpecification","valueRequired":true,"valueName":"search_term_string"}}],"inLanguage":"es"},{"@type":"Organization","@id":"https:\/\/21panorama.com\/#organization","name":"21 Panorama","url":"https:\/\/21panorama.com\/","logo":{"@type":"ImageObject","inLanguage":"es","@id":"https:\/\/21panorama.com\/#\/schema\/logo\/image\/","url":"https:\/\/21panorama.com\/wp-content\/uploads\/2019\/07\/cropped-Logo-Panorama-01.jpeg","contentUrl":"https:\/\/21panorama.com\/wp-content\/uploads\/2019\/07\/cropped-Logo-Panorama-01.jpeg","width":290,"height":70,"caption":"21 Panorama"},"image":{"@id":"https:\/\/21panorama.com\/#\/schema\/logo\/image\/"}},{"@type":"Person","@id":"https:\/\/21panorama.com\/#\/schema\/person\/1afc291b96d5792a158768324287319f","name":"admin","image":{"@type":"ImageObject","inLanguage":"es","@id":"https:\/\/21panorama.com\/#\/schema\/person\/image\/","url":"https:\/\/secure.gravatar.com\/avatar\/ad365d9d9f46719215b0d042cc3df92a5a8683e09ef13d102233e5491985f0f0?s=96&d=mm&r=g","contentUrl":"https:\/\/secure.gravatar.com\/avatar\/ad365d9d9f46719215b0d042cc3df92a5a8683e09ef13d102233e5491985f0f0?s=96&d=mm&r=g","caption":"admin"},"url":"https:\/\/21panorama.com\/index.php\/author\/admin\/"}]}},"_links":{"self":[{"href":"https:\/\/21panorama.com\/index.php\/wp-json\/wp\/v2\/posts\/5512","targetHints":{"allow":["GET"]}}],"collection":[{"href":"https:\/\/21panorama.com\/index.php\/wp-json\/wp\/v2\/posts"}],"about":[{"href":"https:\/\/21panorama.com\/index.php\/wp-json\/wp\/v2\/types\/post"}],"author":[{"embeddable":true,"href":"https:\/\/21panorama.com\/index.php\/wp-json\/wp\/v2\/users\/1"}],"replies":[{"embeddable":true,"href":"https:\/\/21panorama.com\/index.php\/wp-json\/wp\/v2\/comments?post=5512"}],"version-history":[{"count":1,"href":"https:\/\/21panorama.com\/index.php\/wp-json\/wp\/v2\/posts\/5512\/revisions"}],"predecessor-version":[{"id":5514,"href":"https:\/\/21panorama.com\/index.php\/wp-json\/wp\/v2\/posts\/5512\/revisions\/5514"}],"wp:featuredmedia":[{"embeddable":true,"href":"https:\/\/21panorama.com\/index.php\/wp-json\/wp\/v2\/media\/5513"}],"wp:attachment":[{"href":"https:\/\/21panorama.com\/index.php\/wp-json\/wp\/v2\/media?parent=5512"}],"wp:term":[{"taxonomy":"category","embeddable":true,"href":"https:\/\/21panorama.com\/index.php\/wp-json\/wp\/v2\/categories?post=5512"},{"taxonomy":"post_tag","embeddable":true,"href":"https:\/\/21panorama.com\/index.php\/wp-json\/wp\/v2\/tags?post=5512"}],"curies":[{"name":"wp","href":"https:\/\/api.w.org\/{rel}","templated":true}]}}