{"id":5509,"date":"2024-05-28T21:51:20","date_gmt":"2024-05-29T02:51:20","guid":{"rendered":"https:\/\/21panorama.com\/?p=5509"},"modified":"2024-05-28T21:51:21","modified_gmt":"2024-05-29T02:51:21","slug":"firma-elias-rescala-compromiso-por-el-bienestar-animal","status":"publish","type":"post","link":"https:\/\/21panorama.com\/index.php\/2024\/05\/28\/firma-elias-rescala-compromiso-por-el-bienestar-animal\/","title":{"rendered":"FIRMA EL\u00cdAS RESCALA COMPROMISO POR EL BIENESTAR ANIMAL"},"content":{"rendered":"\n<p><\/p>\n\n\n\n<p>\u2022 Pidi\u00f3 sumar esfuerzos para construir una agenda com\u00fan, a fin de endurecer las penas y sanciones contra las personas que maltraten y hagan sufrir a estos seres sintientes.<\/p>\n\n\n\n<p>\u2022 Impulsar\u00e1 la creaci\u00f3n de una agenda animalista que ponga en el centro la creaci\u00f3n de Centros de Atenci\u00f3n para Animales.<\/p>\n\n\n\n<p>El candidato a diputado local de Fuerza y Coraz\u00f3n por Edomex, El\u00edas Rescala Jim\u00e9nez, firm\u00f3 el Compromiso por el Bienestar Animal, a fin de garantizar el cuidado y la calidad de vida de estos seres sintientes, as\u00ed como evitar que sean maltratados.<\/p>\n\n\n\n<p>El candidato explic\u00f3 que, desde el Congreso local, impulsar\u00e1 leyes y normas que protejan a estos seres vivos contra el maltrato, el abandono y la crueldad, adem\u00e1s de que trabajar\u00e1 en pol\u00edticas p\u00fablicas y programas que promuevan el cuidado y la defensa de sus derechos en Naucalpan y en todo el territorio mexiquense.<\/p>\n\n\n\n<p>En tanto, pidi\u00f3 sumar esfuerzos para construir una agenda com\u00fan, a fin de endurecer las penas y sanciones contra las personas que los maltraten y los hagan sufrir, as\u00ed como crear una agenda animalista que ponga en el centro la creaci\u00f3n de Centros de Atenci\u00f3n para Animales.<\/p>\n\n\n\n<p>Durante la firma del Compromiso por el Bienestar Animal, impulsado por Ang\u00e9lica y Carlos del Valle, a\u00f1adi\u00f3 que, es necesario promover la adopci\u00f3n de medidas que regulen la tenencia responsable de mascotas, que fomenten la esterilizaci\u00f3n y que hagan conciencia sobre el respeto y el cuidado de los animales, as\u00ed como fomentar programas de adopci\u00f3n y vacunaci\u00f3n para controlar la poblaci\u00f3n animal.<\/p>\n\n\n\n<p>El candidato del PRI, PAN, PRD y Nueva Alianza record\u00f3 que cuando era adolescente trabaj\u00f3 en una cl\u00ednica veterinaria, donde logr\u00f3 afianzar su amor por los animales. \u201cDebe existir en nuestra conciencia esa uni\u00f3n e integraci\u00f3n con la naturaleza y con todos los seres sintientes, con todos los seres vivos\u201d, concluy\u00f3.<\/p>\n","protected":false},"excerpt":{"rendered":"<p>El candidato a diputado local de Fuerza y Coraz\u00f3n por Edomex, El\u00edas Rescala Jim\u00e9nez, firm\u00f3 el Compromiso por el Bienestar Animal, a fin de garantizar el cuidado y la calidad de vida de estos seres sintientes, as\u00ed como evitar que sean maltratados.<\/p>\n","protected":false},"author":1,"featured_media":5510,"comment_status":"open","ping_status":"open","sticky":false,"template":"","format":"standard","meta":{"footnotes":""},"categories":[11,12,1],"tags":[97,378,396,33],"class_list":["post-5509","post","type-post","status-publish","format-standard","has-post-thumbnail","hentry","category-medio-ambiente","category-politica","category-sociedad","tag-edomex","tag-elias-rescala","tag-naucalpan","tag-pri"],"yoast_head":"<!-- This site is optimized with the Yoast SEO plugin v24.9 - https:\/\/yoast.com\/wordpress\/plugins\/seo\/ -->\n<title>FIRMA EL\u00cdAS RESCALA COMPROMISO POR EL BIENESTAR ANIMAL - 21 Panorama<\/title>\n<meta name=\"robots\" content=\"index, follow, max-snippet:-1, max-image-preview:large, max-video-preview:-1\" \/>\n<link rel=\"canonical\" href=\"https:\/\/21panorama.com\/index.php\/2024\/05\/28\/firma-elias-rescala-compromiso-por-el-bienestar-animal\/\" \/>\n<meta property=\"og:locale\" content=\"es_MX\" \/>\n<meta property=\"og:type\" content=\"article\" \/>\n<meta property=\"og:title\" content=\"FIRMA EL\u00cdAS RESCALA COMPROMISO POR EL BIENESTAR ANIMAL - 21 Panorama\" \/>\n<meta property=\"og:description\" content=\"El candidato a diputado local de Fuerza y Coraz\u00f3n por Edomex, El\u00edas Rescala Jim\u00e9nez, firm\u00f3 el Compromiso por el Bienestar Animal, a fin de garantizar el cuidado y la calidad de vida de estos seres sintientes, as\u00ed como evitar que sean maltratados.\" \/>\n<meta property=\"og:url\" content=\"https:\/\/21panorama.com\/index.php\/2024\/05\/28\/firma-elias-rescala-compromiso-por-el-bienestar-animal\/\" \/>\n<meta property=\"og:site_name\" content=\"21 Panorama\" \/>\n<meta property=\"article:published_time\" content=\"2024-05-29T02:51:20+00:00\" \/>\n<meta property=\"article:modified_time\" content=\"2024-05-29T02:51:21+00:00\" \/>\n<meta property=\"og:image\" content=\"https:\/\/21panorama.com\/wp-content\/uploads\/2024\/05\/WhatsApp-Image-2024-05-28-at-8.32.59-PM.jpeg\" \/>\n\t<meta property=\"og:image:width\" content=\"1523\" \/>\n\t<meta property=\"og:image:height\" content=\"982\" \/>\n\t<meta property=\"og:image:type\" content=\"image\/jpeg\" \/>\n<meta name=\"author\" content=\"admin\" \/>\n<meta name=\"twitter:card\" content=\"summary_large_image\" \/>\n<meta name=\"twitter:label1\" content=\"Escrito por\" \/>\n\t<meta name=\"twitter:data1\" content=\"admin\" \/>\n\t<meta name=\"twitter:label2\" content=\"Tiempo de lectura\" \/>\n\t<meta name=\"twitter:data2\" content=\"2 minutos\" \/>\n<script type=\"application\/ld+json\" class=\"yoast-schema-graph\">{\"@context\":\"https:\/\/schema.org\",\"@graph\":[{\"@type\":\"Article\",\"@id\":\"https:\/\/21panorama.com\/index.php\/2024\/05\/28\/firma-elias-rescala-compromiso-por-el-bienestar-animal\/#article\",\"isPartOf\":{\"@id\":\"https:\/\/21panorama.com\/index.php\/2024\/05\/28\/firma-elias-rescala-compromiso-por-el-bienestar-animal\/\"},\"author\":{\"name\":\"admin\",\"@id\":\"https:\/\/21panorama.com\/#\/schema\/person\/1afc291b96d5792a158768324287319f\"},\"headline\":\"FIRMA EL\u00cdAS RESCALA COMPROMISO POR EL BIENESTAR ANIMAL\",\"datePublished\":\"2024-05-29T02:51:20+00:00\",\"dateModified\":\"2024-05-29T02:51:21+00:00\",\"mainEntityOfPage\":{\"@id\":\"https:\/\/21panorama.com\/index.php\/2024\/05\/28\/firma-elias-rescala-compromiso-por-el-bienestar-animal\/\"},\"wordCount\":335,\"commentCount\":0,\"publisher\":{\"@id\":\"https:\/\/21panorama.com\/#organization\"},\"image\":{\"@id\":\"https:\/\/21panorama.com\/index.php\/2024\/05\/28\/firma-elias-rescala-compromiso-por-el-bienestar-animal\/#primaryimage\"},\"thumbnailUrl\":\"https:\/\/21panorama.com\/wp-content\/uploads\/2024\/05\/WhatsApp-Image-2024-05-28-at-8.32.59-PM.jpeg\",\"keywords\":[\"EDOMEX\",\"El\u00edas Rescala\",\"Naucalpan\",\"PRI\"],\"articleSection\":[\"Medio Ambiente\",\"Politica\",\"Sociedad\"],\"inLanguage\":\"es\",\"potentialAction\":[{\"@type\":\"CommentAction\",\"name\":\"Comment\",\"target\":[\"https:\/\/21panorama.com\/index.php\/2024\/05\/28\/firma-elias-rescala-compromiso-por-el-bienestar-animal\/#respond\"]}]},{\"@type\":\"WebPage\",\"@id\":\"https:\/\/21panorama.com\/index.php\/2024\/05\/28\/firma-elias-rescala-compromiso-por-el-bienestar-animal\/\",\"url\":\"https:\/\/21panorama.com\/index.php\/2024\/05\/28\/firma-elias-rescala-compromiso-por-el-bienestar-animal\/\",\"name\":\"FIRMA EL\u00cdAS RESCALA COMPROMISO POR EL BIENESTAR ANIMAL - 21 Panorama\",\"isPartOf\":{\"@id\":\"https:\/\/21panorama.com\/#website\"},\"primaryImageOfPage\":{\"@id\":\"https:\/\/21panorama.com\/index.php\/2024\/05\/28\/firma-elias-rescala-compromiso-por-el-bienestar-animal\/#primaryimage\"},\"image\":{\"@id\":\"https:\/\/21panorama.com\/index.php\/2024\/05\/28\/firma-elias-rescala-compromiso-por-el-bienestar-animal\/#primaryimage\"},\"thumbnailUrl\":\"https:\/\/21panorama.com\/wp-content\/uploads\/2024\/05\/WhatsApp-Image-2024-05-28-at-8.32.59-PM.jpeg\",\"datePublished\":\"2024-05-29T02:51:20+00:00\",\"dateModified\":\"2024-05-29T02:51:21+00:00\",\"breadcrumb\":{\"@id\":\"https:\/\/21panorama.com\/index.php\/2024\/05\/28\/firma-elias-rescala-compromiso-por-el-bienestar-animal\/#breadcrumb\"},\"inLanguage\":\"es\",\"potentialAction\":[{\"@type\":\"ReadAction\",\"target\":[\"https:\/\/21panorama.com\/index.php\/2024\/05\/28\/firma-elias-rescala-compromiso-por-el-bienestar-animal\/\"]}]},{\"@type\":\"ImageObject\",\"inLanguage\":\"es\",\"@id\":\"https:\/\/21panorama.com\/index.php\/2024\/05\/28\/firma-elias-rescala-compromiso-por-el-bienestar-animal\/#primaryimage\",\"url\":\"https:\/\/21panorama.com\/wp-content\/uploads\/2024\/05\/WhatsApp-Image-2024-05-28-at-8.32.59-PM.jpeg\",\"contentUrl\":\"https:\/\/21panorama.com\/wp-content\/uploads\/2024\/05\/WhatsApp-Image-2024-05-28-at-8.32.59-PM.jpeg\",\"width\":1523,\"height\":982},{\"@type\":\"BreadcrumbList\",\"@id\":\"https:\/\/21panorama.com\/index.php\/2024\/05\/28\/firma-elias-rescala-compromiso-por-el-bienestar-animal\/#breadcrumb\",\"itemListElement\":[{\"@type\":\"ListItem\",\"position\":1,\"name\":\"Inicio\",\"item\":\"https:\/\/21panorama.com\/\"},{\"@type\":\"ListItem\",\"position\":2,\"name\":\"FIRMA EL\u00cdAS RESCALA COMPROMISO POR EL BIENESTAR ANIMAL\"}]},{\"@type\":\"WebSite\",\"@id\":\"https:\/\/21panorama.com\/#website\",\"url\":\"https:\/\/21panorama.com\/\",\"name\":\"21 Panorama\",\"description\":\"La construcci\u00f3n de la opini\u00f3n p\u00fablica merece un mejor Panorama en este siglo 21 para alcanzar una sociedad con mayor transparencia y sin corrupci\u00f3n.\",\"publisher\":{\"@id\":\"https:\/\/21panorama.com\/#organization\"},\"potentialAction\":[{\"@type\":\"SearchAction\",\"target\":{\"@type\":\"EntryPoint\",\"urlTemplate\":\"https:\/\/21panorama.com\/?s={search_term_string}\"},\"query-input\":{\"@type\":\"PropertyValueSpecification\",\"valueRequired\":true,\"valueName\":\"search_term_string\"}}],\"inLanguage\":\"es\"},{\"@type\":\"Organization\",\"@id\":\"https:\/\/21panorama.com\/#organization\",\"name\":\"21 Panorama\",\"url\":\"https:\/\/21panorama.com\/\",\"logo\":{\"@type\":\"ImageObject\",\"inLanguage\":\"es\",\"@id\":\"https:\/\/21panorama.com\/#\/schema\/logo\/image\/\",\"url\":\"https:\/\/21panorama.com\/wp-content\/uploads\/2019\/07\/cropped-Logo-Panorama-01.jpeg\",\"contentUrl\":\"https:\/\/21panorama.com\/wp-content\/uploads\/2019\/07\/cropped-Logo-Panorama-01.jpeg\",\"width\":290,\"height\":70,\"caption\":\"21 Panorama\"},\"image\":{\"@id\":\"https:\/\/21panorama.com\/#\/schema\/logo\/image\/\"}},{\"@type\":\"Person\",\"@id\":\"https:\/\/21panorama.com\/#\/schema\/person\/1afc291b96d5792a158768324287319f\",\"name\":\"admin\",\"image\":{\"@type\":\"ImageObject\",\"inLanguage\":\"es\",\"@id\":\"https:\/\/21panorama.com\/#\/schema\/person\/image\/\",\"url\":\"https:\/\/secure.gravatar.com\/avatar\/ad365d9d9f46719215b0d042cc3df92a5a8683e09ef13d102233e5491985f0f0?s=96&d=mm&r=g\",\"contentUrl\":\"https:\/\/secure.gravatar.com\/avatar\/ad365d9d9f46719215b0d042cc3df92a5a8683e09ef13d102233e5491985f0f0?s=96&d=mm&r=g\",\"caption\":\"admin\"},\"url\":\"https:\/\/21panorama.com\/index.php\/author\/admin\/\"}]}<\/script>\n<!-- \/ Yoast SEO plugin. -->","yoast_head_json":{"title":"FIRMA EL\u00cdAS RESCALA COMPROMISO POR EL BIENESTAR ANIMAL - 21 Panorama","robots":{"index":"index","follow":"follow","max-snippet":"max-snippet:-1","max-image-preview":"max-image-preview:large","max-video-preview":"max-video-preview:-1"},"canonical":"https:\/\/21panorama.com\/index.php\/2024\/05\/28\/firma-elias-rescala-compromiso-por-el-bienestar-animal\/","og_locale":"es_MX","og_type":"article","og_title":"FIRMA EL\u00cdAS RESCALA COMPROMISO POR EL BIENESTAR ANIMAL - 21 Panorama","og_description":"El candidato a diputado local de Fuerza y Coraz\u00f3n por Edomex, El\u00edas Rescala Jim\u00e9nez, firm\u00f3 el Compromiso por el Bienestar Animal, a fin de garantizar el cuidado y la calidad de vida de estos seres sintientes, as\u00ed como evitar que sean maltratados.","og_url":"https:\/\/21panorama.com\/index.php\/2024\/05\/28\/firma-elias-rescala-compromiso-por-el-bienestar-animal\/","og_site_name":"21 Panorama","article_published_time":"2024-05-29T02:51:20+00:00","article_modified_time":"2024-05-29T02:51:21+00:00","og_image":[{"width":1523,"height":982,"url":"https:\/\/21panorama.com\/wp-content\/uploads\/2024\/05\/WhatsApp-Image-2024-05-28-at-8.32.59-PM.jpeg","type":"image\/jpeg"}],"author":"admin","twitter_card":"summary_large_image","twitter_misc":{"Escrito por":"admin","Tiempo de lectura":"2 minutos"},"schema":{"@context":"https:\/\/schema.org","@graph":[{"@type":"Article","@id":"https:\/\/21panorama.com\/index.php\/2024\/05\/28\/firma-elias-rescala-compromiso-por-el-bienestar-animal\/#article","isPartOf":{"@id":"https:\/\/21panorama.com\/index.php\/2024\/05\/28\/firma-elias-rescala-compromiso-por-el-bienestar-animal\/"},"author":{"name":"admin","@id":"https:\/\/21panorama.com\/#\/schema\/person\/1afc291b96d5792a158768324287319f"},"headline":"FIRMA EL\u00cdAS RESCALA COMPROMISO POR EL BIENESTAR ANIMAL","datePublished":"2024-05-29T02:51:20+00:00","dateModified":"2024-05-29T02:51:21+00:00","mainEntityOfPage":{"@id":"https:\/\/21panorama.com\/index.php\/2024\/05\/28\/firma-elias-rescala-compromiso-por-el-bienestar-animal\/"},"wordCount":335,"commentCount":0,"publisher":{"@id":"https:\/\/21panorama.com\/#organization"},"image":{"@id":"https:\/\/21panorama.com\/index.php\/2024\/05\/28\/firma-elias-rescala-compromiso-por-el-bienestar-animal\/#primaryimage"},"thumbnailUrl":"https:\/\/21panorama.com\/wp-content\/uploads\/2024\/05\/WhatsApp-Image-2024-05-28-at-8.32.59-PM.jpeg","keywords":["EDOMEX","El\u00edas Rescala","Naucalpan","PRI"],"articleSection":["Medio Ambiente","Politica","Sociedad"],"inLanguage":"es","potentialAction":[{"@type":"CommentAction","name":"Comment","target":["https:\/\/21panorama.com\/index.php\/2024\/05\/28\/firma-elias-rescala-compromiso-por-el-bienestar-animal\/#respond"]}]},{"@type":"WebPage","@id":"https:\/\/21panorama.com\/index.php\/2024\/05\/28\/firma-elias-rescala-compromiso-por-el-bienestar-animal\/","url":"https:\/\/21panorama.com\/index.php\/2024\/05\/28\/firma-elias-rescala-compromiso-por-el-bienestar-animal\/","name":"FIRMA EL\u00cdAS RESCALA COMPROMISO POR EL BIENESTAR ANIMAL - 21 Panorama","isPartOf":{"@id":"https:\/\/21panorama.com\/#website"},"primaryImageOfPage":{"@id":"https:\/\/21panorama.com\/index.php\/2024\/05\/28\/firma-elias-rescala-compromiso-por-el-bienestar-animal\/#primaryimage"},"image":{"@id":"https:\/\/21panorama.com\/index.php\/2024\/05\/28\/firma-elias-rescala-compromiso-por-el-bienestar-animal\/#primaryimage"},"thumbnailUrl":"https:\/\/21panorama.com\/wp-content\/uploads\/2024\/05\/WhatsApp-Image-2024-05-28-at-8.32.59-PM.jpeg","datePublished":"2024-05-29T02:51:20+00:00","dateModified":"2024-05-29T02:51:21+00:00","breadcrumb":{"@id":"https:\/\/21panorama.com\/index.php\/2024\/05\/28\/firma-elias-rescala-compromiso-por-el-bienestar-animal\/#breadcrumb"},"inLanguage":"es","potentialAction":[{"@type":"ReadAction","target":["https:\/\/21panorama.com\/index.php\/2024\/05\/28\/firma-elias-rescala-compromiso-por-el-bienestar-animal\/"]}]},{"@type":"ImageObject","inLanguage":"es","@id":"https:\/\/21panorama.com\/index.php\/2024\/05\/28\/firma-elias-rescala-compromiso-por-el-bienestar-animal\/#primaryimage","url":"https:\/\/21panorama.com\/wp-content\/uploads\/2024\/05\/WhatsApp-Image-2024-05-28-at-8.32.59-PM.jpeg","contentUrl":"https:\/\/21panorama.com\/wp-content\/uploads\/2024\/05\/WhatsApp-Image-2024-05-28-at-8.32.59-PM.jpeg","width":1523,"height":982},{"@type":"BreadcrumbList","@id":"https:\/\/21panorama.com\/index.php\/2024\/05\/28\/firma-elias-rescala-compromiso-por-el-bienestar-animal\/#breadcrumb","itemListElement":[{"@type":"ListItem","position":1,"name":"Inicio","item":"https:\/\/21panorama.com\/"},{"@type":"ListItem","position":2,"name":"FIRMA EL\u00cdAS RESCALA COMPROMISO POR EL BIENESTAR ANIMAL"}]},{"@type":"WebSite","@id":"https:\/\/21panorama.com\/#website","url":"https:\/\/21panorama.com\/","name":"21 Panorama","description":"La construcci\u00f3n de la opini\u00f3n p\u00fablica merece un mejor Panorama en este siglo 21 para alcanzar una sociedad con mayor transparencia y sin corrupci\u00f3n.","publisher":{"@id":"https:\/\/21panorama.com\/#organization"},"potentialAction":[{"@type":"SearchAction","target":{"@type":"EntryPoint","urlTemplate":"https:\/\/21panorama.com\/?s={search_term_string}"},"query-input":{"@type":"PropertyValueSpecification","valueRequired":true,"valueName":"search_term_string"}}],"inLanguage":"es"},{"@type":"Organization","@id":"https:\/\/21panorama.com\/#organization","name":"21 Panorama","url":"https:\/\/21panorama.com\/","logo":{"@type":"ImageObject","inLanguage":"es","@id":"https:\/\/21panorama.com\/#\/schema\/logo\/image\/","url":"https:\/\/21panorama.com\/wp-content\/uploads\/2019\/07\/cropped-Logo-Panorama-01.jpeg","contentUrl":"https:\/\/21panorama.com\/wp-content\/uploads\/2019\/07\/cropped-Logo-Panorama-01.jpeg","width":290,"height":70,"caption":"21 Panorama"},"image":{"@id":"https:\/\/21panorama.com\/#\/schema\/logo\/image\/"}},{"@type":"Person","@id":"https:\/\/21panorama.com\/#\/schema\/person\/1afc291b96d5792a158768324287319f","name":"admin","image":{"@type":"ImageObject","inLanguage":"es","@id":"https:\/\/21panorama.com\/#\/schema\/person\/image\/","url":"https:\/\/secure.gravatar.com\/avatar\/ad365d9d9f46719215b0d042cc3df92a5a8683e09ef13d102233e5491985f0f0?s=96&d=mm&r=g","contentUrl":"https:\/\/secure.gravatar.com\/avatar\/ad365d9d9f46719215b0d042cc3df92a5a8683e09ef13d102233e5491985f0f0?s=96&d=mm&r=g","caption":"admin"},"url":"https:\/\/21panorama.com\/index.php\/author\/admin\/"}]}},"_links":{"self":[{"href":"https:\/\/21panorama.com\/index.php\/wp-json\/wp\/v2\/posts\/5509","targetHints":{"allow":["GET"]}}],"collection":[{"href":"https:\/\/21panorama.com\/index.php\/wp-json\/wp\/v2\/posts"}],"about":[{"href":"https:\/\/21panorama.com\/index.php\/wp-json\/wp\/v2\/types\/post"}],"author":[{"embeddable":true,"href":"https:\/\/21panorama.com\/index.php\/wp-json\/wp\/v2\/users\/1"}],"replies":[{"embeddable":true,"href":"https:\/\/21panorama.com\/index.php\/wp-json\/wp\/v2\/comments?post=5509"}],"version-history":[{"count":1,"href":"https:\/\/21panorama.com\/index.php\/wp-json\/wp\/v2\/posts\/5509\/revisions"}],"predecessor-version":[{"id":5511,"href":"https:\/\/21panorama.com\/index.php\/wp-json\/wp\/v2\/posts\/5509\/revisions\/5511"}],"wp:featuredmedia":[{"embeddable":true,"href":"https:\/\/21panorama.com\/index.php\/wp-json\/wp\/v2\/media\/5510"}],"wp:attachment":[{"href":"https:\/\/21panorama.com\/index.php\/wp-json\/wp\/v2\/media?parent=5509"}],"wp:term":[{"taxonomy":"category","embeddable":true,"href":"https:\/\/21panorama.com\/index.php\/wp-json\/wp\/v2\/categories?post=5509"},{"taxonomy":"post_tag","embeddable":true,"href":"https:\/\/21panorama.com\/index.php\/wp-json\/wp\/v2\/tags?post=5509"}],"curies":[{"name":"wp","href":"https:\/\/api.w.org\/{rel}","templated":true}]}}