{"id":5491,"date":"2024-05-23T19:03:26","date_gmt":"2024-05-24T00:03:26","guid":{"rendered":"https:\/\/21panorama.com\/?p=5491"},"modified":"2024-05-23T19:03:48","modified_gmt":"2024-05-24T00:03:48","slug":"voto-masivo-al-pri-para-tener-mayoria-en-el-congreso-ana-lilia-herrera","status":"publish","type":"post","link":"https:\/\/21panorama.com\/index.php\/2024\/05\/23\/voto-masivo-al-pri-para-tener-mayoria-en-el-congreso-ana-lilia-herrera\/","title":{"rendered":"VOTO MASIVO AL PRI PARA TENER MAYOR\u00cdA EN EL CONGRESO: ANA LILIA HERRERA"},"content":{"rendered":"\n<p><\/p>\n\n\n\n<ul class=\"wp-block-list\">\n<li>En gira proselitista por Tenango, Ray\u00f3n y San Antonio La Isla respald\u00f3 a las candidatas a la presidencia municipal.<\/li>\n\n\n\n<li>Urgi\u00f3 a lograr una mayor\u00eda en la C\u00e1mara de Diputados que no sea sumisa ante el poder.<\/li>\n<\/ul>\n\n\n\n<p>Al asegurar que los mexiquenses no se van a resignar a la tragedia que vive el pa\u00eds por un gobierno que fall\u00f3 en todo, la presidenta del Comit\u00e9 Directivo Estatal (CDE), Ana Lilia Herrera Anzaldo, convoc\u00f3 a un voto masivo para los candidatos y candidatas del PRI que est\u00e1n en contienda electoral.<\/p>\n\n\n\n<p>En campa\u00f1a por los municipios de Tenango del Valle, Ray\u00f3n y San Antonio La Isla, la dirigente partidista destac\u00f3 la importancia de votar por X\u00f3chitl G\u00e1lvez a la Presidencia de la Rep\u00fablica y Brenda Alvarado al Senado, as\u00ed como por diputados federales y locales para ganar la mayor\u00eda en el Congreso.<\/p>\n\n\n\n<p>La jefa de partido llam\u00f3 a la militancia pri\u00edsta y simpatizantes a tomar las calles para ganar conciencias y asegurar una mayor\u00eda legislativa que no sea sumisa ante el poder y trabajar para construir un mejor presupuesto para los asuntos de seguridad, salud, campo y educaci\u00f3n.<\/p>\n\n\n\n<p>\u201cEstamos frente al riesgo de una dictadura y no hay margen de error, no podemos equivocarnos a la hora de votar pues est\u00e1 en juego el bienestar de las familias y el destino del pa\u00eds\u201d, alert\u00f3.<\/p>\n\n\n\n<p>En su intervenci\u00f3n, la candidata a la presidencia municipal de Tenango, Karla Aguilar Talavera, sostuvo que su campa\u00f1a territorial se conduce con energ\u00eda, determinaci\u00f3n y una voluntad a prueba de todo. \u201c En el municipio hay diversidad y productividad en su campo, somos el principal productor de la regi\u00f3n y su gente merece mejores condiciones\u201d, a\u00f1adi\u00f3.<\/p>\n\n\n\n<p>En Ray\u00f3n, la candidata a la presidencia municipal, Edna Talavera Mercado, asegur\u00f3 que los gobiernos del PRI son garant\u00eda para el desarrollo. Afirm\u00f3 que su equipo de campa\u00f1a se ha rifado, incondicionalmente, para detonar el activismo y la estructura electoral que se mueve con j\u00f2venes y sociedad en general.<\/p>\n\n\n\n<p>Alejandra Castro como candidata a la presidencia municipal de San Antonio La Isla llam\u00f3 a acelerar el paso para garantizar el triunfo del 2 de junio. \u201cEst\u00e1 en juego recuperar la tranquilidad de las calles y por eso vamos por m\u00e1s; somos la mejor opci\u00f3n; es el momento de inspirar y cambiar la historia de nuestra patria\u201d, dijo.<\/p>\n","protected":false},"excerpt":{"rendered":"<p>Al asegurar que los mexiquenses no se van a resignar a la tragedia que vive el pa\u00eds por un gobierno que fall\u00f3 en todo, la presidenta del Comit\u00e9 Directivo Estatal (CDE), Ana Lilia Herrera Anzaldo, convoc\u00f3 a un voto masivo para los candidatos y candidatas del PRI que est\u00e1n en contienda electoral.<\/p>\n","protected":false},"author":1,"featured_media":5492,"comment_status":"open","ping_status":"open","sticky":false,"template":"","format":"standard","meta":{"footnotes":""},"categories":[12,1],"tags":[393,97,33],"class_list":["post-5491","post","type-post","status-publish","format-standard","has-post-thumbnail","hentry","category-politica","category-sociedad","tag-ana-lilia-herrera-anzaldo","tag-edomex","tag-pri"],"yoast_head":"<!-- This site is optimized with the Yoast SEO plugin v24.9 - https:\/\/yoast.com\/wordpress\/plugins\/seo\/ -->\n<title>VOTO MASIVO AL PRI PARA TENER MAYOR\u00cdA EN EL CONGRESO: ANA LILIA HERRERA - 21 Panorama<\/title>\n<meta name=\"robots\" content=\"index, follow, max-snippet:-1, max-image-preview:large, max-video-preview:-1\" \/>\n<link rel=\"canonical\" href=\"https:\/\/21panorama.com\/index.php\/2024\/05\/23\/voto-masivo-al-pri-para-tener-mayoria-en-el-congreso-ana-lilia-herrera\/\" \/>\n<meta property=\"og:locale\" content=\"es_MX\" \/>\n<meta property=\"og:type\" content=\"article\" \/>\n<meta property=\"og:title\" content=\"VOTO MASIVO AL PRI PARA TENER MAYOR\u00cdA EN EL CONGRESO: ANA LILIA HERRERA - 21 Panorama\" \/>\n<meta property=\"og:description\" content=\"Al asegurar que los mexiquenses no se van a resignar a la tragedia que vive el pa\u00eds por un gobierno que fall\u00f3 en todo, la presidenta del Comit\u00e9 Directivo Estatal (CDE), Ana Lilia Herrera Anzaldo, convoc\u00f3 a un voto masivo para los candidatos y candidatas del PRI que est\u00e1n en contienda electoral.\" \/>\n<meta property=\"og:url\" content=\"https:\/\/21panorama.com\/index.php\/2024\/05\/23\/voto-masivo-al-pri-para-tener-mayoria-en-el-congreso-ana-lilia-herrera\/\" \/>\n<meta property=\"og:site_name\" content=\"21 Panorama\" \/>\n<meta property=\"article:published_time\" content=\"2024-05-24T00:03:26+00:00\" \/>\n<meta property=\"article:modified_time\" content=\"2024-05-24T00:03:48+00:00\" \/>\n<meta property=\"og:image\" content=\"https:\/\/21panorama.com\/wp-content\/uploads\/2024\/05\/WhatsApp-Image-2024-05-23-at-5.47.39-PM.jpeg\" \/>\n\t<meta property=\"og:image:width\" content=\"1600\" \/>\n\t<meta property=\"og:image:height\" content=\"832\" \/>\n\t<meta property=\"og:image:type\" content=\"image\/jpeg\" \/>\n<meta name=\"author\" content=\"admin\" \/>\n<meta name=\"twitter:card\" content=\"summary_large_image\" \/>\n<meta name=\"twitter:label1\" content=\"Escrito por\" \/>\n\t<meta name=\"twitter:data1\" content=\"admin\" \/>\n\t<meta name=\"twitter:label2\" content=\"Tiempo de lectura\" \/>\n\t<meta name=\"twitter:data2\" content=\"2 minutos\" \/>\n<script type=\"application\/ld+json\" class=\"yoast-schema-graph\">{\"@context\":\"https:\/\/schema.org\",\"@graph\":[{\"@type\":\"Article\",\"@id\":\"https:\/\/21panorama.com\/index.php\/2024\/05\/23\/voto-masivo-al-pri-para-tener-mayoria-en-el-congreso-ana-lilia-herrera\/#article\",\"isPartOf\":{\"@id\":\"https:\/\/21panorama.com\/index.php\/2024\/05\/23\/voto-masivo-al-pri-para-tener-mayoria-en-el-congreso-ana-lilia-herrera\/\"},\"author\":{\"name\":\"admin\",\"@id\":\"https:\/\/21panorama.com\/#\/schema\/person\/1afc291b96d5792a158768324287319f\"},\"headline\":\"VOTO MASIVO AL PRI PARA TENER MAYOR\u00cdA EN EL CONGRESO: ANA LILIA HERRERA\",\"datePublished\":\"2024-05-24T00:03:26+00:00\",\"dateModified\":\"2024-05-24T00:03:48+00:00\",\"mainEntityOfPage\":{\"@id\":\"https:\/\/21panorama.com\/index.php\/2024\/05\/23\/voto-masivo-al-pri-para-tener-mayoria-en-el-congreso-ana-lilia-herrera\/\"},\"wordCount\":423,\"commentCount\":0,\"publisher\":{\"@id\":\"https:\/\/21panorama.com\/#organization\"},\"image\":{\"@id\":\"https:\/\/21panorama.com\/index.php\/2024\/05\/23\/voto-masivo-al-pri-para-tener-mayoria-en-el-congreso-ana-lilia-herrera\/#primaryimage\"},\"thumbnailUrl\":\"https:\/\/21panorama.com\/wp-content\/uploads\/2024\/05\/WhatsApp-Image-2024-05-23-at-5.47.39-PM.jpeg\",\"keywords\":[\"Ana Lilia Herrera Anzaldo\",\"EDOMEX\",\"PRI\"],\"articleSection\":[\"Politica\",\"Sociedad\"],\"inLanguage\":\"es\",\"potentialAction\":[{\"@type\":\"CommentAction\",\"name\":\"Comment\",\"target\":[\"https:\/\/21panorama.com\/index.php\/2024\/05\/23\/voto-masivo-al-pri-para-tener-mayoria-en-el-congreso-ana-lilia-herrera\/#respond\"]}]},{\"@type\":\"WebPage\",\"@id\":\"https:\/\/21panorama.com\/index.php\/2024\/05\/23\/voto-masivo-al-pri-para-tener-mayoria-en-el-congreso-ana-lilia-herrera\/\",\"url\":\"https:\/\/21panorama.com\/index.php\/2024\/05\/23\/voto-masivo-al-pri-para-tener-mayoria-en-el-congreso-ana-lilia-herrera\/\",\"name\":\"VOTO MASIVO AL PRI PARA TENER MAYOR\u00cdA EN EL CONGRESO: ANA LILIA HERRERA - 21 Panorama\",\"isPartOf\":{\"@id\":\"https:\/\/21panorama.com\/#website\"},\"primaryImageOfPage\":{\"@id\":\"https:\/\/21panorama.com\/index.php\/2024\/05\/23\/voto-masivo-al-pri-para-tener-mayoria-en-el-congreso-ana-lilia-herrera\/#primaryimage\"},\"image\":{\"@id\":\"https:\/\/21panorama.com\/index.php\/2024\/05\/23\/voto-masivo-al-pri-para-tener-mayoria-en-el-congreso-ana-lilia-herrera\/#primaryimage\"},\"thumbnailUrl\":\"https:\/\/21panorama.com\/wp-content\/uploads\/2024\/05\/WhatsApp-Image-2024-05-23-at-5.47.39-PM.jpeg\",\"datePublished\":\"2024-05-24T00:03:26+00:00\",\"dateModified\":\"2024-05-24T00:03:48+00:00\",\"breadcrumb\":{\"@id\":\"https:\/\/21panorama.com\/index.php\/2024\/05\/23\/voto-masivo-al-pri-para-tener-mayoria-en-el-congreso-ana-lilia-herrera\/#breadcrumb\"},\"inLanguage\":\"es\",\"potentialAction\":[{\"@type\":\"ReadAction\",\"target\":[\"https:\/\/21panorama.com\/index.php\/2024\/05\/23\/voto-masivo-al-pri-para-tener-mayoria-en-el-congreso-ana-lilia-herrera\/\"]}]},{\"@type\":\"ImageObject\",\"inLanguage\":\"es\",\"@id\":\"https:\/\/21panorama.com\/index.php\/2024\/05\/23\/voto-masivo-al-pri-para-tener-mayoria-en-el-congreso-ana-lilia-herrera\/#primaryimage\",\"url\":\"https:\/\/21panorama.com\/wp-content\/uploads\/2024\/05\/WhatsApp-Image-2024-05-23-at-5.47.39-PM.jpeg\",\"contentUrl\":\"https:\/\/21panorama.com\/wp-content\/uploads\/2024\/05\/WhatsApp-Image-2024-05-23-at-5.47.39-PM.jpeg\",\"width\":1600,\"height\":832},{\"@type\":\"BreadcrumbList\",\"@id\":\"https:\/\/21panorama.com\/index.php\/2024\/05\/23\/voto-masivo-al-pri-para-tener-mayoria-en-el-congreso-ana-lilia-herrera\/#breadcrumb\",\"itemListElement\":[{\"@type\":\"ListItem\",\"position\":1,\"name\":\"Inicio\",\"item\":\"https:\/\/21panorama.com\/\"},{\"@type\":\"ListItem\",\"position\":2,\"name\":\"VOTO MASIVO AL PRI PARA TENER MAYOR\u00cdA EN EL CONGRESO: ANA LILIA HERRERA\"}]},{\"@type\":\"WebSite\",\"@id\":\"https:\/\/21panorama.com\/#website\",\"url\":\"https:\/\/21panorama.com\/\",\"name\":\"21 Panorama\",\"description\":\"La construcci\u00f3n de la opini\u00f3n p\u00fablica merece un mejor Panorama en este siglo 21 para alcanzar una sociedad con mayor transparencia y sin corrupci\u00f3n.\",\"publisher\":{\"@id\":\"https:\/\/21panorama.com\/#organization\"},\"potentialAction\":[{\"@type\":\"SearchAction\",\"target\":{\"@type\":\"EntryPoint\",\"urlTemplate\":\"https:\/\/21panorama.com\/?s={search_term_string}\"},\"query-input\":{\"@type\":\"PropertyValueSpecification\",\"valueRequired\":true,\"valueName\":\"search_term_string\"}}],\"inLanguage\":\"es\"},{\"@type\":\"Organization\",\"@id\":\"https:\/\/21panorama.com\/#organization\",\"name\":\"21 Panorama\",\"url\":\"https:\/\/21panorama.com\/\",\"logo\":{\"@type\":\"ImageObject\",\"inLanguage\":\"es\",\"@id\":\"https:\/\/21panorama.com\/#\/schema\/logo\/image\/\",\"url\":\"https:\/\/21panorama.com\/wp-content\/uploads\/2019\/07\/cropped-Logo-Panorama-01.jpeg\",\"contentUrl\":\"https:\/\/21panorama.com\/wp-content\/uploads\/2019\/07\/cropped-Logo-Panorama-01.jpeg\",\"width\":290,\"height\":70,\"caption\":\"21 Panorama\"},\"image\":{\"@id\":\"https:\/\/21panorama.com\/#\/schema\/logo\/image\/\"}},{\"@type\":\"Person\",\"@id\":\"https:\/\/21panorama.com\/#\/schema\/person\/1afc291b96d5792a158768324287319f\",\"name\":\"admin\",\"image\":{\"@type\":\"ImageObject\",\"inLanguage\":\"es\",\"@id\":\"https:\/\/21panorama.com\/#\/schema\/person\/image\/\",\"url\":\"https:\/\/secure.gravatar.com\/avatar\/ad365d9d9f46719215b0d042cc3df92a5a8683e09ef13d102233e5491985f0f0?s=96&d=mm&r=g\",\"contentUrl\":\"https:\/\/secure.gravatar.com\/avatar\/ad365d9d9f46719215b0d042cc3df92a5a8683e09ef13d102233e5491985f0f0?s=96&d=mm&r=g\",\"caption\":\"admin\"},\"url\":\"https:\/\/21panorama.com\/index.php\/author\/admin\/\"}]}<\/script>\n<!-- \/ Yoast SEO plugin. -->","yoast_head_json":{"title":"VOTO MASIVO AL PRI PARA TENER MAYOR\u00cdA EN EL CONGRESO: ANA LILIA HERRERA - 21 Panorama","robots":{"index":"index","follow":"follow","max-snippet":"max-snippet:-1","max-image-preview":"max-image-preview:large","max-video-preview":"max-video-preview:-1"},"canonical":"https:\/\/21panorama.com\/index.php\/2024\/05\/23\/voto-masivo-al-pri-para-tener-mayoria-en-el-congreso-ana-lilia-herrera\/","og_locale":"es_MX","og_type":"article","og_title":"VOTO MASIVO AL PRI PARA TENER MAYOR\u00cdA EN EL CONGRESO: ANA LILIA HERRERA - 21 Panorama","og_description":"Al asegurar que los mexiquenses no se van a resignar a la tragedia que vive el pa\u00eds por un gobierno que fall\u00f3 en todo, la presidenta del Comit\u00e9 Directivo Estatal (CDE), Ana Lilia Herrera Anzaldo, convoc\u00f3 a un voto masivo para los candidatos y candidatas del PRI que est\u00e1n en contienda electoral.","og_url":"https:\/\/21panorama.com\/index.php\/2024\/05\/23\/voto-masivo-al-pri-para-tener-mayoria-en-el-congreso-ana-lilia-herrera\/","og_site_name":"21 Panorama","article_published_time":"2024-05-24T00:03:26+00:00","article_modified_time":"2024-05-24T00:03:48+00:00","og_image":[{"width":1600,"height":832,"url":"https:\/\/21panorama.com\/wp-content\/uploads\/2024\/05\/WhatsApp-Image-2024-05-23-at-5.47.39-PM.jpeg","type":"image\/jpeg"}],"author":"admin","twitter_card":"summary_large_image","twitter_misc":{"Escrito por":"admin","Tiempo de lectura":"2 minutos"},"schema":{"@context":"https:\/\/schema.org","@graph":[{"@type":"Article","@id":"https:\/\/21panorama.com\/index.php\/2024\/05\/23\/voto-masivo-al-pri-para-tener-mayoria-en-el-congreso-ana-lilia-herrera\/#article","isPartOf":{"@id":"https:\/\/21panorama.com\/index.php\/2024\/05\/23\/voto-masivo-al-pri-para-tener-mayoria-en-el-congreso-ana-lilia-herrera\/"},"author":{"name":"admin","@id":"https:\/\/21panorama.com\/#\/schema\/person\/1afc291b96d5792a158768324287319f"},"headline":"VOTO MASIVO AL PRI PARA TENER MAYOR\u00cdA EN EL CONGRESO: ANA LILIA HERRERA","datePublished":"2024-05-24T00:03:26+00:00","dateModified":"2024-05-24T00:03:48+00:00","mainEntityOfPage":{"@id":"https:\/\/21panorama.com\/index.php\/2024\/05\/23\/voto-masivo-al-pri-para-tener-mayoria-en-el-congreso-ana-lilia-herrera\/"},"wordCount":423,"commentCount":0,"publisher":{"@id":"https:\/\/21panorama.com\/#organization"},"image":{"@id":"https:\/\/21panorama.com\/index.php\/2024\/05\/23\/voto-masivo-al-pri-para-tener-mayoria-en-el-congreso-ana-lilia-herrera\/#primaryimage"},"thumbnailUrl":"https:\/\/21panorama.com\/wp-content\/uploads\/2024\/05\/WhatsApp-Image-2024-05-23-at-5.47.39-PM.jpeg","keywords":["Ana Lilia Herrera Anzaldo","EDOMEX","PRI"],"articleSection":["Politica","Sociedad"],"inLanguage":"es","potentialAction":[{"@type":"CommentAction","name":"Comment","target":["https:\/\/21panorama.com\/index.php\/2024\/05\/23\/voto-masivo-al-pri-para-tener-mayoria-en-el-congreso-ana-lilia-herrera\/#respond"]}]},{"@type":"WebPage","@id":"https:\/\/21panorama.com\/index.php\/2024\/05\/23\/voto-masivo-al-pri-para-tener-mayoria-en-el-congreso-ana-lilia-herrera\/","url":"https:\/\/21panorama.com\/index.php\/2024\/05\/23\/voto-masivo-al-pri-para-tener-mayoria-en-el-congreso-ana-lilia-herrera\/","name":"VOTO MASIVO AL PRI PARA TENER MAYOR\u00cdA EN EL CONGRESO: ANA LILIA HERRERA - 21 Panorama","isPartOf":{"@id":"https:\/\/21panorama.com\/#website"},"primaryImageOfPage":{"@id":"https:\/\/21panorama.com\/index.php\/2024\/05\/23\/voto-masivo-al-pri-para-tener-mayoria-en-el-congreso-ana-lilia-herrera\/#primaryimage"},"image":{"@id":"https:\/\/21panorama.com\/index.php\/2024\/05\/23\/voto-masivo-al-pri-para-tener-mayoria-en-el-congreso-ana-lilia-herrera\/#primaryimage"},"thumbnailUrl":"https:\/\/21panorama.com\/wp-content\/uploads\/2024\/05\/WhatsApp-Image-2024-05-23-at-5.47.39-PM.jpeg","datePublished":"2024-05-24T00:03:26+00:00","dateModified":"2024-05-24T00:03:48+00:00","breadcrumb":{"@id":"https:\/\/21panorama.com\/index.php\/2024\/05\/23\/voto-masivo-al-pri-para-tener-mayoria-en-el-congreso-ana-lilia-herrera\/#breadcrumb"},"inLanguage":"es","potentialAction":[{"@type":"ReadAction","target":["https:\/\/21panorama.com\/index.php\/2024\/05\/23\/voto-masivo-al-pri-para-tener-mayoria-en-el-congreso-ana-lilia-herrera\/"]}]},{"@type":"ImageObject","inLanguage":"es","@id":"https:\/\/21panorama.com\/index.php\/2024\/05\/23\/voto-masivo-al-pri-para-tener-mayoria-en-el-congreso-ana-lilia-herrera\/#primaryimage","url":"https:\/\/21panorama.com\/wp-content\/uploads\/2024\/05\/WhatsApp-Image-2024-05-23-at-5.47.39-PM.jpeg","contentUrl":"https:\/\/21panorama.com\/wp-content\/uploads\/2024\/05\/WhatsApp-Image-2024-05-23-at-5.47.39-PM.jpeg","width":1600,"height":832},{"@type":"BreadcrumbList","@id":"https:\/\/21panorama.com\/index.php\/2024\/05\/23\/voto-masivo-al-pri-para-tener-mayoria-en-el-congreso-ana-lilia-herrera\/#breadcrumb","itemListElement":[{"@type":"ListItem","position":1,"name":"Inicio","item":"https:\/\/21panorama.com\/"},{"@type":"ListItem","position":2,"name":"VOTO MASIVO AL PRI PARA TENER MAYOR\u00cdA EN EL CONGRESO: ANA LILIA HERRERA"}]},{"@type":"WebSite","@id":"https:\/\/21panorama.com\/#website","url":"https:\/\/21panorama.com\/","name":"21 Panorama","description":"La construcci\u00f3n de la opini\u00f3n p\u00fablica merece un mejor Panorama en este siglo 21 para alcanzar una sociedad con mayor transparencia y sin corrupci\u00f3n.","publisher":{"@id":"https:\/\/21panorama.com\/#organization"},"potentialAction":[{"@type":"SearchAction","target":{"@type":"EntryPoint","urlTemplate":"https:\/\/21panorama.com\/?s={search_term_string}"},"query-input":{"@type":"PropertyValueSpecification","valueRequired":true,"valueName":"search_term_string"}}],"inLanguage":"es"},{"@type":"Organization","@id":"https:\/\/21panorama.com\/#organization","name":"21 Panorama","url":"https:\/\/21panorama.com\/","logo":{"@type":"ImageObject","inLanguage":"es","@id":"https:\/\/21panorama.com\/#\/schema\/logo\/image\/","url":"https:\/\/21panorama.com\/wp-content\/uploads\/2019\/07\/cropped-Logo-Panorama-01.jpeg","contentUrl":"https:\/\/21panorama.com\/wp-content\/uploads\/2019\/07\/cropped-Logo-Panorama-01.jpeg","width":290,"height":70,"caption":"21 Panorama"},"image":{"@id":"https:\/\/21panorama.com\/#\/schema\/logo\/image\/"}},{"@type":"Person","@id":"https:\/\/21panorama.com\/#\/schema\/person\/1afc291b96d5792a158768324287319f","name":"admin","image":{"@type":"ImageObject","inLanguage":"es","@id":"https:\/\/21panorama.com\/#\/schema\/person\/image\/","url":"https:\/\/secure.gravatar.com\/avatar\/ad365d9d9f46719215b0d042cc3df92a5a8683e09ef13d102233e5491985f0f0?s=96&d=mm&r=g","contentUrl":"https:\/\/secure.gravatar.com\/avatar\/ad365d9d9f46719215b0d042cc3df92a5a8683e09ef13d102233e5491985f0f0?s=96&d=mm&r=g","caption":"admin"},"url":"https:\/\/21panorama.com\/index.php\/author\/admin\/"}]}},"_links":{"self":[{"href":"https:\/\/21panorama.com\/index.php\/wp-json\/wp\/v2\/posts\/5491","targetHints":{"allow":["GET"]}}],"collection":[{"href":"https:\/\/21panorama.com\/index.php\/wp-json\/wp\/v2\/posts"}],"about":[{"href":"https:\/\/21panorama.com\/index.php\/wp-json\/wp\/v2\/types\/post"}],"author":[{"embeddable":true,"href":"https:\/\/21panorama.com\/index.php\/wp-json\/wp\/v2\/users\/1"}],"replies":[{"embeddable":true,"href":"https:\/\/21panorama.com\/index.php\/wp-json\/wp\/v2\/comments?post=5491"}],"version-history":[{"count":2,"href":"https:\/\/21panorama.com\/index.php\/wp-json\/wp\/v2\/posts\/5491\/revisions"}],"predecessor-version":[{"id":5494,"href":"https:\/\/21panorama.com\/index.php\/wp-json\/wp\/v2\/posts\/5491\/revisions\/5494"}],"wp:featuredmedia":[{"embeddable":true,"href":"https:\/\/21panorama.com\/index.php\/wp-json\/wp\/v2\/media\/5492"}],"wp:attachment":[{"href":"https:\/\/21panorama.com\/index.php\/wp-json\/wp\/v2\/media?parent=5491"}],"wp:term":[{"taxonomy":"category","embeddable":true,"href":"https:\/\/21panorama.com\/index.php\/wp-json\/wp\/v2\/categories?post=5491"},{"taxonomy":"post_tag","embeddable":true,"href":"https:\/\/21panorama.com\/index.php\/wp-json\/wp\/v2\/tags?post=5491"}],"curies":[{"name":"wp","href":"https:\/\/api.w.org\/{rel}","templated":true}]}}