{"id":5488,"date":"2024-05-23T15:24:19","date_gmt":"2024-05-23T20:24:19","guid":{"rendered":"https:\/\/21panorama.com\/?p=5488"},"modified":"2024-05-23T15:24:20","modified_gmt":"2024-05-23T20:24:20","slug":"cristina-gonzalez-cruz-a-13-dias-de-las-elecciones-aventaja-preferencias-electorales-y-martha-guerrero-se-niega-a-participar-en-un-debate-electoral","status":"publish","type":"post","link":"https:\/\/21panorama.com\/index.php\/2024\/05\/23\/cristina-gonzalez-cruz-a-13-dias-de-las-elecciones-aventaja-preferencias-electorales-y-martha-guerrero-se-niega-a-participar-en-un-debate-electoral\/","title":{"rendered":"CRISTINA GONZ\u00c1LEZ CRUZ, A 13 D\u00cdAS DE LAS ELECCIONES AVENTAJA PREFERENCIAS ELECTORALES Y MARTHA GUERRERO SE NIEGA A PARTICIPAR EN UN DEBATE ELECTORAL."},"content":{"rendered":"\n<p><\/p>\n\n\n\n<p>\u2022 La candidata, Cristina Gonz\u00e1lez Cruz, contin\u00faa recorriendo cada rinc\u00f3n del municipio, adem\u00e1s de firmar compromisos que dar\u00e1n continuidad a su trabajo, con ello, la aceptaci\u00f3n con la ciudadan\u00eda se incrementa al cierre de esta campa\u00f1a.<\/p>\n\n\n\n<p>Por su parte, la candidata Martha Guerrero, se niega a participar en un debate electoral, as\u00ed lo inform\u00f3 su equipo en una carta dirigida a la Presidenta del Consejo Municipal Electoral de La Paz, argumentando que su ausencia se debe a la carga de actividades y compromisos que genera una campa\u00f1a; al preguntarle a vecinos de la paz sobre la negativa de la candidata a asistir al debate, mencionaron lo siguiente, \u201cla ciudadan\u00eda tiene derecho a estar informado y si un candidato se niega a participar en un debate incurre en una falta de \u00e9tica\u201d.<\/p>\n\n\n\n<p>De acuerdo con encuestas realizadas por diferentes medios locales, Cristina Gonz\u00e1lez Cruz, candidata de la Coalici\u00f3n Fuerza y Coraz\u00f3n por el Estado de M\u00e9xico, incremento las preferencias electorales en La Paz, alcanzando un 53% con intenci\u00f3n de voto, lo que le bastar\u00eda para ganar las elecciones este 2 de junio.<\/p>\n\n\n\n<p>Con ello, la alcaldesa con licencia de La Paz, Cristina Gonz\u00e1lez Cruz, dar\u00eda continuidad a los proyectos de su administraci\u00f3n, generando propuestas para la continuidad como presidencia municipal, adem\u00e1s ha mencionado que su campa\u00f1a es de propuestas, pero tambi\u00e9n de resultados, refiriendo a el trabajo realizado durante su gesti\u00f3n como presidenta municipal.<\/p>\n","protected":false},"excerpt":{"rendered":"<p>La candidata, Cristina Gonz\u00e1lez Cruz, contin\u00faa recorriendo cada rinc\u00f3n del municipio, adem\u00e1s de firmar compromisos que dar\u00e1n continuidad a su trabajo, con ello, la aceptaci\u00f3n con la ciudadan\u00eda se incrementa al cierre de esta campa\u00f1a.<\/p>\n","protected":false},"author":1,"featured_media":5489,"comment_status":"open","ping_status":"open","sticky":false,"template":"","format":"standard","meta":{"footnotes":""},"categories":[12,1],"tags":[412,97,222,411],"class_list":["post-5488","post","type-post","status-publish","format-standard","has-post-thumbnail","hentry","category-politica","category-sociedad","tag-cristina-gonzalez-cruz","tag-edomex","tag-gem","tag-la-paz"],"yoast_head":"<!-- This site is optimized with the Yoast SEO plugin v24.9 - https:\/\/yoast.com\/wordpress\/plugins\/seo\/ -->\n<title>CRISTINA GONZ\u00c1LEZ CRUZ, A 13 D\u00cdAS DE LAS ELECCIONES AVENTAJA PREFERENCIAS ELECTORALES Y MARTHA GUERRERO SE NIEGA A PARTICIPAR EN UN DEBATE ELECTORAL. - 21 Panorama<\/title>\n<meta name=\"robots\" content=\"index, follow, max-snippet:-1, max-image-preview:large, max-video-preview:-1\" \/>\n<link rel=\"canonical\" href=\"https:\/\/21panorama.com\/index.php\/2024\/05\/23\/cristina-gonzalez-cruz-a-13-dias-de-las-elecciones-aventaja-preferencias-electorales-y-martha-guerrero-se-niega-a-participar-en-un-debate-electoral\/\" \/>\n<meta property=\"og:locale\" content=\"es_MX\" \/>\n<meta property=\"og:type\" content=\"article\" \/>\n<meta property=\"og:title\" content=\"CRISTINA GONZ\u00c1LEZ CRUZ, A 13 D\u00cdAS DE LAS ELECCIONES AVENTAJA PREFERENCIAS ELECTORALES Y MARTHA GUERRERO SE NIEGA A PARTICIPAR EN UN DEBATE ELECTORAL. - 21 Panorama\" \/>\n<meta property=\"og:description\" content=\"La candidata, Cristina Gonz\u00e1lez Cruz, contin\u00faa recorriendo cada rinc\u00f3n del municipio, adem\u00e1s de firmar compromisos que dar\u00e1n continuidad a su trabajo, con ello, la aceptaci\u00f3n con la ciudadan\u00eda se incrementa al cierre de esta campa\u00f1a.\" \/>\n<meta property=\"og:url\" content=\"https:\/\/21panorama.com\/index.php\/2024\/05\/23\/cristina-gonzalez-cruz-a-13-dias-de-las-elecciones-aventaja-preferencias-electorales-y-martha-guerrero-se-niega-a-participar-en-un-debate-electoral\/\" \/>\n<meta property=\"og:site_name\" content=\"21 Panorama\" \/>\n<meta property=\"article:published_time\" content=\"2024-05-23T20:24:19+00:00\" \/>\n<meta property=\"article:modified_time\" content=\"2024-05-23T20:24:20+00:00\" \/>\n<meta property=\"og:image\" content=\"https:\/\/21panorama.com\/wp-content\/uploads\/2024\/05\/WhatsApp-Image-2024-05-23-at-2.11.48-PM.jpeg\" \/>\n\t<meta property=\"og:image:width\" content=\"1440\" \/>\n\t<meta property=\"og:image:height\" content=\"970\" \/>\n\t<meta property=\"og:image:type\" content=\"image\/jpeg\" \/>\n<meta name=\"author\" content=\"admin\" \/>\n<meta name=\"twitter:card\" content=\"summary_large_image\" \/>\n<meta name=\"twitter:label1\" content=\"Escrito por\" \/>\n\t<meta name=\"twitter:data1\" content=\"admin\" \/>\n\t<meta name=\"twitter:label2\" content=\"Tiempo de lectura\" \/>\n\t<meta name=\"twitter:data2\" content=\"2 minutos\" \/>\n<script type=\"application\/ld+json\" class=\"yoast-schema-graph\">{\"@context\":\"https:\/\/schema.org\",\"@graph\":[{\"@type\":\"Article\",\"@id\":\"https:\/\/21panorama.com\/index.php\/2024\/05\/23\/cristina-gonzalez-cruz-a-13-dias-de-las-elecciones-aventaja-preferencias-electorales-y-martha-guerrero-se-niega-a-participar-en-un-debate-electoral\/#article\",\"isPartOf\":{\"@id\":\"https:\/\/21panorama.com\/index.php\/2024\/05\/23\/cristina-gonzalez-cruz-a-13-dias-de-las-elecciones-aventaja-preferencias-electorales-y-martha-guerrero-se-niega-a-participar-en-un-debate-electoral\/\"},\"author\":{\"name\":\"admin\",\"@id\":\"https:\/\/21panorama.com\/#\/schema\/person\/1afc291b96d5792a158768324287319f\"},\"headline\":\"CRISTINA GONZ\u00c1LEZ CRUZ, A 13 D\u00cdAS DE LAS ELECCIONES AVENTAJA PREFERENCIAS ELECTORALES Y MARTHA GUERRERO SE NIEGA A PARTICIPAR EN UN DEBATE ELECTORAL.\",\"datePublished\":\"2024-05-23T20:24:19+00:00\",\"dateModified\":\"2024-05-23T20:24:20+00:00\",\"mainEntityOfPage\":{\"@id\":\"https:\/\/21panorama.com\/index.php\/2024\/05\/23\/cristina-gonzalez-cruz-a-13-dias-de-las-elecciones-aventaja-preferencias-electorales-y-martha-guerrero-se-niega-a-participar-en-un-debate-electoral\/\"},\"wordCount\":277,\"commentCount\":0,\"publisher\":{\"@id\":\"https:\/\/21panorama.com\/#organization\"},\"image\":{\"@id\":\"https:\/\/21panorama.com\/index.php\/2024\/05\/23\/cristina-gonzalez-cruz-a-13-dias-de-las-elecciones-aventaja-preferencias-electorales-y-martha-guerrero-se-niega-a-participar-en-un-debate-electoral\/#primaryimage\"},\"thumbnailUrl\":\"https:\/\/21panorama.com\/wp-content\/uploads\/2024\/05\/WhatsApp-Image-2024-05-23-at-2.11.48-PM.jpeg\",\"keywords\":[\"Cristina Gonz\u00e1lez Cruz\",\"EDOMEX\",\"GEM\",\"La Paz\"],\"articleSection\":[\"Politica\",\"Sociedad\"],\"inLanguage\":\"es\",\"potentialAction\":[{\"@type\":\"CommentAction\",\"name\":\"Comment\",\"target\":[\"https:\/\/21panorama.com\/index.php\/2024\/05\/23\/cristina-gonzalez-cruz-a-13-dias-de-las-elecciones-aventaja-preferencias-electorales-y-martha-guerrero-se-niega-a-participar-en-un-debate-electoral\/#respond\"]}]},{\"@type\":\"WebPage\",\"@id\":\"https:\/\/21panorama.com\/index.php\/2024\/05\/23\/cristina-gonzalez-cruz-a-13-dias-de-las-elecciones-aventaja-preferencias-electorales-y-martha-guerrero-se-niega-a-participar-en-un-debate-electoral\/\",\"url\":\"https:\/\/21panorama.com\/index.php\/2024\/05\/23\/cristina-gonzalez-cruz-a-13-dias-de-las-elecciones-aventaja-preferencias-electorales-y-martha-guerrero-se-niega-a-participar-en-un-debate-electoral\/\",\"name\":\"CRISTINA GONZ\u00c1LEZ CRUZ, A 13 D\u00cdAS DE LAS ELECCIONES AVENTAJA PREFERENCIAS ELECTORALES Y MARTHA GUERRERO SE NIEGA A PARTICIPAR EN UN DEBATE ELECTORAL. - 21 Panorama\",\"isPartOf\":{\"@id\":\"https:\/\/21panorama.com\/#website\"},\"primaryImageOfPage\":{\"@id\":\"https:\/\/21panorama.com\/index.php\/2024\/05\/23\/cristina-gonzalez-cruz-a-13-dias-de-las-elecciones-aventaja-preferencias-electorales-y-martha-guerrero-se-niega-a-participar-en-un-debate-electoral\/#primaryimage\"},\"image\":{\"@id\":\"https:\/\/21panorama.com\/index.php\/2024\/05\/23\/cristina-gonzalez-cruz-a-13-dias-de-las-elecciones-aventaja-preferencias-electorales-y-martha-guerrero-se-niega-a-participar-en-un-debate-electoral\/#primaryimage\"},\"thumbnailUrl\":\"https:\/\/21panorama.com\/wp-content\/uploads\/2024\/05\/WhatsApp-Image-2024-05-23-at-2.11.48-PM.jpeg\",\"datePublished\":\"2024-05-23T20:24:19+00:00\",\"dateModified\":\"2024-05-23T20:24:20+00:00\",\"breadcrumb\":{\"@id\":\"https:\/\/21panorama.com\/index.php\/2024\/05\/23\/cristina-gonzalez-cruz-a-13-dias-de-las-elecciones-aventaja-preferencias-electorales-y-martha-guerrero-se-niega-a-participar-en-un-debate-electoral\/#breadcrumb\"},\"inLanguage\":\"es\",\"potentialAction\":[{\"@type\":\"ReadAction\",\"target\":[\"https:\/\/21panorama.com\/index.php\/2024\/05\/23\/cristina-gonzalez-cruz-a-13-dias-de-las-elecciones-aventaja-preferencias-electorales-y-martha-guerrero-se-niega-a-participar-en-un-debate-electoral\/\"]}]},{\"@type\":\"ImageObject\",\"inLanguage\":\"es\",\"@id\":\"https:\/\/21panorama.com\/index.php\/2024\/05\/23\/cristina-gonzalez-cruz-a-13-dias-de-las-elecciones-aventaja-preferencias-electorales-y-martha-guerrero-se-niega-a-participar-en-un-debate-electoral\/#primaryimage\",\"url\":\"https:\/\/21panorama.com\/wp-content\/uploads\/2024\/05\/WhatsApp-Image-2024-05-23-at-2.11.48-PM.jpeg\",\"contentUrl\":\"https:\/\/21panorama.com\/wp-content\/uploads\/2024\/05\/WhatsApp-Image-2024-05-23-at-2.11.48-PM.jpeg\",\"width\":1440,\"height\":970},{\"@type\":\"BreadcrumbList\",\"@id\":\"https:\/\/21panorama.com\/index.php\/2024\/05\/23\/cristina-gonzalez-cruz-a-13-dias-de-las-elecciones-aventaja-preferencias-electorales-y-martha-guerrero-se-niega-a-participar-en-un-debate-electoral\/#breadcrumb\",\"itemListElement\":[{\"@type\":\"ListItem\",\"position\":1,\"name\":\"Inicio\",\"item\":\"https:\/\/21panorama.com\/\"},{\"@type\":\"ListItem\",\"position\":2,\"name\":\"CRISTINA GONZ\u00c1LEZ CRUZ, A 13 D\u00cdAS DE LAS ELECCIONES AVENTAJA PREFERENCIAS ELECTORALES Y MARTHA GUERRERO SE NIEGA A PARTICIPAR EN UN DEBATE ELECTORAL.\"}]},{\"@type\":\"WebSite\",\"@id\":\"https:\/\/21panorama.com\/#website\",\"url\":\"https:\/\/21panorama.com\/\",\"name\":\"21 Panorama\",\"description\":\"La construcci\u00f3n de la opini\u00f3n p\u00fablica merece un mejor Panorama en este siglo 21 para alcanzar una sociedad con mayor transparencia y sin corrupci\u00f3n.\",\"publisher\":{\"@id\":\"https:\/\/21panorama.com\/#organization\"},\"potentialAction\":[{\"@type\":\"SearchAction\",\"target\":{\"@type\":\"EntryPoint\",\"urlTemplate\":\"https:\/\/21panorama.com\/?s={search_term_string}\"},\"query-input\":{\"@type\":\"PropertyValueSpecification\",\"valueRequired\":true,\"valueName\":\"search_term_string\"}}],\"inLanguage\":\"es\"},{\"@type\":\"Organization\",\"@id\":\"https:\/\/21panorama.com\/#organization\",\"name\":\"21 Panorama\",\"url\":\"https:\/\/21panorama.com\/\",\"logo\":{\"@type\":\"ImageObject\",\"inLanguage\":\"es\",\"@id\":\"https:\/\/21panorama.com\/#\/schema\/logo\/image\/\",\"url\":\"https:\/\/21panorama.com\/wp-content\/uploads\/2019\/07\/cropped-Logo-Panorama-01.jpeg\",\"contentUrl\":\"https:\/\/21panorama.com\/wp-content\/uploads\/2019\/07\/cropped-Logo-Panorama-01.jpeg\",\"width\":290,\"height\":70,\"caption\":\"21 Panorama\"},\"image\":{\"@id\":\"https:\/\/21panorama.com\/#\/schema\/logo\/image\/\"}},{\"@type\":\"Person\",\"@id\":\"https:\/\/21panorama.com\/#\/schema\/person\/1afc291b96d5792a158768324287319f\",\"name\":\"admin\",\"image\":{\"@type\":\"ImageObject\",\"inLanguage\":\"es\",\"@id\":\"https:\/\/21panorama.com\/#\/schema\/person\/image\/\",\"url\":\"https:\/\/secure.gravatar.com\/avatar\/ad365d9d9f46719215b0d042cc3df92a5a8683e09ef13d102233e5491985f0f0?s=96&d=mm&r=g\",\"contentUrl\":\"https:\/\/secure.gravatar.com\/avatar\/ad365d9d9f46719215b0d042cc3df92a5a8683e09ef13d102233e5491985f0f0?s=96&d=mm&r=g\",\"caption\":\"admin\"},\"url\":\"https:\/\/21panorama.com\/index.php\/author\/admin\/\"}]}<\/script>\n<!-- \/ Yoast SEO plugin. -->","yoast_head_json":{"title":"CRISTINA GONZ\u00c1LEZ CRUZ, A 13 D\u00cdAS DE LAS ELECCIONES AVENTAJA PREFERENCIAS ELECTORALES Y MARTHA GUERRERO SE NIEGA A PARTICIPAR EN UN DEBATE ELECTORAL. - 21 Panorama","robots":{"index":"index","follow":"follow","max-snippet":"max-snippet:-1","max-image-preview":"max-image-preview:large","max-video-preview":"max-video-preview:-1"},"canonical":"https:\/\/21panorama.com\/index.php\/2024\/05\/23\/cristina-gonzalez-cruz-a-13-dias-de-las-elecciones-aventaja-preferencias-electorales-y-martha-guerrero-se-niega-a-participar-en-un-debate-electoral\/","og_locale":"es_MX","og_type":"article","og_title":"CRISTINA GONZ\u00c1LEZ CRUZ, A 13 D\u00cdAS DE LAS ELECCIONES AVENTAJA PREFERENCIAS ELECTORALES Y MARTHA GUERRERO SE NIEGA A PARTICIPAR EN UN DEBATE ELECTORAL. - 21 Panorama","og_description":"La candidata, Cristina Gonz\u00e1lez Cruz, contin\u00faa recorriendo cada rinc\u00f3n del municipio, adem\u00e1s de firmar compromisos que dar\u00e1n continuidad a su trabajo, con ello, la aceptaci\u00f3n con la ciudadan\u00eda se incrementa al cierre de esta campa\u00f1a.","og_url":"https:\/\/21panorama.com\/index.php\/2024\/05\/23\/cristina-gonzalez-cruz-a-13-dias-de-las-elecciones-aventaja-preferencias-electorales-y-martha-guerrero-se-niega-a-participar-en-un-debate-electoral\/","og_site_name":"21 Panorama","article_published_time":"2024-05-23T20:24:19+00:00","article_modified_time":"2024-05-23T20:24:20+00:00","og_image":[{"width":1440,"height":970,"url":"https:\/\/21panorama.com\/wp-content\/uploads\/2024\/05\/WhatsApp-Image-2024-05-23-at-2.11.48-PM.jpeg","type":"image\/jpeg"}],"author":"admin","twitter_card":"summary_large_image","twitter_misc":{"Escrito por":"admin","Tiempo de lectura":"2 minutos"},"schema":{"@context":"https:\/\/schema.org","@graph":[{"@type":"Article","@id":"https:\/\/21panorama.com\/index.php\/2024\/05\/23\/cristina-gonzalez-cruz-a-13-dias-de-las-elecciones-aventaja-preferencias-electorales-y-martha-guerrero-se-niega-a-participar-en-un-debate-electoral\/#article","isPartOf":{"@id":"https:\/\/21panorama.com\/index.php\/2024\/05\/23\/cristina-gonzalez-cruz-a-13-dias-de-las-elecciones-aventaja-preferencias-electorales-y-martha-guerrero-se-niega-a-participar-en-un-debate-electoral\/"},"author":{"name":"admin","@id":"https:\/\/21panorama.com\/#\/schema\/person\/1afc291b96d5792a158768324287319f"},"headline":"CRISTINA GONZ\u00c1LEZ CRUZ, A 13 D\u00cdAS DE LAS ELECCIONES AVENTAJA PREFERENCIAS ELECTORALES Y MARTHA GUERRERO SE NIEGA A PARTICIPAR EN UN DEBATE ELECTORAL.","datePublished":"2024-05-23T20:24:19+00:00","dateModified":"2024-05-23T20:24:20+00:00","mainEntityOfPage":{"@id":"https:\/\/21panorama.com\/index.php\/2024\/05\/23\/cristina-gonzalez-cruz-a-13-dias-de-las-elecciones-aventaja-preferencias-electorales-y-martha-guerrero-se-niega-a-participar-en-un-debate-electoral\/"},"wordCount":277,"commentCount":0,"publisher":{"@id":"https:\/\/21panorama.com\/#organization"},"image":{"@id":"https:\/\/21panorama.com\/index.php\/2024\/05\/23\/cristina-gonzalez-cruz-a-13-dias-de-las-elecciones-aventaja-preferencias-electorales-y-martha-guerrero-se-niega-a-participar-en-un-debate-electoral\/#primaryimage"},"thumbnailUrl":"https:\/\/21panorama.com\/wp-content\/uploads\/2024\/05\/WhatsApp-Image-2024-05-23-at-2.11.48-PM.jpeg","keywords":["Cristina Gonz\u00e1lez Cruz","EDOMEX","GEM","La Paz"],"articleSection":["Politica","Sociedad"],"inLanguage":"es","potentialAction":[{"@type":"CommentAction","name":"Comment","target":["https:\/\/21panorama.com\/index.php\/2024\/05\/23\/cristina-gonzalez-cruz-a-13-dias-de-las-elecciones-aventaja-preferencias-electorales-y-martha-guerrero-se-niega-a-participar-en-un-debate-electoral\/#respond"]}]},{"@type":"WebPage","@id":"https:\/\/21panorama.com\/index.php\/2024\/05\/23\/cristina-gonzalez-cruz-a-13-dias-de-las-elecciones-aventaja-preferencias-electorales-y-martha-guerrero-se-niega-a-participar-en-un-debate-electoral\/","url":"https:\/\/21panorama.com\/index.php\/2024\/05\/23\/cristina-gonzalez-cruz-a-13-dias-de-las-elecciones-aventaja-preferencias-electorales-y-martha-guerrero-se-niega-a-participar-en-un-debate-electoral\/","name":"CRISTINA GONZ\u00c1LEZ CRUZ, A 13 D\u00cdAS DE LAS ELECCIONES AVENTAJA PREFERENCIAS ELECTORALES Y MARTHA GUERRERO SE NIEGA A PARTICIPAR EN UN DEBATE ELECTORAL. - 21 Panorama","isPartOf":{"@id":"https:\/\/21panorama.com\/#website"},"primaryImageOfPage":{"@id":"https:\/\/21panorama.com\/index.php\/2024\/05\/23\/cristina-gonzalez-cruz-a-13-dias-de-las-elecciones-aventaja-preferencias-electorales-y-martha-guerrero-se-niega-a-participar-en-un-debate-electoral\/#primaryimage"},"image":{"@id":"https:\/\/21panorama.com\/index.php\/2024\/05\/23\/cristina-gonzalez-cruz-a-13-dias-de-las-elecciones-aventaja-preferencias-electorales-y-martha-guerrero-se-niega-a-participar-en-un-debate-electoral\/#primaryimage"},"thumbnailUrl":"https:\/\/21panorama.com\/wp-content\/uploads\/2024\/05\/WhatsApp-Image-2024-05-23-at-2.11.48-PM.jpeg","datePublished":"2024-05-23T20:24:19+00:00","dateModified":"2024-05-23T20:24:20+00:00","breadcrumb":{"@id":"https:\/\/21panorama.com\/index.php\/2024\/05\/23\/cristina-gonzalez-cruz-a-13-dias-de-las-elecciones-aventaja-preferencias-electorales-y-martha-guerrero-se-niega-a-participar-en-un-debate-electoral\/#breadcrumb"},"inLanguage":"es","potentialAction":[{"@type":"ReadAction","target":["https:\/\/21panorama.com\/index.php\/2024\/05\/23\/cristina-gonzalez-cruz-a-13-dias-de-las-elecciones-aventaja-preferencias-electorales-y-martha-guerrero-se-niega-a-participar-en-un-debate-electoral\/"]}]},{"@type":"ImageObject","inLanguage":"es","@id":"https:\/\/21panorama.com\/index.php\/2024\/05\/23\/cristina-gonzalez-cruz-a-13-dias-de-las-elecciones-aventaja-preferencias-electorales-y-martha-guerrero-se-niega-a-participar-en-un-debate-electoral\/#primaryimage","url":"https:\/\/21panorama.com\/wp-content\/uploads\/2024\/05\/WhatsApp-Image-2024-05-23-at-2.11.48-PM.jpeg","contentUrl":"https:\/\/21panorama.com\/wp-content\/uploads\/2024\/05\/WhatsApp-Image-2024-05-23-at-2.11.48-PM.jpeg","width":1440,"height":970},{"@type":"BreadcrumbList","@id":"https:\/\/21panorama.com\/index.php\/2024\/05\/23\/cristina-gonzalez-cruz-a-13-dias-de-las-elecciones-aventaja-preferencias-electorales-y-martha-guerrero-se-niega-a-participar-en-un-debate-electoral\/#breadcrumb","itemListElement":[{"@type":"ListItem","position":1,"name":"Inicio","item":"https:\/\/21panorama.com\/"},{"@type":"ListItem","position":2,"name":"CRISTINA GONZ\u00c1LEZ CRUZ, A 13 D\u00cdAS DE LAS ELECCIONES AVENTAJA PREFERENCIAS ELECTORALES Y MARTHA GUERRERO SE NIEGA A PARTICIPAR EN UN DEBATE ELECTORAL."}]},{"@type":"WebSite","@id":"https:\/\/21panorama.com\/#website","url":"https:\/\/21panorama.com\/","name":"21 Panorama","description":"La construcci\u00f3n de la opini\u00f3n p\u00fablica merece un mejor Panorama en este siglo 21 para alcanzar una sociedad con mayor transparencia y sin corrupci\u00f3n.","publisher":{"@id":"https:\/\/21panorama.com\/#organization"},"potentialAction":[{"@type":"SearchAction","target":{"@type":"EntryPoint","urlTemplate":"https:\/\/21panorama.com\/?s={search_term_string}"},"query-input":{"@type":"PropertyValueSpecification","valueRequired":true,"valueName":"search_term_string"}}],"inLanguage":"es"},{"@type":"Organization","@id":"https:\/\/21panorama.com\/#organization","name":"21 Panorama","url":"https:\/\/21panorama.com\/","logo":{"@type":"ImageObject","inLanguage":"es","@id":"https:\/\/21panorama.com\/#\/schema\/logo\/image\/","url":"https:\/\/21panorama.com\/wp-content\/uploads\/2019\/07\/cropped-Logo-Panorama-01.jpeg","contentUrl":"https:\/\/21panorama.com\/wp-content\/uploads\/2019\/07\/cropped-Logo-Panorama-01.jpeg","width":290,"height":70,"caption":"21 Panorama"},"image":{"@id":"https:\/\/21panorama.com\/#\/schema\/logo\/image\/"}},{"@type":"Person","@id":"https:\/\/21panorama.com\/#\/schema\/person\/1afc291b96d5792a158768324287319f","name":"admin","image":{"@type":"ImageObject","inLanguage":"es","@id":"https:\/\/21panorama.com\/#\/schema\/person\/image\/","url":"https:\/\/secure.gravatar.com\/avatar\/ad365d9d9f46719215b0d042cc3df92a5a8683e09ef13d102233e5491985f0f0?s=96&d=mm&r=g","contentUrl":"https:\/\/secure.gravatar.com\/avatar\/ad365d9d9f46719215b0d042cc3df92a5a8683e09ef13d102233e5491985f0f0?s=96&d=mm&r=g","caption":"admin"},"url":"https:\/\/21panorama.com\/index.php\/author\/admin\/"}]}},"_links":{"self":[{"href":"https:\/\/21panorama.com\/index.php\/wp-json\/wp\/v2\/posts\/5488","targetHints":{"allow":["GET"]}}],"collection":[{"href":"https:\/\/21panorama.com\/index.php\/wp-json\/wp\/v2\/posts"}],"about":[{"href":"https:\/\/21panorama.com\/index.php\/wp-json\/wp\/v2\/types\/post"}],"author":[{"embeddable":true,"href":"https:\/\/21panorama.com\/index.php\/wp-json\/wp\/v2\/users\/1"}],"replies":[{"embeddable":true,"href":"https:\/\/21panorama.com\/index.php\/wp-json\/wp\/v2\/comments?post=5488"}],"version-history":[{"count":1,"href":"https:\/\/21panorama.com\/index.php\/wp-json\/wp\/v2\/posts\/5488\/revisions"}],"predecessor-version":[{"id":5490,"href":"https:\/\/21panorama.com\/index.php\/wp-json\/wp\/v2\/posts\/5488\/revisions\/5490"}],"wp:featuredmedia":[{"embeddable":true,"href":"https:\/\/21panorama.com\/index.php\/wp-json\/wp\/v2\/media\/5489"}],"wp:attachment":[{"href":"https:\/\/21panorama.com\/index.php\/wp-json\/wp\/v2\/media?parent=5488"}],"wp:term":[{"taxonomy":"category","embeddable":true,"href":"https:\/\/21panorama.com\/index.php\/wp-json\/wp\/v2\/categories?post=5488"},{"taxonomy":"post_tag","embeddable":true,"href":"https:\/\/21panorama.com\/index.php\/wp-json\/wp\/v2\/tags?post=5488"}],"curies":[{"name":"wp","href":"https:\/\/api.w.org\/{rel}","templated":true}]}}