{"id":5470,"date":"2024-04-28T20:46:26","date_gmt":"2024-04-29T01:46:26","guid":{"rendered":"https:\/\/21panorama.com\/?p=5470"},"modified":"2024-05-20T20:47:16","modified_gmt":"2024-05-21T01:47:16","slug":"celebra-el-oro-173-anos-de-su-fundacion","status":"publish","type":"post","link":"https:\/\/21panorama.com\/index.php\/2024\/04\/28\/celebra-el-oro-173-anos-de-su-fundacion\/","title":{"rendered":"CELEBRA EL ORO 173 A\u00d1OS DE SU FUNDACI\u00d3N"},"content":{"rendered":"\n<p><\/p>\n\n\n\n<p>Como parte de las celebraciones por el 173 aniversario de la Erecci\u00f3n del Municipio, se vivi\u00f3 un ambiente festivo y familiar en el encuentro entre las leyendas de los Pumas y la Selecci\u00f3n de El Oro.<\/p>\n\n\n\n<p>Con gran alegr\u00eda y sana convivencia, las familias disfrutaron de un emocionante partido en el que los Pumas se impusieron 2 a 1 al equipo local.<\/p>\n\n\n\n<p>El terreno de juego fue escenario de una re\u00f1ida competencia, en la que destacaron figuras como Toledo, David Oteo, Manolo de la Torre, Jes\u00fas Olalde, Gerardo Galindo, Luis Ignacio Gonzo Gonz\u00e1lez, entre otros jugadores de renombre, quienes tuvieron la oportunidad de interactuar con los aficionados.<\/p>\n\n\n\n<p>Adem\u00e1s, previo a este emocionante encuentro, se llev\u00f3 a cabo un partido infantil entre El Oro y el equipo Racing Club La Jordana.<\/p>\n\n\n\n<p>Para concluir con este evento, se realiz\u00f3 un merecido reconocimiento a los jugadores veteranos destacados de El Oro. Este gesto de gratitud resalta la importancia de su contribuci\u00f3n al deporte y su papel como ejemplos a seguir para las generaciones futuras.<\/p>\n","protected":false},"excerpt":{"rendered":"<p>Como parte de las celebraciones por el 173 aniversario de la Erecci\u00f3n del Municipio, se vivi\u00f3 un ambiente festivo y familiar en el encuentro entre las leyendas de los Pumas y la Selecci\u00f3n de El Oro.<\/p>\n","protected":false},"author":1,"featured_media":5471,"comment_status":"open","ping_status":"open","sticky":false,"template":"","format":"standard","meta":{"footnotes":""},"categories":[7,12,1],"tags":[97,318,222,398],"class_list":["post-5470","post","type-post","status-publish","format-standard","has-post-thumbnail","hentry","category-deportes","category-politica","category-sociedad","tag-edomex","tag-el-oro","tag-gem","tag-ruth-salazar"],"yoast_head":"<!-- This site is optimized with the Yoast SEO plugin v24.9 - https:\/\/yoast.com\/wordpress\/plugins\/seo\/ -->\n<title>CELEBRA EL ORO 173 A\u00d1OS DE SU FUNDACI\u00d3N - 21 Panorama<\/title>\n<meta name=\"robots\" content=\"index, follow, max-snippet:-1, max-image-preview:large, max-video-preview:-1\" \/>\n<link rel=\"canonical\" href=\"https:\/\/21panorama.com\/index.php\/2024\/04\/28\/celebra-el-oro-173-anos-de-su-fundacion\/\" \/>\n<meta property=\"og:locale\" content=\"es_MX\" \/>\n<meta property=\"og:type\" content=\"article\" \/>\n<meta property=\"og:title\" content=\"CELEBRA EL ORO 173 A\u00d1OS DE SU FUNDACI\u00d3N - 21 Panorama\" \/>\n<meta property=\"og:description\" content=\"Como parte de las celebraciones por el 173 aniversario de la Erecci\u00f3n del Municipio, se vivi\u00f3 un ambiente festivo y familiar en el encuentro entre las leyendas de los Pumas y la Selecci\u00f3n de El Oro.\" \/>\n<meta property=\"og:url\" content=\"https:\/\/21panorama.com\/index.php\/2024\/04\/28\/celebra-el-oro-173-anos-de-su-fundacion\/\" \/>\n<meta property=\"og:site_name\" content=\"21 Panorama\" \/>\n<meta property=\"article:published_time\" content=\"2024-04-29T01:46:26+00:00\" \/>\n<meta property=\"article:modified_time\" content=\"2024-05-21T01:47:16+00:00\" \/>\n<meta property=\"og:image\" content=\"https:\/\/21panorama.com\/wp-content\/uploads\/2024\/05\/WhatsApp-Image-2024-05-20-at-7.39.37-PM.jpeg\" \/>\n\t<meta property=\"og:image:width\" content=\"1080\" \/>\n\t<meta property=\"og:image:height\" content=\"720\" \/>\n\t<meta property=\"og:image:type\" content=\"image\/jpeg\" \/>\n<meta name=\"author\" content=\"admin\" \/>\n<meta name=\"twitter:card\" content=\"summary_large_image\" \/>\n<meta name=\"twitter:label1\" content=\"Escrito por\" \/>\n\t<meta name=\"twitter:data1\" content=\"admin\" \/>\n\t<meta name=\"twitter:label2\" content=\"Tiempo de lectura\" \/>\n\t<meta name=\"twitter:data2\" content=\"1 minuto\" \/>\n<script type=\"application\/ld+json\" class=\"yoast-schema-graph\">{\"@context\":\"https:\/\/schema.org\",\"@graph\":[{\"@type\":\"Article\",\"@id\":\"https:\/\/21panorama.com\/index.php\/2024\/04\/28\/celebra-el-oro-173-anos-de-su-fundacion\/#article\",\"isPartOf\":{\"@id\":\"https:\/\/21panorama.com\/index.php\/2024\/04\/28\/celebra-el-oro-173-anos-de-su-fundacion\/\"},\"author\":{\"name\":\"admin\",\"@id\":\"https:\/\/21panorama.com\/#\/schema\/person\/1afc291b96d5792a158768324287319f\"},\"headline\":\"CELEBRA EL ORO 173 A\u00d1OS DE SU FUNDACI\u00d3N\",\"datePublished\":\"2024-04-29T01:46:26+00:00\",\"dateModified\":\"2024-05-21T01:47:16+00:00\",\"mainEntityOfPage\":{\"@id\":\"https:\/\/21panorama.com\/index.php\/2024\/04\/28\/celebra-el-oro-173-anos-de-su-fundacion\/\"},\"wordCount\":185,\"commentCount\":0,\"publisher\":{\"@id\":\"https:\/\/21panorama.com\/#organization\"},\"image\":{\"@id\":\"https:\/\/21panorama.com\/index.php\/2024\/04\/28\/celebra-el-oro-173-anos-de-su-fundacion\/#primaryimage\"},\"thumbnailUrl\":\"https:\/\/21panorama.com\/wp-content\/uploads\/2024\/05\/WhatsApp-Image-2024-05-20-at-7.39.37-PM.jpeg\",\"keywords\":[\"EDOMEX\",\"EL ORO\",\"GEM\",\"Ruth Salazar\"],\"articleSection\":[\"Deportes\",\"Politica\",\"Sociedad\"],\"inLanguage\":\"es\",\"potentialAction\":[{\"@type\":\"CommentAction\",\"name\":\"Comment\",\"target\":[\"https:\/\/21panorama.com\/index.php\/2024\/04\/28\/celebra-el-oro-173-anos-de-su-fundacion\/#respond\"]}]},{\"@type\":\"WebPage\",\"@id\":\"https:\/\/21panorama.com\/index.php\/2024\/04\/28\/celebra-el-oro-173-anos-de-su-fundacion\/\",\"url\":\"https:\/\/21panorama.com\/index.php\/2024\/04\/28\/celebra-el-oro-173-anos-de-su-fundacion\/\",\"name\":\"CELEBRA EL ORO 173 A\u00d1OS DE SU FUNDACI\u00d3N - 21 Panorama\",\"isPartOf\":{\"@id\":\"https:\/\/21panorama.com\/#website\"},\"primaryImageOfPage\":{\"@id\":\"https:\/\/21panorama.com\/index.php\/2024\/04\/28\/celebra-el-oro-173-anos-de-su-fundacion\/#primaryimage\"},\"image\":{\"@id\":\"https:\/\/21panorama.com\/index.php\/2024\/04\/28\/celebra-el-oro-173-anos-de-su-fundacion\/#primaryimage\"},\"thumbnailUrl\":\"https:\/\/21panorama.com\/wp-content\/uploads\/2024\/05\/WhatsApp-Image-2024-05-20-at-7.39.37-PM.jpeg\",\"datePublished\":\"2024-04-29T01:46:26+00:00\",\"dateModified\":\"2024-05-21T01:47:16+00:00\",\"breadcrumb\":{\"@id\":\"https:\/\/21panorama.com\/index.php\/2024\/04\/28\/celebra-el-oro-173-anos-de-su-fundacion\/#breadcrumb\"},\"inLanguage\":\"es\",\"potentialAction\":[{\"@type\":\"ReadAction\",\"target\":[\"https:\/\/21panorama.com\/index.php\/2024\/04\/28\/celebra-el-oro-173-anos-de-su-fundacion\/\"]}]},{\"@type\":\"ImageObject\",\"inLanguage\":\"es\",\"@id\":\"https:\/\/21panorama.com\/index.php\/2024\/04\/28\/celebra-el-oro-173-anos-de-su-fundacion\/#primaryimage\",\"url\":\"https:\/\/21panorama.com\/wp-content\/uploads\/2024\/05\/WhatsApp-Image-2024-05-20-at-7.39.37-PM.jpeg\",\"contentUrl\":\"https:\/\/21panorama.com\/wp-content\/uploads\/2024\/05\/WhatsApp-Image-2024-05-20-at-7.39.37-PM.jpeg\",\"width\":1080,\"height\":720},{\"@type\":\"BreadcrumbList\",\"@id\":\"https:\/\/21panorama.com\/index.php\/2024\/04\/28\/celebra-el-oro-173-anos-de-su-fundacion\/#breadcrumb\",\"itemListElement\":[{\"@type\":\"ListItem\",\"position\":1,\"name\":\"Inicio\",\"item\":\"https:\/\/21panorama.com\/\"},{\"@type\":\"ListItem\",\"position\":2,\"name\":\"CELEBRA EL ORO 173 A\u00d1OS DE SU FUNDACI\u00d3N\"}]},{\"@type\":\"WebSite\",\"@id\":\"https:\/\/21panorama.com\/#website\",\"url\":\"https:\/\/21panorama.com\/\",\"name\":\"21 Panorama\",\"description\":\"La construcci\u00f3n de la opini\u00f3n p\u00fablica merece un mejor Panorama en este siglo 21 para alcanzar una sociedad con mayor transparencia y sin corrupci\u00f3n.\",\"publisher\":{\"@id\":\"https:\/\/21panorama.com\/#organization\"},\"potentialAction\":[{\"@type\":\"SearchAction\",\"target\":{\"@type\":\"EntryPoint\",\"urlTemplate\":\"https:\/\/21panorama.com\/?s={search_term_string}\"},\"query-input\":{\"@type\":\"PropertyValueSpecification\",\"valueRequired\":true,\"valueName\":\"search_term_string\"}}],\"inLanguage\":\"es\"},{\"@type\":\"Organization\",\"@id\":\"https:\/\/21panorama.com\/#organization\",\"name\":\"21 Panorama\",\"url\":\"https:\/\/21panorama.com\/\",\"logo\":{\"@type\":\"ImageObject\",\"inLanguage\":\"es\",\"@id\":\"https:\/\/21panorama.com\/#\/schema\/logo\/image\/\",\"url\":\"https:\/\/21panorama.com\/wp-content\/uploads\/2019\/07\/cropped-Logo-Panorama-01.jpeg\",\"contentUrl\":\"https:\/\/21panorama.com\/wp-content\/uploads\/2019\/07\/cropped-Logo-Panorama-01.jpeg\",\"width\":290,\"height\":70,\"caption\":\"21 Panorama\"},\"image\":{\"@id\":\"https:\/\/21panorama.com\/#\/schema\/logo\/image\/\"}},{\"@type\":\"Person\",\"@id\":\"https:\/\/21panorama.com\/#\/schema\/person\/1afc291b96d5792a158768324287319f\",\"name\":\"admin\",\"image\":{\"@type\":\"ImageObject\",\"inLanguage\":\"es\",\"@id\":\"https:\/\/21panorama.com\/#\/schema\/person\/image\/\",\"url\":\"https:\/\/secure.gravatar.com\/avatar\/ad365d9d9f46719215b0d042cc3df92a5a8683e09ef13d102233e5491985f0f0?s=96&d=mm&r=g\",\"contentUrl\":\"https:\/\/secure.gravatar.com\/avatar\/ad365d9d9f46719215b0d042cc3df92a5a8683e09ef13d102233e5491985f0f0?s=96&d=mm&r=g\",\"caption\":\"admin\"},\"url\":\"https:\/\/21panorama.com\/index.php\/author\/admin\/\"}]}<\/script>\n<!-- \/ Yoast SEO plugin. -->","yoast_head_json":{"title":"CELEBRA EL ORO 173 A\u00d1OS DE SU FUNDACI\u00d3N - 21 Panorama","robots":{"index":"index","follow":"follow","max-snippet":"max-snippet:-1","max-image-preview":"max-image-preview:large","max-video-preview":"max-video-preview:-1"},"canonical":"https:\/\/21panorama.com\/index.php\/2024\/04\/28\/celebra-el-oro-173-anos-de-su-fundacion\/","og_locale":"es_MX","og_type":"article","og_title":"CELEBRA EL ORO 173 A\u00d1OS DE SU FUNDACI\u00d3N - 21 Panorama","og_description":"Como parte de las celebraciones por el 173 aniversario de la Erecci\u00f3n del Municipio, se vivi\u00f3 un ambiente festivo y familiar en el encuentro entre las leyendas de los Pumas y la Selecci\u00f3n de El Oro.","og_url":"https:\/\/21panorama.com\/index.php\/2024\/04\/28\/celebra-el-oro-173-anos-de-su-fundacion\/","og_site_name":"21 Panorama","article_published_time":"2024-04-29T01:46:26+00:00","article_modified_time":"2024-05-21T01:47:16+00:00","og_image":[{"width":1080,"height":720,"url":"https:\/\/21panorama.com\/wp-content\/uploads\/2024\/05\/WhatsApp-Image-2024-05-20-at-7.39.37-PM.jpeg","type":"image\/jpeg"}],"author":"admin","twitter_card":"summary_large_image","twitter_misc":{"Escrito por":"admin","Tiempo de lectura":"1 minuto"},"schema":{"@context":"https:\/\/schema.org","@graph":[{"@type":"Article","@id":"https:\/\/21panorama.com\/index.php\/2024\/04\/28\/celebra-el-oro-173-anos-de-su-fundacion\/#article","isPartOf":{"@id":"https:\/\/21panorama.com\/index.php\/2024\/04\/28\/celebra-el-oro-173-anos-de-su-fundacion\/"},"author":{"name":"admin","@id":"https:\/\/21panorama.com\/#\/schema\/person\/1afc291b96d5792a158768324287319f"},"headline":"CELEBRA EL ORO 173 A\u00d1OS DE SU FUNDACI\u00d3N","datePublished":"2024-04-29T01:46:26+00:00","dateModified":"2024-05-21T01:47:16+00:00","mainEntityOfPage":{"@id":"https:\/\/21panorama.com\/index.php\/2024\/04\/28\/celebra-el-oro-173-anos-de-su-fundacion\/"},"wordCount":185,"commentCount":0,"publisher":{"@id":"https:\/\/21panorama.com\/#organization"},"image":{"@id":"https:\/\/21panorama.com\/index.php\/2024\/04\/28\/celebra-el-oro-173-anos-de-su-fundacion\/#primaryimage"},"thumbnailUrl":"https:\/\/21panorama.com\/wp-content\/uploads\/2024\/05\/WhatsApp-Image-2024-05-20-at-7.39.37-PM.jpeg","keywords":["EDOMEX","EL ORO","GEM","Ruth Salazar"],"articleSection":["Deportes","Politica","Sociedad"],"inLanguage":"es","potentialAction":[{"@type":"CommentAction","name":"Comment","target":["https:\/\/21panorama.com\/index.php\/2024\/04\/28\/celebra-el-oro-173-anos-de-su-fundacion\/#respond"]}]},{"@type":"WebPage","@id":"https:\/\/21panorama.com\/index.php\/2024\/04\/28\/celebra-el-oro-173-anos-de-su-fundacion\/","url":"https:\/\/21panorama.com\/index.php\/2024\/04\/28\/celebra-el-oro-173-anos-de-su-fundacion\/","name":"CELEBRA EL ORO 173 A\u00d1OS DE SU FUNDACI\u00d3N - 21 Panorama","isPartOf":{"@id":"https:\/\/21panorama.com\/#website"},"primaryImageOfPage":{"@id":"https:\/\/21panorama.com\/index.php\/2024\/04\/28\/celebra-el-oro-173-anos-de-su-fundacion\/#primaryimage"},"image":{"@id":"https:\/\/21panorama.com\/index.php\/2024\/04\/28\/celebra-el-oro-173-anos-de-su-fundacion\/#primaryimage"},"thumbnailUrl":"https:\/\/21panorama.com\/wp-content\/uploads\/2024\/05\/WhatsApp-Image-2024-05-20-at-7.39.37-PM.jpeg","datePublished":"2024-04-29T01:46:26+00:00","dateModified":"2024-05-21T01:47:16+00:00","breadcrumb":{"@id":"https:\/\/21panorama.com\/index.php\/2024\/04\/28\/celebra-el-oro-173-anos-de-su-fundacion\/#breadcrumb"},"inLanguage":"es","potentialAction":[{"@type":"ReadAction","target":["https:\/\/21panorama.com\/index.php\/2024\/04\/28\/celebra-el-oro-173-anos-de-su-fundacion\/"]}]},{"@type":"ImageObject","inLanguage":"es","@id":"https:\/\/21panorama.com\/index.php\/2024\/04\/28\/celebra-el-oro-173-anos-de-su-fundacion\/#primaryimage","url":"https:\/\/21panorama.com\/wp-content\/uploads\/2024\/05\/WhatsApp-Image-2024-05-20-at-7.39.37-PM.jpeg","contentUrl":"https:\/\/21panorama.com\/wp-content\/uploads\/2024\/05\/WhatsApp-Image-2024-05-20-at-7.39.37-PM.jpeg","width":1080,"height":720},{"@type":"BreadcrumbList","@id":"https:\/\/21panorama.com\/index.php\/2024\/04\/28\/celebra-el-oro-173-anos-de-su-fundacion\/#breadcrumb","itemListElement":[{"@type":"ListItem","position":1,"name":"Inicio","item":"https:\/\/21panorama.com\/"},{"@type":"ListItem","position":2,"name":"CELEBRA EL ORO 173 A\u00d1OS DE SU FUNDACI\u00d3N"}]},{"@type":"WebSite","@id":"https:\/\/21panorama.com\/#website","url":"https:\/\/21panorama.com\/","name":"21 Panorama","description":"La construcci\u00f3n de la opini\u00f3n p\u00fablica merece un mejor Panorama en este siglo 21 para alcanzar una sociedad con mayor transparencia y sin corrupci\u00f3n.","publisher":{"@id":"https:\/\/21panorama.com\/#organization"},"potentialAction":[{"@type":"SearchAction","target":{"@type":"EntryPoint","urlTemplate":"https:\/\/21panorama.com\/?s={search_term_string}"},"query-input":{"@type":"PropertyValueSpecification","valueRequired":true,"valueName":"search_term_string"}}],"inLanguage":"es"},{"@type":"Organization","@id":"https:\/\/21panorama.com\/#organization","name":"21 Panorama","url":"https:\/\/21panorama.com\/","logo":{"@type":"ImageObject","inLanguage":"es","@id":"https:\/\/21panorama.com\/#\/schema\/logo\/image\/","url":"https:\/\/21panorama.com\/wp-content\/uploads\/2019\/07\/cropped-Logo-Panorama-01.jpeg","contentUrl":"https:\/\/21panorama.com\/wp-content\/uploads\/2019\/07\/cropped-Logo-Panorama-01.jpeg","width":290,"height":70,"caption":"21 Panorama"},"image":{"@id":"https:\/\/21panorama.com\/#\/schema\/logo\/image\/"}},{"@type":"Person","@id":"https:\/\/21panorama.com\/#\/schema\/person\/1afc291b96d5792a158768324287319f","name":"admin","image":{"@type":"ImageObject","inLanguage":"es","@id":"https:\/\/21panorama.com\/#\/schema\/person\/image\/","url":"https:\/\/secure.gravatar.com\/avatar\/ad365d9d9f46719215b0d042cc3df92a5a8683e09ef13d102233e5491985f0f0?s=96&d=mm&r=g","contentUrl":"https:\/\/secure.gravatar.com\/avatar\/ad365d9d9f46719215b0d042cc3df92a5a8683e09ef13d102233e5491985f0f0?s=96&d=mm&r=g","caption":"admin"},"url":"https:\/\/21panorama.com\/index.php\/author\/admin\/"}]}},"_links":{"self":[{"href":"https:\/\/21panorama.com\/index.php\/wp-json\/wp\/v2\/posts\/5470","targetHints":{"allow":["GET"]}}],"collection":[{"href":"https:\/\/21panorama.com\/index.php\/wp-json\/wp\/v2\/posts"}],"about":[{"href":"https:\/\/21panorama.com\/index.php\/wp-json\/wp\/v2\/types\/post"}],"author":[{"embeddable":true,"href":"https:\/\/21panorama.com\/index.php\/wp-json\/wp\/v2\/users\/1"}],"replies":[{"embeddable":true,"href":"https:\/\/21panorama.com\/index.php\/wp-json\/wp\/v2\/comments?post=5470"}],"version-history":[{"count":1,"href":"https:\/\/21panorama.com\/index.php\/wp-json\/wp\/v2\/posts\/5470\/revisions"}],"predecessor-version":[{"id":5472,"href":"https:\/\/21panorama.com\/index.php\/wp-json\/wp\/v2\/posts\/5470\/revisions\/5472"}],"wp:featuredmedia":[{"embeddable":true,"href":"https:\/\/21panorama.com\/index.php\/wp-json\/wp\/v2\/media\/5471"}],"wp:attachment":[{"href":"https:\/\/21panorama.com\/index.php\/wp-json\/wp\/v2\/media?parent=5470"}],"wp:term":[{"taxonomy":"category","embeddable":true,"href":"https:\/\/21panorama.com\/index.php\/wp-json\/wp\/v2\/categories?post=5470"},{"taxonomy":"post_tag","embeddable":true,"href":"https:\/\/21panorama.com\/index.php\/wp-json\/wp\/v2\/tags?post=5470"}],"curies":[{"name":"wp","href":"https:\/\/api.w.org\/{rel}","templated":true}]}}