{"id":5453,"date":"2024-05-08T18:15:37","date_gmt":"2024-05-08T23:15:37","guid":{"rendered":"https:\/\/21panorama.com\/?p=5453"},"modified":"2024-05-17T18:17:22","modified_gmt":"2024-05-17T23:17:22","slug":"celebra-villa-victoria-el-156-aniversario-de-su-fundacion","status":"publish","type":"post","link":"https:\/\/21panorama.com\/index.php\/2024\/05\/08\/celebra-villa-victoria-el-156-aniversario-de-su-fundacion\/","title":{"rendered":"CELEBRA VILLA VICTORIA EL 156 ANIVERSARIO DE SU FUNDACI\u00d3N"},"content":{"rendered":"\n<p><\/p>\n\n\n\n<p>*Reconocen la aportaci\u00f3n de los ciudadanos en la actualidad en el desarrollo de esta tierra.<\/p>\n\n\n\n<p>Con una ceremonia c\u00edvica, que estuvo encabezada por la presidenta municipal por ministerio de Ley, Adriana S\u00e1nchez S\u00e1nchez; la representante del gobierno estatal, Mirna Salazar Aguirre y miembros del cabildo, el municipio de Villa Victoria conmemor\u00f3 el 156 Aniversario de su Fundaci\u00f3n.<\/p>\n\n\n\n<p>En presencia de la titular del DIF Municipal, Isis Guti\u00e9rrez Salmer\u00f3n; los servidores p\u00fablicos del Ayuntamiento y del Sistema DIF, as\u00ed como delegados, miembros de los Consejos de Participaci\u00f3n Ciudadana (COPACI), comisariados ejidales, invitados especiales y ciudadan\u00eda en general, el cronista municipal, Daniel Gonz\u00e1lez G\u00f3mez hizo un recuento de la historia de este municipio.<\/p>\n\n\n\n<figure class=\"wp-block-image size-large\"><img decoding=\"async\" width=\"1024\" height=\"682\" src=\"https:\/\/21panorama.com\/wp-content\/uploads\/2024\/05\/WhatsApp-Image-2024-05-17-at-5.05.18-PM-1-1024x682.jpeg\" alt=\"\" class=\"wp-image-5455\" srcset=\"https:\/\/21panorama.com\/wp-content\/uploads\/2024\/05\/WhatsApp-Image-2024-05-17-at-5.05.18-PM-1-1024x682.jpeg 1024w, https:\/\/21panorama.com\/wp-content\/uploads\/2024\/05\/WhatsApp-Image-2024-05-17-at-5.05.18-PM-1-300x200.jpeg 300w, https:\/\/21panorama.com\/wp-content\/uploads\/2024\/05\/WhatsApp-Image-2024-05-17-at-5.05.18-PM-1-768x512.jpeg 768w, https:\/\/21panorama.com\/wp-content\/uploads\/2024\/05\/WhatsApp-Image-2024-05-17-at-5.05.18-PM-1-1536x1023.jpeg 1536w, https:\/\/21panorama.com\/wp-content\/uploads\/2024\/05\/WhatsApp-Image-2024-05-17-at-5.05.18-PM-1.jpeg 1600w\" sizes=\"(max-width: 1024px) 100vw, 1024px\" \/><\/figure>\n\n\n\n<p>En representaci\u00f3n del Ayuntamiento, Daniel Gonz\u00e1lez refiri\u00f3 que cada fragmento de la historia de Villa Victoria representa su identidad y llena de orgullo a los originarios de esta tierra, que cuenta con personas trabajadoras, que son parte del presente.<\/p>\n\n\n\n<p>\u201cEsta Tierra se enorgullece de tener hijos como t\u00fa; gracias por ser parte de la vida presente de Villa Victoria; una historia, que se escribe con coraje, con amor y con fervor, una historia que tiene como protagonista a los hombre y mujeres que cada d\u00eda abren sus negocios, que siembran, que cosecha, que salen a trabajar a la ciudad o a Estados Unidos, que se desvelan estudiando; todos son protagonistas, gente exitosa y trabajadora\u201d, se\u00f1al\u00f3 Gonz\u00e1lez G\u00f3mez.<\/p>\n\n\n\n<p>Finalmente, se\u00f1al\u00f3 que con los cimientos que han dejado sus antecesores, seguir\u00e1n construyendo el Villa Victoria que todos anhelan: \u201cQue tu coraz\u00f3n lata con gozo y tu piel se erice al recordar tu historia presente, pasada y futura, porque este aniversario lo tenemos que festejar con respeto y honorabilidad\u201d, apunto.<\/p>\n","protected":false},"excerpt":{"rendered":"<p>Con una ceremonia c\u00edvica, que estuvo encabezada por la presidenta municipal por ministerio de Ley, Adriana S\u00e1nchez S\u00e1nchez; la representante del gobierno estatal, Mirna Salazar Aguirre y miembros del cabildo, el municipio de Villa Victoria conmemor\u00f3 el 156 Aniversario de su Fundaci\u00f3n.<\/p>\n","protected":false},"author":1,"featured_media":5454,"comment_status":"open","ping_status":"open","sticky":false,"template":"","format":"standard","meta":{"footnotes":""},"categories":[12,1],"tags":[404,97,222,402],"class_list":["post-5453","post","type-post","status-publish","format-standard","has-post-thumbnail","hentry","category-politica","category-sociedad","tag-adriana-sanchez-sanchez","tag-edomex","tag-gem","tag-villa-victoria"],"yoast_head":"<!-- This site is optimized with the Yoast SEO plugin v24.9 - https:\/\/yoast.com\/wordpress\/plugins\/seo\/ -->\n<title>CELEBRA VILLA VICTORIA EL 156 ANIVERSARIO DE SU FUNDACI\u00d3N - 21 Panorama<\/title>\n<meta name=\"robots\" content=\"index, follow, max-snippet:-1, max-image-preview:large, max-video-preview:-1\" \/>\n<link rel=\"canonical\" href=\"https:\/\/21panorama.com\/index.php\/2024\/05\/08\/celebra-villa-victoria-el-156-aniversario-de-su-fundacion\/\" \/>\n<meta property=\"og:locale\" content=\"es_MX\" \/>\n<meta property=\"og:type\" content=\"article\" \/>\n<meta property=\"og:title\" content=\"CELEBRA VILLA VICTORIA EL 156 ANIVERSARIO DE SU FUNDACI\u00d3N - 21 Panorama\" \/>\n<meta property=\"og:description\" content=\"Con una ceremonia c\u00edvica, que estuvo encabezada por la presidenta municipal por ministerio de Ley, Adriana S\u00e1nchez S\u00e1nchez; la representante del gobierno estatal, Mirna Salazar Aguirre y miembros del cabildo, el municipio de Villa Victoria conmemor\u00f3 el 156 Aniversario de su Fundaci\u00f3n.\" \/>\n<meta property=\"og:url\" content=\"https:\/\/21panorama.com\/index.php\/2024\/05\/08\/celebra-villa-victoria-el-156-aniversario-de-su-fundacion\/\" \/>\n<meta property=\"og:site_name\" content=\"21 Panorama\" \/>\n<meta property=\"article:published_time\" content=\"2024-05-08T23:15:37+00:00\" \/>\n<meta property=\"article:modified_time\" content=\"2024-05-17T23:17:22+00:00\" \/>\n<meta property=\"og:image\" content=\"https:\/\/21panorama.com\/wp-content\/uploads\/2024\/05\/WhatsApp-Image-2024-05-17-at-5.05.18-PM.jpeg\" \/>\n\t<meta property=\"og:image:width\" content=\"1600\" \/>\n\t<meta property=\"og:image:height\" content=\"1066\" \/>\n\t<meta property=\"og:image:type\" content=\"image\/jpeg\" \/>\n<meta name=\"author\" content=\"admin\" \/>\n<meta name=\"twitter:card\" content=\"summary_large_image\" \/>\n<meta name=\"twitter:label1\" content=\"Escrito por\" \/>\n\t<meta name=\"twitter:data1\" content=\"admin\" \/>\n\t<meta name=\"twitter:label2\" content=\"Tiempo de lectura\" \/>\n\t<meta name=\"twitter:data2\" content=\"2 minutos\" \/>\n<script type=\"application\/ld+json\" class=\"yoast-schema-graph\">{\"@context\":\"https:\/\/schema.org\",\"@graph\":[{\"@type\":\"Article\",\"@id\":\"https:\/\/21panorama.com\/index.php\/2024\/05\/08\/celebra-villa-victoria-el-156-aniversario-de-su-fundacion\/#article\",\"isPartOf\":{\"@id\":\"https:\/\/21panorama.com\/index.php\/2024\/05\/08\/celebra-villa-victoria-el-156-aniversario-de-su-fundacion\/\"},\"author\":{\"name\":\"admin\",\"@id\":\"https:\/\/21panorama.com\/#\/schema\/person\/1afc291b96d5792a158768324287319f\"},\"headline\":\"CELEBRA VILLA VICTORIA EL 156 ANIVERSARIO DE SU FUNDACI\u00d3N\",\"datePublished\":\"2024-05-08T23:15:37+00:00\",\"dateModified\":\"2024-05-17T23:17:22+00:00\",\"mainEntityOfPage\":{\"@id\":\"https:\/\/21panorama.com\/index.php\/2024\/05\/08\/celebra-villa-victoria-el-156-aniversario-de-su-fundacion\/\"},\"wordCount\":307,\"commentCount\":0,\"publisher\":{\"@id\":\"https:\/\/21panorama.com\/#organization\"},\"image\":{\"@id\":\"https:\/\/21panorama.com\/index.php\/2024\/05\/08\/celebra-villa-victoria-el-156-aniversario-de-su-fundacion\/#primaryimage\"},\"thumbnailUrl\":\"https:\/\/21panorama.com\/wp-content\/uploads\/2024\/05\/WhatsApp-Image-2024-05-17-at-5.05.18-PM.jpeg\",\"keywords\":[\"Adriana S\u00e1nchez S\u00e1nchez\",\"EDOMEX\",\"GEM\",\"Villa Victoria\"],\"articleSection\":[\"Politica\",\"Sociedad\"],\"inLanguage\":\"es\",\"potentialAction\":[{\"@type\":\"CommentAction\",\"name\":\"Comment\",\"target\":[\"https:\/\/21panorama.com\/index.php\/2024\/05\/08\/celebra-villa-victoria-el-156-aniversario-de-su-fundacion\/#respond\"]}]},{\"@type\":\"WebPage\",\"@id\":\"https:\/\/21panorama.com\/index.php\/2024\/05\/08\/celebra-villa-victoria-el-156-aniversario-de-su-fundacion\/\",\"url\":\"https:\/\/21panorama.com\/index.php\/2024\/05\/08\/celebra-villa-victoria-el-156-aniversario-de-su-fundacion\/\",\"name\":\"CELEBRA VILLA VICTORIA EL 156 ANIVERSARIO DE SU FUNDACI\u00d3N - 21 Panorama\",\"isPartOf\":{\"@id\":\"https:\/\/21panorama.com\/#website\"},\"primaryImageOfPage\":{\"@id\":\"https:\/\/21panorama.com\/index.php\/2024\/05\/08\/celebra-villa-victoria-el-156-aniversario-de-su-fundacion\/#primaryimage\"},\"image\":{\"@id\":\"https:\/\/21panorama.com\/index.php\/2024\/05\/08\/celebra-villa-victoria-el-156-aniversario-de-su-fundacion\/#primaryimage\"},\"thumbnailUrl\":\"https:\/\/21panorama.com\/wp-content\/uploads\/2024\/05\/WhatsApp-Image-2024-05-17-at-5.05.18-PM.jpeg\",\"datePublished\":\"2024-05-08T23:15:37+00:00\",\"dateModified\":\"2024-05-17T23:17:22+00:00\",\"breadcrumb\":{\"@id\":\"https:\/\/21panorama.com\/index.php\/2024\/05\/08\/celebra-villa-victoria-el-156-aniversario-de-su-fundacion\/#breadcrumb\"},\"inLanguage\":\"es\",\"potentialAction\":[{\"@type\":\"ReadAction\",\"target\":[\"https:\/\/21panorama.com\/index.php\/2024\/05\/08\/celebra-villa-victoria-el-156-aniversario-de-su-fundacion\/\"]}]},{\"@type\":\"ImageObject\",\"inLanguage\":\"es\",\"@id\":\"https:\/\/21panorama.com\/index.php\/2024\/05\/08\/celebra-villa-victoria-el-156-aniversario-de-su-fundacion\/#primaryimage\",\"url\":\"https:\/\/21panorama.com\/wp-content\/uploads\/2024\/05\/WhatsApp-Image-2024-05-17-at-5.05.18-PM.jpeg\",\"contentUrl\":\"https:\/\/21panorama.com\/wp-content\/uploads\/2024\/05\/WhatsApp-Image-2024-05-17-at-5.05.18-PM.jpeg\",\"width\":1600,\"height\":1066},{\"@type\":\"BreadcrumbList\",\"@id\":\"https:\/\/21panorama.com\/index.php\/2024\/05\/08\/celebra-villa-victoria-el-156-aniversario-de-su-fundacion\/#breadcrumb\",\"itemListElement\":[{\"@type\":\"ListItem\",\"position\":1,\"name\":\"Inicio\",\"item\":\"https:\/\/21panorama.com\/\"},{\"@type\":\"ListItem\",\"position\":2,\"name\":\"CELEBRA VILLA VICTORIA EL 156 ANIVERSARIO DE SU FUNDACI\u00d3N\"}]},{\"@type\":\"WebSite\",\"@id\":\"https:\/\/21panorama.com\/#website\",\"url\":\"https:\/\/21panorama.com\/\",\"name\":\"21 Panorama\",\"description\":\"La construcci\u00f3n de la opini\u00f3n p\u00fablica merece un mejor Panorama en este siglo 21 para alcanzar una sociedad con mayor transparencia y sin corrupci\u00f3n.\",\"publisher\":{\"@id\":\"https:\/\/21panorama.com\/#organization\"},\"potentialAction\":[{\"@type\":\"SearchAction\",\"target\":{\"@type\":\"EntryPoint\",\"urlTemplate\":\"https:\/\/21panorama.com\/?s={search_term_string}\"},\"query-input\":{\"@type\":\"PropertyValueSpecification\",\"valueRequired\":true,\"valueName\":\"search_term_string\"}}],\"inLanguage\":\"es\"},{\"@type\":\"Organization\",\"@id\":\"https:\/\/21panorama.com\/#organization\",\"name\":\"21 Panorama\",\"url\":\"https:\/\/21panorama.com\/\",\"logo\":{\"@type\":\"ImageObject\",\"inLanguage\":\"es\",\"@id\":\"https:\/\/21panorama.com\/#\/schema\/logo\/image\/\",\"url\":\"https:\/\/21panorama.com\/wp-content\/uploads\/2019\/07\/cropped-Logo-Panorama-01.jpeg\",\"contentUrl\":\"https:\/\/21panorama.com\/wp-content\/uploads\/2019\/07\/cropped-Logo-Panorama-01.jpeg\",\"width\":290,\"height\":70,\"caption\":\"21 Panorama\"},\"image\":{\"@id\":\"https:\/\/21panorama.com\/#\/schema\/logo\/image\/\"}},{\"@type\":\"Person\",\"@id\":\"https:\/\/21panorama.com\/#\/schema\/person\/1afc291b96d5792a158768324287319f\",\"name\":\"admin\",\"image\":{\"@type\":\"ImageObject\",\"inLanguage\":\"es\",\"@id\":\"https:\/\/21panorama.com\/#\/schema\/person\/image\/\",\"url\":\"https:\/\/secure.gravatar.com\/avatar\/ad365d9d9f46719215b0d042cc3df92a5a8683e09ef13d102233e5491985f0f0?s=96&d=mm&r=g\",\"contentUrl\":\"https:\/\/secure.gravatar.com\/avatar\/ad365d9d9f46719215b0d042cc3df92a5a8683e09ef13d102233e5491985f0f0?s=96&d=mm&r=g\",\"caption\":\"admin\"},\"url\":\"https:\/\/21panorama.com\/index.php\/author\/admin\/\"}]}<\/script>\n<!-- \/ Yoast SEO plugin. -->","yoast_head_json":{"title":"CELEBRA VILLA VICTORIA EL 156 ANIVERSARIO DE SU FUNDACI\u00d3N - 21 Panorama","robots":{"index":"index","follow":"follow","max-snippet":"max-snippet:-1","max-image-preview":"max-image-preview:large","max-video-preview":"max-video-preview:-1"},"canonical":"https:\/\/21panorama.com\/index.php\/2024\/05\/08\/celebra-villa-victoria-el-156-aniversario-de-su-fundacion\/","og_locale":"es_MX","og_type":"article","og_title":"CELEBRA VILLA VICTORIA EL 156 ANIVERSARIO DE SU FUNDACI\u00d3N - 21 Panorama","og_description":"Con una ceremonia c\u00edvica, que estuvo encabezada por la presidenta municipal por ministerio de Ley, Adriana S\u00e1nchez S\u00e1nchez; la representante del gobierno estatal, Mirna Salazar Aguirre y miembros del cabildo, el municipio de Villa Victoria conmemor\u00f3 el 156 Aniversario de su Fundaci\u00f3n.","og_url":"https:\/\/21panorama.com\/index.php\/2024\/05\/08\/celebra-villa-victoria-el-156-aniversario-de-su-fundacion\/","og_site_name":"21 Panorama","article_published_time":"2024-05-08T23:15:37+00:00","article_modified_time":"2024-05-17T23:17:22+00:00","og_image":[{"width":1600,"height":1066,"url":"https:\/\/21panorama.com\/wp-content\/uploads\/2024\/05\/WhatsApp-Image-2024-05-17-at-5.05.18-PM.jpeg","type":"image\/jpeg"}],"author":"admin","twitter_card":"summary_large_image","twitter_misc":{"Escrito por":"admin","Tiempo de lectura":"2 minutos"},"schema":{"@context":"https:\/\/schema.org","@graph":[{"@type":"Article","@id":"https:\/\/21panorama.com\/index.php\/2024\/05\/08\/celebra-villa-victoria-el-156-aniversario-de-su-fundacion\/#article","isPartOf":{"@id":"https:\/\/21panorama.com\/index.php\/2024\/05\/08\/celebra-villa-victoria-el-156-aniversario-de-su-fundacion\/"},"author":{"name":"admin","@id":"https:\/\/21panorama.com\/#\/schema\/person\/1afc291b96d5792a158768324287319f"},"headline":"CELEBRA VILLA VICTORIA EL 156 ANIVERSARIO DE SU FUNDACI\u00d3N","datePublished":"2024-05-08T23:15:37+00:00","dateModified":"2024-05-17T23:17:22+00:00","mainEntityOfPage":{"@id":"https:\/\/21panorama.com\/index.php\/2024\/05\/08\/celebra-villa-victoria-el-156-aniversario-de-su-fundacion\/"},"wordCount":307,"commentCount":0,"publisher":{"@id":"https:\/\/21panorama.com\/#organization"},"image":{"@id":"https:\/\/21panorama.com\/index.php\/2024\/05\/08\/celebra-villa-victoria-el-156-aniversario-de-su-fundacion\/#primaryimage"},"thumbnailUrl":"https:\/\/21panorama.com\/wp-content\/uploads\/2024\/05\/WhatsApp-Image-2024-05-17-at-5.05.18-PM.jpeg","keywords":["Adriana S\u00e1nchez S\u00e1nchez","EDOMEX","GEM","Villa Victoria"],"articleSection":["Politica","Sociedad"],"inLanguage":"es","potentialAction":[{"@type":"CommentAction","name":"Comment","target":["https:\/\/21panorama.com\/index.php\/2024\/05\/08\/celebra-villa-victoria-el-156-aniversario-de-su-fundacion\/#respond"]}]},{"@type":"WebPage","@id":"https:\/\/21panorama.com\/index.php\/2024\/05\/08\/celebra-villa-victoria-el-156-aniversario-de-su-fundacion\/","url":"https:\/\/21panorama.com\/index.php\/2024\/05\/08\/celebra-villa-victoria-el-156-aniversario-de-su-fundacion\/","name":"CELEBRA VILLA VICTORIA EL 156 ANIVERSARIO DE SU FUNDACI\u00d3N - 21 Panorama","isPartOf":{"@id":"https:\/\/21panorama.com\/#website"},"primaryImageOfPage":{"@id":"https:\/\/21panorama.com\/index.php\/2024\/05\/08\/celebra-villa-victoria-el-156-aniversario-de-su-fundacion\/#primaryimage"},"image":{"@id":"https:\/\/21panorama.com\/index.php\/2024\/05\/08\/celebra-villa-victoria-el-156-aniversario-de-su-fundacion\/#primaryimage"},"thumbnailUrl":"https:\/\/21panorama.com\/wp-content\/uploads\/2024\/05\/WhatsApp-Image-2024-05-17-at-5.05.18-PM.jpeg","datePublished":"2024-05-08T23:15:37+00:00","dateModified":"2024-05-17T23:17:22+00:00","breadcrumb":{"@id":"https:\/\/21panorama.com\/index.php\/2024\/05\/08\/celebra-villa-victoria-el-156-aniversario-de-su-fundacion\/#breadcrumb"},"inLanguage":"es","potentialAction":[{"@type":"ReadAction","target":["https:\/\/21panorama.com\/index.php\/2024\/05\/08\/celebra-villa-victoria-el-156-aniversario-de-su-fundacion\/"]}]},{"@type":"ImageObject","inLanguage":"es","@id":"https:\/\/21panorama.com\/index.php\/2024\/05\/08\/celebra-villa-victoria-el-156-aniversario-de-su-fundacion\/#primaryimage","url":"https:\/\/21panorama.com\/wp-content\/uploads\/2024\/05\/WhatsApp-Image-2024-05-17-at-5.05.18-PM.jpeg","contentUrl":"https:\/\/21panorama.com\/wp-content\/uploads\/2024\/05\/WhatsApp-Image-2024-05-17-at-5.05.18-PM.jpeg","width":1600,"height":1066},{"@type":"BreadcrumbList","@id":"https:\/\/21panorama.com\/index.php\/2024\/05\/08\/celebra-villa-victoria-el-156-aniversario-de-su-fundacion\/#breadcrumb","itemListElement":[{"@type":"ListItem","position":1,"name":"Inicio","item":"https:\/\/21panorama.com\/"},{"@type":"ListItem","position":2,"name":"CELEBRA VILLA VICTORIA EL 156 ANIVERSARIO DE SU FUNDACI\u00d3N"}]},{"@type":"WebSite","@id":"https:\/\/21panorama.com\/#website","url":"https:\/\/21panorama.com\/","name":"21 Panorama","description":"La construcci\u00f3n de la opini\u00f3n p\u00fablica merece un mejor Panorama en este siglo 21 para alcanzar una sociedad con mayor transparencia y sin corrupci\u00f3n.","publisher":{"@id":"https:\/\/21panorama.com\/#organization"},"potentialAction":[{"@type":"SearchAction","target":{"@type":"EntryPoint","urlTemplate":"https:\/\/21panorama.com\/?s={search_term_string}"},"query-input":{"@type":"PropertyValueSpecification","valueRequired":true,"valueName":"search_term_string"}}],"inLanguage":"es"},{"@type":"Organization","@id":"https:\/\/21panorama.com\/#organization","name":"21 Panorama","url":"https:\/\/21panorama.com\/","logo":{"@type":"ImageObject","inLanguage":"es","@id":"https:\/\/21panorama.com\/#\/schema\/logo\/image\/","url":"https:\/\/21panorama.com\/wp-content\/uploads\/2019\/07\/cropped-Logo-Panorama-01.jpeg","contentUrl":"https:\/\/21panorama.com\/wp-content\/uploads\/2019\/07\/cropped-Logo-Panorama-01.jpeg","width":290,"height":70,"caption":"21 Panorama"},"image":{"@id":"https:\/\/21panorama.com\/#\/schema\/logo\/image\/"}},{"@type":"Person","@id":"https:\/\/21panorama.com\/#\/schema\/person\/1afc291b96d5792a158768324287319f","name":"admin","image":{"@type":"ImageObject","inLanguage":"es","@id":"https:\/\/21panorama.com\/#\/schema\/person\/image\/","url":"https:\/\/secure.gravatar.com\/avatar\/ad365d9d9f46719215b0d042cc3df92a5a8683e09ef13d102233e5491985f0f0?s=96&d=mm&r=g","contentUrl":"https:\/\/secure.gravatar.com\/avatar\/ad365d9d9f46719215b0d042cc3df92a5a8683e09ef13d102233e5491985f0f0?s=96&d=mm&r=g","caption":"admin"},"url":"https:\/\/21panorama.com\/index.php\/author\/admin\/"}]}},"_links":{"self":[{"href":"https:\/\/21panorama.com\/index.php\/wp-json\/wp\/v2\/posts\/5453","targetHints":{"allow":["GET"]}}],"collection":[{"href":"https:\/\/21panorama.com\/index.php\/wp-json\/wp\/v2\/posts"}],"about":[{"href":"https:\/\/21panorama.com\/index.php\/wp-json\/wp\/v2\/types\/post"}],"author":[{"embeddable":true,"href":"https:\/\/21panorama.com\/index.php\/wp-json\/wp\/v2\/users\/1"}],"replies":[{"embeddable":true,"href":"https:\/\/21panorama.com\/index.php\/wp-json\/wp\/v2\/comments?post=5453"}],"version-history":[{"count":1,"href":"https:\/\/21panorama.com\/index.php\/wp-json\/wp\/v2\/posts\/5453\/revisions"}],"predecessor-version":[{"id":5456,"href":"https:\/\/21panorama.com\/index.php\/wp-json\/wp\/v2\/posts\/5453\/revisions\/5456"}],"wp:featuredmedia":[{"embeddable":true,"href":"https:\/\/21panorama.com\/index.php\/wp-json\/wp\/v2\/media\/5454"}],"wp:attachment":[{"href":"https:\/\/21panorama.com\/index.php\/wp-json\/wp\/v2\/media?parent=5453"}],"wp:term":[{"taxonomy":"category","embeddable":true,"href":"https:\/\/21panorama.com\/index.php\/wp-json\/wp\/v2\/categories?post=5453"},{"taxonomy":"post_tag","embeddable":true,"href":"https:\/\/21panorama.com\/index.php\/wp-json\/wp\/v2\/tags?post=5453"}],"curies":[{"name":"wp","href":"https:\/\/api.w.org\/{rel}","templated":true}]}}