{"id":5450,"date":"2024-05-16T20:43:50","date_gmt":"2024-05-17T01:43:50","guid":{"rendered":"https:\/\/21panorama.com\/?p=5450"},"modified":"2024-05-16T20:43:51","modified_gmt":"2024-05-17T01:43:51","slug":"elias-rescala-aliado-del-sector-empresarial-y-del-crecimiento-economico-de-naucalpan","status":"publish","type":"post","link":"https:\/\/21panorama.com\/index.php\/2024\/05\/16\/elias-rescala-aliado-del-sector-empresarial-y-del-crecimiento-economico-de-naucalpan\/","title":{"rendered":"EL\u00cdAS RESCALA, ALIADO DEL SECTOR EMPRESARIAL Y DEL CRECIMIENTO ECON\u00d3MICO DE NAUCALPAN"},"content":{"rendered":"\n<p><\/p>\n\n\n\n<p>\u2022 En un encuentro con integrantes de CANACINTRA, el candidato a diputado local por el distrito 32 escuch\u00f3 las inquietudes de los empresarios y present\u00f3 sus propuestas para fomentar la inversi\u00f3n, la creaci\u00f3n de empleos y el emprendimiento local.<\/p>\n\n\n\n<p>Al reunirse con integrantes de la C\u00e1mara Nacional de la Industria de Transformaci\u00f3n (CANACINTRA), el candidato de la coalici\u00f3n Fuerza y Coraz\u00f3n por Edomex, El\u00edas Rescala Jim\u00e9nez, afirm\u00f3 que, como aliado del sector empresarial, impulsar\u00e1 iniciativas para que Naucalpan siga distingui\u00e9ndose por ser un gran motor econ\u00f3mico en el territorio mexiquense.<\/p>\n\n\n\n<p>\u201cSu dedicaci\u00f3n y esfuerzo son fundamentales para el desarrollo econ\u00f3mico y social de nuestra regi\u00f3n. Vamos a trabajar juntos para recuperar y afianzar la vocaci\u00f3n econ\u00f3mica de Naucalpan\u201d, puntualiz\u00f3.<\/p>\n\n\n\n<p>Durante el encuentro, donde escuch\u00f3 las inquietudes de los empresarios, el candidato a diputado local por el distrito 32 de Naucalpan, explic\u00f3 que, desde el Poder Legislativo del Estado de M\u00e9xico, fomentar\u00e1 la inversi\u00f3n, la creaci\u00f3n de empleos y el emprendimiento local, como lo ha venido haciendo desde sus cargos como presidente de la Junta de Coordinaci\u00f3n Pol\u00edtica (Jucopo) y como l\u00edder de la fracci\u00f3n del Partido Revolucionario Institucional (PRI).<\/p>\n\n\n\n<p>Propongo, dijo, una gesti\u00f3n responsable y transparente de los fondos municipales, destinados a la seguridad p\u00fablica y a las obras p\u00fablicas en nuestras comunidades; la asignaci\u00f3n de fondos espec\u00edficos para fortalecer las instituciones de seguridad p\u00fablica, capacitar al personal policial y mejorar la tecnolog\u00eda utilizada en la prevenci\u00f3n y combate al delito; adem\u00e1s de que los fondos municipales para obra p\u00fablica sean destinados a proyectos que respondan a las necesidades reales de las y los naucalpenses.<\/p>\n\n\n\n<p>El tambi\u00e9n candidato del PRI, PAN, PRD y Nueva Alianza record\u00f3 que, a lo largo de su campa\u00f1a, ha pedido que la sociedad civil, empresarios y comunidad en general, sumen fuerzas para trabajar en equipo y lograr que a Naucalpan le vaya bien; municipio que se caracteriza por contar con mujeres y hombres trabajadores.<\/p>\n\n\n\n<p>Por ello, Rescala Jim\u00e9nez dio a conocer que trabajar\u00e1 para otorgar incentivos fiscales, simplificar tr\u00e1mites ante instancias gubernamentales, as\u00ed como atraer m\u00e1s inversi\u00f3n al municipio.<\/p>\n\n\n\n<p>Adem\u00e1s, se\u00f1al\u00f3 que, desde la Jucopo de la LXI Legislatura, impuls\u00f3 la aprobaci\u00f3n del Presupuesto de Egresos 2024, donde, las y los diputados, fortalecieron los fondos para destinar m\u00e1s recursos a los municipios, a fin de que puedan implementar m\u00e1s acciones para robustecer la seguridad y realizar m\u00e1s obras p\u00fabicas en beneficio de las familias mexiquenses.<\/p>\n\n\n\n<p>Agreg\u00f3 que, tambi\u00e9n como Coordinador del GPPRI en la LXI Legislatura acompa\u00f1\u00f3 la propuesta para crear la Ley para el Fomento a la Creaci\u00f3n, Desarrollo e Impulso de la Competitividad y Productividad de las micros, peque\u00f1as y medianas empresa (Mipymes).<\/p>\n\n\n\n<p>\u201cEstoy totalmente convencido de que tenemos que continuar implementando incentivos fiscales para respaldar a las peque\u00f1as y medianas empresas\u201d, finaliz\u00f3.<\/p>\n","protected":false},"excerpt":{"rendered":"<p>En un encuentro con integrantes de CANACINTRA, el candidato a diputado local por el distrito 32 escuch\u00f3 las inquietudes de los empresarios y present\u00f3 sus propuestas para fomentar la inversi\u00f3n, la creaci\u00f3n de empleos y el emprendimiento local.<\/p>\n","protected":false},"author":1,"featured_media":5451,"comment_status":"open","ping_status":"open","sticky":false,"template":"","format":"standard","meta":{"footnotes":""},"categories":[12,1],"tags":[97,378,222,396],"class_list":["post-5450","post","type-post","status-publish","format-standard","has-post-thumbnail","hentry","category-politica","category-sociedad","tag-edomex","tag-elias-rescala","tag-gem","tag-naucalpan"],"yoast_head":"<!-- This site is optimized with the Yoast SEO plugin v24.9 - https:\/\/yoast.com\/wordpress\/plugins\/seo\/ -->\n<title>EL\u00cdAS RESCALA, ALIADO DEL SECTOR EMPRESARIAL Y DEL CRECIMIENTO ECON\u00d3MICO DE NAUCALPAN - 21 Panorama<\/title>\n<meta name=\"robots\" content=\"index, follow, max-snippet:-1, max-image-preview:large, max-video-preview:-1\" \/>\n<link rel=\"canonical\" href=\"https:\/\/21panorama.com\/index.php\/2024\/05\/16\/elias-rescala-aliado-del-sector-empresarial-y-del-crecimiento-economico-de-naucalpan\/\" \/>\n<meta property=\"og:locale\" content=\"es_MX\" \/>\n<meta property=\"og:type\" content=\"article\" \/>\n<meta property=\"og:title\" content=\"EL\u00cdAS RESCALA, ALIADO DEL SECTOR EMPRESARIAL Y DEL CRECIMIENTO ECON\u00d3MICO DE NAUCALPAN - 21 Panorama\" \/>\n<meta property=\"og:description\" content=\"En un encuentro con integrantes de CANACINTRA, el candidato a diputado local por el distrito 32 escuch\u00f3 las inquietudes de los empresarios y present\u00f3 sus propuestas para fomentar la inversi\u00f3n, la creaci\u00f3n de empleos y el emprendimiento local.\" \/>\n<meta property=\"og:url\" content=\"https:\/\/21panorama.com\/index.php\/2024\/05\/16\/elias-rescala-aliado-del-sector-empresarial-y-del-crecimiento-economico-de-naucalpan\/\" \/>\n<meta property=\"og:site_name\" content=\"21 Panorama\" \/>\n<meta property=\"article:published_time\" content=\"2024-05-17T01:43:50+00:00\" \/>\n<meta property=\"article:modified_time\" content=\"2024-05-17T01:43:51+00:00\" \/>\n<meta property=\"og:image\" content=\"https:\/\/21panorama.com\/wp-content\/uploads\/2024\/05\/WhatsApp-Image-2024-05-16-at-7.31.37-PM.jpeg\" \/>\n\t<meta property=\"og:image:width\" content=\"1520\" \/>\n\t<meta property=\"og:image:height\" content=\"853\" \/>\n\t<meta property=\"og:image:type\" content=\"image\/jpeg\" \/>\n<meta name=\"author\" content=\"admin\" \/>\n<meta name=\"twitter:card\" content=\"summary_large_image\" \/>\n<meta name=\"twitter:label1\" content=\"Escrito por\" \/>\n\t<meta name=\"twitter:data1\" content=\"admin\" \/>\n\t<meta name=\"twitter:label2\" content=\"Tiempo de lectura\" \/>\n\t<meta name=\"twitter:data2\" content=\"3 minutos\" \/>\n<script type=\"application\/ld+json\" class=\"yoast-schema-graph\">{\"@context\":\"https:\/\/schema.org\",\"@graph\":[{\"@type\":\"Article\",\"@id\":\"https:\/\/21panorama.com\/index.php\/2024\/05\/16\/elias-rescala-aliado-del-sector-empresarial-y-del-crecimiento-economico-de-naucalpan\/#article\",\"isPartOf\":{\"@id\":\"https:\/\/21panorama.com\/index.php\/2024\/05\/16\/elias-rescala-aliado-del-sector-empresarial-y-del-crecimiento-economico-de-naucalpan\/\"},\"author\":{\"name\":\"admin\",\"@id\":\"https:\/\/21panorama.com\/#\/schema\/person\/1afc291b96d5792a158768324287319f\"},\"headline\":\"EL\u00cdAS RESCALA, ALIADO DEL SECTOR EMPRESARIAL Y DEL CRECIMIENTO ECON\u00d3MICO DE NAUCALPAN\",\"datePublished\":\"2024-05-17T01:43:50+00:00\",\"dateModified\":\"2024-05-17T01:43:51+00:00\",\"mainEntityOfPage\":{\"@id\":\"https:\/\/21panorama.com\/index.php\/2024\/05\/16\/elias-rescala-aliado-del-sector-empresarial-y-del-crecimiento-economico-de-naucalpan\/\"},\"wordCount\":519,\"commentCount\":0,\"publisher\":{\"@id\":\"https:\/\/21panorama.com\/#organization\"},\"image\":{\"@id\":\"https:\/\/21panorama.com\/index.php\/2024\/05\/16\/elias-rescala-aliado-del-sector-empresarial-y-del-crecimiento-economico-de-naucalpan\/#primaryimage\"},\"thumbnailUrl\":\"https:\/\/21panorama.com\/wp-content\/uploads\/2024\/05\/WhatsApp-Image-2024-05-16-at-7.31.37-PM.jpeg\",\"keywords\":[\"EDOMEX\",\"El\u00edas Rescala\",\"GEM\",\"Naucalpan\"],\"articleSection\":[\"Politica\",\"Sociedad\"],\"inLanguage\":\"es\",\"potentialAction\":[{\"@type\":\"CommentAction\",\"name\":\"Comment\",\"target\":[\"https:\/\/21panorama.com\/index.php\/2024\/05\/16\/elias-rescala-aliado-del-sector-empresarial-y-del-crecimiento-economico-de-naucalpan\/#respond\"]}]},{\"@type\":\"WebPage\",\"@id\":\"https:\/\/21panorama.com\/index.php\/2024\/05\/16\/elias-rescala-aliado-del-sector-empresarial-y-del-crecimiento-economico-de-naucalpan\/\",\"url\":\"https:\/\/21panorama.com\/index.php\/2024\/05\/16\/elias-rescala-aliado-del-sector-empresarial-y-del-crecimiento-economico-de-naucalpan\/\",\"name\":\"EL\u00cdAS RESCALA, ALIADO DEL SECTOR EMPRESARIAL Y DEL CRECIMIENTO ECON\u00d3MICO DE NAUCALPAN - 21 Panorama\",\"isPartOf\":{\"@id\":\"https:\/\/21panorama.com\/#website\"},\"primaryImageOfPage\":{\"@id\":\"https:\/\/21panorama.com\/index.php\/2024\/05\/16\/elias-rescala-aliado-del-sector-empresarial-y-del-crecimiento-economico-de-naucalpan\/#primaryimage\"},\"image\":{\"@id\":\"https:\/\/21panorama.com\/index.php\/2024\/05\/16\/elias-rescala-aliado-del-sector-empresarial-y-del-crecimiento-economico-de-naucalpan\/#primaryimage\"},\"thumbnailUrl\":\"https:\/\/21panorama.com\/wp-content\/uploads\/2024\/05\/WhatsApp-Image-2024-05-16-at-7.31.37-PM.jpeg\",\"datePublished\":\"2024-05-17T01:43:50+00:00\",\"dateModified\":\"2024-05-17T01:43:51+00:00\",\"breadcrumb\":{\"@id\":\"https:\/\/21panorama.com\/index.php\/2024\/05\/16\/elias-rescala-aliado-del-sector-empresarial-y-del-crecimiento-economico-de-naucalpan\/#breadcrumb\"},\"inLanguage\":\"es\",\"potentialAction\":[{\"@type\":\"ReadAction\",\"target\":[\"https:\/\/21panorama.com\/index.php\/2024\/05\/16\/elias-rescala-aliado-del-sector-empresarial-y-del-crecimiento-economico-de-naucalpan\/\"]}]},{\"@type\":\"ImageObject\",\"inLanguage\":\"es\",\"@id\":\"https:\/\/21panorama.com\/index.php\/2024\/05\/16\/elias-rescala-aliado-del-sector-empresarial-y-del-crecimiento-economico-de-naucalpan\/#primaryimage\",\"url\":\"https:\/\/21panorama.com\/wp-content\/uploads\/2024\/05\/WhatsApp-Image-2024-05-16-at-7.31.37-PM.jpeg\",\"contentUrl\":\"https:\/\/21panorama.com\/wp-content\/uploads\/2024\/05\/WhatsApp-Image-2024-05-16-at-7.31.37-PM.jpeg\",\"width\":1520,\"height\":853},{\"@type\":\"BreadcrumbList\",\"@id\":\"https:\/\/21panorama.com\/index.php\/2024\/05\/16\/elias-rescala-aliado-del-sector-empresarial-y-del-crecimiento-economico-de-naucalpan\/#breadcrumb\",\"itemListElement\":[{\"@type\":\"ListItem\",\"position\":1,\"name\":\"Inicio\",\"item\":\"https:\/\/21panorama.com\/\"},{\"@type\":\"ListItem\",\"position\":2,\"name\":\"EL\u00cdAS RESCALA, ALIADO DEL SECTOR EMPRESARIAL Y DEL CRECIMIENTO ECON\u00d3MICO DE NAUCALPAN\"}]},{\"@type\":\"WebSite\",\"@id\":\"https:\/\/21panorama.com\/#website\",\"url\":\"https:\/\/21panorama.com\/\",\"name\":\"21 Panorama\",\"description\":\"La construcci\u00f3n de la opini\u00f3n p\u00fablica merece un mejor Panorama en este siglo 21 para alcanzar una sociedad con mayor transparencia y sin corrupci\u00f3n.\",\"publisher\":{\"@id\":\"https:\/\/21panorama.com\/#organization\"},\"potentialAction\":[{\"@type\":\"SearchAction\",\"target\":{\"@type\":\"EntryPoint\",\"urlTemplate\":\"https:\/\/21panorama.com\/?s={search_term_string}\"},\"query-input\":{\"@type\":\"PropertyValueSpecification\",\"valueRequired\":true,\"valueName\":\"search_term_string\"}}],\"inLanguage\":\"es\"},{\"@type\":\"Organization\",\"@id\":\"https:\/\/21panorama.com\/#organization\",\"name\":\"21 Panorama\",\"url\":\"https:\/\/21panorama.com\/\",\"logo\":{\"@type\":\"ImageObject\",\"inLanguage\":\"es\",\"@id\":\"https:\/\/21panorama.com\/#\/schema\/logo\/image\/\",\"url\":\"https:\/\/21panorama.com\/wp-content\/uploads\/2019\/07\/cropped-Logo-Panorama-01.jpeg\",\"contentUrl\":\"https:\/\/21panorama.com\/wp-content\/uploads\/2019\/07\/cropped-Logo-Panorama-01.jpeg\",\"width\":290,\"height\":70,\"caption\":\"21 Panorama\"},\"image\":{\"@id\":\"https:\/\/21panorama.com\/#\/schema\/logo\/image\/\"}},{\"@type\":\"Person\",\"@id\":\"https:\/\/21panorama.com\/#\/schema\/person\/1afc291b96d5792a158768324287319f\",\"name\":\"admin\",\"image\":{\"@type\":\"ImageObject\",\"inLanguage\":\"es\",\"@id\":\"https:\/\/21panorama.com\/#\/schema\/person\/image\/\",\"url\":\"https:\/\/secure.gravatar.com\/avatar\/ad365d9d9f46719215b0d042cc3df92a5a8683e09ef13d102233e5491985f0f0?s=96&d=mm&r=g\",\"contentUrl\":\"https:\/\/secure.gravatar.com\/avatar\/ad365d9d9f46719215b0d042cc3df92a5a8683e09ef13d102233e5491985f0f0?s=96&d=mm&r=g\",\"caption\":\"admin\"},\"url\":\"https:\/\/21panorama.com\/index.php\/author\/admin\/\"}]}<\/script>\n<!-- \/ Yoast SEO plugin. -->","yoast_head_json":{"title":"EL\u00cdAS RESCALA, ALIADO DEL SECTOR EMPRESARIAL Y DEL CRECIMIENTO ECON\u00d3MICO DE NAUCALPAN - 21 Panorama","robots":{"index":"index","follow":"follow","max-snippet":"max-snippet:-1","max-image-preview":"max-image-preview:large","max-video-preview":"max-video-preview:-1"},"canonical":"https:\/\/21panorama.com\/index.php\/2024\/05\/16\/elias-rescala-aliado-del-sector-empresarial-y-del-crecimiento-economico-de-naucalpan\/","og_locale":"es_MX","og_type":"article","og_title":"EL\u00cdAS RESCALA, ALIADO DEL SECTOR EMPRESARIAL Y DEL CRECIMIENTO ECON\u00d3MICO DE NAUCALPAN - 21 Panorama","og_description":"En un encuentro con integrantes de CANACINTRA, el candidato a diputado local por el distrito 32 escuch\u00f3 las inquietudes de los empresarios y present\u00f3 sus propuestas para fomentar la inversi\u00f3n, la creaci\u00f3n de empleos y el emprendimiento local.","og_url":"https:\/\/21panorama.com\/index.php\/2024\/05\/16\/elias-rescala-aliado-del-sector-empresarial-y-del-crecimiento-economico-de-naucalpan\/","og_site_name":"21 Panorama","article_published_time":"2024-05-17T01:43:50+00:00","article_modified_time":"2024-05-17T01:43:51+00:00","og_image":[{"width":1520,"height":853,"url":"https:\/\/21panorama.com\/wp-content\/uploads\/2024\/05\/WhatsApp-Image-2024-05-16-at-7.31.37-PM.jpeg","type":"image\/jpeg"}],"author":"admin","twitter_card":"summary_large_image","twitter_misc":{"Escrito por":"admin","Tiempo de lectura":"3 minutos"},"schema":{"@context":"https:\/\/schema.org","@graph":[{"@type":"Article","@id":"https:\/\/21panorama.com\/index.php\/2024\/05\/16\/elias-rescala-aliado-del-sector-empresarial-y-del-crecimiento-economico-de-naucalpan\/#article","isPartOf":{"@id":"https:\/\/21panorama.com\/index.php\/2024\/05\/16\/elias-rescala-aliado-del-sector-empresarial-y-del-crecimiento-economico-de-naucalpan\/"},"author":{"name":"admin","@id":"https:\/\/21panorama.com\/#\/schema\/person\/1afc291b96d5792a158768324287319f"},"headline":"EL\u00cdAS RESCALA, ALIADO DEL SECTOR EMPRESARIAL Y DEL CRECIMIENTO ECON\u00d3MICO DE NAUCALPAN","datePublished":"2024-05-17T01:43:50+00:00","dateModified":"2024-05-17T01:43:51+00:00","mainEntityOfPage":{"@id":"https:\/\/21panorama.com\/index.php\/2024\/05\/16\/elias-rescala-aliado-del-sector-empresarial-y-del-crecimiento-economico-de-naucalpan\/"},"wordCount":519,"commentCount":0,"publisher":{"@id":"https:\/\/21panorama.com\/#organization"},"image":{"@id":"https:\/\/21panorama.com\/index.php\/2024\/05\/16\/elias-rescala-aliado-del-sector-empresarial-y-del-crecimiento-economico-de-naucalpan\/#primaryimage"},"thumbnailUrl":"https:\/\/21panorama.com\/wp-content\/uploads\/2024\/05\/WhatsApp-Image-2024-05-16-at-7.31.37-PM.jpeg","keywords":["EDOMEX","El\u00edas Rescala","GEM","Naucalpan"],"articleSection":["Politica","Sociedad"],"inLanguage":"es","potentialAction":[{"@type":"CommentAction","name":"Comment","target":["https:\/\/21panorama.com\/index.php\/2024\/05\/16\/elias-rescala-aliado-del-sector-empresarial-y-del-crecimiento-economico-de-naucalpan\/#respond"]}]},{"@type":"WebPage","@id":"https:\/\/21panorama.com\/index.php\/2024\/05\/16\/elias-rescala-aliado-del-sector-empresarial-y-del-crecimiento-economico-de-naucalpan\/","url":"https:\/\/21panorama.com\/index.php\/2024\/05\/16\/elias-rescala-aliado-del-sector-empresarial-y-del-crecimiento-economico-de-naucalpan\/","name":"EL\u00cdAS RESCALA, ALIADO DEL SECTOR EMPRESARIAL Y DEL CRECIMIENTO ECON\u00d3MICO DE NAUCALPAN - 21 Panorama","isPartOf":{"@id":"https:\/\/21panorama.com\/#website"},"primaryImageOfPage":{"@id":"https:\/\/21panorama.com\/index.php\/2024\/05\/16\/elias-rescala-aliado-del-sector-empresarial-y-del-crecimiento-economico-de-naucalpan\/#primaryimage"},"image":{"@id":"https:\/\/21panorama.com\/index.php\/2024\/05\/16\/elias-rescala-aliado-del-sector-empresarial-y-del-crecimiento-economico-de-naucalpan\/#primaryimage"},"thumbnailUrl":"https:\/\/21panorama.com\/wp-content\/uploads\/2024\/05\/WhatsApp-Image-2024-05-16-at-7.31.37-PM.jpeg","datePublished":"2024-05-17T01:43:50+00:00","dateModified":"2024-05-17T01:43:51+00:00","breadcrumb":{"@id":"https:\/\/21panorama.com\/index.php\/2024\/05\/16\/elias-rescala-aliado-del-sector-empresarial-y-del-crecimiento-economico-de-naucalpan\/#breadcrumb"},"inLanguage":"es","potentialAction":[{"@type":"ReadAction","target":["https:\/\/21panorama.com\/index.php\/2024\/05\/16\/elias-rescala-aliado-del-sector-empresarial-y-del-crecimiento-economico-de-naucalpan\/"]}]},{"@type":"ImageObject","inLanguage":"es","@id":"https:\/\/21panorama.com\/index.php\/2024\/05\/16\/elias-rescala-aliado-del-sector-empresarial-y-del-crecimiento-economico-de-naucalpan\/#primaryimage","url":"https:\/\/21panorama.com\/wp-content\/uploads\/2024\/05\/WhatsApp-Image-2024-05-16-at-7.31.37-PM.jpeg","contentUrl":"https:\/\/21panorama.com\/wp-content\/uploads\/2024\/05\/WhatsApp-Image-2024-05-16-at-7.31.37-PM.jpeg","width":1520,"height":853},{"@type":"BreadcrumbList","@id":"https:\/\/21panorama.com\/index.php\/2024\/05\/16\/elias-rescala-aliado-del-sector-empresarial-y-del-crecimiento-economico-de-naucalpan\/#breadcrumb","itemListElement":[{"@type":"ListItem","position":1,"name":"Inicio","item":"https:\/\/21panorama.com\/"},{"@type":"ListItem","position":2,"name":"EL\u00cdAS RESCALA, ALIADO DEL SECTOR EMPRESARIAL Y DEL CRECIMIENTO ECON\u00d3MICO DE NAUCALPAN"}]},{"@type":"WebSite","@id":"https:\/\/21panorama.com\/#website","url":"https:\/\/21panorama.com\/","name":"21 Panorama","description":"La construcci\u00f3n de la opini\u00f3n p\u00fablica merece un mejor Panorama en este siglo 21 para alcanzar una sociedad con mayor transparencia y sin corrupci\u00f3n.","publisher":{"@id":"https:\/\/21panorama.com\/#organization"},"potentialAction":[{"@type":"SearchAction","target":{"@type":"EntryPoint","urlTemplate":"https:\/\/21panorama.com\/?s={search_term_string}"},"query-input":{"@type":"PropertyValueSpecification","valueRequired":true,"valueName":"search_term_string"}}],"inLanguage":"es"},{"@type":"Organization","@id":"https:\/\/21panorama.com\/#organization","name":"21 Panorama","url":"https:\/\/21panorama.com\/","logo":{"@type":"ImageObject","inLanguage":"es","@id":"https:\/\/21panorama.com\/#\/schema\/logo\/image\/","url":"https:\/\/21panorama.com\/wp-content\/uploads\/2019\/07\/cropped-Logo-Panorama-01.jpeg","contentUrl":"https:\/\/21panorama.com\/wp-content\/uploads\/2019\/07\/cropped-Logo-Panorama-01.jpeg","width":290,"height":70,"caption":"21 Panorama"},"image":{"@id":"https:\/\/21panorama.com\/#\/schema\/logo\/image\/"}},{"@type":"Person","@id":"https:\/\/21panorama.com\/#\/schema\/person\/1afc291b96d5792a158768324287319f","name":"admin","image":{"@type":"ImageObject","inLanguage":"es","@id":"https:\/\/21panorama.com\/#\/schema\/person\/image\/","url":"https:\/\/secure.gravatar.com\/avatar\/ad365d9d9f46719215b0d042cc3df92a5a8683e09ef13d102233e5491985f0f0?s=96&d=mm&r=g","contentUrl":"https:\/\/secure.gravatar.com\/avatar\/ad365d9d9f46719215b0d042cc3df92a5a8683e09ef13d102233e5491985f0f0?s=96&d=mm&r=g","caption":"admin"},"url":"https:\/\/21panorama.com\/index.php\/author\/admin\/"}]}},"_links":{"self":[{"href":"https:\/\/21panorama.com\/index.php\/wp-json\/wp\/v2\/posts\/5450","targetHints":{"allow":["GET"]}}],"collection":[{"href":"https:\/\/21panorama.com\/index.php\/wp-json\/wp\/v2\/posts"}],"about":[{"href":"https:\/\/21panorama.com\/index.php\/wp-json\/wp\/v2\/types\/post"}],"author":[{"embeddable":true,"href":"https:\/\/21panorama.com\/index.php\/wp-json\/wp\/v2\/users\/1"}],"replies":[{"embeddable":true,"href":"https:\/\/21panorama.com\/index.php\/wp-json\/wp\/v2\/comments?post=5450"}],"version-history":[{"count":1,"href":"https:\/\/21panorama.com\/index.php\/wp-json\/wp\/v2\/posts\/5450\/revisions"}],"predecessor-version":[{"id":5452,"href":"https:\/\/21panorama.com\/index.php\/wp-json\/wp\/v2\/posts\/5450\/revisions\/5452"}],"wp:featuredmedia":[{"embeddable":true,"href":"https:\/\/21panorama.com\/index.php\/wp-json\/wp\/v2\/media\/5451"}],"wp:attachment":[{"href":"https:\/\/21panorama.com\/index.php\/wp-json\/wp\/v2\/media?parent=5450"}],"wp:term":[{"taxonomy":"category","embeddable":true,"href":"https:\/\/21panorama.com\/index.php\/wp-json\/wp\/v2\/categories?post=5450"},{"taxonomy":"post_tag","embeddable":true,"href":"https:\/\/21panorama.com\/index.php\/wp-json\/wp\/v2\/tags?post=5450"}],"curies":[{"name":"wp","href":"https:\/\/api.w.org\/{rel}","templated":true}]}}