{"id":5380,"date":"2024-04-28T17:16:01","date_gmt":"2024-04-28T22:16:01","guid":{"rendered":"https:\/\/21panorama.com\/?p=5380"},"modified":"2024-04-28T17:16:02","modified_gmt":"2024-04-28T22:16:02","slug":"pletorico-arranque-de-campana-de-miguel-en-lerma","status":"publish","type":"post","link":"https:\/\/21panorama.com\/index.php\/2024\/04\/28\/pletorico-arranque-de-campana-de-miguel-en-lerma\/","title":{"rendered":"PLET\u00d3RICO ARRANQUE DE CAMPA\u00d1A DE MIGUEL EN LERMA"},"content":{"rendered":"\n<p>Por Andrea Soto Vega<\/p>\n\n\n\n<p>Unidos, en bloque y cerrando filas por el bien del municipio de Lerma, as\u00ed arranc\u00f3 la campa\u00f1a Miguel Ram\u00edrez Ponce por la presidencia municipal, en un acto por m\u00e1s plet\u00f3rico de sus seguidores que respaldan los resultados de su gobierno.<\/p>\n\n\n\n<p>Es momento de la unidad y la lealtad del priismo mexiquense que calle por calle recorren las diferentes comunidades de este municipio. El candidato asegur\u00f3 que son m\u00e1s los ciudadanos que saben que los buenos resultados son producto del trabajo en equipo.<\/p>\n\n\n\n<p>Ameyalco, Atarasquillo, Analco y cabecera municipal, as\u00ed como colonias y barrios ya fueron recorridos por el candidato de la coalici\u00f3n Fuerza y Coraz\u00f3n por el Edomex con mucha actitud. A su paso por Av. de las Partidas propuso la implementaci\u00f3n del Centro de Desarrollo de Negocios, Becas para Emprendedores y el incentivo para la instalaci\u00f3n de m\u00e1s empresas socialmente responsables.<\/p>\n\n\n\n<p>\u201cSomos M\u00e1s los que sabemos trabajar en equipo y gracias a esto la construcci\u00f3n de la alberca Semiol\u00edmpica de la Regi\u00f3n Xochi-Peralta-Analco ser\u00e1 una realidad, porque nos interesa que nuestras ni\u00f1as, ni\u00f1os y j\u00f3venes tengan espacios que fomenten la actividad f\u00edsica, el sano esparcimiento y el deporte\u201d, dijo.<\/p>\n\n\n\n<p>En Santa Mar\u00eda Atarasquillo vamos a arrasar, asegur\u00f3 Ram\u00edrez Ponce, luego de agradecer a todas y todos los que acompa\u00f1aron en el toque de puertas. \u201cSu apoyo es la mayor motivaci\u00f3n para seguir trabajando, somos m\u00e1s los que queremos seguir viendo m\u00e1s resultados\u201d, agreg\u00f3.<\/p>\n\n\n\n<p>Destac\u00f3 que van a ganar porque son m\u00e1s los que quieren que el futuro de Lerma contin\u00fae con m\u00e1s resultados, \u201cpara seguir cumpliendo los sue\u00f1os de las y los lermense, vamos por buen camino haciendo equipo\u201d.<\/p>\n\n\n\n<figure class=\"wp-block-gallery has-nested-images columns-default is-cropped wp-block-gallery-1 is-layout-flex wp-block-gallery-is-layout-flex\">\n<figure class=\"wp-block-image size-large\"><img decoding=\"async\" width=\"1024\" height=\"576\" data-id=\"5388\" src=\"https:\/\/21panorama.com\/wp-content\/uploads\/2024\/04\/WhatsApp-Image-2024-04-28-at-15.56.23-1024x576.jpeg\" alt=\"\" class=\"wp-image-5388\" srcset=\"https:\/\/21panorama.com\/wp-content\/uploads\/2024\/04\/WhatsApp-Image-2024-04-28-at-15.56.23-1024x576.jpeg 1024w, https:\/\/21panorama.com\/wp-content\/uploads\/2024\/04\/WhatsApp-Image-2024-04-28-at-15.56.23-300x169.jpeg 300w, https:\/\/21panorama.com\/wp-content\/uploads\/2024\/04\/WhatsApp-Image-2024-04-28-at-15.56.23-768x432.jpeg 768w, https:\/\/21panorama.com\/wp-content\/uploads\/2024\/04\/WhatsApp-Image-2024-04-28-at-15.56.23.jpeg 1280w\" sizes=\"(max-width: 1024px) 100vw, 1024px\" \/><\/figure>\n\n\n\n<figure class=\"wp-block-image size-large\"><img decoding=\"async\" width=\"1024\" height=\"748\" data-id=\"5387\" src=\"https:\/\/21panorama.com\/wp-content\/uploads\/2024\/04\/WhatsApp-Image-2024-04-28-at-15.56.24-1024x748.jpeg\" alt=\"\" class=\"wp-image-5387\" srcset=\"https:\/\/21panorama.com\/wp-content\/uploads\/2024\/04\/WhatsApp-Image-2024-04-28-at-15.56.24-1024x748.jpeg 1024w, https:\/\/21panorama.com\/wp-content\/uploads\/2024\/04\/WhatsApp-Image-2024-04-28-at-15.56.24-300x219.jpeg 300w, https:\/\/21panorama.com\/wp-content\/uploads\/2024\/04\/WhatsApp-Image-2024-04-28-at-15.56.24-768x561.jpeg 768w, https:\/\/21panorama.com\/wp-content\/uploads\/2024\/04\/WhatsApp-Image-2024-04-28-at-15.56.24.jpeg 1170w\" sizes=\"(max-width: 1024px) 100vw, 1024px\" \/><\/figure>\n\n\n\n<figure class=\"wp-block-image size-large\"><img decoding=\"async\" width=\"1024\" height=\"768\" data-id=\"5386\" src=\"https:\/\/21panorama.com\/wp-content\/uploads\/2024\/04\/WhatsApp-Image-2024-04-28-at-15.56.24-1-1024x768.jpeg\" alt=\"\" class=\"wp-image-5386\" srcset=\"https:\/\/21panorama.com\/wp-content\/uploads\/2024\/04\/WhatsApp-Image-2024-04-28-at-15.56.24-1-1024x768.jpeg 1024w, https:\/\/21panorama.com\/wp-content\/uploads\/2024\/04\/WhatsApp-Image-2024-04-28-at-15.56.24-1-300x225.jpeg 300w, https:\/\/21panorama.com\/wp-content\/uploads\/2024\/04\/WhatsApp-Image-2024-04-28-at-15.56.24-1-768x576.jpeg 768w, https:\/\/21panorama.com\/wp-content\/uploads\/2024\/04\/WhatsApp-Image-2024-04-28-at-15.56.24-1.jpeg 1280w\" sizes=\"(max-width: 1024px) 100vw, 1024px\" \/><\/figure>\n\n\n\n<figure class=\"wp-block-image size-large\"><img decoding=\"async\" width=\"1024\" height=\"768\" data-id=\"5385\" src=\"https:\/\/21panorama.com\/wp-content\/uploads\/2024\/04\/WhatsApp-Image-2024-04-28-at-15.56.24-2-1024x768.jpeg\" alt=\"\" class=\"wp-image-5385\" srcset=\"https:\/\/21panorama.com\/wp-content\/uploads\/2024\/04\/WhatsApp-Image-2024-04-28-at-15.56.24-2-1024x768.jpeg 1024w, https:\/\/21panorama.com\/wp-content\/uploads\/2024\/04\/WhatsApp-Image-2024-04-28-at-15.56.24-2-300x225.jpeg 300w, https:\/\/21panorama.com\/wp-content\/uploads\/2024\/04\/WhatsApp-Image-2024-04-28-at-15.56.24-2-768x576.jpeg 768w, https:\/\/21panorama.com\/wp-content\/uploads\/2024\/04\/WhatsApp-Image-2024-04-28-at-15.56.24-2.jpeg 1280w\" sizes=\"(max-width: 1024px) 100vw, 1024px\" \/><\/figure>\n\n\n\n<figure class=\"wp-block-image size-large\"><img decoding=\"async\" width=\"960\" height=\"569\" data-id=\"5384\" src=\"https:\/\/21panorama.com\/wp-content\/uploads\/2024\/04\/WhatsApp-Image-2024-04-28-at-15.56.24-3.jpeg\" alt=\"\" class=\"wp-image-5384\" srcset=\"https:\/\/21panorama.com\/wp-content\/uploads\/2024\/04\/WhatsApp-Image-2024-04-28-at-15.56.24-3.jpeg 960w, https:\/\/21panorama.com\/wp-content\/uploads\/2024\/04\/WhatsApp-Image-2024-04-28-at-15.56.24-3-300x178.jpeg 300w, https:\/\/21panorama.com\/wp-content\/uploads\/2024\/04\/WhatsApp-Image-2024-04-28-at-15.56.24-3-768x455.jpeg 768w\" sizes=\"(max-width: 960px) 100vw, 960px\" \/><\/figure>\n\n\n\n<figure class=\"wp-block-image size-large\"><img decoding=\"async\" width=\"1024\" height=\"612\" data-id=\"5383\" src=\"https:\/\/21panorama.com\/wp-content\/uploads\/2024\/04\/WhatsApp-Image-2024-04-28-at-15.56.24-4-1024x612.jpeg\" alt=\"\" class=\"wp-image-5383\" srcset=\"https:\/\/21panorama.com\/wp-content\/uploads\/2024\/04\/WhatsApp-Image-2024-04-28-at-15.56.24-4-1024x612.jpeg 1024w, https:\/\/21panorama.com\/wp-content\/uploads\/2024\/04\/WhatsApp-Image-2024-04-28-at-15.56.24-4-300x179.jpeg 300w, https:\/\/21panorama.com\/wp-content\/uploads\/2024\/04\/WhatsApp-Image-2024-04-28-at-15.56.24-4-768x459.jpeg 768w, https:\/\/21panorama.com\/wp-content\/uploads\/2024\/04\/WhatsApp-Image-2024-04-28-at-15.56.24-4.jpeg 1170w\" sizes=\"(max-width: 1024px) 100vw, 1024px\" \/><\/figure>\n<\/figure>\n","protected":false},"excerpt":{"rendered":"<p>En Santa Mar\u00eda Atarasquillo vamos a arrasar, asegur\u00f3 Ram\u00edrez Ponce, luego de agradecer a todas y todos los que acompa\u00f1aron en el toque de puertas. \u201cSu apoyo es la mayor motivaci\u00f3n para seguir trabajando, somos m\u00e1s los que queremos seguir viendo m\u00e1s resultados\u201d, agreg\u00f3.<\/p>\n","protected":false},"author":1,"featured_media":5381,"comment_status":"open","ping_status":"open","sticky":false,"template":"","format":"standard","meta":{"footnotes":""},"categories":[12],"tags":[64,395],"class_list":["post-5380","post","type-post","status-publish","format-standard","has-post-thumbnail","hentry","category-politica","tag-lerma","tag-miguel-ramirez"],"yoast_head":"<!-- This site is optimized with the Yoast SEO plugin v24.9 - https:\/\/yoast.com\/wordpress\/plugins\/seo\/ -->\n<title>PLET\u00d3RICO ARRANQUE DE CAMPA\u00d1A DE MIGUEL EN LERMA - 21 Panorama<\/title>\n<meta name=\"robots\" content=\"index, follow, max-snippet:-1, max-image-preview:large, max-video-preview:-1\" \/>\n<link rel=\"canonical\" href=\"https:\/\/21panorama.com\/index.php\/2024\/04\/28\/pletorico-arranque-de-campana-de-miguel-en-lerma\/\" \/>\n<meta property=\"og:locale\" content=\"es_MX\" \/>\n<meta property=\"og:type\" content=\"article\" \/>\n<meta property=\"og:title\" content=\"PLET\u00d3RICO ARRANQUE DE CAMPA\u00d1A DE MIGUEL EN LERMA - 21 Panorama\" \/>\n<meta property=\"og:description\" content=\"En Santa Mar\u00eda Atarasquillo vamos a arrasar, asegur\u00f3 Ram\u00edrez Ponce, luego de agradecer a todas y todos los que acompa\u00f1aron en el toque de puertas. \u201cSu apoyo es la mayor motivaci\u00f3n para seguir trabajando, somos m\u00e1s los que queremos seguir viendo m\u00e1s resultados\u201d, agreg\u00f3.\" \/>\n<meta property=\"og:url\" content=\"https:\/\/21panorama.com\/index.php\/2024\/04\/28\/pletorico-arranque-de-campana-de-miguel-en-lerma\/\" \/>\n<meta property=\"og:site_name\" content=\"21 Panorama\" \/>\n<meta property=\"article:published_time\" content=\"2024-04-28T22:16:01+00:00\" \/>\n<meta property=\"article:modified_time\" content=\"2024-04-28T22:16:02+00:00\" \/>\n<meta property=\"og:image\" content=\"https:\/\/21panorama.com\/wp-content\/uploads\/2024\/04\/WhatsApp-Image-2024-04-28-at-15.56.24-6.jpeg\" \/>\n\t<meta property=\"og:image:width\" content=\"960\" \/>\n\t<meta property=\"og:image:height\" content=\"844\" \/>\n\t<meta property=\"og:image:type\" content=\"image\/jpeg\" \/>\n<meta name=\"author\" content=\"admin\" \/>\n<meta name=\"twitter:card\" content=\"summary_large_image\" \/>\n<meta name=\"twitter:label1\" content=\"Escrito por\" \/>\n\t<meta name=\"twitter:data1\" content=\"admin\" \/>\n\t<meta name=\"twitter:label2\" content=\"Tiempo de lectura\" \/>\n\t<meta name=\"twitter:data2\" content=\"3 minutos\" \/>\n<script type=\"application\/ld+json\" class=\"yoast-schema-graph\">{\"@context\":\"https:\/\/schema.org\",\"@graph\":[{\"@type\":\"Article\",\"@id\":\"https:\/\/21panorama.com\/index.php\/2024\/04\/28\/pletorico-arranque-de-campana-de-miguel-en-lerma\/#article\",\"isPartOf\":{\"@id\":\"https:\/\/21panorama.com\/index.php\/2024\/04\/28\/pletorico-arranque-de-campana-de-miguel-en-lerma\/\"},\"author\":{\"name\":\"admin\",\"@id\":\"https:\/\/21panorama.com\/#\/schema\/person\/1afc291b96d5792a158768324287319f\"},\"headline\":\"PLET\u00d3RICO ARRANQUE DE CAMPA\u00d1A DE MIGUEL EN LERMA\",\"datePublished\":\"2024-04-28T22:16:01+00:00\",\"dateModified\":\"2024-04-28T22:16:02+00:00\",\"mainEntityOfPage\":{\"@id\":\"https:\/\/21panorama.com\/index.php\/2024\/04\/28\/pletorico-arranque-de-campana-de-miguel-en-lerma\/\"},\"wordCount\":312,\"commentCount\":0,\"publisher\":{\"@id\":\"https:\/\/21panorama.com\/#organization\"},\"image\":{\"@id\":\"https:\/\/21panorama.com\/index.php\/2024\/04\/28\/pletorico-arranque-de-campana-de-miguel-en-lerma\/#primaryimage\"},\"thumbnailUrl\":\"https:\/\/21panorama.com\/wp-content\/uploads\/2024\/04\/WhatsApp-Image-2024-04-28-at-15.56.24-6.jpeg\",\"keywords\":[\"Lerma\",\"Miguel Ram\u00edrez\"],\"articleSection\":[\"Politica\"],\"inLanguage\":\"es\",\"potentialAction\":[{\"@type\":\"CommentAction\",\"name\":\"Comment\",\"target\":[\"https:\/\/21panorama.com\/index.php\/2024\/04\/28\/pletorico-arranque-de-campana-de-miguel-en-lerma\/#respond\"]}]},{\"@type\":\"WebPage\",\"@id\":\"https:\/\/21panorama.com\/index.php\/2024\/04\/28\/pletorico-arranque-de-campana-de-miguel-en-lerma\/\",\"url\":\"https:\/\/21panorama.com\/index.php\/2024\/04\/28\/pletorico-arranque-de-campana-de-miguel-en-lerma\/\",\"name\":\"PLET\u00d3RICO ARRANQUE DE CAMPA\u00d1A DE MIGUEL EN LERMA - 21 Panorama\",\"isPartOf\":{\"@id\":\"https:\/\/21panorama.com\/#website\"},\"primaryImageOfPage\":{\"@id\":\"https:\/\/21panorama.com\/index.php\/2024\/04\/28\/pletorico-arranque-de-campana-de-miguel-en-lerma\/#primaryimage\"},\"image\":{\"@id\":\"https:\/\/21panorama.com\/index.php\/2024\/04\/28\/pletorico-arranque-de-campana-de-miguel-en-lerma\/#primaryimage\"},\"thumbnailUrl\":\"https:\/\/21panorama.com\/wp-content\/uploads\/2024\/04\/WhatsApp-Image-2024-04-28-at-15.56.24-6.jpeg\",\"datePublished\":\"2024-04-28T22:16:01+00:00\",\"dateModified\":\"2024-04-28T22:16:02+00:00\",\"breadcrumb\":{\"@id\":\"https:\/\/21panorama.com\/index.php\/2024\/04\/28\/pletorico-arranque-de-campana-de-miguel-en-lerma\/#breadcrumb\"},\"inLanguage\":\"es\",\"potentialAction\":[{\"@type\":\"ReadAction\",\"target\":[\"https:\/\/21panorama.com\/index.php\/2024\/04\/28\/pletorico-arranque-de-campana-de-miguel-en-lerma\/\"]}]},{\"@type\":\"ImageObject\",\"inLanguage\":\"es\",\"@id\":\"https:\/\/21panorama.com\/index.php\/2024\/04\/28\/pletorico-arranque-de-campana-de-miguel-en-lerma\/#primaryimage\",\"url\":\"https:\/\/21panorama.com\/wp-content\/uploads\/2024\/04\/WhatsApp-Image-2024-04-28-at-15.56.24-6.jpeg\",\"contentUrl\":\"https:\/\/21panorama.com\/wp-content\/uploads\/2024\/04\/WhatsApp-Image-2024-04-28-at-15.56.24-6.jpeg\",\"width\":960,\"height\":844},{\"@type\":\"BreadcrumbList\",\"@id\":\"https:\/\/21panorama.com\/index.php\/2024\/04\/28\/pletorico-arranque-de-campana-de-miguel-en-lerma\/#breadcrumb\",\"itemListElement\":[{\"@type\":\"ListItem\",\"position\":1,\"name\":\"Inicio\",\"item\":\"https:\/\/21panorama.com\/\"},{\"@type\":\"ListItem\",\"position\":2,\"name\":\"PLET\u00d3RICO ARRANQUE DE CAMPA\u00d1A DE MIGUEL EN LERMA\"}]},{\"@type\":\"WebSite\",\"@id\":\"https:\/\/21panorama.com\/#website\",\"url\":\"https:\/\/21panorama.com\/\",\"name\":\"21 Panorama\",\"description\":\"La construcci\u00f3n de la opini\u00f3n p\u00fablica merece un mejor Panorama en este siglo 21 para alcanzar una sociedad con mayor transparencia y sin corrupci\u00f3n.\",\"publisher\":{\"@id\":\"https:\/\/21panorama.com\/#organization\"},\"potentialAction\":[{\"@type\":\"SearchAction\",\"target\":{\"@type\":\"EntryPoint\",\"urlTemplate\":\"https:\/\/21panorama.com\/?s={search_term_string}\"},\"query-input\":{\"@type\":\"PropertyValueSpecification\",\"valueRequired\":true,\"valueName\":\"search_term_string\"}}],\"inLanguage\":\"es\"},{\"@type\":\"Organization\",\"@id\":\"https:\/\/21panorama.com\/#organization\",\"name\":\"21 Panorama\",\"url\":\"https:\/\/21panorama.com\/\",\"logo\":{\"@type\":\"ImageObject\",\"inLanguage\":\"es\",\"@id\":\"https:\/\/21panorama.com\/#\/schema\/logo\/image\/\",\"url\":\"https:\/\/21panorama.com\/wp-content\/uploads\/2019\/07\/cropped-Logo-Panorama-01.jpeg\",\"contentUrl\":\"https:\/\/21panorama.com\/wp-content\/uploads\/2019\/07\/cropped-Logo-Panorama-01.jpeg\",\"width\":290,\"height\":70,\"caption\":\"21 Panorama\"},\"image\":{\"@id\":\"https:\/\/21panorama.com\/#\/schema\/logo\/image\/\"}},{\"@type\":\"Person\",\"@id\":\"https:\/\/21panorama.com\/#\/schema\/person\/1afc291b96d5792a158768324287319f\",\"name\":\"admin\",\"image\":{\"@type\":\"ImageObject\",\"inLanguage\":\"es\",\"@id\":\"https:\/\/21panorama.com\/#\/schema\/person\/image\/\",\"url\":\"https:\/\/secure.gravatar.com\/avatar\/ad365d9d9f46719215b0d042cc3df92a5a8683e09ef13d102233e5491985f0f0?s=96&d=mm&r=g\",\"contentUrl\":\"https:\/\/secure.gravatar.com\/avatar\/ad365d9d9f46719215b0d042cc3df92a5a8683e09ef13d102233e5491985f0f0?s=96&d=mm&r=g\",\"caption\":\"admin\"},\"url\":\"https:\/\/21panorama.com\/index.php\/author\/admin\/\"}]}<\/script>\n<!-- \/ Yoast SEO plugin. -->","yoast_head_json":{"title":"PLET\u00d3RICO ARRANQUE DE CAMPA\u00d1A DE MIGUEL EN LERMA - 21 Panorama","robots":{"index":"index","follow":"follow","max-snippet":"max-snippet:-1","max-image-preview":"max-image-preview:large","max-video-preview":"max-video-preview:-1"},"canonical":"https:\/\/21panorama.com\/index.php\/2024\/04\/28\/pletorico-arranque-de-campana-de-miguel-en-lerma\/","og_locale":"es_MX","og_type":"article","og_title":"PLET\u00d3RICO ARRANQUE DE CAMPA\u00d1A DE MIGUEL EN LERMA - 21 Panorama","og_description":"En Santa Mar\u00eda Atarasquillo vamos a arrasar, asegur\u00f3 Ram\u00edrez Ponce, luego de agradecer a todas y todos los que acompa\u00f1aron en el toque de puertas. \u201cSu apoyo es la mayor motivaci\u00f3n para seguir trabajando, somos m\u00e1s los que queremos seguir viendo m\u00e1s resultados\u201d, agreg\u00f3.","og_url":"https:\/\/21panorama.com\/index.php\/2024\/04\/28\/pletorico-arranque-de-campana-de-miguel-en-lerma\/","og_site_name":"21 Panorama","article_published_time":"2024-04-28T22:16:01+00:00","article_modified_time":"2024-04-28T22:16:02+00:00","og_image":[{"width":960,"height":844,"url":"https:\/\/21panorama.com\/wp-content\/uploads\/2024\/04\/WhatsApp-Image-2024-04-28-at-15.56.24-6.jpeg","type":"image\/jpeg"}],"author":"admin","twitter_card":"summary_large_image","twitter_misc":{"Escrito por":"admin","Tiempo de lectura":"3 minutos"},"schema":{"@context":"https:\/\/schema.org","@graph":[{"@type":"Article","@id":"https:\/\/21panorama.com\/index.php\/2024\/04\/28\/pletorico-arranque-de-campana-de-miguel-en-lerma\/#article","isPartOf":{"@id":"https:\/\/21panorama.com\/index.php\/2024\/04\/28\/pletorico-arranque-de-campana-de-miguel-en-lerma\/"},"author":{"name":"admin","@id":"https:\/\/21panorama.com\/#\/schema\/person\/1afc291b96d5792a158768324287319f"},"headline":"PLET\u00d3RICO ARRANQUE DE CAMPA\u00d1A DE MIGUEL EN LERMA","datePublished":"2024-04-28T22:16:01+00:00","dateModified":"2024-04-28T22:16:02+00:00","mainEntityOfPage":{"@id":"https:\/\/21panorama.com\/index.php\/2024\/04\/28\/pletorico-arranque-de-campana-de-miguel-en-lerma\/"},"wordCount":312,"commentCount":0,"publisher":{"@id":"https:\/\/21panorama.com\/#organization"},"image":{"@id":"https:\/\/21panorama.com\/index.php\/2024\/04\/28\/pletorico-arranque-de-campana-de-miguel-en-lerma\/#primaryimage"},"thumbnailUrl":"https:\/\/21panorama.com\/wp-content\/uploads\/2024\/04\/WhatsApp-Image-2024-04-28-at-15.56.24-6.jpeg","keywords":["Lerma","Miguel Ram\u00edrez"],"articleSection":["Politica"],"inLanguage":"es","potentialAction":[{"@type":"CommentAction","name":"Comment","target":["https:\/\/21panorama.com\/index.php\/2024\/04\/28\/pletorico-arranque-de-campana-de-miguel-en-lerma\/#respond"]}]},{"@type":"WebPage","@id":"https:\/\/21panorama.com\/index.php\/2024\/04\/28\/pletorico-arranque-de-campana-de-miguel-en-lerma\/","url":"https:\/\/21panorama.com\/index.php\/2024\/04\/28\/pletorico-arranque-de-campana-de-miguel-en-lerma\/","name":"PLET\u00d3RICO ARRANQUE DE CAMPA\u00d1A DE MIGUEL EN LERMA - 21 Panorama","isPartOf":{"@id":"https:\/\/21panorama.com\/#website"},"primaryImageOfPage":{"@id":"https:\/\/21panorama.com\/index.php\/2024\/04\/28\/pletorico-arranque-de-campana-de-miguel-en-lerma\/#primaryimage"},"image":{"@id":"https:\/\/21panorama.com\/index.php\/2024\/04\/28\/pletorico-arranque-de-campana-de-miguel-en-lerma\/#primaryimage"},"thumbnailUrl":"https:\/\/21panorama.com\/wp-content\/uploads\/2024\/04\/WhatsApp-Image-2024-04-28-at-15.56.24-6.jpeg","datePublished":"2024-04-28T22:16:01+00:00","dateModified":"2024-04-28T22:16:02+00:00","breadcrumb":{"@id":"https:\/\/21panorama.com\/index.php\/2024\/04\/28\/pletorico-arranque-de-campana-de-miguel-en-lerma\/#breadcrumb"},"inLanguage":"es","potentialAction":[{"@type":"ReadAction","target":["https:\/\/21panorama.com\/index.php\/2024\/04\/28\/pletorico-arranque-de-campana-de-miguel-en-lerma\/"]}]},{"@type":"ImageObject","inLanguage":"es","@id":"https:\/\/21panorama.com\/index.php\/2024\/04\/28\/pletorico-arranque-de-campana-de-miguel-en-lerma\/#primaryimage","url":"https:\/\/21panorama.com\/wp-content\/uploads\/2024\/04\/WhatsApp-Image-2024-04-28-at-15.56.24-6.jpeg","contentUrl":"https:\/\/21panorama.com\/wp-content\/uploads\/2024\/04\/WhatsApp-Image-2024-04-28-at-15.56.24-6.jpeg","width":960,"height":844},{"@type":"BreadcrumbList","@id":"https:\/\/21panorama.com\/index.php\/2024\/04\/28\/pletorico-arranque-de-campana-de-miguel-en-lerma\/#breadcrumb","itemListElement":[{"@type":"ListItem","position":1,"name":"Inicio","item":"https:\/\/21panorama.com\/"},{"@type":"ListItem","position":2,"name":"PLET\u00d3RICO ARRANQUE DE CAMPA\u00d1A DE MIGUEL EN LERMA"}]},{"@type":"WebSite","@id":"https:\/\/21panorama.com\/#website","url":"https:\/\/21panorama.com\/","name":"21 Panorama","description":"La construcci\u00f3n de la opini\u00f3n p\u00fablica merece un mejor Panorama en este siglo 21 para alcanzar una sociedad con mayor transparencia y sin corrupci\u00f3n.","publisher":{"@id":"https:\/\/21panorama.com\/#organization"},"potentialAction":[{"@type":"SearchAction","target":{"@type":"EntryPoint","urlTemplate":"https:\/\/21panorama.com\/?s={search_term_string}"},"query-input":{"@type":"PropertyValueSpecification","valueRequired":true,"valueName":"search_term_string"}}],"inLanguage":"es"},{"@type":"Organization","@id":"https:\/\/21panorama.com\/#organization","name":"21 Panorama","url":"https:\/\/21panorama.com\/","logo":{"@type":"ImageObject","inLanguage":"es","@id":"https:\/\/21panorama.com\/#\/schema\/logo\/image\/","url":"https:\/\/21panorama.com\/wp-content\/uploads\/2019\/07\/cropped-Logo-Panorama-01.jpeg","contentUrl":"https:\/\/21panorama.com\/wp-content\/uploads\/2019\/07\/cropped-Logo-Panorama-01.jpeg","width":290,"height":70,"caption":"21 Panorama"},"image":{"@id":"https:\/\/21panorama.com\/#\/schema\/logo\/image\/"}},{"@type":"Person","@id":"https:\/\/21panorama.com\/#\/schema\/person\/1afc291b96d5792a158768324287319f","name":"admin","image":{"@type":"ImageObject","inLanguage":"es","@id":"https:\/\/21panorama.com\/#\/schema\/person\/image\/","url":"https:\/\/secure.gravatar.com\/avatar\/ad365d9d9f46719215b0d042cc3df92a5a8683e09ef13d102233e5491985f0f0?s=96&d=mm&r=g","contentUrl":"https:\/\/secure.gravatar.com\/avatar\/ad365d9d9f46719215b0d042cc3df92a5a8683e09ef13d102233e5491985f0f0?s=96&d=mm&r=g","caption":"admin"},"url":"https:\/\/21panorama.com\/index.php\/author\/admin\/"}]}},"_links":{"self":[{"href":"https:\/\/21panorama.com\/index.php\/wp-json\/wp\/v2\/posts\/5380","targetHints":{"allow":["GET"]}}],"collection":[{"href":"https:\/\/21panorama.com\/index.php\/wp-json\/wp\/v2\/posts"}],"about":[{"href":"https:\/\/21panorama.com\/index.php\/wp-json\/wp\/v2\/types\/post"}],"author":[{"embeddable":true,"href":"https:\/\/21panorama.com\/index.php\/wp-json\/wp\/v2\/users\/1"}],"replies":[{"embeddable":true,"href":"https:\/\/21panorama.com\/index.php\/wp-json\/wp\/v2\/comments?post=5380"}],"version-history":[{"count":1,"href":"https:\/\/21panorama.com\/index.php\/wp-json\/wp\/v2\/posts\/5380\/revisions"}],"predecessor-version":[{"id":5389,"href":"https:\/\/21panorama.com\/index.php\/wp-json\/wp\/v2\/posts\/5380\/revisions\/5389"}],"wp:featuredmedia":[{"embeddable":true,"href":"https:\/\/21panorama.com\/index.php\/wp-json\/wp\/v2\/media\/5381"}],"wp:attachment":[{"href":"https:\/\/21panorama.com\/index.php\/wp-json\/wp\/v2\/media?parent=5380"}],"wp:term":[{"taxonomy":"category","embeddable":true,"href":"https:\/\/21panorama.com\/index.php\/wp-json\/wp\/v2\/categories?post=5380"},{"taxonomy":"post_tag","embeddable":true,"href":"https:\/\/21panorama.com\/index.php\/wp-json\/wp\/v2\/tags?post=5380"}],"curies":[{"name":"wp","href":"https:\/\/api.w.org\/{rel}","templated":true}]}}