{"id":5356,"date":"2024-02-12T10:11:12","date_gmt":"2024-02-12T16:11:12","guid":{"rendered":"https:\/\/21panorama.com\/?p=5356"},"modified":"2024-02-12T10:11:13","modified_gmt":"2024-02-12T16:11:13","slug":"entrega-abuzeid-lozano-rehabilitacion-de-escuela-del-deporte-en-ixtlahuaca","status":"publish","type":"post","link":"https:\/\/21panorama.com\/index.php\/2024\/02\/12\/entrega-abuzeid-lozano-rehabilitacion-de-escuela-del-deporte-en-ixtlahuaca\/","title":{"rendered":"ENTREGA ABUZEID LOZANO REHABILITACI\u00d3N DE ESCUELA DEL DEPORTE EN IXTLAHUACA"},"content":{"rendered":"\n<p><\/p>\n\n\n\n<p>El alcalde de Ixtlahuaca Abuzeid Lozano entreg\u00f3 la rehabilitaci\u00f3n de la primera etapa de la Escuela del Deporte en la cabecera municipal, con una inversi\u00f3n de 6 millones de pesos, obra que beneficiar\u00e1 a los 2 mil usuarios de estas instalaciones.<\/p>\n\n\n\n<p>Los trabajos realizados son: colocaci\u00f3n y nivelaci\u00f3n del enrejado perimetral, construcci\u00f3n del p\u00f3rtico de acceso, ciclov\u00eda y trotapista, \u00e1rea de ciclismo de monta\u00f1a, zona de multicanchas y estacionamiento; adem\u00e1s de guarniciones y firmes.<\/p>\n\n\n\n<p>De igual manera, se realiz\u00f3 la rehabilitaci\u00f3n del \u00e1rea administrativa y cancha de f\u00fatbol r\u00e1pido y gradas.<br>Con esta acci\u00f3n, en Ixtlahuaca se inaugur\u00f3 la obra 223 en lo que va de la presente administraci\u00f3n, con el objetivo de brindarle a la poblaci\u00f3n espacios dignos y seguros que fortalezcan su salud y la sana convivencia.<br>\u201cHoy nuestros hijos tienen la oportunidad de consolidar un sue\u00f1o que nosotros no pudimos en la ni\u00f1ez; pasaron muchos a\u00f1os y generaciones, quienes transitamos en esta zona, ven\u00edamos a los eventos regionales, estatales y nacionales que se hac\u00edan en el auditorio y siempre ve\u00edamos esta zona con un urbanismo deplorable\u201d, mencion\u00f3 el edil.<\/p>\n\n\n\n<p>Entre las acciones m\u00e1s relevantes enfocadas al sector deportivo destacan la remodelaci\u00f3n del campo de f\u00fatbol de Guadalupe Cachi y \u00e1reas anexas, la rehabilitaci\u00f3n de la cancha de futbol soccer de San Francisco Ixtlahuaca, as\u00ed como la entrega de material para mejorar la infraestructura de canchas deportivas y el rastreo y recuperaci\u00f3n de canchas de f\u00fatbol amateur en diversas comunidades del municipio.<\/p>\n","protected":false},"excerpt":{"rendered":"<p>El alcalde de Ixtlahuaca Abuzeid Lozano entreg\u00f3 la rehabilitaci\u00f3n de la primera etapa de la Escuela del Deporte en la cabecera municipal, con una inversi\u00f3n de 6 millones de pesos, obra que beneficiar\u00e1 a los 2 mil usuarios de estas instalaciones.<\/p>\n","protected":false},"author":1,"featured_media":5357,"comment_status":"open","ping_status":"open","sticky":false,"template":"","format":"standard","meta":{"footnotes":""},"categories":[12,1],"tags":[380,97,222,244],"class_list":["post-5356","post","type-post","status-publish","format-standard","has-post-thumbnail","hentry","category-politica","category-sociedad","tag-abuzeid-lozano","tag-edomex","tag-gem","tag-ixtlahuaca"],"yoast_head":"<!-- This site is optimized with the Yoast SEO plugin v24.9 - https:\/\/yoast.com\/wordpress\/plugins\/seo\/ -->\n<title>ENTREGA ABUZEID LOZANO REHABILITACI\u00d3N DE ESCUELA DEL DEPORTE EN IXTLAHUACA - 21 Panorama<\/title>\n<meta name=\"robots\" content=\"index, follow, max-snippet:-1, max-image-preview:large, max-video-preview:-1\" \/>\n<link rel=\"canonical\" href=\"https:\/\/21panorama.com\/index.php\/2024\/02\/12\/entrega-abuzeid-lozano-rehabilitacion-de-escuela-del-deporte-en-ixtlahuaca\/\" \/>\n<meta property=\"og:locale\" content=\"es_MX\" \/>\n<meta property=\"og:type\" content=\"article\" \/>\n<meta property=\"og:title\" content=\"ENTREGA ABUZEID LOZANO REHABILITACI\u00d3N DE ESCUELA DEL DEPORTE EN IXTLAHUACA - 21 Panorama\" \/>\n<meta property=\"og:description\" content=\"El alcalde de Ixtlahuaca Abuzeid Lozano entreg\u00f3 la rehabilitaci\u00f3n de la primera etapa de la Escuela del Deporte en la cabecera municipal, con una inversi\u00f3n de 6 millones de pesos, obra que beneficiar\u00e1 a los 2 mil usuarios de estas instalaciones.\" \/>\n<meta property=\"og:url\" content=\"https:\/\/21panorama.com\/index.php\/2024\/02\/12\/entrega-abuzeid-lozano-rehabilitacion-de-escuela-del-deporte-en-ixtlahuaca\/\" \/>\n<meta property=\"og:site_name\" content=\"21 Panorama\" \/>\n<meta property=\"article:published_time\" content=\"2024-02-12T16:11:12+00:00\" \/>\n<meta property=\"article:modified_time\" content=\"2024-02-12T16:11:13+00:00\" \/>\n<meta property=\"og:image\" content=\"https:\/\/21panorama.com\/wp-content\/uploads\/2024\/02\/WhatsApp-Image-2024-02-11-at-12.11.33-PM.jpeg\" \/>\n\t<meta property=\"og:image:width\" content=\"1286\" \/>\n\t<meta property=\"og:image:height\" content=\"857\" \/>\n\t<meta property=\"og:image:type\" content=\"image\/jpeg\" \/>\n<meta name=\"author\" content=\"admin\" \/>\n<meta name=\"twitter:card\" content=\"summary_large_image\" \/>\n<meta name=\"twitter:label1\" content=\"Escrito por\" \/>\n\t<meta name=\"twitter:data1\" content=\"admin\" \/>\n\t<meta name=\"twitter:label2\" content=\"Tiempo de lectura\" \/>\n\t<meta name=\"twitter:data2\" content=\"2 minutos\" \/>\n<script type=\"application\/ld+json\" class=\"yoast-schema-graph\">{\"@context\":\"https:\/\/schema.org\",\"@graph\":[{\"@type\":\"Article\",\"@id\":\"https:\/\/21panorama.com\/index.php\/2024\/02\/12\/entrega-abuzeid-lozano-rehabilitacion-de-escuela-del-deporte-en-ixtlahuaca\/#article\",\"isPartOf\":{\"@id\":\"https:\/\/21panorama.com\/index.php\/2024\/02\/12\/entrega-abuzeid-lozano-rehabilitacion-de-escuela-del-deporte-en-ixtlahuaca\/\"},\"author\":{\"name\":\"admin\",\"@id\":\"https:\/\/21panorama.com\/#\/schema\/person\/1afc291b96d5792a158768324287319f\"},\"headline\":\"ENTREGA ABUZEID LOZANO REHABILITACI\u00d3N DE ESCUELA DEL DEPORTE EN IXTLAHUACA\",\"datePublished\":\"2024-02-12T16:11:12+00:00\",\"dateModified\":\"2024-02-12T16:11:13+00:00\",\"mainEntityOfPage\":{\"@id\":\"https:\/\/21panorama.com\/index.php\/2024\/02\/12\/entrega-abuzeid-lozano-rehabilitacion-de-escuela-del-deporte-en-ixtlahuaca\/\"},\"wordCount\":279,\"commentCount\":0,\"publisher\":{\"@id\":\"https:\/\/21panorama.com\/#organization\"},\"image\":{\"@id\":\"https:\/\/21panorama.com\/index.php\/2024\/02\/12\/entrega-abuzeid-lozano-rehabilitacion-de-escuela-del-deporte-en-ixtlahuaca\/#primaryimage\"},\"thumbnailUrl\":\"https:\/\/21panorama.com\/wp-content\/uploads\/2024\/02\/WhatsApp-Image-2024-02-11-at-12.11.33-PM.jpeg\",\"keywords\":[\"Abuzeid Lozano\",\"EDOMEX\",\"GEM\",\"IXTLAHUACA\"],\"articleSection\":[\"Politica\",\"Sociedad\"],\"inLanguage\":\"es\",\"potentialAction\":[{\"@type\":\"CommentAction\",\"name\":\"Comment\",\"target\":[\"https:\/\/21panorama.com\/index.php\/2024\/02\/12\/entrega-abuzeid-lozano-rehabilitacion-de-escuela-del-deporte-en-ixtlahuaca\/#respond\"]}]},{\"@type\":\"WebPage\",\"@id\":\"https:\/\/21panorama.com\/index.php\/2024\/02\/12\/entrega-abuzeid-lozano-rehabilitacion-de-escuela-del-deporte-en-ixtlahuaca\/\",\"url\":\"https:\/\/21panorama.com\/index.php\/2024\/02\/12\/entrega-abuzeid-lozano-rehabilitacion-de-escuela-del-deporte-en-ixtlahuaca\/\",\"name\":\"ENTREGA ABUZEID LOZANO REHABILITACI\u00d3N DE ESCUELA DEL DEPORTE EN IXTLAHUACA - 21 Panorama\",\"isPartOf\":{\"@id\":\"https:\/\/21panorama.com\/#website\"},\"primaryImageOfPage\":{\"@id\":\"https:\/\/21panorama.com\/index.php\/2024\/02\/12\/entrega-abuzeid-lozano-rehabilitacion-de-escuela-del-deporte-en-ixtlahuaca\/#primaryimage\"},\"image\":{\"@id\":\"https:\/\/21panorama.com\/index.php\/2024\/02\/12\/entrega-abuzeid-lozano-rehabilitacion-de-escuela-del-deporte-en-ixtlahuaca\/#primaryimage\"},\"thumbnailUrl\":\"https:\/\/21panorama.com\/wp-content\/uploads\/2024\/02\/WhatsApp-Image-2024-02-11-at-12.11.33-PM.jpeg\",\"datePublished\":\"2024-02-12T16:11:12+00:00\",\"dateModified\":\"2024-02-12T16:11:13+00:00\",\"breadcrumb\":{\"@id\":\"https:\/\/21panorama.com\/index.php\/2024\/02\/12\/entrega-abuzeid-lozano-rehabilitacion-de-escuela-del-deporte-en-ixtlahuaca\/#breadcrumb\"},\"inLanguage\":\"es\",\"potentialAction\":[{\"@type\":\"ReadAction\",\"target\":[\"https:\/\/21panorama.com\/index.php\/2024\/02\/12\/entrega-abuzeid-lozano-rehabilitacion-de-escuela-del-deporte-en-ixtlahuaca\/\"]}]},{\"@type\":\"ImageObject\",\"inLanguage\":\"es\",\"@id\":\"https:\/\/21panorama.com\/index.php\/2024\/02\/12\/entrega-abuzeid-lozano-rehabilitacion-de-escuela-del-deporte-en-ixtlahuaca\/#primaryimage\",\"url\":\"https:\/\/21panorama.com\/wp-content\/uploads\/2024\/02\/WhatsApp-Image-2024-02-11-at-12.11.33-PM.jpeg\",\"contentUrl\":\"https:\/\/21panorama.com\/wp-content\/uploads\/2024\/02\/WhatsApp-Image-2024-02-11-at-12.11.33-PM.jpeg\",\"width\":1286,\"height\":857},{\"@type\":\"BreadcrumbList\",\"@id\":\"https:\/\/21panorama.com\/index.php\/2024\/02\/12\/entrega-abuzeid-lozano-rehabilitacion-de-escuela-del-deporte-en-ixtlahuaca\/#breadcrumb\",\"itemListElement\":[{\"@type\":\"ListItem\",\"position\":1,\"name\":\"Inicio\",\"item\":\"https:\/\/21panorama.com\/\"},{\"@type\":\"ListItem\",\"position\":2,\"name\":\"ENTREGA ABUZEID LOZANO REHABILITACI\u00d3N DE ESCUELA DEL DEPORTE EN IXTLAHUACA\"}]},{\"@type\":\"WebSite\",\"@id\":\"https:\/\/21panorama.com\/#website\",\"url\":\"https:\/\/21panorama.com\/\",\"name\":\"21 Panorama\",\"description\":\"La construcci\u00f3n de la opini\u00f3n p\u00fablica merece un mejor Panorama en este siglo 21 para alcanzar una sociedad con mayor transparencia y sin corrupci\u00f3n.\",\"publisher\":{\"@id\":\"https:\/\/21panorama.com\/#organization\"},\"potentialAction\":[{\"@type\":\"SearchAction\",\"target\":{\"@type\":\"EntryPoint\",\"urlTemplate\":\"https:\/\/21panorama.com\/?s={search_term_string}\"},\"query-input\":{\"@type\":\"PropertyValueSpecification\",\"valueRequired\":true,\"valueName\":\"search_term_string\"}}],\"inLanguage\":\"es\"},{\"@type\":\"Organization\",\"@id\":\"https:\/\/21panorama.com\/#organization\",\"name\":\"21 Panorama\",\"url\":\"https:\/\/21panorama.com\/\",\"logo\":{\"@type\":\"ImageObject\",\"inLanguage\":\"es\",\"@id\":\"https:\/\/21panorama.com\/#\/schema\/logo\/image\/\",\"url\":\"https:\/\/21panorama.com\/wp-content\/uploads\/2019\/07\/cropped-Logo-Panorama-01.jpeg\",\"contentUrl\":\"https:\/\/21panorama.com\/wp-content\/uploads\/2019\/07\/cropped-Logo-Panorama-01.jpeg\",\"width\":290,\"height\":70,\"caption\":\"21 Panorama\"},\"image\":{\"@id\":\"https:\/\/21panorama.com\/#\/schema\/logo\/image\/\"}},{\"@type\":\"Person\",\"@id\":\"https:\/\/21panorama.com\/#\/schema\/person\/1afc291b96d5792a158768324287319f\",\"name\":\"admin\",\"image\":{\"@type\":\"ImageObject\",\"inLanguage\":\"es\",\"@id\":\"https:\/\/21panorama.com\/#\/schema\/person\/image\/\",\"url\":\"https:\/\/secure.gravatar.com\/avatar\/ad365d9d9f46719215b0d042cc3df92a5a8683e09ef13d102233e5491985f0f0?s=96&d=mm&r=g\",\"contentUrl\":\"https:\/\/secure.gravatar.com\/avatar\/ad365d9d9f46719215b0d042cc3df92a5a8683e09ef13d102233e5491985f0f0?s=96&d=mm&r=g\",\"caption\":\"admin\"},\"url\":\"https:\/\/21panorama.com\/index.php\/author\/admin\/\"}]}<\/script>\n<!-- \/ Yoast SEO plugin. -->","yoast_head_json":{"title":"ENTREGA ABUZEID LOZANO REHABILITACI\u00d3N DE ESCUELA DEL DEPORTE EN IXTLAHUACA - 21 Panorama","robots":{"index":"index","follow":"follow","max-snippet":"max-snippet:-1","max-image-preview":"max-image-preview:large","max-video-preview":"max-video-preview:-1"},"canonical":"https:\/\/21panorama.com\/index.php\/2024\/02\/12\/entrega-abuzeid-lozano-rehabilitacion-de-escuela-del-deporte-en-ixtlahuaca\/","og_locale":"es_MX","og_type":"article","og_title":"ENTREGA ABUZEID LOZANO REHABILITACI\u00d3N DE ESCUELA DEL DEPORTE EN IXTLAHUACA - 21 Panorama","og_description":"El alcalde de Ixtlahuaca Abuzeid Lozano entreg\u00f3 la rehabilitaci\u00f3n de la primera etapa de la Escuela del Deporte en la cabecera municipal, con una inversi\u00f3n de 6 millones de pesos, obra que beneficiar\u00e1 a los 2 mil usuarios de estas instalaciones.","og_url":"https:\/\/21panorama.com\/index.php\/2024\/02\/12\/entrega-abuzeid-lozano-rehabilitacion-de-escuela-del-deporte-en-ixtlahuaca\/","og_site_name":"21 Panorama","article_published_time":"2024-02-12T16:11:12+00:00","article_modified_time":"2024-02-12T16:11:13+00:00","og_image":[{"width":1286,"height":857,"url":"https:\/\/21panorama.com\/wp-content\/uploads\/2024\/02\/WhatsApp-Image-2024-02-11-at-12.11.33-PM.jpeg","type":"image\/jpeg"}],"author":"admin","twitter_card":"summary_large_image","twitter_misc":{"Escrito por":"admin","Tiempo de lectura":"2 minutos"},"schema":{"@context":"https:\/\/schema.org","@graph":[{"@type":"Article","@id":"https:\/\/21panorama.com\/index.php\/2024\/02\/12\/entrega-abuzeid-lozano-rehabilitacion-de-escuela-del-deporte-en-ixtlahuaca\/#article","isPartOf":{"@id":"https:\/\/21panorama.com\/index.php\/2024\/02\/12\/entrega-abuzeid-lozano-rehabilitacion-de-escuela-del-deporte-en-ixtlahuaca\/"},"author":{"name":"admin","@id":"https:\/\/21panorama.com\/#\/schema\/person\/1afc291b96d5792a158768324287319f"},"headline":"ENTREGA ABUZEID LOZANO REHABILITACI\u00d3N DE ESCUELA DEL DEPORTE EN IXTLAHUACA","datePublished":"2024-02-12T16:11:12+00:00","dateModified":"2024-02-12T16:11:13+00:00","mainEntityOfPage":{"@id":"https:\/\/21panorama.com\/index.php\/2024\/02\/12\/entrega-abuzeid-lozano-rehabilitacion-de-escuela-del-deporte-en-ixtlahuaca\/"},"wordCount":279,"commentCount":0,"publisher":{"@id":"https:\/\/21panorama.com\/#organization"},"image":{"@id":"https:\/\/21panorama.com\/index.php\/2024\/02\/12\/entrega-abuzeid-lozano-rehabilitacion-de-escuela-del-deporte-en-ixtlahuaca\/#primaryimage"},"thumbnailUrl":"https:\/\/21panorama.com\/wp-content\/uploads\/2024\/02\/WhatsApp-Image-2024-02-11-at-12.11.33-PM.jpeg","keywords":["Abuzeid Lozano","EDOMEX","GEM","IXTLAHUACA"],"articleSection":["Politica","Sociedad"],"inLanguage":"es","potentialAction":[{"@type":"CommentAction","name":"Comment","target":["https:\/\/21panorama.com\/index.php\/2024\/02\/12\/entrega-abuzeid-lozano-rehabilitacion-de-escuela-del-deporte-en-ixtlahuaca\/#respond"]}]},{"@type":"WebPage","@id":"https:\/\/21panorama.com\/index.php\/2024\/02\/12\/entrega-abuzeid-lozano-rehabilitacion-de-escuela-del-deporte-en-ixtlahuaca\/","url":"https:\/\/21panorama.com\/index.php\/2024\/02\/12\/entrega-abuzeid-lozano-rehabilitacion-de-escuela-del-deporte-en-ixtlahuaca\/","name":"ENTREGA ABUZEID LOZANO REHABILITACI\u00d3N DE ESCUELA DEL DEPORTE EN IXTLAHUACA - 21 Panorama","isPartOf":{"@id":"https:\/\/21panorama.com\/#website"},"primaryImageOfPage":{"@id":"https:\/\/21panorama.com\/index.php\/2024\/02\/12\/entrega-abuzeid-lozano-rehabilitacion-de-escuela-del-deporte-en-ixtlahuaca\/#primaryimage"},"image":{"@id":"https:\/\/21panorama.com\/index.php\/2024\/02\/12\/entrega-abuzeid-lozano-rehabilitacion-de-escuela-del-deporte-en-ixtlahuaca\/#primaryimage"},"thumbnailUrl":"https:\/\/21panorama.com\/wp-content\/uploads\/2024\/02\/WhatsApp-Image-2024-02-11-at-12.11.33-PM.jpeg","datePublished":"2024-02-12T16:11:12+00:00","dateModified":"2024-02-12T16:11:13+00:00","breadcrumb":{"@id":"https:\/\/21panorama.com\/index.php\/2024\/02\/12\/entrega-abuzeid-lozano-rehabilitacion-de-escuela-del-deporte-en-ixtlahuaca\/#breadcrumb"},"inLanguage":"es","potentialAction":[{"@type":"ReadAction","target":["https:\/\/21panorama.com\/index.php\/2024\/02\/12\/entrega-abuzeid-lozano-rehabilitacion-de-escuela-del-deporte-en-ixtlahuaca\/"]}]},{"@type":"ImageObject","inLanguage":"es","@id":"https:\/\/21panorama.com\/index.php\/2024\/02\/12\/entrega-abuzeid-lozano-rehabilitacion-de-escuela-del-deporte-en-ixtlahuaca\/#primaryimage","url":"https:\/\/21panorama.com\/wp-content\/uploads\/2024\/02\/WhatsApp-Image-2024-02-11-at-12.11.33-PM.jpeg","contentUrl":"https:\/\/21panorama.com\/wp-content\/uploads\/2024\/02\/WhatsApp-Image-2024-02-11-at-12.11.33-PM.jpeg","width":1286,"height":857},{"@type":"BreadcrumbList","@id":"https:\/\/21panorama.com\/index.php\/2024\/02\/12\/entrega-abuzeid-lozano-rehabilitacion-de-escuela-del-deporte-en-ixtlahuaca\/#breadcrumb","itemListElement":[{"@type":"ListItem","position":1,"name":"Inicio","item":"https:\/\/21panorama.com\/"},{"@type":"ListItem","position":2,"name":"ENTREGA ABUZEID LOZANO REHABILITACI\u00d3N DE ESCUELA DEL DEPORTE EN IXTLAHUACA"}]},{"@type":"WebSite","@id":"https:\/\/21panorama.com\/#website","url":"https:\/\/21panorama.com\/","name":"21 Panorama","description":"La construcci\u00f3n de la opini\u00f3n p\u00fablica merece un mejor Panorama en este siglo 21 para alcanzar una sociedad con mayor transparencia y sin corrupci\u00f3n.","publisher":{"@id":"https:\/\/21panorama.com\/#organization"},"potentialAction":[{"@type":"SearchAction","target":{"@type":"EntryPoint","urlTemplate":"https:\/\/21panorama.com\/?s={search_term_string}"},"query-input":{"@type":"PropertyValueSpecification","valueRequired":true,"valueName":"search_term_string"}}],"inLanguage":"es"},{"@type":"Organization","@id":"https:\/\/21panorama.com\/#organization","name":"21 Panorama","url":"https:\/\/21panorama.com\/","logo":{"@type":"ImageObject","inLanguage":"es","@id":"https:\/\/21panorama.com\/#\/schema\/logo\/image\/","url":"https:\/\/21panorama.com\/wp-content\/uploads\/2019\/07\/cropped-Logo-Panorama-01.jpeg","contentUrl":"https:\/\/21panorama.com\/wp-content\/uploads\/2019\/07\/cropped-Logo-Panorama-01.jpeg","width":290,"height":70,"caption":"21 Panorama"},"image":{"@id":"https:\/\/21panorama.com\/#\/schema\/logo\/image\/"}},{"@type":"Person","@id":"https:\/\/21panorama.com\/#\/schema\/person\/1afc291b96d5792a158768324287319f","name":"admin","image":{"@type":"ImageObject","inLanguage":"es","@id":"https:\/\/21panorama.com\/#\/schema\/person\/image\/","url":"https:\/\/secure.gravatar.com\/avatar\/ad365d9d9f46719215b0d042cc3df92a5a8683e09ef13d102233e5491985f0f0?s=96&d=mm&r=g","contentUrl":"https:\/\/secure.gravatar.com\/avatar\/ad365d9d9f46719215b0d042cc3df92a5a8683e09ef13d102233e5491985f0f0?s=96&d=mm&r=g","caption":"admin"},"url":"https:\/\/21panorama.com\/index.php\/author\/admin\/"}]}},"_links":{"self":[{"href":"https:\/\/21panorama.com\/index.php\/wp-json\/wp\/v2\/posts\/5356","targetHints":{"allow":["GET"]}}],"collection":[{"href":"https:\/\/21panorama.com\/index.php\/wp-json\/wp\/v2\/posts"}],"about":[{"href":"https:\/\/21panorama.com\/index.php\/wp-json\/wp\/v2\/types\/post"}],"author":[{"embeddable":true,"href":"https:\/\/21panorama.com\/index.php\/wp-json\/wp\/v2\/users\/1"}],"replies":[{"embeddable":true,"href":"https:\/\/21panorama.com\/index.php\/wp-json\/wp\/v2\/comments?post=5356"}],"version-history":[{"count":1,"href":"https:\/\/21panorama.com\/index.php\/wp-json\/wp\/v2\/posts\/5356\/revisions"}],"predecessor-version":[{"id":5358,"href":"https:\/\/21panorama.com\/index.php\/wp-json\/wp\/v2\/posts\/5356\/revisions\/5358"}],"wp:featuredmedia":[{"embeddable":true,"href":"https:\/\/21panorama.com\/index.php\/wp-json\/wp\/v2\/media\/5357"}],"wp:attachment":[{"href":"https:\/\/21panorama.com\/index.php\/wp-json\/wp\/v2\/media?parent=5356"}],"wp:term":[{"taxonomy":"category","embeddable":true,"href":"https:\/\/21panorama.com\/index.php\/wp-json\/wp\/v2\/categories?post=5356"},{"taxonomy":"post_tag","embeddable":true,"href":"https:\/\/21panorama.com\/index.php\/wp-json\/wp\/v2\/tags?post=5356"}],"curies":[{"name":"wp","href":"https:\/\/api.w.org\/{rel}","templated":true}]}}