{"id":5353,"date":"2024-02-08T21:55:58","date_gmt":"2024-02-09T03:55:58","guid":{"rendered":"https:\/\/21panorama.com\/?p=5353"},"modified":"2024-02-08T21:55:59","modified_gmt":"2024-02-09T03:55:59","slug":"xochitl-guadarrama-va-por-la-diputacion-federal-con-todo","status":"publish","type":"post","link":"https:\/\/21panorama.com\/index.php\/2024\/02\/08\/xochitl-guadarrama-va-por-la-diputacion-federal-con-todo\/","title":{"rendered":"X\u00d3CHITL GUADARRAMA VA POR LA DIPUTACI\u00d3N FEDERAL CON TODO"},"content":{"rendered":"\n<p><\/p>\n\n\n\n<p>X\u00f3chitl Guadarrama Romero se ha convertido en un caso emblem\u00e1tico y de singular importancia para el Comit\u00e9 Ejecutivo Nacional del PRI al ser postulada por el Distrito Federal 09. Como nunca antes se le est\u00e1 dando representatividad a la etnia mazahua de la regi\u00f3n para competir por una diputaci\u00f3n. Alejandro Moreno y Ana Lilia Herrera como dirigentes nacional y estatal del partido apuestan a ganador y seguro que van a mantener esta posici\u00f3n en el Congreso.<\/p>\n\n\n\n<p>Luego de recibir su constancia que la acredita como candidata a la diputaci\u00f3n federal, la originaria de Emilio Portes Gil dej\u00f3 en claro que llevar\u00e1 en alto las causas de su pueblo y asegur\u00f3 que es hora de dar un golpe de tim\u00f3n a la ruta del pa\u00eds.<\/p>\n\n\n\n<p>\u201cEsta candidatura va por mis hermanas y hermanos Mazahuas, por las mujeres, los hombres, los adultos mayores, los j\u00f3venes y ni\u00f1os del Distrito Electoral 09. Va por mis padres orgullosamente ind\u00edgenas, por mis or\u00edgenes, por nuestra cultura; por nuestras tradiciones; va por mis familiares, amigos y paisanos de Donato Guerra, Villa de Allende, Villa Victoria, San Jos\u00e9 del Rinc\u00f3n y mi querido San Felipe del Progreso\u201d, agreg\u00f3.<\/p>\n\n\n\n<p>Dijo que recibe con mucha emoci\u00f3n y con gran compromiso la constancia que la acredita como candidata a la Diputaci\u00f3n Federal, \u201ccon la plena humildad de que juntos podemos abanderar las causas que nos unen\u201d.<\/p>\n\n\n\n<p>Agradeci\u00f3 a los dirigentes de los partidos por su confianza, en especial a Alejandro Moreno C\u00e1rdenas, presidente del Comit\u00e9 Ejecutivo Nacional del PRI, a Ana Lilia Herrera Anzaldo, presidenta del Comit\u00e9 Directivo Estatal, as\u00ed como a Cristina Ru\u00edz Sandoval, Presidenta de la Comisi\u00f3n Nacional para la Postulaci\u00f3n de Candidaturas por todo su respaldo.<\/p>\n\n\n\n<p>\u201cMuchas gracias a todos los integrantes del pleno, militantes y simpatizantes de nuestro partido. Este proyecto es de todos.<\/p>\n","protected":false},"excerpt":{"rendered":"<p>X\u00f3chitl Guadarrama Romero se ha convertido en un caso emblem\u00e1tico y de singular importancia para el Comit\u00e9 Ejecutivo Nacional del PRI al ser postulada por el Distrito Federal 09. Como nunca antes se le est\u00e1 dando representatividad a la etnia mazahua de la regi\u00f3n para competir por una diputaci\u00f3n. Alejandro Moreno y Ana Lilia Herrera como dirigentes nacional y estatal del partido apuestan a ganador y seguro que van a mantener esta posici\u00f3n en el Congreso.<\/p>\n","protected":false},"author":1,"featured_media":5354,"comment_status":"open","ping_status":"open","sticky":false,"template":"","format":"standard","meta":{"footnotes":""},"categories":[12,1],"tags":[97,222,33,394],"class_list":["post-5353","post","type-post","status-publish","format-standard","has-post-thumbnail","hentry","category-politica","category-sociedad","tag-edomex","tag-gem","tag-pri","tag-xochitl-guadarrama"],"yoast_head":"<!-- This site is optimized with the Yoast SEO plugin v24.9 - https:\/\/yoast.com\/wordpress\/plugins\/seo\/ -->\n<title>X\u00d3CHITL GUADARRAMA VA POR LA DIPUTACI\u00d3N FEDERAL CON TODO - 21 Panorama<\/title>\n<meta name=\"robots\" content=\"index, follow, max-snippet:-1, max-image-preview:large, max-video-preview:-1\" \/>\n<link rel=\"canonical\" href=\"https:\/\/21panorama.com\/index.php\/2024\/02\/08\/xochitl-guadarrama-va-por-la-diputacion-federal-con-todo\/\" \/>\n<meta property=\"og:locale\" content=\"es_MX\" \/>\n<meta property=\"og:type\" content=\"article\" \/>\n<meta property=\"og:title\" content=\"X\u00d3CHITL GUADARRAMA VA POR LA DIPUTACI\u00d3N FEDERAL CON TODO - 21 Panorama\" \/>\n<meta property=\"og:description\" content=\"X\u00f3chitl Guadarrama Romero se ha convertido en un caso emblem\u00e1tico y de singular importancia para el Comit\u00e9 Ejecutivo Nacional del PRI al ser postulada por el Distrito Federal 09. Como nunca antes se le est\u00e1 dando representatividad a la etnia mazahua de la regi\u00f3n para competir por una diputaci\u00f3n. Alejandro Moreno y Ana Lilia Herrera como dirigentes nacional y estatal del partido apuestan a ganador y seguro que van a mantener esta posici\u00f3n en el Congreso.\" \/>\n<meta property=\"og:url\" content=\"https:\/\/21panorama.com\/index.php\/2024\/02\/08\/xochitl-guadarrama-va-por-la-diputacion-federal-con-todo\/\" \/>\n<meta property=\"og:site_name\" content=\"21 Panorama\" \/>\n<meta property=\"article:published_time\" content=\"2024-02-09T03:55:58+00:00\" \/>\n<meta property=\"article:modified_time\" content=\"2024-02-09T03:55:59+00:00\" \/>\n<meta property=\"og:image\" content=\"https:\/\/21panorama.com\/wp-content\/uploads\/2024\/02\/WhatsApp-Image-2024-02-08-at-5.29.34-PM.jpeg\" \/>\n\t<meta property=\"og:image:width\" content=\"1600\" \/>\n\t<meta property=\"og:image:height\" content=\"1066\" \/>\n\t<meta property=\"og:image:type\" content=\"image\/jpeg\" \/>\n<meta name=\"author\" content=\"admin\" \/>\n<meta name=\"twitter:card\" content=\"summary_large_image\" \/>\n<meta name=\"twitter:label1\" content=\"Escrito por\" \/>\n\t<meta name=\"twitter:data1\" content=\"admin\" \/>\n\t<meta name=\"twitter:label2\" content=\"Tiempo de lectura\" \/>\n\t<meta name=\"twitter:data2\" content=\"2 minutos\" \/>\n<script type=\"application\/ld+json\" class=\"yoast-schema-graph\">{\"@context\":\"https:\/\/schema.org\",\"@graph\":[{\"@type\":\"Article\",\"@id\":\"https:\/\/21panorama.com\/index.php\/2024\/02\/08\/xochitl-guadarrama-va-por-la-diputacion-federal-con-todo\/#article\",\"isPartOf\":{\"@id\":\"https:\/\/21panorama.com\/index.php\/2024\/02\/08\/xochitl-guadarrama-va-por-la-diputacion-federal-con-todo\/\"},\"author\":{\"name\":\"admin\",\"@id\":\"https:\/\/21panorama.com\/#\/schema\/person\/1afc291b96d5792a158768324287319f\"},\"headline\":\"X\u00d3CHITL GUADARRAMA VA POR LA DIPUTACI\u00d3N FEDERAL CON TODO\",\"datePublished\":\"2024-02-09T03:55:58+00:00\",\"dateModified\":\"2024-02-09T03:55:59+00:00\",\"mainEntityOfPage\":{\"@id\":\"https:\/\/21panorama.com\/index.php\/2024\/02\/08\/xochitl-guadarrama-va-por-la-diputacion-federal-con-todo\/\"},\"wordCount\":326,\"commentCount\":0,\"publisher\":{\"@id\":\"https:\/\/21panorama.com\/#organization\"},\"image\":{\"@id\":\"https:\/\/21panorama.com\/index.php\/2024\/02\/08\/xochitl-guadarrama-va-por-la-diputacion-federal-con-todo\/#primaryimage\"},\"thumbnailUrl\":\"https:\/\/21panorama.com\/wp-content\/uploads\/2024\/02\/WhatsApp-Image-2024-02-08-at-5.29.34-PM.jpeg\",\"keywords\":[\"EDOMEX\",\"GEM\",\"PRI\",\"X\u00f3chitl Guadarrama\"],\"articleSection\":[\"Politica\",\"Sociedad\"],\"inLanguage\":\"es\",\"potentialAction\":[{\"@type\":\"CommentAction\",\"name\":\"Comment\",\"target\":[\"https:\/\/21panorama.com\/index.php\/2024\/02\/08\/xochitl-guadarrama-va-por-la-diputacion-federal-con-todo\/#respond\"]}]},{\"@type\":\"WebPage\",\"@id\":\"https:\/\/21panorama.com\/index.php\/2024\/02\/08\/xochitl-guadarrama-va-por-la-diputacion-federal-con-todo\/\",\"url\":\"https:\/\/21panorama.com\/index.php\/2024\/02\/08\/xochitl-guadarrama-va-por-la-diputacion-federal-con-todo\/\",\"name\":\"X\u00d3CHITL GUADARRAMA VA POR LA DIPUTACI\u00d3N FEDERAL CON TODO - 21 Panorama\",\"isPartOf\":{\"@id\":\"https:\/\/21panorama.com\/#website\"},\"primaryImageOfPage\":{\"@id\":\"https:\/\/21panorama.com\/index.php\/2024\/02\/08\/xochitl-guadarrama-va-por-la-diputacion-federal-con-todo\/#primaryimage\"},\"image\":{\"@id\":\"https:\/\/21panorama.com\/index.php\/2024\/02\/08\/xochitl-guadarrama-va-por-la-diputacion-federal-con-todo\/#primaryimage\"},\"thumbnailUrl\":\"https:\/\/21panorama.com\/wp-content\/uploads\/2024\/02\/WhatsApp-Image-2024-02-08-at-5.29.34-PM.jpeg\",\"datePublished\":\"2024-02-09T03:55:58+00:00\",\"dateModified\":\"2024-02-09T03:55:59+00:00\",\"breadcrumb\":{\"@id\":\"https:\/\/21panorama.com\/index.php\/2024\/02\/08\/xochitl-guadarrama-va-por-la-diputacion-federal-con-todo\/#breadcrumb\"},\"inLanguage\":\"es\",\"potentialAction\":[{\"@type\":\"ReadAction\",\"target\":[\"https:\/\/21panorama.com\/index.php\/2024\/02\/08\/xochitl-guadarrama-va-por-la-diputacion-federal-con-todo\/\"]}]},{\"@type\":\"ImageObject\",\"inLanguage\":\"es\",\"@id\":\"https:\/\/21panorama.com\/index.php\/2024\/02\/08\/xochitl-guadarrama-va-por-la-diputacion-federal-con-todo\/#primaryimage\",\"url\":\"https:\/\/21panorama.com\/wp-content\/uploads\/2024\/02\/WhatsApp-Image-2024-02-08-at-5.29.34-PM.jpeg\",\"contentUrl\":\"https:\/\/21panorama.com\/wp-content\/uploads\/2024\/02\/WhatsApp-Image-2024-02-08-at-5.29.34-PM.jpeg\",\"width\":1600,\"height\":1066},{\"@type\":\"BreadcrumbList\",\"@id\":\"https:\/\/21panorama.com\/index.php\/2024\/02\/08\/xochitl-guadarrama-va-por-la-diputacion-federal-con-todo\/#breadcrumb\",\"itemListElement\":[{\"@type\":\"ListItem\",\"position\":1,\"name\":\"Inicio\",\"item\":\"https:\/\/21panorama.com\/\"},{\"@type\":\"ListItem\",\"position\":2,\"name\":\"X\u00d3CHITL GUADARRAMA VA POR LA DIPUTACI\u00d3N FEDERAL CON TODO\"}]},{\"@type\":\"WebSite\",\"@id\":\"https:\/\/21panorama.com\/#website\",\"url\":\"https:\/\/21panorama.com\/\",\"name\":\"21 Panorama\",\"description\":\"La construcci\u00f3n de la opini\u00f3n p\u00fablica merece un mejor Panorama en este siglo 21 para alcanzar una sociedad con mayor transparencia y sin corrupci\u00f3n.\",\"publisher\":{\"@id\":\"https:\/\/21panorama.com\/#organization\"},\"potentialAction\":[{\"@type\":\"SearchAction\",\"target\":{\"@type\":\"EntryPoint\",\"urlTemplate\":\"https:\/\/21panorama.com\/?s={search_term_string}\"},\"query-input\":{\"@type\":\"PropertyValueSpecification\",\"valueRequired\":true,\"valueName\":\"search_term_string\"}}],\"inLanguage\":\"es\"},{\"@type\":\"Organization\",\"@id\":\"https:\/\/21panorama.com\/#organization\",\"name\":\"21 Panorama\",\"url\":\"https:\/\/21panorama.com\/\",\"logo\":{\"@type\":\"ImageObject\",\"inLanguage\":\"es\",\"@id\":\"https:\/\/21panorama.com\/#\/schema\/logo\/image\/\",\"url\":\"https:\/\/21panorama.com\/wp-content\/uploads\/2019\/07\/cropped-Logo-Panorama-01.jpeg\",\"contentUrl\":\"https:\/\/21panorama.com\/wp-content\/uploads\/2019\/07\/cropped-Logo-Panorama-01.jpeg\",\"width\":290,\"height\":70,\"caption\":\"21 Panorama\"},\"image\":{\"@id\":\"https:\/\/21panorama.com\/#\/schema\/logo\/image\/\"}},{\"@type\":\"Person\",\"@id\":\"https:\/\/21panorama.com\/#\/schema\/person\/1afc291b96d5792a158768324287319f\",\"name\":\"admin\",\"image\":{\"@type\":\"ImageObject\",\"inLanguage\":\"es\",\"@id\":\"https:\/\/21panorama.com\/#\/schema\/person\/image\/\",\"url\":\"https:\/\/secure.gravatar.com\/avatar\/ad365d9d9f46719215b0d042cc3df92a5a8683e09ef13d102233e5491985f0f0?s=96&d=mm&r=g\",\"contentUrl\":\"https:\/\/secure.gravatar.com\/avatar\/ad365d9d9f46719215b0d042cc3df92a5a8683e09ef13d102233e5491985f0f0?s=96&d=mm&r=g\",\"caption\":\"admin\"},\"url\":\"https:\/\/21panorama.com\/index.php\/author\/admin\/\"}]}<\/script>\n<!-- \/ Yoast SEO plugin. -->","yoast_head_json":{"title":"X\u00d3CHITL GUADARRAMA VA POR LA DIPUTACI\u00d3N FEDERAL CON TODO - 21 Panorama","robots":{"index":"index","follow":"follow","max-snippet":"max-snippet:-1","max-image-preview":"max-image-preview:large","max-video-preview":"max-video-preview:-1"},"canonical":"https:\/\/21panorama.com\/index.php\/2024\/02\/08\/xochitl-guadarrama-va-por-la-diputacion-federal-con-todo\/","og_locale":"es_MX","og_type":"article","og_title":"X\u00d3CHITL GUADARRAMA VA POR LA DIPUTACI\u00d3N FEDERAL CON TODO - 21 Panorama","og_description":"X\u00f3chitl Guadarrama Romero se ha convertido en un caso emblem\u00e1tico y de singular importancia para el Comit\u00e9 Ejecutivo Nacional del PRI al ser postulada por el Distrito Federal 09. Como nunca antes se le est\u00e1 dando representatividad a la etnia mazahua de la regi\u00f3n para competir por una diputaci\u00f3n. Alejandro Moreno y Ana Lilia Herrera como dirigentes nacional y estatal del partido apuestan a ganador y seguro que van a mantener esta posici\u00f3n en el Congreso.","og_url":"https:\/\/21panorama.com\/index.php\/2024\/02\/08\/xochitl-guadarrama-va-por-la-diputacion-federal-con-todo\/","og_site_name":"21 Panorama","article_published_time":"2024-02-09T03:55:58+00:00","article_modified_time":"2024-02-09T03:55:59+00:00","og_image":[{"width":1600,"height":1066,"url":"https:\/\/21panorama.com\/wp-content\/uploads\/2024\/02\/WhatsApp-Image-2024-02-08-at-5.29.34-PM.jpeg","type":"image\/jpeg"}],"author":"admin","twitter_card":"summary_large_image","twitter_misc":{"Escrito por":"admin","Tiempo de lectura":"2 minutos"},"schema":{"@context":"https:\/\/schema.org","@graph":[{"@type":"Article","@id":"https:\/\/21panorama.com\/index.php\/2024\/02\/08\/xochitl-guadarrama-va-por-la-diputacion-federal-con-todo\/#article","isPartOf":{"@id":"https:\/\/21panorama.com\/index.php\/2024\/02\/08\/xochitl-guadarrama-va-por-la-diputacion-federal-con-todo\/"},"author":{"name":"admin","@id":"https:\/\/21panorama.com\/#\/schema\/person\/1afc291b96d5792a158768324287319f"},"headline":"X\u00d3CHITL GUADARRAMA VA POR LA DIPUTACI\u00d3N FEDERAL CON TODO","datePublished":"2024-02-09T03:55:58+00:00","dateModified":"2024-02-09T03:55:59+00:00","mainEntityOfPage":{"@id":"https:\/\/21panorama.com\/index.php\/2024\/02\/08\/xochitl-guadarrama-va-por-la-diputacion-federal-con-todo\/"},"wordCount":326,"commentCount":0,"publisher":{"@id":"https:\/\/21panorama.com\/#organization"},"image":{"@id":"https:\/\/21panorama.com\/index.php\/2024\/02\/08\/xochitl-guadarrama-va-por-la-diputacion-federal-con-todo\/#primaryimage"},"thumbnailUrl":"https:\/\/21panorama.com\/wp-content\/uploads\/2024\/02\/WhatsApp-Image-2024-02-08-at-5.29.34-PM.jpeg","keywords":["EDOMEX","GEM","PRI","X\u00f3chitl Guadarrama"],"articleSection":["Politica","Sociedad"],"inLanguage":"es","potentialAction":[{"@type":"CommentAction","name":"Comment","target":["https:\/\/21panorama.com\/index.php\/2024\/02\/08\/xochitl-guadarrama-va-por-la-diputacion-federal-con-todo\/#respond"]}]},{"@type":"WebPage","@id":"https:\/\/21panorama.com\/index.php\/2024\/02\/08\/xochitl-guadarrama-va-por-la-diputacion-federal-con-todo\/","url":"https:\/\/21panorama.com\/index.php\/2024\/02\/08\/xochitl-guadarrama-va-por-la-diputacion-federal-con-todo\/","name":"X\u00d3CHITL GUADARRAMA VA POR LA DIPUTACI\u00d3N FEDERAL CON TODO - 21 Panorama","isPartOf":{"@id":"https:\/\/21panorama.com\/#website"},"primaryImageOfPage":{"@id":"https:\/\/21panorama.com\/index.php\/2024\/02\/08\/xochitl-guadarrama-va-por-la-diputacion-federal-con-todo\/#primaryimage"},"image":{"@id":"https:\/\/21panorama.com\/index.php\/2024\/02\/08\/xochitl-guadarrama-va-por-la-diputacion-federal-con-todo\/#primaryimage"},"thumbnailUrl":"https:\/\/21panorama.com\/wp-content\/uploads\/2024\/02\/WhatsApp-Image-2024-02-08-at-5.29.34-PM.jpeg","datePublished":"2024-02-09T03:55:58+00:00","dateModified":"2024-02-09T03:55:59+00:00","breadcrumb":{"@id":"https:\/\/21panorama.com\/index.php\/2024\/02\/08\/xochitl-guadarrama-va-por-la-diputacion-federal-con-todo\/#breadcrumb"},"inLanguage":"es","potentialAction":[{"@type":"ReadAction","target":["https:\/\/21panorama.com\/index.php\/2024\/02\/08\/xochitl-guadarrama-va-por-la-diputacion-federal-con-todo\/"]}]},{"@type":"ImageObject","inLanguage":"es","@id":"https:\/\/21panorama.com\/index.php\/2024\/02\/08\/xochitl-guadarrama-va-por-la-diputacion-federal-con-todo\/#primaryimage","url":"https:\/\/21panorama.com\/wp-content\/uploads\/2024\/02\/WhatsApp-Image-2024-02-08-at-5.29.34-PM.jpeg","contentUrl":"https:\/\/21panorama.com\/wp-content\/uploads\/2024\/02\/WhatsApp-Image-2024-02-08-at-5.29.34-PM.jpeg","width":1600,"height":1066},{"@type":"BreadcrumbList","@id":"https:\/\/21panorama.com\/index.php\/2024\/02\/08\/xochitl-guadarrama-va-por-la-diputacion-federal-con-todo\/#breadcrumb","itemListElement":[{"@type":"ListItem","position":1,"name":"Inicio","item":"https:\/\/21panorama.com\/"},{"@type":"ListItem","position":2,"name":"X\u00d3CHITL GUADARRAMA VA POR LA DIPUTACI\u00d3N FEDERAL CON TODO"}]},{"@type":"WebSite","@id":"https:\/\/21panorama.com\/#website","url":"https:\/\/21panorama.com\/","name":"21 Panorama","description":"La construcci\u00f3n de la opini\u00f3n p\u00fablica merece un mejor Panorama en este siglo 21 para alcanzar una sociedad con mayor transparencia y sin corrupci\u00f3n.","publisher":{"@id":"https:\/\/21panorama.com\/#organization"},"potentialAction":[{"@type":"SearchAction","target":{"@type":"EntryPoint","urlTemplate":"https:\/\/21panorama.com\/?s={search_term_string}"},"query-input":{"@type":"PropertyValueSpecification","valueRequired":true,"valueName":"search_term_string"}}],"inLanguage":"es"},{"@type":"Organization","@id":"https:\/\/21panorama.com\/#organization","name":"21 Panorama","url":"https:\/\/21panorama.com\/","logo":{"@type":"ImageObject","inLanguage":"es","@id":"https:\/\/21panorama.com\/#\/schema\/logo\/image\/","url":"https:\/\/21panorama.com\/wp-content\/uploads\/2019\/07\/cropped-Logo-Panorama-01.jpeg","contentUrl":"https:\/\/21panorama.com\/wp-content\/uploads\/2019\/07\/cropped-Logo-Panorama-01.jpeg","width":290,"height":70,"caption":"21 Panorama"},"image":{"@id":"https:\/\/21panorama.com\/#\/schema\/logo\/image\/"}},{"@type":"Person","@id":"https:\/\/21panorama.com\/#\/schema\/person\/1afc291b96d5792a158768324287319f","name":"admin","image":{"@type":"ImageObject","inLanguage":"es","@id":"https:\/\/21panorama.com\/#\/schema\/person\/image\/","url":"https:\/\/secure.gravatar.com\/avatar\/ad365d9d9f46719215b0d042cc3df92a5a8683e09ef13d102233e5491985f0f0?s=96&d=mm&r=g","contentUrl":"https:\/\/secure.gravatar.com\/avatar\/ad365d9d9f46719215b0d042cc3df92a5a8683e09ef13d102233e5491985f0f0?s=96&d=mm&r=g","caption":"admin"},"url":"https:\/\/21panorama.com\/index.php\/author\/admin\/"}]}},"_links":{"self":[{"href":"https:\/\/21panorama.com\/index.php\/wp-json\/wp\/v2\/posts\/5353","targetHints":{"allow":["GET"]}}],"collection":[{"href":"https:\/\/21panorama.com\/index.php\/wp-json\/wp\/v2\/posts"}],"about":[{"href":"https:\/\/21panorama.com\/index.php\/wp-json\/wp\/v2\/types\/post"}],"author":[{"embeddable":true,"href":"https:\/\/21panorama.com\/index.php\/wp-json\/wp\/v2\/users\/1"}],"replies":[{"embeddable":true,"href":"https:\/\/21panorama.com\/index.php\/wp-json\/wp\/v2\/comments?post=5353"}],"version-history":[{"count":1,"href":"https:\/\/21panorama.com\/index.php\/wp-json\/wp\/v2\/posts\/5353\/revisions"}],"predecessor-version":[{"id":5355,"href":"https:\/\/21panorama.com\/index.php\/wp-json\/wp\/v2\/posts\/5353\/revisions\/5355"}],"wp:featuredmedia":[{"embeddable":true,"href":"https:\/\/21panorama.com\/index.php\/wp-json\/wp\/v2\/media\/5354"}],"wp:attachment":[{"href":"https:\/\/21panorama.com\/index.php\/wp-json\/wp\/v2\/media?parent=5353"}],"wp:term":[{"taxonomy":"category","embeddable":true,"href":"https:\/\/21panorama.com\/index.php\/wp-json\/wp\/v2\/categories?post=5353"},{"taxonomy":"post_tag","embeddable":true,"href":"https:\/\/21panorama.com\/index.php\/wp-json\/wp\/v2\/tags?post=5353"}],"curies":[{"name":"wp","href":"https:\/\/api.w.org\/{rel}","templated":true}]}}