{"id":5345,"date":"2024-01-30T21:28:37","date_gmt":"2024-01-31T03:28:37","guid":{"rendered":"https:\/\/21panorama.com\/?p=5345"},"modified":"2024-01-30T21:28:38","modified_gmt":"2024-01-31T03:28:38","slug":"no-paran-las-gestiones-de-obra-del-diputado-cardenas","status":"publish","type":"post","link":"https:\/\/21panorama.com\/index.php\/2024\/01\/30\/no-paran-las-gestiones-de-obra-del-diputado-cardenas\/","title":{"rendered":"NO PARAN LAS GESTIONES DE OBRA DEL DIPUTADO C\u00c1RDENAS"},"content":{"rendered":"\n<p><\/p>\n\n\n\n<p>El Diputado Federal y Vicecoordinador del GP del PRI Gustavo C\u00e1rdenas Monroy, estuvo de gira por el Municipio de Atlacomulco acompa\u00f1ando a la Presidenta Municipal Marisol Arias Flores y al Diputado Local Iv\u00e1n Esquer Cruz, a la inauguraci\u00f3n de la Calle del Cerrito en San Francisco Chalchihuapan.<\/p>\n\n\n\n<figure class=\"wp-block-image size-full\"><img decoding=\"async\" width=\"960\" height=\"720\" src=\"https:\/\/21panorama.com\/wp-content\/uploads\/2024\/01\/WhatsApp-Image-2024-01-30-at-8.24.46-PM-1.jpeg\" alt=\"\" class=\"wp-image-5347\" srcset=\"https:\/\/21panorama.com\/wp-content\/uploads\/2024\/01\/WhatsApp-Image-2024-01-30-at-8.24.46-PM-1.jpeg 960w, https:\/\/21panorama.com\/wp-content\/uploads\/2024\/01\/WhatsApp-Image-2024-01-30-at-8.24.46-PM-1-300x225.jpeg 300w, https:\/\/21panorama.com\/wp-content\/uploads\/2024\/01\/WhatsApp-Image-2024-01-30-at-8.24.46-PM-1-768x576.jpeg 768w\" sizes=\"(max-width: 960px) 100vw, 960px\" \/><\/figure>\n\n\n\n<p>Ah\u00ed felicit\u00f3 a todos los vecinos de este lugar por esta obra, as\u00ed mismo destac\u00f3 que se pudo realizar gracias al trabajo coordinado del 3 de 3, entre \u00e9l, el Diputado Local y la Presidenta, a trav\u00e9s de las gestiones que se realizan en todos los \u00e1mbitos de gobierno.<\/p>\n\n\n\n<p>En estos tiempos es muy dif\u00edcil conseguir presupuesto, pero dej\u00f3 en claro que siempre trabajar\u00e1 para el progreso, la infraestructura y la convivencia, para mejorar las condiciones de vida de la ciudadan\u00eda.<\/p>\n","protected":false},"excerpt":{"rendered":"<p>El Diputado Federal y Vicecoordinador del GP del PRI Gustavo C\u00e1rdenas Monroy, estuvo de gira por el Municipio de Atlacomulco acompa\u00f1ando a la Presidenta Municipal Marisol Arias Flores y al Diputado Local Iv\u00e1n Esquer Cruz, a la inauguraci\u00f3n de la Calle del Cerrito en San Francisco Chalchihuapan.<\/p>\n","protected":false},"author":1,"featured_media":5346,"comment_status":"open","ping_status":"open","sticky":false,"template":"","format":"standard","meta":{"footnotes":""},"categories":[12,1],"tags":[70,97,315,33],"class_list":["post-5345","post","type-post","status-publish","format-standard","has-post-thumbnail","hentry","category-politica","category-sociedad","tag-atlacomulco","tag-edomex","tag-gustavo-cardenas","tag-pri"],"yoast_head":"<!-- This site is optimized with the Yoast SEO plugin v24.9 - https:\/\/yoast.com\/wordpress\/plugins\/seo\/ -->\n<title>NO PARAN LAS GESTIONES DE OBRA DEL DIPUTADO C\u00c1RDENAS - 21 Panorama<\/title>\n<meta name=\"robots\" content=\"index, follow, max-snippet:-1, max-image-preview:large, max-video-preview:-1\" \/>\n<link rel=\"canonical\" href=\"https:\/\/21panorama.com\/index.php\/2024\/01\/30\/no-paran-las-gestiones-de-obra-del-diputado-cardenas\/\" \/>\n<meta property=\"og:locale\" content=\"es_MX\" \/>\n<meta property=\"og:type\" content=\"article\" \/>\n<meta property=\"og:title\" content=\"NO PARAN LAS GESTIONES DE OBRA DEL DIPUTADO C\u00c1RDENAS - 21 Panorama\" \/>\n<meta property=\"og:description\" content=\"El Diputado Federal y Vicecoordinador del GP del PRI Gustavo C\u00e1rdenas Monroy, estuvo de gira por el Municipio de Atlacomulco acompa\u00f1ando a la Presidenta Municipal Marisol Arias Flores y al Diputado Local Iv\u00e1n Esquer Cruz, a la inauguraci\u00f3n de la Calle del Cerrito en San Francisco Chalchihuapan.\" \/>\n<meta property=\"og:url\" content=\"https:\/\/21panorama.com\/index.php\/2024\/01\/30\/no-paran-las-gestiones-de-obra-del-diputado-cardenas\/\" \/>\n<meta property=\"og:site_name\" content=\"21 Panorama\" \/>\n<meta property=\"article:published_time\" content=\"2024-01-31T03:28:37+00:00\" \/>\n<meta property=\"article:modified_time\" content=\"2024-01-31T03:28:38+00:00\" \/>\n<meta property=\"og:image\" content=\"https:\/\/21panorama.com\/wp-content\/uploads\/2024\/01\/WhatsApp-Image-2024-01-30-at-8.24.46-PM.jpeg\" \/>\n\t<meta property=\"og:image:width\" content=\"960\" \/>\n\t<meta property=\"og:image:height\" content=\"720\" \/>\n\t<meta property=\"og:image:type\" content=\"image\/jpeg\" \/>\n<meta name=\"author\" content=\"admin\" \/>\n<meta name=\"twitter:card\" content=\"summary_large_image\" \/>\n<meta name=\"twitter:label1\" content=\"Escrito por\" \/>\n\t<meta name=\"twitter:data1\" content=\"admin\" \/>\n\t<meta name=\"twitter:label2\" content=\"Tiempo de lectura\" \/>\n\t<meta name=\"twitter:data2\" content=\"1 minuto\" \/>\n<script type=\"application\/ld+json\" class=\"yoast-schema-graph\">{\"@context\":\"https:\/\/schema.org\",\"@graph\":[{\"@type\":\"Article\",\"@id\":\"https:\/\/21panorama.com\/index.php\/2024\/01\/30\/no-paran-las-gestiones-de-obra-del-diputado-cardenas\/#article\",\"isPartOf\":{\"@id\":\"https:\/\/21panorama.com\/index.php\/2024\/01\/30\/no-paran-las-gestiones-de-obra-del-diputado-cardenas\/\"},\"author\":{\"name\":\"admin\",\"@id\":\"https:\/\/21panorama.com\/#\/schema\/person\/1afc291b96d5792a158768324287319f\"},\"headline\":\"NO PARAN LAS GESTIONES DE OBRA DEL DIPUTADO C\u00c1RDENAS\",\"datePublished\":\"2024-01-31T03:28:37+00:00\",\"dateModified\":\"2024-01-31T03:28:38+00:00\",\"mainEntityOfPage\":{\"@id\":\"https:\/\/21panorama.com\/index.php\/2024\/01\/30\/no-paran-las-gestiones-de-obra-del-diputado-cardenas\/\"},\"wordCount\":143,\"commentCount\":0,\"publisher\":{\"@id\":\"https:\/\/21panorama.com\/#organization\"},\"image\":{\"@id\":\"https:\/\/21panorama.com\/index.php\/2024\/01\/30\/no-paran-las-gestiones-de-obra-del-diputado-cardenas\/#primaryimage\"},\"thumbnailUrl\":\"https:\/\/21panorama.com\/wp-content\/uploads\/2024\/01\/WhatsApp-Image-2024-01-30-at-8.24.46-PM.jpeg\",\"keywords\":[\"Atlacomulco\",\"EDOMEX\",\"GUSTAVO C\u00c1RDENAS\",\"PRI\"],\"articleSection\":[\"Politica\",\"Sociedad\"],\"inLanguage\":\"es\",\"potentialAction\":[{\"@type\":\"CommentAction\",\"name\":\"Comment\",\"target\":[\"https:\/\/21panorama.com\/index.php\/2024\/01\/30\/no-paran-las-gestiones-de-obra-del-diputado-cardenas\/#respond\"]}]},{\"@type\":\"WebPage\",\"@id\":\"https:\/\/21panorama.com\/index.php\/2024\/01\/30\/no-paran-las-gestiones-de-obra-del-diputado-cardenas\/\",\"url\":\"https:\/\/21panorama.com\/index.php\/2024\/01\/30\/no-paran-las-gestiones-de-obra-del-diputado-cardenas\/\",\"name\":\"NO PARAN LAS GESTIONES DE OBRA DEL DIPUTADO C\u00c1RDENAS - 21 Panorama\",\"isPartOf\":{\"@id\":\"https:\/\/21panorama.com\/#website\"},\"primaryImageOfPage\":{\"@id\":\"https:\/\/21panorama.com\/index.php\/2024\/01\/30\/no-paran-las-gestiones-de-obra-del-diputado-cardenas\/#primaryimage\"},\"image\":{\"@id\":\"https:\/\/21panorama.com\/index.php\/2024\/01\/30\/no-paran-las-gestiones-de-obra-del-diputado-cardenas\/#primaryimage\"},\"thumbnailUrl\":\"https:\/\/21panorama.com\/wp-content\/uploads\/2024\/01\/WhatsApp-Image-2024-01-30-at-8.24.46-PM.jpeg\",\"datePublished\":\"2024-01-31T03:28:37+00:00\",\"dateModified\":\"2024-01-31T03:28:38+00:00\",\"breadcrumb\":{\"@id\":\"https:\/\/21panorama.com\/index.php\/2024\/01\/30\/no-paran-las-gestiones-de-obra-del-diputado-cardenas\/#breadcrumb\"},\"inLanguage\":\"es\",\"potentialAction\":[{\"@type\":\"ReadAction\",\"target\":[\"https:\/\/21panorama.com\/index.php\/2024\/01\/30\/no-paran-las-gestiones-de-obra-del-diputado-cardenas\/\"]}]},{\"@type\":\"ImageObject\",\"inLanguage\":\"es\",\"@id\":\"https:\/\/21panorama.com\/index.php\/2024\/01\/30\/no-paran-las-gestiones-de-obra-del-diputado-cardenas\/#primaryimage\",\"url\":\"https:\/\/21panorama.com\/wp-content\/uploads\/2024\/01\/WhatsApp-Image-2024-01-30-at-8.24.46-PM.jpeg\",\"contentUrl\":\"https:\/\/21panorama.com\/wp-content\/uploads\/2024\/01\/WhatsApp-Image-2024-01-30-at-8.24.46-PM.jpeg\",\"width\":960,\"height\":720},{\"@type\":\"BreadcrumbList\",\"@id\":\"https:\/\/21panorama.com\/index.php\/2024\/01\/30\/no-paran-las-gestiones-de-obra-del-diputado-cardenas\/#breadcrumb\",\"itemListElement\":[{\"@type\":\"ListItem\",\"position\":1,\"name\":\"Inicio\",\"item\":\"https:\/\/21panorama.com\/\"},{\"@type\":\"ListItem\",\"position\":2,\"name\":\"NO PARAN LAS GESTIONES DE OBRA DEL DIPUTADO C\u00c1RDENAS\"}]},{\"@type\":\"WebSite\",\"@id\":\"https:\/\/21panorama.com\/#website\",\"url\":\"https:\/\/21panorama.com\/\",\"name\":\"21 Panorama\",\"description\":\"La construcci\u00f3n de la opini\u00f3n p\u00fablica merece un mejor Panorama en este siglo 21 para alcanzar una sociedad con mayor transparencia y sin corrupci\u00f3n.\",\"publisher\":{\"@id\":\"https:\/\/21panorama.com\/#organization\"},\"potentialAction\":[{\"@type\":\"SearchAction\",\"target\":{\"@type\":\"EntryPoint\",\"urlTemplate\":\"https:\/\/21panorama.com\/?s={search_term_string}\"},\"query-input\":{\"@type\":\"PropertyValueSpecification\",\"valueRequired\":true,\"valueName\":\"search_term_string\"}}],\"inLanguage\":\"es\"},{\"@type\":\"Organization\",\"@id\":\"https:\/\/21panorama.com\/#organization\",\"name\":\"21 Panorama\",\"url\":\"https:\/\/21panorama.com\/\",\"logo\":{\"@type\":\"ImageObject\",\"inLanguage\":\"es\",\"@id\":\"https:\/\/21panorama.com\/#\/schema\/logo\/image\/\",\"url\":\"https:\/\/21panorama.com\/wp-content\/uploads\/2019\/07\/cropped-Logo-Panorama-01.jpeg\",\"contentUrl\":\"https:\/\/21panorama.com\/wp-content\/uploads\/2019\/07\/cropped-Logo-Panorama-01.jpeg\",\"width\":290,\"height\":70,\"caption\":\"21 Panorama\"},\"image\":{\"@id\":\"https:\/\/21panorama.com\/#\/schema\/logo\/image\/\"}},{\"@type\":\"Person\",\"@id\":\"https:\/\/21panorama.com\/#\/schema\/person\/1afc291b96d5792a158768324287319f\",\"name\":\"admin\",\"image\":{\"@type\":\"ImageObject\",\"inLanguage\":\"es\",\"@id\":\"https:\/\/21panorama.com\/#\/schema\/person\/image\/\",\"url\":\"https:\/\/secure.gravatar.com\/avatar\/ad365d9d9f46719215b0d042cc3df92a5a8683e09ef13d102233e5491985f0f0?s=96&d=mm&r=g\",\"contentUrl\":\"https:\/\/secure.gravatar.com\/avatar\/ad365d9d9f46719215b0d042cc3df92a5a8683e09ef13d102233e5491985f0f0?s=96&d=mm&r=g\",\"caption\":\"admin\"},\"url\":\"https:\/\/21panorama.com\/index.php\/author\/admin\/\"}]}<\/script>\n<!-- \/ Yoast SEO plugin. -->","yoast_head_json":{"title":"NO PARAN LAS GESTIONES DE OBRA DEL DIPUTADO C\u00c1RDENAS - 21 Panorama","robots":{"index":"index","follow":"follow","max-snippet":"max-snippet:-1","max-image-preview":"max-image-preview:large","max-video-preview":"max-video-preview:-1"},"canonical":"https:\/\/21panorama.com\/index.php\/2024\/01\/30\/no-paran-las-gestiones-de-obra-del-diputado-cardenas\/","og_locale":"es_MX","og_type":"article","og_title":"NO PARAN LAS GESTIONES DE OBRA DEL DIPUTADO C\u00c1RDENAS - 21 Panorama","og_description":"El Diputado Federal y Vicecoordinador del GP del PRI Gustavo C\u00e1rdenas Monroy, estuvo de gira por el Municipio de Atlacomulco acompa\u00f1ando a la Presidenta Municipal Marisol Arias Flores y al Diputado Local Iv\u00e1n Esquer Cruz, a la inauguraci\u00f3n de la Calle del Cerrito en San Francisco Chalchihuapan.","og_url":"https:\/\/21panorama.com\/index.php\/2024\/01\/30\/no-paran-las-gestiones-de-obra-del-diputado-cardenas\/","og_site_name":"21 Panorama","article_published_time":"2024-01-31T03:28:37+00:00","article_modified_time":"2024-01-31T03:28:38+00:00","og_image":[{"width":960,"height":720,"url":"https:\/\/21panorama.com\/wp-content\/uploads\/2024\/01\/WhatsApp-Image-2024-01-30-at-8.24.46-PM.jpeg","type":"image\/jpeg"}],"author":"admin","twitter_card":"summary_large_image","twitter_misc":{"Escrito por":"admin","Tiempo de lectura":"1 minuto"},"schema":{"@context":"https:\/\/schema.org","@graph":[{"@type":"Article","@id":"https:\/\/21panorama.com\/index.php\/2024\/01\/30\/no-paran-las-gestiones-de-obra-del-diputado-cardenas\/#article","isPartOf":{"@id":"https:\/\/21panorama.com\/index.php\/2024\/01\/30\/no-paran-las-gestiones-de-obra-del-diputado-cardenas\/"},"author":{"name":"admin","@id":"https:\/\/21panorama.com\/#\/schema\/person\/1afc291b96d5792a158768324287319f"},"headline":"NO PARAN LAS GESTIONES DE OBRA DEL DIPUTADO C\u00c1RDENAS","datePublished":"2024-01-31T03:28:37+00:00","dateModified":"2024-01-31T03:28:38+00:00","mainEntityOfPage":{"@id":"https:\/\/21panorama.com\/index.php\/2024\/01\/30\/no-paran-las-gestiones-de-obra-del-diputado-cardenas\/"},"wordCount":143,"commentCount":0,"publisher":{"@id":"https:\/\/21panorama.com\/#organization"},"image":{"@id":"https:\/\/21panorama.com\/index.php\/2024\/01\/30\/no-paran-las-gestiones-de-obra-del-diputado-cardenas\/#primaryimage"},"thumbnailUrl":"https:\/\/21panorama.com\/wp-content\/uploads\/2024\/01\/WhatsApp-Image-2024-01-30-at-8.24.46-PM.jpeg","keywords":["Atlacomulco","EDOMEX","GUSTAVO C\u00c1RDENAS","PRI"],"articleSection":["Politica","Sociedad"],"inLanguage":"es","potentialAction":[{"@type":"CommentAction","name":"Comment","target":["https:\/\/21panorama.com\/index.php\/2024\/01\/30\/no-paran-las-gestiones-de-obra-del-diputado-cardenas\/#respond"]}]},{"@type":"WebPage","@id":"https:\/\/21panorama.com\/index.php\/2024\/01\/30\/no-paran-las-gestiones-de-obra-del-diputado-cardenas\/","url":"https:\/\/21panorama.com\/index.php\/2024\/01\/30\/no-paran-las-gestiones-de-obra-del-diputado-cardenas\/","name":"NO PARAN LAS GESTIONES DE OBRA DEL DIPUTADO C\u00c1RDENAS - 21 Panorama","isPartOf":{"@id":"https:\/\/21panorama.com\/#website"},"primaryImageOfPage":{"@id":"https:\/\/21panorama.com\/index.php\/2024\/01\/30\/no-paran-las-gestiones-de-obra-del-diputado-cardenas\/#primaryimage"},"image":{"@id":"https:\/\/21panorama.com\/index.php\/2024\/01\/30\/no-paran-las-gestiones-de-obra-del-diputado-cardenas\/#primaryimage"},"thumbnailUrl":"https:\/\/21panorama.com\/wp-content\/uploads\/2024\/01\/WhatsApp-Image-2024-01-30-at-8.24.46-PM.jpeg","datePublished":"2024-01-31T03:28:37+00:00","dateModified":"2024-01-31T03:28:38+00:00","breadcrumb":{"@id":"https:\/\/21panorama.com\/index.php\/2024\/01\/30\/no-paran-las-gestiones-de-obra-del-diputado-cardenas\/#breadcrumb"},"inLanguage":"es","potentialAction":[{"@type":"ReadAction","target":["https:\/\/21panorama.com\/index.php\/2024\/01\/30\/no-paran-las-gestiones-de-obra-del-diputado-cardenas\/"]}]},{"@type":"ImageObject","inLanguage":"es","@id":"https:\/\/21panorama.com\/index.php\/2024\/01\/30\/no-paran-las-gestiones-de-obra-del-diputado-cardenas\/#primaryimage","url":"https:\/\/21panorama.com\/wp-content\/uploads\/2024\/01\/WhatsApp-Image-2024-01-30-at-8.24.46-PM.jpeg","contentUrl":"https:\/\/21panorama.com\/wp-content\/uploads\/2024\/01\/WhatsApp-Image-2024-01-30-at-8.24.46-PM.jpeg","width":960,"height":720},{"@type":"BreadcrumbList","@id":"https:\/\/21panorama.com\/index.php\/2024\/01\/30\/no-paran-las-gestiones-de-obra-del-diputado-cardenas\/#breadcrumb","itemListElement":[{"@type":"ListItem","position":1,"name":"Inicio","item":"https:\/\/21panorama.com\/"},{"@type":"ListItem","position":2,"name":"NO PARAN LAS GESTIONES DE OBRA DEL DIPUTADO C\u00c1RDENAS"}]},{"@type":"WebSite","@id":"https:\/\/21panorama.com\/#website","url":"https:\/\/21panorama.com\/","name":"21 Panorama","description":"La construcci\u00f3n de la opini\u00f3n p\u00fablica merece un mejor Panorama en este siglo 21 para alcanzar una sociedad con mayor transparencia y sin corrupci\u00f3n.","publisher":{"@id":"https:\/\/21panorama.com\/#organization"},"potentialAction":[{"@type":"SearchAction","target":{"@type":"EntryPoint","urlTemplate":"https:\/\/21panorama.com\/?s={search_term_string}"},"query-input":{"@type":"PropertyValueSpecification","valueRequired":true,"valueName":"search_term_string"}}],"inLanguage":"es"},{"@type":"Organization","@id":"https:\/\/21panorama.com\/#organization","name":"21 Panorama","url":"https:\/\/21panorama.com\/","logo":{"@type":"ImageObject","inLanguage":"es","@id":"https:\/\/21panorama.com\/#\/schema\/logo\/image\/","url":"https:\/\/21panorama.com\/wp-content\/uploads\/2019\/07\/cropped-Logo-Panorama-01.jpeg","contentUrl":"https:\/\/21panorama.com\/wp-content\/uploads\/2019\/07\/cropped-Logo-Panorama-01.jpeg","width":290,"height":70,"caption":"21 Panorama"},"image":{"@id":"https:\/\/21panorama.com\/#\/schema\/logo\/image\/"}},{"@type":"Person","@id":"https:\/\/21panorama.com\/#\/schema\/person\/1afc291b96d5792a158768324287319f","name":"admin","image":{"@type":"ImageObject","inLanguage":"es","@id":"https:\/\/21panorama.com\/#\/schema\/person\/image\/","url":"https:\/\/secure.gravatar.com\/avatar\/ad365d9d9f46719215b0d042cc3df92a5a8683e09ef13d102233e5491985f0f0?s=96&d=mm&r=g","contentUrl":"https:\/\/secure.gravatar.com\/avatar\/ad365d9d9f46719215b0d042cc3df92a5a8683e09ef13d102233e5491985f0f0?s=96&d=mm&r=g","caption":"admin"},"url":"https:\/\/21panorama.com\/index.php\/author\/admin\/"}]}},"_links":{"self":[{"href":"https:\/\/21panorama.com\/index.php\/wp-json\/wp\/v2\/posts\/5345","targetHints":{"allow":["GET"]}}],"collection":[{"href":"https:\/\/21panorama.com\/index.php\/wp-json\/wp\/v2\/posts"}],"about":[{"href":"https:\/\/21panorama.com\/index.php\/wp-json\/wp\/v2\/types\/post"}],"author":[{"embeddable":true,"href":"https:\/\/21panorama.com\/index.php\/wp-json\/wp\/v2\/users\/1"}],"replies":[{"embeddable":true,"href":"https:\/\/21panorama.com\/index.php\/wp-json\/wp\/v2\/comments?post=5345"}],"version-history":[{"count":1,"href":"https:\/\/21panorama.com\/index.php\/wp-json\/wp\/v2\/posts\/5345\/revisions"}],"predecessor-version":[{"id":5348,"href":"https:\/\/21panorama.com\/index.php\/wp-json\/wp\/v2\/posts\/5345\/revisions\/5348"}],"wp:featuredmedia":[{"embeddable":true,"href":"https:\/\/21panorama.com\/index.php\/wp-json\/wp\/v2\/media\/5346"}],"wp:attachment":[{"href":"https:\/\/21panorama.com\/index.php\/wp-json\/wp\/v2\/media?parent=5345"}],"wp:term":[{"taxonomy":"category","embeddable":true,"href":"https:\/\/21panorama.com\/index.php\/wp-json\/wp\/v2\/categories?post=5345"},{"taxonomy":"post_tag","embeddable":true,"href":"https:\/\/21panorama.com\/index.php\/wp-json\/wp\/v2\/tags?post=5345"}],"curies":[{"name":"wp","href":"https:\/\/api.w.org\/{rel}","templated":true}]}}