{"id":5313,"date":"2023-11-24T09:55:57","date_gmt":"2023-11-24T15:55:57","guid":{"rendered":"https:\/\/21panorama.com\/?p=5313"},"modified":"2023-11-30T10:05:27","modified_gmt":"2023-11-30T16:05:27","slug":"facultad-de-ciencias-politicas-y-sociales-un-alto-patrimonio-intelectual-de-la-uaemex","status":"publish","type":"post","link":"https:\/\/21panorama.com\/index.php\/2023\/11\/24\/facultad-de-ciencias-politicas-y-sociales-un-alto-patrimonio-intelectual-de-la-uaemex\/","title":{"rendered":"FACULTAD DE CIENCIAS POL\u00cdTICAS Y SOCIALES, UN ALTO PATRIMONIO INTELECTUAL DE LA UAEM\u00e9x"},"content":{"rendered":"\n<p><\/p>\n\n\n\n<p>* Previo a la rendici\u00f3n del segundo informe de la directora de la Facultad de Ciencias Pol\u00edticas y Sociales, Laura Elizabeth Benhumea Gonz\u00e1lez, el rector de la UAEM\u00e9x, Carlos Eduardo Barrera D\u00edaz, en compa\u00f1\u00eda del director general del Consejo Mexiquense de Ciencia y Tecnolog\u00eda (COMECyT), V\u00edctor \u00c1vila Akerberg, hizo entrega del Laboratorio Estatal de Pol\u00edticas P\u00fablicas para el Desarrollo Sostenible, en la Biblioteca Central.<\/p>\n\n\n\n<p><\/p>\n\n\n\n<p>El patrimonio intelectual de la Facultad de Ciencias Pol\u00edticas y Sociales de la Universidad Aut\u00f3noma del Estado de M\u00e9xico (UAEM\u00e9x) se activa en sus programas de licenciatura, que han renovado su acreditaci\u00f3n, pero despliega sus potencialidades en cinco programas de posgrados, todo ellos registrados en el Consejo Nacional de Humanidades, Ciencias y Tecnolog\u00eda (CONAHCyT), afirm\u00f3 el rector, Carlos Eduardo Barrera D\u00edaz, al encabezar el Segundo Informe de actividades de la directora de este organismo acad\u00e9mico, Laura Elizabeth Benhumea Gonz\u00e1lez.<\/p>\n\n\n\n<p>Ante los miembros de los consejos acad\u00e9mico y de gobierno de la Facultad, integrantes del gabinete universitario, ex directores, invitados especiales, as\u00ed como estudiantes, docentes y trabajadores administrativos, Barrera D\u00edaz apunt\u00f3 que de los 66 profesores y profesoras de tiempo completo, 32 de ellas y ellos forman parte de del Sistema Nacional de Investigadoras e Investigadores (SNI), siete con nivel dos, 20 con nivel uno y cinco candidatos, lo que indica que el n\u00facleo acad\u00e9mico est\u00e1 fortalecido.&nbsp;<\/p>\n\n\n\n<p>Asimismo, destac\u00f3 que otro de los activos de la Facultad son las revistas como Convergencia que, con treinta a\u00f1os de vida, cuenta con la competencia internacional en el Journal Citation Report, adem\u00e1s, de la revista Espacios P\u00fablicos, que se encuentra totalmente en formato electr\u00f3nico.<\/p>\n\n\n\n<p>\u201cLes invit\u00f3 a continuar aprendiendo, investigando y extendiendo el conocimiento, contribuyendo as\u00ed al progreso de nuestra sociedad\u201d, enfatiz\u00f3.&nbsp;<\/p>\n\n\n\n<p>Previo a la rendici\u00f3n del informe, Barrera D\u00edaz, en compa\u00f1\u00eda del director general del Consejo Mexiquense de Ciencia y Tecnolog\u00eda (COMECyT), V\u00edctor \u00c1vila Akerberg, hizo entrega del Laboratorio Estatal de Pol\u00edticas P\u00fablicas para el Desarrollo Sostenible, en la Biblioteca Central, el cual tuvo una inversi\u00f3n de cuatro millones de pesos por parte del Consejo y un mill\u00f3n de pesos por parte de la UAEM\u00e9x. Este laboratorio tiene como objetivo perfeccionar el conocimiento en el an\u00e1lisis de pol\u00edticas p\u00fablicas a nivel nacional.<\/p>\n\n\n\n<p>De la misma forma, el rector de la Aut\u00f3noma mexiquense hizo entrega de la remodelaci\u00f3n del Centro Universitario de Producci\u00f3n Audiovisual (CUPA); adem\u00e1s, entreg\u00f3 10 computadoras y una pantalla de 65 pulgadas.&nbsp;&nbsp;&nbsp;&nbsp;&nbsp;<\/p>\n\n\n\n<p>Por su parte, Laura Elizabeth Benhumea Gonz\u00e1lez apunt\u00f3 que la Facultad est\u00e1 posicionada en el \u00e1rea de Ciencias Sociales del World University Rankings by Subject 2024 de THE (Times Higher Education), ocupando el primer lugar entre las universidades p\u00fablicas estatales donde se imparten los estudios en Ciencias Pol\u00edticas y Administraci\u00f3n P\u00fablica, Comunicaci\u00f3n y Sociolog\u00eda.<\/p>\n\n\n\n<p>La servidora universitaria mencion\u00f3 que, durante este segundo a\u00f1o de gesti\u00f3n, preocupados y ocupados por contribuir al an\u00e1lisis de problem\u00e1ticas sociales y generaci\u00f3n de alternativas de abordaje y soluci\u00f3n, este espacio universitario se ha vinculado con 11 redes de colaboraci\u00f3n acad\u00e9mica, seis nacionales y cinco internacionales, en las cuales participan 36 profesores y profesoras de tiempo completo.<\/p>\n\n\n\n<p>Asimismo, dentro de la formaci\u00f3n de valores y cultura de la comunidad, se ha puesto especial inter\u00e9s en el abordaje de temas como cultura de paz, \u00e9tica, rendici\u00f3n de cuentas, transparencia, promoci\u00f3n de los derechos y perspectiva, equidad y violencia de g\u00e9nero, ello a trav\u00e9s de la organizaci\u00f3n de foros, conversatorios, mesas de debate, semanas de difusi\u00f3n, audiovisuales, obras de teatro, entre otras.&nbsp;&nbsp;&nbsp;<\/p>\n\n\n\n<p>Finalmente, Benhumea Gonz\u00e1lez agradeci\u00f3 y reconoci\u00f3 a la comunidad de esta facultad porque con su labor, cada d\u00eda engrandecen a la UAEM\u00e9x.&nbsp;<\/p>\n\n\n\n<p>Al acto, acudieron la secretaria de Administraci\u00f3n, Er\u00e9ndira Fierro Moreno, la secretaria de Planeaci\u00f3n y Desarrollo Institucional, Mar\u00eda Esther Aurora Lara Vega, la Directora General de Comunicaci\u00f3n Universitaria, Ginarely Valencia Alc\u00e1ntara e invitados especiales como la Consejera Presidenta del Instituto Electoral del Estado de M\u00e9xico (IEEM), Amalia Pulido G\u00f3mez y el&nbsp; encargado de la Direcci\u00f3n General del Instituto de Pol\u00edticas P\u00fablicas del Estado de M\u00e9xico y sus Municipios, Roberto Arturo Rodr\u00edguez Reyes.<\/p>\n","protected":false},"excerpt":{"rendered":"<p>Previo a la rendici\u00f3n del segundo informe de la directora de la Facultad de Ciencias Pol\u00edticas y Sociales, Laura Elizabeth Benhumea Gonz\u00e1lez, el rector de la UAEM\u00e9x, Carlos Eduardo Barrera D\u00edaz, en compa\u00f1\u00eda del director general del Consejo Mexiquense de Ciencia y Tecnolog\u00eda (COMECyT), V\u00edctor \u00c1vila Akerberg, hizo entrega del Laboratorio Estatal de Pol\u00edticas P\u00fablicas para el Desarrollo Sostenible, en la Biblioteca Central.<\/p>\n","protected":false},"author":1,"featured_media":5314,"comment_status":"open","ping_status":"open","sticky":false,"template":"","format":"standard","meta":{"footnotes":""},"categories":[374,12,1],"tags":[323,97,222,23],"class_list":["post-5313","post","type-post","status-publish","format-standard","has-post-thumbnail","hentry","category-educacion","category-politica","category-sociedad","tag-carlos-eduardo-barrera-diaz","tag-edomex","tag-gem","tag-uaemex"],"yoast_head":"<!-- This site is optimized with the Yoast SEO plugin v24.9 - https:\/\/yoast.com\/wordpress\/plugins\/seo\/ -->\n<title>FACULTAD DE CIENCIAS POL\u00cdTICAS Y SOCIALES, UN ALTO PATRIMONIO INTELECTUAL DE LA UAEM\u00e9x - 21 Panorama<\/title>\n<meta name=\"robots\" content=\"index, follow, max-snippet:-1, max-image-preview:large, max-video-preview:-1\" \/>\n<link rel=\"canonical\" href=\"https:\/\/21panorama.com\/index.php\/2023\/11\/24\/facultad-de-ciencias-politicas-y-sociales-un-alto-patrimonio-intelectual-de-la-uaemex\/\" \/>\n<meta property=\"og:locale\" content=\"es_MX\" \/>\n<meta property=\"og:type\" content=\"article\" \/>\n<meta property=\"og:title\" content=\"FACULTAD DE CIENCIAS POL\u00cdTICAS Y SOCIALES, UN ALTO PATRIMONIO INTELECTUAL DE LA UAEM\u00e9x - 21 Panorama\" \/>\n<meta property=\"og:description\" content=\"Previo a la rendici\u00f3n del segundo informe de la directora de la Facultad de Ciencias Pol\u00edticas y Sociales, Laura Elizabeth Benhumea Gonz\u00e1lez, el rector de la UAEM\u00e9x, Carlos Eduardo Barrera D\u00edaz, en compa\u00f1\u00eda del director general del Consejo Mexiquense de Ciencia y Tecnolog\u00eda (COMECyT), V\u00edctor \u00c1vila Akerberg, hizo entrega del Laboratorio Estatal de Pol\u00edticas P\u00fablicas para el Desarrollo Sostenible, en la Biblioteca Central.\" \/>\n<meta property=\"og:url\" content=\"https:\/\/21panorama.com\/index.php\/2023\/11\/24\/facultad-de-ciencias-politicas-y-sociales-un-alto-patrimonio-intelectual-de-la-uaemex\/\" \/>\n<meta property=\"og:site_name\" content=\"21 Panorama\" \/>\n<meta property=\"article:published_time\" content=\"2023-11-24T15:55:57+00:00\" \/>\n<meta property=\"article:modified_time\" content=\"2023-11-30T16:05:27+00:00\" \/>\n<meta property=\"og:image\" content=\"https:\/\/21panorama.com\/wp-content\/uploads\/2023\/11\/UAEM-Facultad-de-Ciencias-Politicas-241123-3.jpg\" \/>\n\t<meta property=\"og:image:width\" content=\"800\" \/>\n\t<meta property=\"og:image:height\" content=\"533\" \/>\n\t<meta property=\"og:image:type\" content=\"image\/jpeg\" \/>\n<meta name=\"author\" content=\"admin\" \/>\n<meta name=\"twitter:card\" content=\"summary_large_image\" \/>\n<meta name=\"twitter:label1\" content=\"Escrito por\" \/>\n\t<meta name=\"twitter:data1\" content=\"admin\" \/>\n\t<meta name=\"twitter:label2\" content=\"Tiempo de lectura\" \/>\n\t<meta name=\"twitter:data2\" content=\"4 minutos\" \/>\n<script type=\"application\/ld+json\" class=\"yoast-schema-graph\">{\"@context\":\"https:\/\/schema.org\",\"@graph\":[{\"@type\":\"Article\",\"@id\":\"https:\/\/21panorama.com\/index.php\/2023\/11\/24\/facultad-de-ciencias-politicas-y-sociales-un-alto-patrimonio-intelectual-de-la-uaemex\/#article\",\"isPartOf\":{\"@id\":\"https:\/\/21panorama.com\/index.php\/2023\/11\/24\/facultad-de-ciencias-politicas-y-sociales-un-alto-patrimonio-intelectual-de-la-uaemex\/\"},\"author\":{\"name\":\"admin\",\"@id\":\"https:\/\/21panorama.com\/#\/schema\/person\/1afc291b96d5792a158768324287319f\"},\"headline\":\"FACULTAD DE CIENCIAS POL\u00cdTICAS Y SOCIALES, UN ALTO PATRIMONIO INTELECTUAL DE LA UAEM\u00e9x\",\"datePublished\":\"2023-11-24T15:55:57+00:00\",\"dateModified\":\"2023-11-30T16:05:27+00:00\",\"mainEntityOfPage\":{\"@id\":\"https:\/\/21panorama.com\/index.php\/2023\/11\/24\/facultad-de-ciencias-politicas-y-sociales-un-alto-patrimonio-intelectual-de-la-uaemex\/\"},\"wordCount\":764,\"commentCount\":0,\"publisher\":{\"@id\":\"https:\/\/21panorama.com\/#organization\"},\"image\":{\"@id\":\"https:\/\/21panorama.com\/index.php\/2023\/11\/24\/facultad-de-ciencias-politicas-y-sociales-un-alto-patrimonio-intelectual-de-la-uaemex\/#primaryimage\"},\"thumbnailUrl\":\"https:\/\/21panorama.com\/wp-content\/uploads\/2023\/11\/UAEM-Facultad-de-Ciencias-Politicas-241123-3.jpg\",\"keywords\":[\"Carlos Eduardo Barrera D\u00edaz\",\"EDOMEX\",\"GEM\",\"UAEMex\"],\"articleSection\":[\"Educaci\u00f3n\",\"Politica\",\"Sociedad\"],\"inLanguage\":\"es\",\"potentialAction\":[{\"@type\":\"CommentAction\",\"name\":\"Comment\",\"target\":[\"https:\/\/21panorama.com\/index.php\/2023\/11\/24\/facultad-de-ciencias-politicas-y-sociales-un-alto-patrimonio-intelectual-de-la-uaemex\/#respond\"]}]},{\"@type\":\"WebPage\",\"@id\":\"https:\/\/21panorama.com\/index.php\/2023\/11\/24\/facultad-de-ciencias-politicas-y-sociales-un-alto-patrimonio-intelectual-de-la-uaemex\/\",\"url\":\"https:\/\/21panorama.com\/index.php\/2023\/11\/24\/facultad-de-ciencias-politicas-y-sociales-un-alto-patrimonio-intelectual-de-la-uaemex\/\",\"name\":\"FACULTAD DE CIENCIAS POL\u00cdTICAS Y SOCIALES, UN ALTO PATRIMONIO INTELECTUAL DE LA UAEM\u00e9x - 21 Panorama\",\"isPartOf\":{\"@id\":\"https:\/\/21panorama.com\/#website\"},\"primaryImageOfPage\":{\"@id\":\"https:\/\/21panorama.com\/index.php\/2023\/11\/24\/facultad-de-ciencias-politicas-y-sociales-un-alto-patrimonio-intelectual-de-la-uaemex\/#primaryimage\"},\"image\":{\"@id\":\"https:\/\/21panorama.com\/index.php\/2023\/11\/24\/facultad-de-ciencias-politicas-y-sociales-un-alto-patrimonio-intelectual-de-la-uaemex\/#primaryimage\"},\"thumbnailUrl\":\"https:\/\/21panorama.com\/wp-content\/uploads\/2023\/11\/UAEM-Facultad-de-Ciencias-Politicas-241123-3.jpg\",\"datePublished\":\"2023-11-24T15:55:57+00:00\",\"dateModified\":\"2023-11-30T16:05:27+00:00\",\"breadcrumb\":{\"@id\":\"https:\/\/21panorama.com\/index.php\/2023\/11\/24\/facultad-de-ciencias-politicas-y-sociales-un-alto-patrimonio-intelectual-de-la-uaemex\/#breadcrumb\"},\"inLanguage\":\"es\",\"potentialAction\":[{\"@type\":\"ReadAction\",\"target\":[\"https:\/\/21panorama.com\/index.php\/2023\/11\/24\/facultad-de-ciencias-politicas-y-sociales-un-alto-patrimonio-intelectual-de-la-uaemex\/\"]}]},{\"@type\":\"ImageObject\",\"inLanguage\":\"es\",\"@id\":\"https:\/\/21panorama.com\/index.php\/2023\/11\/24\/facultad-de-ciencias-politicas-y-sociales-un-alto-patrimonio-intelectual-de-la-uaemex\/#primaryimage\",\"url\":\"https:\/\/21panorama.com\/wp-content\/uploads\/2023\/11\/UAEM-Facultad-de-Ciencias-Politicas-241123-3.jpg\",\"contentUrl\":\"https:\/\/21panorama.com\/wp-content\/uploads\/2023\/11\/UAEM-Facultad-de-Ciencias-Politicas-241123-3.jpg\",\"width\":800,\"height\":533},{\"@type\":\"BreadcrumbList\",\"@id\":\"https:\/\/21panorama.com\/index.php\/2023\/11\/24\/facultad-de-ciencias-politicas-y-sociales-un-alto-patrimonio-intelectual-de-la-uaemex\/#breadcrumb\",\"itemListElement\":[{\"@type\":\"ListItem\",\"position\":1,\"name\":\"Inicio\",\"item\":\"https:\/\/21panorama.com\/\"},{\"@type\":\"ListItem\",\"position\":2,\"name\":\"FACULTAD DE CIENCIAS POL\u00cdTICAS Y SOCIALES, UN ALTO PATRIMONIO INTELECTUAL DE LA UAEM\u00e9x\"}]},{\"@type\":\"WebSite\",\"@id\":\"https:\/\/21panorama.com\/#website\",\"url\":\"https:\/\/21panorama.com\/\",\"name\":\"21 Panorama\",\"description\":\"La construcci\u00f3n de la opini\u00f3n p\u00fablica merece un mejor Panorama en este siglo 21 para alcanzar una sociedad con mayor transparencia y sin corrupci\u00f3n.\",\"publisher\":{\"@id\":\"https:\/\/21panorama.com\/#organization\"},\"potentialAction\":[{\"@type\":\"SearchAction\",\"target\":{\"@type\":\"EntryPoint\",\"urlTemplate\":\"https:\/\/21panorama.com\/?s={search_term_string}\"},\"query-input\":{\"@type\":\"PropertyValueSpecification\",\"valueRequired\":true,\"valueName\":\"search_term_string\"}}],\"inLanguage\":\"es\"},{\"@type\":\"Organization\",\"@id\":\"https:\/\/21panorama.com\/#organization\",\"name\":\"21 Panorama\",\"url\":\"https:\/\/21panorama.com\/\",\"logo\":{\"@type\":\"ImageObject\",\"inLanguage\":\"es\",\"@id\":\"https:\/\/21panorama.com\/#\/schema\/logo\/image\/\",\"url\":\"https:\/\/21panorama.com\/wp-content\/uploads\/2019\/07\/cropped-Logo-Panorama-01.jpeg\",\"contentUrl\":\"https:\/\/21panorama.com\/wp-content\/uploads\/2019\/07\/cropped-Logo-Panorama-01.jpeg\",\"width\":290,\"height\":70,\"caption\":\"21 Panorama\"},\"image\":{\"@id\":\"https:\/\/21panorama.com\/#\/schema\/logo\/image\/\"}},{\"@type\":\"Person\",\"@id\":\"https:\/\/21panorama.com\/#\/schema\/person\/1afc291b96d5792a158768324287319f\",\"name\":\"admin\",\"image\":{\"@type\":\"ImageObject\",\"inLanguage\":\"es\",\"@id\":\"https:\/\/21panorama.com\/#\/schema\/person\/image\/\",\"url\":\"https:\/\/secure.gravatar.com\/avatar\/ad365d9d9f46719215b0d042cc3df92a5a8683e09ef13d102233e5491985f0f0?s=96&d=mm&r=g\",\"contentUrl\":\"https:\/\/secure.gravatar.com\/avatar\/ad365d9d9f46719215b0d042cc3df92a5a8683e09ef13d102233e5491985f0f0?s=96&d=mm&r=g\",\"caption\":\"admin\"},\"url\":\"https:\/\/21panorama.com\/index.php\/author\/admin\/\"}]}<\/script>\n<!-- \/ Yoast SEO plugin. -->","yoast_head_json":{"title":"FACULTAD DE CIENCIAS POL\u00cdTICAS Y SOCIALES, UN ALTO PATRIMONIO INTELECTUAL DE LA UAEM\u00e9x - 21 Panorama","robots":{"index":"index","follow":"follow","max-snippet":"max-snippet:-1","max-image-preview":"max-image-preview:large","max-video-preview":"max-video-preview:-1"},"canonical":"https:\/\/21panorama.com\/index.php\/2023\/11\/24\/facultad-de-ciencias-politicas-y-sociales-un-alto-patrimonio-intelectual-de-la-uaemex\/","og_locale":"es_MX","og_type":"article","og_title":"FACULTAD DE CIENCIAS POL\u00cdTICAS Y SOCIALES, UN ALTO PATRIMONIO INTELECTUAL DE LA UAEM\u00e9x - 21 Panorama","og_description":"Previo a la rendici\u00f3n del segundo informe de la directora de la Facultad de Ciencias Pol\u00edticas y Sociales, Laura Elizabeth Benhumea Gonz\u00e1lez, el rector de la UAEM\u00e9x, Carlos Eduardo Barrera D\u00edaz, en compa\u00f1\u00eda del director general del Consejo Mexiquense de Ciencia y Tecnolog\u00eda (COMECyT), V\u00edctor \u00c1vila Akerberg, hizo entrega del Laboratorio Estatal de Pol\u00edticas P\u00fablicas para el Desarrollo Sostenible, en la Biblioteca Central.","og_url":"https:\/\/21panorama.com\/index.php\/2023\/11\/24\/facultad-de-ciencias-politicas-y-sociales-un-alto-patrimonio-intelectual-de-la-uaemex\/","og_site_name":"21 Panorama","article_published_time":"2023-11-24T15:55:57+00:00","article_modified_time":"2023-11-30T16:05:27+00:00","og_image":[{"width":800,"height":533,"url":"https:\/\/21panorama.com\/wp-content\/uploads\/2023\/11\/UAEM-Facultad-de-Ciencias-Politicas-241123-3.jpg","type":"image\/jpeg"}],"author":"admin","twitter_card":"summary_large_image","twitter_misc":{"Escrito por":"admin","Tiempo de lectura":"4 minutos"},"schema":{"@context":"https:\/\/schema.org","@graph":[{"@type":"Article","@id":"https:\/\/21panorama.com\/index.php\/2023\/11\/24\/facultad-de-ciencias-politicas-y-sociales-un-alto-patrimonio-intelectual-de-la-uaemex\/#article","isPartOf":{"@id":"https:\/\/21panorama.com\/index.php\/2023\/11\/24\/facultad-de-ciencias-politicas-y-sociales-un-alto-patrimonio-intelectual-de-la-uaemex\/"},"author":{"name":"admin","@id":"https:\/\/21panorama.com\/#\/schema\/person\/1afc291b96d5792a158768324287319f"},"headline":"FACULTAD DE CIENCIAS POL\u00cdTICAS Y SOCIALES, UN ALTO PATRIMONIO INTELECTUAL DE LA UAEM\u00e9x","datePublished":"2023-11-24T15:55:57+00:00","dateModified":"2023-11-30T16:05:27+00:00","mainEntityOfPage":{"@id":"https:\/\/21panorama.com\/index.php\/2023\/11\/24\/facultad-de-ciencias-politicas-y-sociales-un-alto-patrimonio-intelectual-de-la-uaemex\/"},"wordCount":764,"commentCount":0,"publisher":{"@id":"https:\/\/21panorama.com\/#organization"},"image":{"@id":"https:\/\/21panorama.com\/index.php\/2023\/11\/24\/facultad-de-ciencias-politicas-y-sociales-un-alto-patrimonio-intelectual-de-la-uaemex\/#primaryimage"},"thumbnailUrl":"https:\/\/21panorama.com\/wp-content\/uploads\/2023\/11\/UAEM-Facultad-de-Ciencias-Politicas-241123-3.jpg","keywords":["Carlos Eduardo Barrera D\u00edaz","EDOMEX","GEM","UAEMex"],"articleSection":["Educaci\u00f3n","Politica","Sociedad"],"inLanguage":"es","potentialAction":[{"@type":"CommentAction","name":"Comment","target":["https:\/\/21panorama.com\/index.php\/2023\/11\/24\/facultad-de-ciencias-politicas-y-sociales-un-alto-patrimonio-intelectual-de-la-uaemex\/#respond"]}]},{"@type":"WebPage","@id":"https:\/\/21panorama.com\/index.php\/2023\/11\/24\/facultad-de-ciencias-politicas-y-sociales-un-alto-patrimonio-intelectual-de-la-uaemex\/","url":"https:\/\/21panorama.com\/index.php\/2023\/11\/24\/facultad-de-ciencias-politicas-y-sociales-un-alto-patrimonio-intelectual-de-la-uaemex\/","name":"FACULTAD DE CIENCIAS POL\u00cdTICAS Y SOCIALES, UN ALTO PATRIMONIO INTELECTUAL DE LA UAEM\u00e9x - 21 Panorama","isPartOf":{"@id":"https:\/\/21panorama.com\/#website"},"primaryImageOfPage":{"@id":"https:\/\/21panorama.com\/index.php\/2023\/11\/24\/facultad-de-ciencias-politicas-y-sociales-un-alto-patrimonio-intelectual-de-la-uaemex\/#primaryimage"},"image":{"@id":"https:\/\/21panorama.com\/index.php\/2023\/11\/24\/facultad-de-ciencias-politicas-y-sociales-un-alto-patrimonio-intelectual-de-la-uaemex\/#primaryimage"},"thumbnailUrl":"https:\/\/21panorama.com\/wp-content\/uploads\/2023\/11\/UAEM-Facultad-de-Ciencias-Politicas-241123-3.jpg","datePublished":"2023-11-24T15:55:57+00:00","dateModified":"2023-11-30T16:05:27+00:00","breadcrumb":{"@id":"https:\/\/21panorama.com\/index.php\/2023\/11\/24\/facultad-de-ciencias-politicas-y-sociales-un-alto-patrimonio-intelectual-de-la-uaemex\/#breadcrumb"},"inLanguage":"es","potentialAction":[{"@type":"ReadAction","target":["https:\/\/21panorama.com\/index.php\/2023\/11\/24\/facultad-de-ciencias-politicas-y-sociales-un-alto-patrimonio-intelectual-de-la-uaemex\/"]}]},{"@type":"ImageObject","inLanguage":"es","@id":"https:\/\/21panorama.com\/index.php\/2023\/11\/24\/facultad-de-ciencias-politicas-y-sociales-un-alto-patrimonio-intelectual-de-la-uaemex\/#primaryimage","url":"https:\/\/21panorama.com\/wp-content\/uploads\/2023\/11\/UAEM-Facultad-de-Ciencias-Politicas-241123-3.jpg","contentUrl":"https:\/\/21panorama.com\/wp-content\/uploads\/2023\/11\/UAEM-Facultad-de-Ciencias-Politicas-241123-3.jpg","width":800,"height":533},{"@type":"BreadcrumbList","@id":"https:\/\/21panorama.com\/index.php\/2023\/11\/24\/facultad-de-ciencias-politicas-y-sociales-un-alto-patrimonio-intelectual-de-la-uaemex\/#breadcrumb","itemListElement":[{"@type":"ListItem","position":1,"name":"Inicio","item":"https:\/\/21panorama.com\/"},{"@type":"ListItem","position":2,"name":"FACULTAD DE CIENCIAS POL\u00cdTICAS Y SOCIALES, UN ALTO PATRIMONIO INTELECTUAL DE LA UAEM\u00e9x"}]},{"@type":"WebSite","@id":"https:\/\/21panorama.com\/#website","url":"https:\/\/21panorama.com\/","name":"21 Panorama","description":"La construcci\u00f3n de la opini\u00f3n p\u00fablica merece un mejor Panorama en este siglo 21 para alcanzar una sociedad con mayor transparencia y sin corrupci\u00f3n.","publisher":{"@id":"https:\/\/21panorama.com\/#organization"},"potentialAction":[{"@type":"SearchAction","target":{"@type":"EntryPoint","urlTemplate":"https:\/\/21panorama.com\/?s={search_term_string}"},"query-input":{"@type":"PropertyValueSpecification","valueRequired":true,"valueName":"search_term_string"}}],"inLanguage":"es"},{"@type":"Organization","@id":"https:\/\/21panorama.com\/#organization","name":"21 Panorama","url":"https:\/\/21panorama.com\/","logo":{"@type":"ImageObject","inLanguage":"es","@id":"https:\/\/21panorama.com\/#\/schema\/logo\/image\/","url":"https:\/\/21panorama.com\/wp-content\/uploads\/2019\/07\/cropped-Logo-Panorama-01.jpeg","contentUrl":"https:\/\/21panorama.com\/wp-content\/uploads\/2019\/07\/cropped-Logo-Panorama-01.jpeg","width":290,"height":70,"caption":"21 Panorama"},"image":{"@id":"https:\/\/21panorama.com\/#\/schema\/logo\/image\/"}},{"@type":"Person","@id":"https:\/\/21panorama.com\/#\/schema\/person\/1afc291b96d5792a158768324287319f","name":"admin","image":{"@type":"ImageObject","inLanguage":"es","@id":"https:\/\/21panorama.com\/#\/schema\/person\/image\/","url":"https:\/\/secure.gravatar.com\/avatar\/ad365d9d9f46719215b0d042cc3df92a5a8683e09ef13d102233e5491985f0f0?s=96&d=mm&r=g","contentUrl":"https:\/\/secure.gravatar.com\/avatar\/ad365d9d9f46719215b0d042cc3df92a5a8683e09ef13d102233e5491985f0f0?s=96&d=mm&r=g","caption":"admin"},"url":"https:\/\/21panorama.com\/index.php\/author\/admin\/"}]}},"_links":{"self":[{"href":"https:\/\/21panorama.com\/index.php\/wp-json\/wp\/v2\/posts\/5313","targetHints":{"allow":["GET"]}}],"collection":[{"href":"https:\/\/21panorama.com\/index.php\/wp-json\/wp\/v2\/posts"}],"about":[{"href":"https:\/\/21panorama.com\/index.php\/wp-json\/wp\/v2\/types\/post"}],"author":[{"embeddable":true,"href":"https:\/\/21panorama.com\/index.php\/wp-json\/wp\/v2\/users\/1"}],"replies":[{"embeddable":true,"href":"https:\/\/21panorama.com\/index.php\/wp-json\/wp\/v2\/comments?post=5313"}],"version-history":[{"count":1,"href":"https:\/\/21panorama.com\/index.php\/wp-json\/wp\/v2\/posts\/5313\/revisions"}],"predecessor-version":[{"id":5315,"href":"https:\/\/21panorama.com\/index.php\/wp-json\/wp\/v2\/posts\/5313\/revisions\/5315"}],"wp:featuredmedia":[{"embeddable":true,"href":"https:\/\/21panorama.com\/index.php\/wp-json\/wp\/v2\/media\/5314"}],"wp:attachment":[{"href":"https:\/\/21panorama.com\/index.php\/wp-json\/wp\/v2\/media?parent=5313"}],"wp:term":[{"taxonomy":"category","embeddable":true,"href":"https:\/\/21panorama.com\/index.php\/wp-json\/wp\/v2\/categories?post=5313"},{"taxonomy":"post_tag","embeddable":true,"href":"https:\/\/21panorama.com\/index.php\/wp-json\/wp\/v2\/tags?post=5313"}],"curies":[{"name":"wp","href":"https:\/\/api.w.org\/{rel}","templated":true}]}}