{"id":5303,"date":"2023-11-29T22:16:50","date_gmt":"2023-11-30T04:16:50","guid":{"rendered":"https:\/\/21panorama.com\/?p=5303"},"modified":"2023-11-29T22:16:50","modified_gmt":"2023-11-30T04:16:50","slug":"modificar-habitos-de-consumo-clave-para-enfrentar-el-cambio-climatico-cebd","status":"publish","type":"post","link":"https:\/\/21panorama.com\/index.php\/2023\/11\/29\/modificar-habitos-de-consumo-clave-para-enfrentar-el-cambio-climatico-cebd\/","title":{"rendered":"MODIFICAR H\u00c1BITOS DE CONSUMO, CLAVE PARA ENFRENTAR EL CAMBIO CLIM\u00c1TICO: CEBD"},"content":{"rendered":"\n<p>* El rector de la UAEM\u00e9x, Carlos Eduardo Barrera D\u00edaz inaugur\u00f3 el Quinto Simposio Internacional de Cambio Clim\u00e1tico en el Estado de M\u00e9xico \u201cDe la ciencia a la sociedad\u201d.<\/p>\n\n\n\n<p>* Durante la inauguraci\u00f3n se hizo un llamado a la sociedad a cambiar h\u00e1bitos de consumo y realizar acciones a favor del medio ambiente.&nbsp;<\/p>\n\n\n\n<p>La Universidad Aut\u00f3noma del Estado de M\u00e9xico (UAEM\u00e9x) fue sede y co-convocante del Quinto Simposio Internacional de Cambio Clim\u00e1tico en el Estado de M\u00e9xico \u201cDe la ciencia a la sociedad\u201d junto con la Secretar\u00eda del Medio Ambiente y Desarrollo Sostenible estatal y el Instituto Estatal de Energ\u00eda y Cambio Clim\u00e1tico.<\/p>\n\n\n\n<p>En el Auditorio \u201cIng. Jos\u00e9 Yurrieta Vald\u00e9s\u201d del Edificio Administrativo de la UAEM\u00e9x, el rector de la M\u00e1xima Casa de Estudios mexiquense, Carlos Eduardo Barrera D\u00edaz, expres\u00f3 la trascendencia que tienen las acciones a favor del medio ambiente ante fen\u00f3menos como el cambio clim\u00e1tico cuyos efectos est\u00e1n presentes en distintas partes del mundo.<\/p>\n\n\n\n<p>En ese sentido, Barrera D\u00edaz refiri\u00f3 que en la UAEM\u00e9x se realizan diferentes acciones con perfil sustentable y sostenible como las campa\u00f1as de recolecci\u00f3n de botellas pet, con m\u00e1s de 100 mil kilos recolectados; el uso de unidades de PotroVerdeBus que consumen gas en lugar de di\u00e9sel, lo que ha permitido reducir 95 por ciento las part\u00edculas contaminantes y 20 por ciento de gases de efecto invernadero; as\u00ed como la instalaci\u00f3n de 500 paneles solares para transitar al consumo de energ\u00eda limpia; adem\u00e1s, del ahorro de 90 millones de litros de agua al a\u00f1o con el uso de mingitorios secos.<\/p>\n\n\n\n<p>\u201cNecesitamos todos tomar acciones, hay que modificar nuestros h\u00e1bitos de consumo, hay que cambiar algunas cuestiones que estamos acostumbrados a hacer\u201d, asegur\u00f3.<\/p>\n\n\n\n<p>En coincidencia, el director general de Prevenci\u00f3n y Control de la Contaminaci\u00f3n Atmosf\u00e9rica, Ra\u00fal Pi\u00f1a Orta, agradeci\u00f3 a la UAEM\u00e9x el espacio para que especialistas, acad\u00e9micos, servidores p\u00fablicos y sociedad en general dialoguen en materia ambiental y cambio clim\u00e1tico, fen\u00f3meno que aqueja al mundo.<\/p>\n\n\n\n<p>En tanto, la embajadora de la Rep\u00fablica de Serbia en M\u00e9xico, Tatjana Conic reconoci\u00f3 la pertenencia de que la UAEM\u00e9x fuera sede del simposio, pues la formaci\u00f3n que se imparte en las universidades a los j\u00f3venes, dijo, es clave para que el mundo confronte problem\u00e1ticas como el cambio clim\u00e1tico.<\/p>\n\n\n\n<p>En su oportunidad, la directora general del Instituto Estatal de Energ\u00eda y Cambio Clim\u00e1tico, Mayara Er\u00e9ndira G\u00f3mez Bravo lament\u00f3 que las conductas diarias y cotidianas del ser humano da\u00f1an y destruyen el ambiente, las cuales llegan a ser irreversibles. En tanto, la directora de impacto en la Conservaci\u00f3n de WWF M\u00e9xico, Mar\u00eda Jos\u00e9 Villanueva alert\u00f3 sobre las consecuencias del cambio clim\u00e1tico y la importancia de encontrar y materializar soluciones para contrarrestarlo de la mano con la sociedad.<\/p>\n\n\n\n<p>A la inauguraci\u00f3n del Simposio acudi\u00f3 el coordinador de Asuntos Internacionales de la entidad, Jos\u00e9 Pablo Montemayor Camacho; la subdirectora de Modelaci\u00f3n y An\u00e1lisis de Pol\u00edticas de Mitigaci\u00f3n del Instituto Nacional de Ecolog\u00eda y Cambio Clim\u00e1tico del Gobierno de M\u00e9xico, Eunice Alejandra Cort\u00e9s Alfaro, integrantes del gabinete universitario y comunidad en general.<\/p>\n","protected":false},"excerpt":{"rendered":"<p>La Universidad Aut\u00f3noma del Estado de M\u00e9xico (UAEM\u00e9x) fue sede y co-convocante del Quinto Simposio Internacional de Cambio Clim\u00e1tico en el Estado de M\u00e9xico \u201cDe la ciencia a la sociedad\u201d junto con la Secretar\u00eda del Medio Ambiente y Desarrollo Sostenible estatal y el Instituto Estatal de Energ\u00eda y Cambio Clim\u00e1tico.<\/p>\n","protected":false},"author":1,"featured_media":5304,"comment_status":"open","ping_status":"open","sticky":false,"template":"","format":"standard","meta":{"footnotes":""},"categories":[374,11,1],"tags":[323,97,222,23],"class_list":["post-5303","post","type-post","status-publish","format-standard","has-post-thumbnail","hentry","category-educacion","category-medio-ambiente","category-sociedad","tag-carlos-eduardo-barrera-diaz","tag-edomex","tag-gem","tag-uaemex"],"yoast_head":"<!-- This site is optimized with the Yoast SEO plugin v24.9 - https:\/\/yoast.com\/wordpress\/plugins\/seo\/ -->\n<title>MODIFICAR H\u00c1BITOS DE CONSUMO, CLAVE PARA ENFRENTAR EL CAMBIO CLIM\u00c1TICO: CEBD - 21 Panorama<\/title>\n<meta name=\"robots\" content=\"index, follow, max-snippet:-1, max-image-preview:large, max-video-preview:-1\" \/>\n<link rel=\"canonical\" href=\"https:\/\/21panorama.com\/index.php\/2023\/11\/29\/modificar-habitos-de-consumo-clave-para-enfrentar-el-cambio-climatico-cebd\/\" \/>\n<meta property=\"og:locale\" content=\"es_MX\" \/>\n<meta property=\"og:type\" content=\"article\" \/>\n<meta property=\"og:title\" content=\"MODIFICAR H\u00c1BITOS DE CONSUMO, CLAVE PARA ENFRENTAR EL CAMBIO CLIM\u00c1TICO: CEBD - 21 Panorama\" \/>\n<meta property=\"og:description\" content=\"La Universidad Aut\u00f3noma del Estado de M\u00e9xico (UAEM\u00e9x) fue sede y co-convocante del Quinto Simposio Internacional de Cambio Clim\u00e1tico en el Estado de M\u00e9xico \u201cDe la ciencia a la sociedad\u201d junto con la Secretar\u00eda del Medio Ambiente y Desarrollo Sostenible estatal y el Instituto Estatal de Energ\u00eda y Cambio Clim\u00e1tico.\" \/>\n<meta property=\"og:url\" content=\"https:\/\/21panorama.com\/index.php\/2023\/11\/29\/modificar-habitos-de-consumo-clave-para-enfrentar-el-cambio-climatico-cebd\/\" \/>\n<meta property=\"og:site_name\" content=\"21 Panorama\" \/>\n<meta property=\"article:published_time\" content=\"2023-11-30T04:16:50+00:00\" \/>\n<meta property=\"og:image\" content=\"https:\/\/21panorama.com\/wp-content\/uploads\/2023\/11\/UAEM-Cambio-Climatico-271123-1.jpg\" \/>\n\t<meta property=\"og:image:width\" content=\"2048\" \/>\n\t<meta property=\"og:image:height\" content=\"1365\" \/>\n\t<meta property=\"og:image:type\" content=\"image\/jpeg\" \/>\n<meta name=\"author\" content=\"admin\" \/>\n<meta name=\"twitter:card\" content=\"summary_large_image\" \/>\n<meta name=\"twitter:label1\" content=\"Escrito por\" \/>\n\t<meta name=\"twitter:data1\" content=\"admin\" \/>\n\t<meta name=\"twitter:label2\" content=\"Tiempo de lectura\" \/>\n\t<meta name=\"twitter:data2\" content=\"3 minutos\" \/>\n<script type=\"application\/ld+json\" class=\"yoast-schema-graph\">{\"@context\":\"https:\/\/schema.org\",\"@graph\":[{\"@type\":\"Article\",\"@id\":\"https:\/\/21panorama.com\/index.php\/2023\/11\/29\/modificar-habitos-de-consumo-clave-para-enfrentar-el-cambio-climatico-cebd\/#article\",\"isPartOf\":{\"@id\":\"https:\/\/21panorama.com\/index.php\/2023\/11\/29\/modificar-habitos-de-consumo-clave-para-enfrentar-el-cambio-climatico-cebd\/\"},\"author\":{\"name\":\"admin\",\"@id\":\"https:\/\/21panorama.com\/#\/schema\/person\/1afc291b96d5792a158768324287319f\"},\"headline\":\"MODIFICAR H\u00c1BITOS DE CONSUMO, CLAVE PARA ENFRENTAR EL CAMBIO CLIM\u00c1TICO: CEBD\",\"datePublished\":\"2023-11-30T04:16:50+00:00\",\"mainEntityOfPage\":{\"@id\":\"https:\/\/21panorama.com\/index.php\/2023\/11\/29\/modificar-habitos-de-consumo-clave-para-enfrentar-el-cambio-climatico-cebd\/\"},\"wordCount\":575,\"commentCount\":0,\"publisher\":{\"@id\":\"https:\/\/21panorama.com\/#organization\"},\"image\":{\"@id\":\"https:\/\/21panorama.com\/index.php\/2023\/11\/29\/modificar-habitos-de-consumo-clave-para-enfrentar-el-cambio-climatico-cebd\/#primaryimage\"},\"thumbnailUrl\":\"https:\/\/21panorama.com\/wp-content\/uploads\/2023\/11\/UAEM-Cambio-Climatico-271123-1.jpg\",\"keywords\":[\"Carlos Eduardo Barrera D\u00edaz\",\"EDOMEX\",\"GEM\",\"UAEMex\"],\"articleSection\":[\"Educaci\u00f3n\",\"Medio Ambiente\",\"Sociedad\"],\"inLanguage\":\"es\",\"potentialAction\":[{\"@type\":\"CommentAction\",\"name\":\"Comment\",\"target\":[\"https:\/\/21panorama.com\/index.php\/2023\/11\/29\/modificar-habitos-de-consumo-clave-para-enfrentar-el-cambio-climatico-cebd\/#respond\"]}]},{\"@type\":\"WebPage\",\"@id\":\"https:\/\/21panorama.com\/index.php\/2023\/11\/29\/modificar-habitos-de-consumo-clave-para-enfrentar-el-cambio-climatico-cebd\/\",\"url\":\"https:\/\/21panorama.com\/index.php\/2023\/11\/29\/modificar-habitos-de-consumo-clave-para-enfrentar-el-cambio-climatico-cebd\/\",\"name\":\"MODIFICAR H\u00c1BITOS DE CONSUMO, CLAVE PARA ENFRENTAR EL CAMBIO CLIM\u00c1TICO: CEBD - 21 Panorama\",\"isPartOf\":{\"@id\":\"https:\/\/21panorama.com\/#website\"},\"primaryImageOfPage\":{\"@id\":\"https:\/\/21panorama.com\/index.php\/2023\/11\/29\/modificar-habitos-de-consumo-clave-para-enfrentar-el-cambio-climatico-cebd\/#primaryimage\"},\"image\":{\"@id\":\"https:\/\/21panorama.com\/index.php\/2023\/11\/29\/modificar-habitos-de-consumo-clave-para-enfrentar-el-cambio-climatico-cebd\/#primaryimage\"},\"thumbnailUrl\":\"https:\/\/21panorama.com\/wp-content\/uploads\/2023\/11\/UAEM-Cambio-Climatico-271123-1.jpg\",\"datePublished\":\"2023-11-30T04:16:50+00:00\",\"breadcrumb\":{\"@id\":\"https:\/\/21panorama.com\/index.php\/2023\/11\/29\/modificar-habitos-de-consumo-clave-para-enfrentar-el-cambio-climatico-cebd\/#breadcrumb\"},\"inLanguage\":\"es\",\"potentialAction\":[{\"@type\":\"ReadAction\",\"target\":[\"https:\/\/21panorama.com\/index.php\/2023\/11\/29\/modificar-habitos-de-consumo-clave-para-enfrentar-el-cambio-climatico-cebd\/\"]}]},{\"@type\":\"ImageObject\",\"inLanguage\":\"es\",\"@id\":\"https:\/\/21panorama.com\/index.php\/2023\/11\/29\/modificar-habitos-de-consumo-clave-para-enfrentar-el-cambio-climatico-cebd\/#primaryimage\",\"url\":\"https:\/\/21panorama.com\/wp-content\/uploads\/2023\/11\/UAEM-Cambio-Climatico-271123-1.jpg\",\"contentUrl\":\"https:\/\/21panorama.com\/wp-content\/uploads\/2023\/11\/UAEM-Cambio-Climatico-271123-1.jpg\",\"width\":2048,\"height\":1365},{\"@type\":\"BreadcrumbList\",\"@id\":\"https:\/\/21panorama.com\/index.php\/2023\/11\/29\/modificar-habitos-de-consumo-clave-para-enfrentar-el-cambio-climatico-cebd\/#breadcrumb\",\"itemListElement\":[{\"@type\":\"ListItem\",\"position\":1,\"name\":\"Inicio\",\"item\":\"https:\/\/21panorama.com\/\"},{\"@type\":\"ListItem\",\"position\":2,\"name\":\"MODIFICAR H\u00c1BITOS DE CONSUMO, CLAVE PARA ENFRENTAR EL CAMBIO CLIM\u00c1TICO: CEBD\"}]},{\"@type\":\"WebSite\",\"@id\":\"https:\/\/21panorama.com\/#website\",\"url\":\"https:\/\/21panorama.com\/\",\"name\":\"21 Panorama\",\"description\":\"La construcci\u00f3n de la opini\u00f3n p\u00fablica merece un mejor Panorama en este siglo 21 para alcanzar una sociedad con mayor transparencia y sin corrupci\u00f3n.\",\"publisher\":{\"@id\":\"https:\/\/21panorama.com\/#organization\"},\"potentialAction\":[{\"@type\":\"SearchAction\",\"target\":{\"@type\":\"EntryPoint\",\"urlTemplate\":\"https:\/\/21panorama.com\/?s={search_term_string}\"},\"query-input\":{\"@type\":\"PropertyValueSpecification\",\"valueRequired\":true,\"valueName\":\"search_term_string\"}}],\"inLanguage\":\"es\"},{\"@type\":\"Organization\",\"@id\":\"https:\/\/21panorama.com\/#organization\",\"name\":\"21 Panorama\",\"url\":\"https:\/\/21panorama.com\/\",\"logo\":{\"@type\":\"ImageObject\",\"inLanguage\":\"es\",\"@id\":\"https:\/\/21panorama.com\/#\/schema\/logo\/image\/\",\"url\":\"https:\/\/21panorama.com\/wp-content\/uploads\/2019\/07\/cropped-Logo-Panorama-01.jpeg\",\"contentUrl\":\"https:\/\/21panorama.com\/wp-content\/uploads\/2019\/07\/cropped-Logo-Panorama-01.jpeg\",\"width\":290,\"height\":70,\"caption\":\"21 Panorama\"},\"image\":{\"@id\":\"https:\/\/21panorama.com\/#\/schema\/logo\/image\/\"}},{\"@type\":\"Person\",\"@id\":\"https:\/\/21panorama.com\/#\/schema\/person\/1afc291b96d5792a158768324287319f\",\"name\":\"admin\",\"image\":{\"@type\":\"ImageObject\",\"inLanguage\":\"es\",\"@id\":\"https:\/\/21panorama.com\/#\/schema\/person\/image\/\",\"url\":\"https:\/\/secure.gravatar.com\/avatar\/ad365d9d9f46719215b0d042cc3df92a5a8683e09ef13d102233e5491985f0f0?s=96&d=mm&r=g\",\"contentUrl\":\"https:\/\/secure.gravatar.com\/avatar\/ad365d9d9f46719215b0d042cc3df92a5a8683e09ef13d102233e5491985f0f0?s=96&d=mm&r=g\",\"caption\":\"admin\"},\"url\":\"https:\/\/21panorama.com\/index.php\/author\/admin\/\"}]}<\/script>\n<!-- \/ Yoast SEO plugin. -->","yoast_head_json":{"title":"MODIFICAR H\u00c1BITOS DE CONSUMO, CLAVE PARA ENFRENTAR EL CAMBIO CLIM\u00c1TICO: CEBD - 21 Panorama","robots":{"index":"index","follow":"follow","max-snippet":"max-snippet:-1","max-image-preview":"max-image-preview:large","max-video-preview":"max-video-preview:-1"},"canonical":"https:\/\/21panorama.com\/index.php\/2023\/11\/29\/modificar-habitos-de-consumo-clave-para-enfrentar-el-cambio-climatico-cebd\/","og_locale":"es_MX","og_type":"article","og_title":"MODIFICAR H\u00c1BITOS DE CONSUMO, CLAVE PARA ENFRENTAR EL CAMBIO CLIM\u00c1TICO: CEBD - 21 Panorama","og_description":"La Universidad Aut\u00f3noma del Estado de M\u00e9xico (UAEM\u00e9x) fue sede y co-convocante del Quinto Simposio Internacional de Cambio Clim\u00e1tico en el Estado de M\u00e9xico \u201cDe la ciencia a la sociedad\u201d junto con la Secretar\u00eda del Medio Ambiente y Desarrollo Sostenible estatal y el Instituto Estatal de Energ\u00eda y Cambio Clim\u00e1tico.","og_url":"https:\/\/21panorama.com\/index.php\/2023\/11\/29\/modificar-habitos-de-consumo-clave-para-enfrentar-el-cambio-climatico-cebd\/","og_site_name":"21 Panorama","article_published_time":"2023-11-30T04:16:50+00:00","og_image":[{"width":2048,"height":1365,"url":"https:\/\/21panorama.com\/wp-content\/uploads\/2023\/11\/UAEM-Cambio-Climatico-271123-1.jpg","type":"image\/jpeg"}],"author":"admin","twitter_card":"summary_large_image","twitter_misc":{"Escrito por":"admin","Tiempo de lectura":"3 minutos"},"schema":{"@context":"https:\/\/schema.org","@graph":[{"@type":"Article","@id":"https:\/\/21panorama.com\/index.php\/2023\/11\/29\/modificar-habitos-de-consumo-clave-para-enfrentar-el-cambio-climatico-cebd\/#article","isPartOf":{"@id":"https:\/\/21panorama.com\/index.php\/2023\/11\/29\/modificar-habitos-de-consumo-clave-para-enfrentar-el-cambio-climatico-cebd\/"},"author":{"name":"admin","@id":"https:\/\/21panorama.com\/#\/schema\/person\/1afc291b96d5792a158768324287319f"},"headline":"MODIFICAR H\u00c1BITOS DE CONSUMO, CLAVE PARA ENFRENTAR EL CAMBIO CLIM\u00c1TICO: CEBD","datePublished":"2023-11-30T04:16:50+00:00","mainEntityOfPage":{"@id":"https:\/\/21panorama.com\/index.php\/2023\/11\/29\/modificar-habitos-de-consumo-clave-para-enfrentar-el-cambio-climatico-cebd\/"},"wordCount":575,"commentCount":0,"publisher":{"@id":"https:\/\/21panorama.com\/#organization"},"image":{"@id":"https:\/\/21panorama.com\/index.php\/2023\/11\/29\/modificar-habitos-de-consumo-clave-para-enfrentar-el-cambio-climatico-cebd\/#primaryimage"},"thumbnailUrl":"https:\/\/21panorama.com\/wp-content\/uploads\/2023\/11\/UAEM-Cambio-Climatico-271123-1.jpg","keywords":["Carlos Eduardo Barrera D\u00edaz","EDOMEX","GEM","UAEMex"],"articleSection":["Educaci\u00f3n","Medio Ambiente","Sociedad"],"inLanguage":"es","potentialAction":[{"@type":"CommentAction","name":"Comment","target":["https:\/\/21panorama.com\/index.php\/2023\/11\/29\/modificar-habitos-de-consumo-clave-para-enfrentar-el-cambio-climatico-cebd\/#respond"]}]},{"@type":"WebPage","@id":"https:\/\/21panorama.com\/index.php\/2023\/11\/29\/modificar-habitos-de-consumo-clave-para-enfrentar-el-cambio-climatico-cebd\/","url":"https:\/\/21panorama.com\/index.php\/2023\/11\/29\/modificar-habitos-de-consumo-clave-para-enfrentar-el-cambio-climatico-cebd\/","name":"MODIFICAR H\u00c1BITOS DE CONSUMO, CLAVE PARA ENFRENTAR EL CAMBIO CLIM\u00c1TICO: CEBD - 21 Panorama","isPartOf":{"@id":"https:\/\/21panorama.com\/#website"},"primaryImageOfPage":{"@id":"https:\/\/21panorama.com\/index.php\/2023\/11\/29\/modificar-habitos-de-consumo-clave-para-enfrentar-el-cambio-climatico-cebd\/#primaryimage"},"image":{"@id":"https:\/\/21panorama.com\/index.php\/2023\/11\/29\/modificar-habitos-de-consumo-clave-para-enfrentar-el-cambio-climatico-cebd\/#primaryimage"},"thumbnailUrl":"https:\/\/21panorama.com\/wp-content\/uploads\/2023\/11\/UAEM-Cambio-Climatico-271123-1.jpg","datePublished":"2023-11-30T04:16:50+00:00","breadcrumb":{"@id":"https:\/\/21panorama.com\/index.php\/2023\/11\/29\/modificar-habitos-de-consumo-clave-para-enfrentar-el-cambio-climatico-cebd\/#breadcrumb"},"inLanguage":"es","potentialAction":[{"@type":"ReadAction","target":["https:\/\/21panorama.com\/index.php\/2023\/11\/29\/modificar-habitos-de-consumo-clave-para-enfrentar-el-cambio-climatico-cebd\/"]}]},{"@type":"ImageObject","inLanguage":"es","@id":"https:\/\/21panorama.com\/index.php\/2023\/11\/29\/modificar-habitos-de-consumo-clave-para-enfrentar-el-cambio-climatico-cebd\/#primaryimage","url":"https:\/\/21panorama.com\/wp-content\/uploads\/2023\/11\/UAEM-Cambio-Climatico-271123-1.jpg","contentUrl":"https:\/\/21panorama.com\/wp-content\/uploads\/2023\/11\/UAEM-Cambio-Climatico-271123-1.jpg","width":2048,"height":1365},{"@type":"BreadcrumbList","@id":"https:\/\/21panorama.com\/index.php\/2023\/11\/29\/modificar-habitos-de-consumo-clave-para-enfrentar-el-cambio-climatico-cebd\/#breadcrumb","itemListElement":[{"@type":"ListItem","position":1,"name":"Inicio","item":"https:\/\/21panorama.com\/"},{"@type":"ListItem","position":2,"name":"MODIFICAR H\u00c1BITOS DE CONSUMO, CLAVE PARA ENFRENTAR EL CAMBIO CLIM\u00c1TICO: CEBD"}]},{"@type":"WebSite","@id":"https:\/\/21panorama.com\/#website","url":"https:\/\/21panorama.com\/","name":"21 Panorama","description":"La construcci\u00f3n de la opini\u00f3n p\u00fablica merece un mejor Panorama en este siglo 21 para alcanzar una sociedad con mayor transparencia y sin corrupci\u00f3n.","publisher":{"@id":"https:\/\/21panorama.com\/#organization"},"potentialAction":[{"@type":"SearchAction","target":{"@type":"EntryPoint","urlTemplate":"https:\/\/21panorama.com\/?s={search_term_string}"},"query-input":{"@type":"PropertyValueSpecification","valueRequired":true,"valueName":"search_term_string"}}],"inLanguage":"es"},{"@type":"Organization","@id":"https:\/\/21panorama.com\/#organization","name":"21 Panorama","url":"https:\/\/21panorama.com\/","logo":{"@type":"ImageObject","inLanguage":"es","@id":"https:\/\/21panorama.com\/#\/schema\/logo\/image\/","url":"https:\/\/21panorama.com\/wp-content\/uploads\/2019\/07\/cropped-Logo-Panorama-01.jpeg","contentUrl":"https:\/\/21panorama.com\/wp-content\/uploads\/2019\/07\/cropped-Logo-Panorama-01.jpeg","width":290,"height":70,"caption":"21 Panorama"},"image":{"@id":"https:\/\/21panorama.com\/#\/schema\/logo\/image\/"}},{"@type":"Person","@id":"https:\/\/21panorama.com\/#\/schema\/person\/1afc291b96d5792a158768324287319f","name":"admin","image":{"@type":"ImageObject","inLanguage":"es","@id":"https:\/\/21panorama.com\/#\/schema\/person\/image\/","url":"https:\/\/secure.gravatar.com\/avatar\/ad365d9d9f46719215b0d042cc3df92a5a8683e09ef13d102233e5491985f0f0?s=96&d=mm&r=g","contentUrl":"https:\/\/secure.gravatar.com\/avatar\/ad365d9d9f46719215b0d042cc3df92a5a8683e09ef13d102233e5491985f0f0?s=96&d=mm&r=g","caption":"admin"},"url":"https:\/\/21panorama.com\/index.php\/author\/admin\/"}]}},"_links":{"self":[{"href":"https:\/\/21panorama.com\/index.php\/wp-json\/wp\/v2\/posts\/5303","targetHints":{"allow":["GET"]}}],"collection":[{"href":"https:\/\/21panorama.com\/index.php\/wp-json\/wp\/v2\/posts"}],"about":[{"href":"https:\/\/21panorama.com\/index.php\/wp-json\/wp\/v2\/types\/post"}],"author":[{"embeddable":true,"href":"https:\/\/21panorama.com\/index.php\/wp-json\/wp\/v2\/users\/1"}],"replies":[{"embeddable":true,"href":"https:\/\/21panorama.com\/index.php\/wp-json\/wp\/v2\/comments?post=5303"}],"version-history":[{"count":1,"href":"https:\/\/21panorama.com\/index.php\/wp-json\/wp\/v2\/posts\/5303\/revisions"}],"predecessor-version":[{"id":5305,"href":"https:\/\/21panorama.com\/index.php\/wp-json\/wp\/v2\/posts\/5303\/revisions\/5305"}],"wp:featuredmedia":[{"embeddable":true,"href":"https:\/\/21panorama.com\/index.php\/wp-json\/wp\/v2\/media\/5304"}],"wp:attachment":[{"href":"https:\/\/21panorama.com\/index.php\/wp-json\/wp\/v2\/media?parent=5303"}],"wp:term":[{"taxonomy":"category","embeddable":true,"href":"https:\/\/21panorama.com\/index.php\/wp-json\/wp\/v2\/categories?post=5303"},{"taxonomy":"post_tag","embeddable":true,"href":"https:\/\/21panorama.com\/index.php\/wp-json\/wp\/v2\/tags?post=5303"}],"curies":[{"name":"wp","href":"https:\/\/api.w.org\/{rel}","templated":true}]}}