{"id":5254,"date":"2023-11-01T08:02:54","date_gmt":"2023-11-01T14:02:54","guid":{"rendered":"https:\/\/21panorama.com\/?p=5254"},"modified":"2023-11-20T08:22:58","modified_gmt":"2023-11-20T14:22:58","slug":"inauguracion-del-festival-xocotlhuetzi-con-encanto-2023-en-jocotitlan","status":"publish","type":"post","link":"https:\/\/21panorama.com\/index.php\/2023\/11\/01\/inauguracion-del-festival-xocotlhuetzi-con-encanto-2023-en-jocotitlan\/","title":{"rendered":"INAUGURACI\u00d3N DEL FESTIVAL XOCOTLHUETZI CON ENCANTO 2023 EN JOCOTITL\u00c1N"},"content":{"rendered":"\n<p><\/p>\n\n\n\n<p>Se dio inici\u00f3 al Festival \u201cXocotlhuetzi con Encanto 2023\u201d, en donde se inaugur\u00f3 el tapete monumental y el andador cultural de catrinas, entre vivos y muertos. Eventos que promueven las tradiciones ancestrales de M\u00e9xico, y que est\u00e1n respaldadas, por el Presidente Municipal de Jocotitl\u00e1n, Jes\u00fas Cedillo Gonz\u00e1lez y los jocotitlenses.<\/p>\n\n\n\n<p>Se dispuso una ofrenda monumental en las escaleras de la Presidencia Municipal, implementada con platillos t\u00edpicos de la regi\u00f3n, las coloridas calaveritas, flores, papel picado, bebidas tradicionales. Llena de los colores que predominan en esta \u00e9poca, este altar representa la identidad mexicana, que a\u00f1o tras a\u00f1o se esfuerza por mantener viva esta celebraci\u00f3n.<\/p>\n\n\n\n<p>En el recorrido se instal\u00f3 el andador cultural de catrinas, entre vivos y muertos, y se pudo apreciar la representaci\u00f3n de los jocotitlenses de personajes hist\u00f3ricos y del medio art\u00edstico como: Pedro Infante, Roberto Legorreta, Agust\u00edn Lara, Antonio B. Zimbr\u00f3n, El Santo, Jorge Negrete, Mar\u00eda F\u00e9lix, Celia Cedillo, Luis R\u00edo Chimal, Pedro Laguna, Mario Moreno \u201cCantinflas\u201d, Chavela Vargas, Padre Vidal, Don Pepe, Las Lupitas, Narciso Miranda, Octavio Paz, David Alfaro Siqueiros, etc. Estos personajes destacados sirvieron de marco para poder tomarse la foto del recuerdo.<\/p>\n\n\n\n<p>Como parte de las actividades se elabor\u00f3 un tapete monumental, el cual es considerado el m\u00e1s grande de la regi\u00f3n. En la elaboraci\u00f3n de este tapete se cont\u00f3 con la colaboraci\u00f3n de servidores p\u00fablicos del municipio, as\u00ed como del p\u00fablico en general. Con el tapete, el altar monumental y el andador cultural de catrinas, los jocotitlenses est\u00e1n listos para recibir a sus fieles difuntos que siempre ser\u00e1n recordados con amor y respeto.<\/p>\n","protected":false},"excerpt":{"rendered":"<p>Se dio inici\u00f3 al Festival \u201cXocotlhuetzi con Encanto 2023\u201d, en donde se inaugur\u00f3 el tapete monumental y el andador cultural de catrinas, entre vivos y muertos. Eventos que promueven las tradiciones ancestrales de M\u00e9xico, y que est\u00e1n respaldadas, por el Presidente Municipal de Jocotitl\u00e1n, Jes\u00fas Cedillo Gonz\u00e1lez y los jocotitlenses.<\/p>\n","protected":false},"author":1,"featured_media":5255,"comment_status":"open","ping_status":"open","sticky":false,"template":"","format":"standard","meta":{"footnotes":""},"categories":[5,12,1],"tags":[97,222,325,42],"class_list":["post-5254","post","type-post","status-publish","format-standard","has-post-thumbnail","hentry","category-cultura","category-politica","category-sociedad","tag-edomex","tag-gem","tag-jesus-cedillo-gonzalez","tag-jocotitlan"],"yoast_head":"<!-- This site is optimized with the Yoast SEO plugin v24.9 - https:\/\/yoast.com\/wordpress\/plugins\/seo\/ -->\n<title>INAUGURACI\u00d3N DEL FESTIVAL XOCOTLHUETZI CON ENCANTO 2023 EN JOCOTITL\u00c1N - 21 Panorama<\/title>\n<meta name=\"robots\" content=\"index, follow, max-snippet:-1, max-image-preview:large, max-video-preview:-1\" \/>\n<link rel=\"canonical\" href=\"https:\/\/21panorama.com\/index.php\/2023\/11\/01\/inauguracion-del-festival-xocotlhuetzi-con-encanto-2023-en-jocotitlan\/\" \/>\n<meta property=\"og:locale\" content=\"es_MX\" \/>\n<meta property=\"og:type\" content=\"article\" \/>\n<meta property=\"og:title\" content=\"INAUGURACI\u00d3N DEL FESTIVAL XOCOTLHUETZI CON ENCANTO 2023 EN JOCOTITL\u00c1N - 21 Panorama\" \/>\n<meta property=\"og:description\" content=\"Se dio inici\u00f3 al Festival \u201cXocotlhuetzi con Encanto 2023\u201d, en donde se inaugur\u00f3 el tapete monumental y el andador cultural de catrinas, entre vivos y muertos. Eventos que promueven las tradiciones ancestrales de M\u00e9xico, y que est\u00e1n respaldadas, por el Presidente Municipal de Jocotitl\u00e1n, Jes\u00fas Cedillo Gonz\u00e1lez y los jocotitlenses.\" \/>\n<meta property=\"og:url\" content=\"https:\/\/21panorama.com\/index.php\/2023\/11\/01\/inauguracion-del-festival-xocotlhuetzi-con-encanto-2023-en-jocotitlan\/\" \/>\n<meta property=\"og:site_name\" content=\"21 Panorama\" \/>\n<meta property=\"article:published_time\" content=\"2023-11-01T14:02:54+00:00\" \/>\n<meta property=\"article:modified_time\" content=\"2023-11-20T14:22:58+00:00\" \/>\n<meta property=\"og:image\" content=\"https:\/\/21panorama.com\/wp-content\/uploads\/2023\/11\/Jocotitlan-Dia-de-Muertos-011123-3.jpg\" \/>\n\t<meta property=\"og:image:width\" content=\"2048\" \/>\n\t<meta property=\"og:image:height\" content=\"1366\" \/>\n\t<meta property=\"og:image:type\" content=\"image\/jpeg\" \/>\n<meta name=\"author\" content=\"admin\" \/>\n<meta name=\"twitter:card\" content=\"summary_large_image\" \/>\n<meta name=\"twitter:label1\" content=\"Escrito por\" \/>\n\t<meta name=\"twitter:data1\" content=\"admin\" \/>\n\t<meta name=\"twitter:label2\" content=\"Tiempo de lectura\" \/>\n\t<meta name=\"twitter:data2\" content=\"2 minutos\" \/>\n<script type=\"application\/ld+json\" class=\"yoast-schema-graph\">{\"@context\":\"https:\/\/schema.org\",\"@graph\":[{\"@type\":\"Article\",\"@id\":\"https:\/\/21panorama.com\/index.php\/2023\/11\/01\/inauguracion-del-festival-xocotlhuetzi-con-encanto-2023-en-jocotitlan\/#article\",\"isPartOf\":{\"@id\":\"https:\/\/21panorama.com\/index.php\/2023\/11\/01\/inauguracion-del-festival-xocotlhuetzi-con-encanto-2023-en-jocotitlan\/\"},\"author\":{\"name\":\"admin\",\"@id\":\"https:\/\/21panorama.com\/#\/schema\/person\/1afc291b96d5792a158768324287319f\"},\"headline\":\"INAUGURACI\u00d3N DEL FESTIVAL XOCOTLHUETZI CON ENCANTO 2023 EN JOCOTITL\u00c1N\",\"datePublished\":\"2023-11-01T14:02:54+00:00\",\"dateModified\":\"2023-11-20T14:22:58+00:00\",\"mainEntityOfPage\":{\"@id\":\"https:\/\/21panorama.com\/index.php\/2023\/11\/01\/inauguracion-del-festival-xocotlhuetzi-con-encanto-2023-en-jocotitlan\/\"},\"wordCount\":295,\"commentCount\":0,\"publisher\":{\"@id\":\"https:\/\/21panorama.com\/#organization\"},\"image\":{\"@id\":\"https:\/\/21panorama.com\/index.php\/2023\/11\/01\/inauguracion-del-festival-xocotlhuetzi-con-encanto-2023-en-jocotitlan\/#primaryimage\"},\"thumbnailUrl\":\"https:\/\/21panorama.com\/wp-content\/uploads\/2023\/11\/Jocotitlan-Dia-de-Muertos-011123-3.jpg\",\"keywords\":[\"EDOMEX\",\"GEM\",\"Jes\u00fas Cedillo Gonz\u00e1lez\",\"Jocotitl\u00e1n\"],\"articleSection\":[\"Cultura\",\"Politica\",\"Sociedad\"],\"inLanguage\":\"es\",\"potentialAction\":[{\"@type\":\"CommentAction\",\"name\":\"Comment\",\"target\":[\"https:\/\/21panorama.com\/index.php\/2023\/11\/01\/inauguracion-del-festival-xocotlhuetzi-con-encanto-2023-en-jocotitlan\/#respond\"]}]},{\"@type\":\"WebPage\",\"@id\":\"https:\/\/21panorama.com\/index.php\/2023\/11\/01\/inauguracion-del-festival-xocotlhuetzi-con-encanto-2023-en-jocotitlan\/\",\"url\":\"https:\/\/21panorama.com\/index.php\/2023\/11\/01\/inauguracion-del-festival-xocotlhuetzi-con-encanto-2023-en-jocotitlan\/\",\"name\":\"INAUGURACI\u00d3N DEL FESTIVAL XOCOTLHUETZI CON ENCANTO 2023 EN JOCOTITL\u00c1N - 21 Panorama\",\"isPartOf\":{\"@id\":\"https:\/\/21panorama.com\/#website\"},\"primaryImageOfPage\":{\"@id\":\"https:\/\/21panorama.com\/index.php\/2023\/11\/01\/inauguracion-del-festival-xocotlhuetzi-con-encanto-2023-en-jocotitlan\/#primaryimage\"},\"image\":{\"@id\":\"https:\/\/21panorama.com\/index.php\/2023\/11\/01\/inauguracion-del-festival-xocotlhuetzi-con-encanto-2023-en-jocotitlan\/#primaryimage\"},\"thumbnailUrl\":\"https:\/\/21panorama.com\/wp-content\/uploads\/2023\/11\/Jocotitlan-Dia-de-Muertos-011123-3.jpg\",\"datePublished\":\"2023-11-01T14:02:54+00:00\",\"dateModified\":\"2023-11-20T14:22:58+00:00\",\"breadcrumb\":{\"@id\":\"https:\/\/21panorama.com\/index.php\/2023\/11\/01\/inauguracion-del-festival-xocotlhuetzi-con-encanto-2023-en-jocotitlan\/#breadcrumb\"},\"inLanguage\":\"es\",\"potentialAction\":[{\"@type\":\"ReadAction\",\"target\":[\"https:\/\/21panorama.com\/index.php\/2023\/11\/01\/inauguracion-del-festival-xocotlhuetzi-con-encanto-2023-en-jocotitlan\/\"]}]},{\"@type\":\"ImageObject\",\"inLanguage\":\"es\",\"@id\":\"https:\/\/21panorama.com\/index.php\/2023\/11\/01\/inauguracion-del-festival-xocotlhuetzi-con-encanto-2023-en-jocotitlan\/#primaryimage\",\"url\":\"https:\/\/21panorama.com\/wp-content\/uploads\/2023\/11\/Jocotitlan-Dia-de-Muertos-011123-3.jpg\",\"contentUrl\":\"https:\/\/21panorama.com\/wp-content\/uploads\/2023\/11\/Jocotitlan-Dia-de-Muertos-011123-3.jpg\",\"width\":2048,\"height\":1366},{\"@type\":\"BreadcrumbList\",\"@id\":\"https:\/\/21panorama.com\/index.php\/2023\/11\/01\/inauguracion-del-festival-xocotlhuetzi-con-encanto-2023-en-jocotitlan\/#breadcrumb\",\"itemListElement\":[{\"@type\":\"ListItem\",\"position\":1,\"name\":\"Inicio\",\"item\":\"https:\/\/21panorama.com\/\"},{\"@type\":\"ListItem\",\"position\":2,\"name\":\"INAUGURACI\u00d3N DEL FESTIVAL XOCOTLHUETZI CON ENCANTO 2023 EN JOCOTITL\u00c1N\"}]},{\"@type\":\"WebSite\",\"@id\":\"https:\/\/21panorama.com\/#website\",\"url\":\"https:\/\/21panorama.com\/\",\"name\":\"21 Panorama\",\"description\":\"La construcci\u00f3n de la opini\u00f3n p\u00fablica merece un mejor Panorama en este siglo 21 para alcanzar una sociedad con mayor transparencia y sin corrupci\u00f3n.\",\"publisher\":{\"@id\":\"https:\/\/21panorama.com\/#organization\"},\"potentialAction\":[{\"@type\":\"SearchAction\",\"target\":{\"@type\":\"EntryPoint\",\"urlTemplate\":\"https:\/\/21panorama.com\/?s={search_term_string}\"},\"query-input\":{\"@type\":\"PropertyValueSpecification\",\"valueRequired\":true,\"valueName\":\"search_term_string\"}}],\"inLanguage\":\"es\"},{\"@type\":\"Organization\",\"@id\":\"https:\/\/21panorama.com\/#organization\",\"name\":\"21 Panorama\",\"url\":\"https:\/\/21panorama.com\/\",\"logo\":{\"@type\":\"ImageObject\",\"inLanguage\":\"es\",\"@id\":\"https:\/\/21panorama.com\/#\/schema\/logo\/image\/\",\"url\":\"https:\/\/21panorama.com\/wp-content\/uploads\/2019\/07\/cropped-Logo-Panorama-01.jpeg\",\"contentUrl\":\"https:\/\/21panorama.com\/wp-content\/uploads\/2019\/07\/cropped-Logo-Panorama-01.jpeg\",\"width\":290,\"height\":70,\"caption\":\"21 Panorama\"},\"image\":{\"@id\":\"https:\/\/21panorama.com\/#\/schema\/logo\/image\/\"}},{\"@type\":\"Person\",\"@id\":\"https:\/\/21panorama.com\/#\/schema\/person\/1afc291b96d5792a158768324287319f\",\"name\":\"admin\",\"image\":{\"@type\":\"ImageObject\",\"inLanguage\":\"es\",\"@id\":\"https:\/\/21panorama.com\/#\/schema\/person\/image\/\",\"url\":\"https:\/\/secure.gravatar.com\/avatar\/ad365d9d9f46719215b0d042cc3df92a5a8683e09ef13d102233e5491985f0f0?s=96&d=mm&r=g\",\"contentUrl\":\"https:\/\/secure.gravatar.com\/avatar\/ad365d9d9f46719215b0d042cc3df92a5a8683e09ef13d102233e5491985f0f0?s=96&d=mm&r=g\",\"caption\":\"admin\"},\"url\":\"https:\/\/21panorama.com\/index.php\/author\/admin\/\"}]}<\/script>\n<!-- \/ Yoast SEO plugin. -->","yoast_head_json":{"title":"INAUGURACI\u00d3N DEL FESTIVAL XOCOTLHUETZI CON ENCANTO 2023 EN JOCOTITL\u00c1N - 21 Panorama","robots":{"index":"index","follow":"follow","max-snippet":"max-snippet:-1","max-image-preview":"max-image-preview:large","max-video-preview":"max-video-preview:-1"},"canonical":"https:\/\/21panorama.com\/index.php\/2023\/11\/01\/inauguracion-del-festival-xocotlhuetzi-con-encanto-2023-en-jocotitlan\/","og_locale":"es_MX","og_type":"article","og_title":"INAUGURACI\u00d3N DEL FESTIVAL XOCOTLHUETZI CON ENCANTO 2023 EN JOCOTITL\u00c1N - 21 Panorama","og_description":"Se dio inici\u00f3 al Festival \u201cXocotlhuetzi con Encanto 2023\u201d, en donde se inaugur\u00f3 el tapete monumental y el andador cultural de catrinas, entre vivos y muertos. Eventos que promueven las tradiciones ancestrales de M\u00e9xico, y que est\u00e1n respaldadas, por el Presidente Municipal de Jocotitl\u00e1n, Jes\u00fas Cedillo Gonz\u00e1lez y los jocotitlenses.","og_url":"https:\/\/21panorama.com\/index.php\/2023\/11\/01\/inauguracion-del-festival-xocotlhuetzi-con-encanto-2023-en-jocotitlan\/","og_site_name":"21 Panorama","article_published_time":"2023-11-01T14:02:54+00:00","article_modified_time":"2023-11-20T14:22:58+00:00","og_image":[{"width":2048,"height":1366,"url":"https:\/\/21panorama.com\/wp-content\/uploads\/2023\/11\/Jocotitlan-Dia-de-Muertos-011123-3.jpg","type":"image\/jpeg"}],"author":"admin","twitter_card":"summary_large_image","twitter_misc":{"Escrito por":"admin","Tiempo de lectura":"2 minutos"},"schema":{"@context":"https:\/\/schema.org","@graph":[{"@type":"Article","@id":"https:\/\/21panorama.com\/index.php\/2023\/11\/01\/inauguracion-del-festival-xocotlhuetzi-con-encanto-2023-en-jocotitlan\/#article","isPartOf":{"@id":"https:\/\/21panorama.com\/index.php\/2023\/11\/01\/inauguracion-del-festival-xocotlhuetzi-con-encanto-2023-en-jocotitlan\/"},"author":{"name":"admin","@id":"https:\/\/21panorama.com\/#\/schema\/person\/1afc291b96d5792a158768324287319f"},"headline":"INAUGURACI\u00d3N DEL FESTIVAL XOCOTLHUETZI CON ENCANTO 2023 EN JOCOTITL\u00c1N","datePublished":"2023-11-01T14:02:54+00:00","dateModified":"2023-11-20T14:22:58+00:00","mainEntityOfPage":{"@id":"https:\/\/21panorama.com\/index.php\/2023\/11\/01\/inauguracion-del-festival-xocotlhuetzi-con-encanto-2023-en-jocotitlan\/"},"wordCount":295,"commentCount":0,"publisher":{"@id":"https:\/\/21panorama.com\/#organization"},"image":{"@id":"https:\/\/21panorama.com\/index.php\/2023\/11\/01\/inauguracion-del-festival-xocotlhuetzi-con-encanto-2023-en-jocotitlan\/#primaryimage"},"thumbnailUrl":"https:\/\/21panorama.com\/wp-content\/uploads\/2023\/11\/Jocotitlan-Dia-de-Muertos-011123-3.jpg","keywords":["EDOMEX","GEM","Jes\u00fas Cedillo Gonz\u00e1lez","Jocotitl\u00e1n"],"articleSection":["Cultura","Politica","Sociedad"],"inLanguage":"es","potentialAction":[{"@type":"CommentAction","name":"Comment","target":["https:\/\/21panorama.com\/index.php\/2023\/11\/01\/inauguracion-del-festival-xocotlhuetzi-con-encanto-2023-en-jocotitlan\/#respond"]}]},{"@type":"WebPage","@id":"https:\/\/21panorama.com\/index.php\/2023\/11\/01\/inauguracion-del-festival-xocotlhuetzi-con-encanto-2023-en-jocotitlan\/","url":"https:\/\/21panorama.com\/index.php\/2023\/11\/01\/inauguracion-del-festival-xocotlhuetzi-con-encanto-2023-en-jocotitlan\/","name":"INAUGURACI\u00d3N DEL FESTIVAL XOCOTLHUETZI CON ENCANTO 2023 EN JOCOTITL\u00c1N - 21 Panorama","isPartOf":{"@id":"https:\/\/21panorama.com\/#website"},"primaryImageOfPage":{"@id":"https:\/\/21panorama.com\/index.php\/2023\/11\/01\/inauguracion-del-festival-xocotlhuetzi-con-encanto-2023-en-jocotitlan\/#primaryimage"},"image":{"@id":"https:\/\/21panorama.com\/index.php\/2023\/11\/01\/inauguracion-del-festival-xocotlhuetzi-con-encanto-2023-en-jocotitlan\/#primaryimage"},"thumbnailUrl":"https:\/\/21panorama.com\/wp-content\/uploads\/2023\/11\/Jocotitlan-Dia-de-Muertos-011123-3.jpg","datePublished":"2023-11-01T14:02:54+00:00","dateModified":"2023-11-20T14:22:58+00:00","breadcrumb":{"@id":"https:\/\/21panorama.com\/index.php\/2023\/11\/01\/inauguracion-del-festival-xocotlhuetzi-con-encanto-2023-en-jocotitlan\/#breadcrumb"},"inLanguage":"es","potentialAction":[{"@type":"ReadAction","target":["https:\/\/21panorama.com\/index.php\/2023\/11\/01\/inauguracion-del-festival-xocotlhuetzi-con-encanto-2023-en-jocotitlan\/"]}]},{"@type":"ImageObject","inLanguage":"es","@id":"https:\/\/21panorama.com\/index.php\/2023\/11\/01\/inauguracion-del-festival-xocotlhuetzi-con-encanto-2023-en-jocotitlan\/#primaryimage","url":"https:\/\/21panorama.com\/wp-content\/uploads\/2023\/11\/Jocotitlan-Dia-de-Muertos-011123-3.jpg","contentUrl":"https:\/\/21panorama.com\/wp-content\/uploads\/2023\/11\/Jocotitlan-Dia-de-Muertos-011123-3.jpg","width":2048,"height":1366},{"@type":"BreadcrumbList","@id":"https:\/\/21panorama.com\/index.php\/2023\/11\/01\/inauguracion-del-festival-xocotlhuetzi-con-encanto-2023-en-jocotitlan\/#breadcrumb","itemListElement":[{"@type":"ListItem","position":1,"name":"Inicio","item":"https:\/\/21panorama.com\/"},{"@type":"ListItem","position":2,"name":"INAUGURACI\u00d3N DEL FESTIVAL XOCOTLHUETZI CON ENCANTO 2023 EN JOCOTITL\u00c1N"}]},{"@type":"WebSite","@id":"https:\/\/21panorama.com\/#website","url":"https:\/\/21panorama.com\/","name":"21 Panorama","description":"La construcci\u00f3n de la opini\u00f3n p\u00fablica merece un mejor Panorama en este siglo 21 para alcanzar una sociedad con mayor transparencia y sin corrupci\u00f3n.","publisher":{"@id":"https:\/\/21panorama.com\/#organization"},"potentialAction":[{"@type":"SearchAction","target":{"@type":"EntryPoint","urlTemplate":"https:\/\/21panorama.com\/?s={search_term_string}"},"query-input":{"@type":"PropertyValueSpecification","valueRequired":true,"valueName":"search_term_string"}}],"inLanguage":"es"},{"@type":"Organization","@id":"https:\/\/21panorama.com\/#organization","name":"21 Panorama","url":"https:\/\/21panorama.com\/","logo":{"@type":"ImageObject","inLanguage":"es","@id":"https:\/\/21panorama.com\/#\/schema\/logo\/image\/","url":"https:\/\/21panorama.com\/wp-content\/uploads\/2019\/07\/cropped-Logo-Panorama-01.jpeg","contentUrl":"https:\/\/21panorama.com\/wp-content\/uploads\/2019\/07\/cropped-Logo-Panorama-01.jpeg","width":290,"height":70,"caption":"21 Panorama"},"image":{"@id":"https:\/\/21panorama.com\/#\/schema\/logo\/image\/"}},{"@type":"Person","@id":"https:\/\/21panorama.com\/#\/schema\/person\/1afc291b96d5792a158768324287319f","name":"admin","image":{"@type":"ImageObject","inLanguage":"es","@id":"https:\/\/21panorama.com\/#\/schema\/person\/image\/","url":"https:\/\/secure.gravatar.com\/avatar\/ad365d9d9f46719215b0d042cc3df92a5a8683e09ef13d102233e5491985f0f0?s=96&d=mm&r=g","contentUrl":"https:\/\/secure.gravatar.com\/avatar\/ad365d9d9f46719215b0d042cc3df92a5a8683e09ef13d102233e5491985f0f0?s=96&d=mm&r=g","caption":"admin"},"url":"https:\/\/21panorama.com\/index.php\/author\/admin\/"}]}},"_links":{"self":[{"href":"https:\/\/21panorama.com\/index.php\/wp-json\/wp\/v2\/posts\/5254","targetHints":{"allow":["GET"]}}],"collection":[{"href":"https:\/\/21panorama.com\/index.php\/wp-json\/wp\/v2\/posts"}],"about":[{"href":"https:\/\/21panorama.com\/index.php\/wp-json\/wp\/v2\/types\/post"}],"author":[{"embeddable":true,"href":"https:\/\/21panorama.com\/index.php\/wp-json\/wp\/v2\/users\/1"}],"replies":[{"embeddable":true,"href":"https:\/\/21panorama.com\/index.php\/wp-json\/wp\/v2\/comments?post=5254"}],"version-history":[{"count":1,"href":"https:\/\/21panorama.com\/index.php\/wp-json\/wp\/v2\/posts\/5254\/revisions"}],"predecessor-version":[{"id":5256,"href":"https:\/\/21panorama.com\/index.php\/wp-json\/wp\/v2\/posts\/5254\/revisions\/5256"}],"wp:featuredmedia":[{"embeddable":true,"href":"https:\/\/21panorama.com\/index.php\/wp-json\/wp\/v2\/media\/5255"}],"wp:attachment":[{"href":"https:\/\/21panorama.com\/index.php\/wp-json\/wp\/v2\/media?parent=5254"}],"wp:term":[{"taxonomy":"category","embeddable":true,"href":"https:\/\/21panorama.com\/index.php\/wp-json\/wp\/v2\/categories?post=5254"},{"taxonomy":"post_tag","embeddable":true,"href":"https:\/\/21panorama.com\/index.php\/wp-json\/wp\/v2\/tags?post=5254"}],"curies":[{"name":"wp","href":"https:\/\/api.w.org\/{rel}","templated":true}]}}