{"id":5210,"date":"2023-11-10T07:38:00","date_gmt":"2023-11-10T13:38:00","guid":{"rendered":"https:\/\/21panorama.com\/?p=5210"},"modified":"2023-11-10T07:38:01","modified_gmt":"2023-11-10T13:38:01","slug":"vamos-a-dar-un-golpe-de-autoridad-en-el-2024-eric-sevilla","status":"publish","type":"post","link":"https:\/\/21panorama.com\/index.php\/2023\/11\/10\/vamos-a-dar-un-golpe-de-autoridad-en-el-2024-eric-sevilla\/","title":{"rendered":"VAMOS A DAR UN GOLPE DE AUTORIDAD EN EL 2024: ERIC SEVILLA"},"content":{"rendered":"\n<p><\/p>\n\n\n\n<p>\u2022 No hay duda que el PRI del Estado de M\u00e9xico va a crecer en la preferencia electoral con candidaturas de unidad y arraigo en su comunidad, apunt\u00f3 el dirigente estatal priista .<\/p>\n\n\n\n<p><\/p>\n\n\n\n<p>El PRI mexiquense se encuentra listo con trabajo permanente de su militancia que est\u00e1 organizada en las estructuras seccionales y municipales para dar un golpe de autoridad en las elecciones de junio del pr\u00f3ximo a\u00f1o, dej\u00f3 en claro, el presidente del Comit\u00e9 Directivo Estatal (CDE), Eric Sevilla.<\/p>\n\n\n\n<p>En reuni\u00f3n de trabajo estrat\u00e9gico con integrantes del Comit\u00e9 Directivo Estatal, el jefe de partido asegur\u00f3 que el priismo m\u00e1s fuerte del pa\u00eds tiene la encomienda de operar todos los d\u00edas de cara al proceso electoral del 2024 y, en ese sentido, se capacita a las estructuras electorales y territoriales.<\/p>\n\n\n\n<p>El Partido Revolucionario Institucional en el Estado de M\u00e9xico va a conservar su votaci\u00f3n y, sobretodo, va a crecer respecto a la \u00faltima elecci\u00f3n, dijo Eric Sevilla, luego de asegurar que ahora m\u00e1s que nunca las y los priistas mexiquenses avanzan de manera s\u00f3lida y en unidad.<\/p>\n\n\n\n<p>Tambi\u00e9n destac\u00f3 la fortaleza que representa la alianza electoral en la entidad mexiquense, \u201cel trabajo con los partidos coaligados ha dado muy buenos resultados, esta ocasi\u00f3n no ser\u00e1 la excepci\u00f3n donde elegiremos regidores, s\u00edndicos, alcaldes y diputados\u201d, subray\u00f3.<\/p>\n\n\n\n<p>La elecci\u00f3n que enfrentaremos en el 2024 ser\u00e1 un proceso que define el rumbo del pa\u00eds, por eso \u201ctomamos con mucha seriedad la organizaci\u00f3n del PRI, con candidatos s\u00f3lidos y cuadros que puedan gobernar como lo requieren las y los mexiquenses, somos un partido que representa gobernabilidad para darle hoja de ruta a la naci\u00f3n\u201d, se\u00f1al\u00f3.<\/p>\n\n\n\n<p>El l\u00edder estatal priista reconoci\u00f3 que en la pr\u00f3xima contienda electoral se volver\u00e1 a enfrentar una elecci\u00f3n de Estado, \u201cseremos cuidadosos y vigilantes de la norma electoral, se atender\u00e1n todas las irregularidades y no permitiremos la intervenci\u00f3n de gobiernos de otras entidades\u201d.<\/p>\n","protected":false},"excerpt":{"rendered":"<p>El PRI mexiquense se encuentra listo con trabajo permanente de su militancia que est\u00e1 organizada en las estructuras seccionales y municipales para dar un golpe de autoridad en las elecciones de junio del pr\u00f3ximo a\u00f1o, dej\u00f3 en claro, el presidente del Comit\u00e9 Directivo Estatal (CDE), Eric Sevilla.<\/p>\n","protected":false},"author":1,"featured_media":5211,"comment_status":"open","ping_status":"open","sticky":false,"template":"","format":"standard","meta":{"footnotes":""},"categories":[12,1],"tags":[97,310,33],"class_list":["post-5210","post","type-post","status-publish","format-standard","has-post-thumbnail","hentry","category-politica","category-sociedad","tag-edomex","tag-eric-sevilla","tag-pri"],"yoast_head":"<!-- This site is optimized with the Yoast SEO plugin v24.9 - https:\/\/yoast.com\/wordpress\/plugins\/seo\/ -->\n<title>VAMOS A DAR UN GOLPE DE AUTORIDAD EN EL 2024: ERIC SEVILLA - 21 Panorama<\/title>\n<meta name=\"robots\" content=\"index, follow, max-snippet:-1, max-image-preview:large, max-video-preview:-1\" \/>\n<link rel=\"canonical\" href=\"https:\/\/21panorama.com\/index.php\/2023\/11\/10\/vamos-a-dar-un-golpe-de-autoridad-en-el-2024-eric-sevilla\/\" \/>\n<meta property=\"og:locale\" content=\"es_MX\" \/>\n<meta property=\"og:type\" content=\"article\" \/>\n<meta property=\"og:title\" content=\"VAMOS A DAR UN GOLPE DE AUTORIDAD EN EL 2024: ERIC SEVILLA - 21 Panorama\" \/>\n<meta property=\"og:description\" content=\"El PRI mexiquense se encuentra listo con trabajo permanente de su militancia que est\u00e1 organizada en las estructuras seccionales y municipales para dar un golpe de autoridad en las elecciones de junio del pr\u00f3ximo a\u00f1o, dej\u00f3 en claro, el presidente del Comit\u00e9 Directivo Estatal (CDE), Eric Sevilla.\" \/>\n<meta property=\"og:url\" content=\"https:\/\/21panorama.com\/index.php\/2023\/11\/10\/vamos-a-dar-un-golpe-de-autoridad-en-el-2024-eric-sevilla\/\" \/>\n<meta property=\"og:site_name\" content=\"21 Panorama\" \/>\n<meta property=\"article:published_time\" content=\"2023-11-10T13:38:00+00:00\" \/>\n<meta property=\"article:modified_time\" content=\"2023-11-10T13:38:01+00:00\" \/>\n<meta property=\"og:image\" content=\"https:\/\/21panorama.com\/wp-content\/uploads\/2023\/11\/WhatsApp-Image-2023-11-09-at-11.06.20-PM.jpeg\" \/>\n\t<meta property=\"og:image:width\" content=\"1024\" \/>\n\t<meta property=\"og:image:height\" content=\"458\" \/>\n\t<meta property=\"og:image:type\" content=\"image\/jpeg\" \/>\n<meta name=\"author\" content=\"admin\" \/>\n<meta name=\"twitter:card\" content=\"summary_large_image\" \/>\n<meta name=\"twitter:label1\" content=\"Escrito por\" \/>\n\t<meta name=\"twitter:data1\" content=\"admin\" \/>\n\t<meta name=\"twitter:label2\" content=\"Tiempo de lectura\" \/>\n\t<meta name=\"twitter:data2\" content=\"2 minutos\" \/>\n<script type=\"application\/ld+json\" class=\"yoast-schema-graph\">{\"@context\":\"https:\/\/schema.org\",\"@graph\":[{\"@type\":\"Article\",\"@id\":\"https:\/\/21panorama.com\/index.php\/2023\/11\/10\/vamos-a-dar-un-golpe-de-autoridad-en-el-2024-eric-sevilla\/#article\",\"isPartOf\":{\"@id\":\"https:\/\/21panorama.com\/index.php\/2023\/11\/10\/vamos-a-dar-un-golpe-de-autoridad-en-el-2024-eric-sevilla\/\"},\"author\":{\"name\":\"admin\",\"@id\":\"https:\/\/21panorama.com\/#\/schema\/person\/1afc291b96d5792a158768324287319f\"},\"headline\":\"VAMOS A DAR UN GOLPE DE AUTORIDAD EN EL 2024: ERIC SEVILLA\",\"datePublished\":\"2023-11-10T13:38:00+00:00\",\"dateModified\":\"2023-11-10T13:38:01+00:00\",\"mainEntityOfPage\":{\"@id\":\"https:\/\/21panorama.com\/index.php\/2023\/11\/10\/vamos-a-dar-un-golpe-de-autoridad-en-el-2024-eric-sevilla\/\"},\"wordCount\":348,\"commentCount\":0,\"publisher\":{\"@id\":\"https:\/\/21panorama.com\/#organization\"},\"image\":{\"@id\":\"https:\/\/21panorama.com\/index.php\/2023\/11\/10\/vamos-a-dar-un-golpe-de-autoridad-en-el-2024-eric-sevilla\/#primaryimage\"},\"thumbnailUrl\":\"https:\/\/21panorama.com\/wp-content\/uploads\/2023\/11\/WhatsApp-Image-2023-11-09-at-11.06.20-PM.jpeg\",\"keywords\":[\"EDOMEX\",\"ERIC SEVILLA\",\"PRI\"],\"articleSection\":[\"Politica\",\"Sociedad\"],\"inLanguage\":\"es\",\"potentialAction\":[{\"@type\":\"CommentAction\",\"name\":\"Comment\",\"target\":[\"https:\/\/21panorama.com\/index.php\/2023\/11\/10\/vamos-a-dar-un-golpe-de-autoridad-en-el-2024-eric-sevilla\/#respond\"]}]},{\"@type\":\"WebPage\",\"@id\":\"https:\/\/21panorama.com\/index.php\/2023\/11\/10\/vamos-a-dar-un-golpe-de-autoridad-en-el-2024-eric-sevilla\/\",\"url\":\"https:\/\/21panorama.com\/index.php\/2023\/11\/10\/vamos-a-dar-un-golpe-de-autoridad-en-el-2024-eric-sevilla\/\",\"name\":\"VAMOS A DAR UN GOLPE DE AUTORIDAD EN EL 2024: ERIC SEVILLA - 21 Panorama\",\"isPartOf\":{\"@id\":\"https:\/\/21panorama.com\/#website\"},\"primaryImageOfPage\":{\"@id\":\"https:\/\/21panorama.com\/index.php\/2023\/11\/10\/vamos-a-dar-un-golpe-de-autoridad-en-el-2024-eric-sevilla\/#primaryimage\"},\"image\":{\"@id\":\"https:\/\/21panorama.com\/index.php\/2023\/11\/10\/vamos-a-dar-un-golpe-de-autoridad-en-el-2024-eric-sevilla\/#primaryimage\"},\"thumbnailUrl\":\"https:\/\/21panorama.com\/wp-content\/uploads\/2023\/11\/WhatsApp-Image-2023-11-09-at-11.06.20-PM.jpeg\",\"datePublished\":\"2023-11-10T13:38:00+00:00\",\"dateModified\":\"2023-11-10T13:38:01+00:00\",\"breadcrumb\":{\"@id\":\"https:\/\/21panorama.com\/index.php\/2023\/11\/10\/vamos-a-dar-un-golpe-de-autoridad-en-el-2024-eric-sevilla\/#breadcrumb\"},\"inLanguage\":\"es\",\"potentialAction\":[{\"@type\":\"ReadAction\",\"target\":[\"https:\/\/21panorama.com\/index.php\/2023\/11\/10\/vamos-a-dar-un-golpe-de-autoridad-en-el-2024-eric-sevilla\/\"]}]},{\"@type\":\"ImageObject\",\"inLanguage\":\"es\",\"@id\":\"https:\/\/21panorama.com\/index.php\/2023\/11\/10\/vamos-a-dar-un-golpe-de-autoridad-en-el-2024-eric-sevilla\/#primaryimage\",\"url\":\"https:\/\/21panorama.com\/wp-content\/uploads\/2023\/11\/WhatsApp-Image-2023-11-09-at-11.06.20-PM.jpeg\",\"contentUrl\":\"https:\/\/21panorama.com\/wp-content\/uploads\/2023\/11\/WhatsApp-Image-2023-11-09-at-11.06.20-PM.jpeg\",\"width\":1024,\"height\":458},{\"@type\":\"BreadcrumbList\",\"@id\":\"https:\/\/21panorama.com\/index.php\/2023\/11\/10\/vamos-a-dar-un-golpe-de-autoridad-en-el-2024-eric-sevilla\/#breadcrumb\",\"itemListElement\":[{\"@type\":\"ListItem\",\"position\":1,\"name\":\"Inicio\",\"item\":\"https:\/\/21panorama.com\/\"},{\"@type\":\"ListItem\",\"position\":2,\"name\":\"VAMOS A DAR UN GOLPE DE AUTORIDAD EN EL 2024: ERIC SEVILLA\"}]},{\"@type\":\"WebSite\",\"@id\":\"https:\/\/21panorama.com\/#website\",\"url\":\"https:\/\/21panorama.com\/\",\"name\":\"21 Panorama\",\"description\":\"La construcci\u00f3n de la opini\u00f3n p\u00fablica merece un mejor Panorama en este siglo 21 para alcanzar una sociedad con mayor transparencia y sin corrupci\u00f3n.\",\"publisher\":{\"@id\":\"https:\/\/21panorama.com\/#organization\"},\"potentialAction\":[{\"@type\":\"SearchAction\",\"target\":{\"@type\":\"EntryPoint\",\"urlTemplate\":\"https:\/\/21panorama.com\/?s={search_term_string}\"},\"query-input\":{\"@type\":\"PropertyValueSpecification\",\"valueRequired\":true,\"valueName\":\"search_term_string\"}}],\"inLanguage\":\"es\"},{\"@type\":\"Organization\",\"@id\":\"https:\/\/21panorama.com\/#organization\",\"name\":\"21 Panorama\",\"url\":\"https:\/\/21panorama.com\/\",\"logo\":{\"@type\":\"ImageObject\",\"inLanguage\":\"es\",\"@id\":\"https:\/\/21panorama.com\/#\/schema\/logo\/image\/\",\"url\":\"https:\/\/21panorama.com\/wp-content\/uploads\/2019\/07\/cropped-Logo-Panorama-01.jpeg\",\"contentUrl\":\"https:\/\/21panorama.com\/wp-content\/uploads\/2019\/07\/cropped-Logo-Panorama-01.jpeg\",\"width\":290,\"height\":70,\"caption\":\"21 Panorama\"},\"image\":{\"@id\":\"https:\/\/21panorama.com\/#\/schema\/logo\/image\/\"}},{\"@type\":\"Person\",\"@id\":\"https:\/\/21panorama.com\/#\/schema\/person\/1afc291b96d5792a158768324287319f\",\"name\":\"admin\",\"image\":{\"@type\":\"ImageObject\",\"inLanguage\":\"es\",\"@id\":\"https:\/\/21panorama.com\/#\/schema\/person\/image\/\",\"url\":\"https:\/\/secure.gravatar.com\/avatar\/ad365d9d9f46719215b0d042cc3df92a5a8683e09ef13d102233e5491985f0f0?s=96&d=mm&r=g\",\"contentUrl\":\"https:\/\/secure.gravatar.com\/avatar\/ad365d9d9f46719215b0d042cc3df92a5a8683e09ef13d102233e5491985f0f0?s=96&d=mm&r=g\",\"caption\":\"admin\"},\"url\":\"https:\/\/21panorama.com\/index.php\/author\/admin\/\"}]}<\/script>\n<!-- \/ Yoast SEO plugin. -->","yoast_head_json":{"title":"VAMOS A DAR UN GOLPE DE AUTORIDAD EN EL 2024: ERIC SEVILLA - 21 Panorama","robots":{"index":"index","follow":"follow","max-snippet":"max-snippet:-1","max-image-preview":"max-image-preview:large","max-video-preview":"max-video-preview:-1"},"canonical":"https:\/\/21panorama.com\/index.php\/2023\/11\/10\/vamos-a-dar-un-golpe-de-autoridad-en-el-2024-eric-sevilla\/","og_locale":"es_MX","og_type":"article","og_title":"VAMOS A DAR UN GOLPE DE AUTORIDAD EN EL 2024: ERIC SEVILLA - 21 Panorama","og_description":"El PRI mexiquense se encuentra listo con trabajo permanente de su militancia que est\u00e1 organizada en las estructuras seccionales y municipales para dar un golpe de autoridad en las elecciones de junio del pr\u00f3ximo a\u00f1o, dej\u00f3 en claro, el presidente del Comit\u00e9 Directivo Estatal (CDE), Eric Sevilla.","og_url":"https:\/\/21panorama.com\/index.php\/2023\/11\/10\/vamos-a-dar-un-golpe-de-autoridad-en-el-2024-eric-sevilla\/","og_site_name":"21 Panorama","article_published_time":"2023-11-10T13:38:00+00:00","article_modified_time":"2023-11-10T13:38:01+00:00","og_image":[{"width":1024,"height":458,"url":"https:\/\/21panorama.com\/wp-content\/uploads\/2023\/11\/WhatsApp-Image-2023-11-09-at-11.06.20-PM.jpeg","type":"image\/jpeg"}],"author":"admin","twitter_card":"summary_large_image","twitter_misc":{"Escrito por":"admin","Tiempo de lectura":"2 minutos"},"schema":{"@context":"https:\/\/schema.org","@graph":[{"@type":"Article","@id":"https:\/\/21panorama.com\/index.php\/2023\/11\/10\/vamos-a-dar-un-golpe-de-autoridad-en-el-2024-eric-sevilla\/#article","isPartOf":{"@id":"https:\/\/21panorama.com\/index.php\/2023\/11\/10\/vamos-a-dar-un-golpe-de-autoridad-en-el-2024-eric-sevilla\/"},"author":{"name":"admin","@id":"https:\/\/21panorama.com\/#\/schema\/person\/1afc291b96d5792a158768324287319f"},"headline":"VAMOS A DAR UN GOLPE DE AUTORIDAD EN EL 2024: ERIC SEVILLA","datePublished":"2023-11-10T13:38:00+00:00","dateModified":"2023-11-10T13:38:01+00:00","mainEntityOfPage":{"@id":"https:\/\/21panorama.com\/index.php\/2023\/11\/10\/vamos-a-dar-un-golpe-de-autoridad-en-el-2024-eric-sevilla\/"},"wordCount":348,"commentCount":0,"publisher":{"@id":"https:\/\/21panorama.com\/#organization"},"image":{"@id":"https:\/\/21panorama.com\/index.php\/2023\/11\/10\/vamos-a-dar-un-golpe-de-autoridad-en-el-2024-eric-sevilla\/#primaryimage"},"thumbnailUrl":"https:\/\/21panorama.com\/wp-content\/uploads\/2023\/11\/WhatsApp-Image-2023-11-09-at-11.06.20-PM.jpeg","keywords":["EDOMEX","ERIC SEVILLA","PRI"],"articleSection":["Politica","Sociedad"],"inLanguage":"es","potentialAction":[{"@type":"CommentAction","name":"Comment","target":["https:\/\/21panorama.com\/index.php\/2023\/11\/10\/vamos-a-dar-un-golpe-de-autoridad-en-el-2024-eric-sevilla\/#respond"]}]},{"@type":"WebPage","@id":"https:\/\/21panorama.com\/index.php\/2023\/11\/10\/vamos-a-dar-un-golpe-de-autoridad-en-el-2024-eric-sevilla\/","url":"https:\/\/21panorama.com\/index.php\/2023\/11\/10\/vamos-a-dar-un-golpe-de-autoridad-en-el-2024-eric-sevilla\/","name":"VAMOS A DAR UN GOLPE DE AUTORIDAD EN EL 2024: ERIC SEVILLA - 21 Panorama","isPartOf":{"@id":"https:\/\/21panorama.com\/#website"},"primaryImageOfPage":{"@id":"https:\/\/21panorama.com\/index.php\/2023\/11\/10\/vamos-a-dar-un-golpe-de-autoridad-en-el-2024-eric-sevilla\/#primaryimage"},"image":{"@id":"https:\/\/21panorama.com\/index.php\/2023\/11\/10\/vamos-a-dar-un-golpe-de-autoridad-en-el-2024-eric-sevilla\/#primaryimage"},"thumbnailUrl":"https:\/\/21panorama.com\/wp-content\/uploads\/2023\/11\/WhatsApp-Image-2023-11-09-at-11.06.20-PM.jpeg","datePublished":"2023-11-10T13:38:00+00:00","dateModified":"2023-11-10T13:38:01+00:00","breadcrumb":{"@id":"https:\/\/21panorama.com\/index.php\/2023\/11\/10\/vamos-a-dar-un-golpe-de-autoridad-en-el-2024-eric-sevilla\/#breadcrumb"},"inLanguage":"es","potentialAction":[{"@type":"ReadAction","target":["https:\/\/21panorama.com\/index.php\/2023\/11\/10\/vamos-a-dar-un-golpe-de-autoridad-en-el-2024-eric-sevilla\/"]}]},{"@type":"ImageObject","inLanguage":"es","@id":"https:\/\/21panorama.com\/index.php\/2023\/11\/10\/vamos-a-dar-un-golpe-de-autoridad-en-el-2024-eric-sevilla\/#primaryimage","url":"https:\/\/21panorama.com\/wp-content\/uploads\/2023\/11\/WhatsApp-Image-2023-11-09-at-11.06.20-PM.jpeg","contentUrl":"https:\/\/21panorama.com\/wp-content\/uploads\/2023\/11\/WhatsApp-Image-2023-11-09-at-11.06.20-PM.jpeg","width":1024,"height":458},{"@type":"BreadcrumbList","@id":"https:\/\/21panorama.com\/index.php\/2023\/11\/10\/vamos-a-dar-un-golpe-de-autoridad-en-el-2024-eric-sevilla\/#breadcrumb","itemListElement":[{"@type":"ListItem","position":1,"name":"Inicio","item":"https:\/\/21panorama.com\/"},{"@type":"ListItem","position":2,"name":"VAMOS A DAR UN GOLPE DE AUTORIDAD EN EL 2024: ERIC SEVILLA"}]},{"@type":"WebSite","@id":"https:\/\/21panorama.com\/#website","url":"https:\/\/21panorama.com\/","name":"21 Panorama","description":"La construcci\u00f3n de la opini\u00f3n p\u00fablica merece un mejor Panorama en este siglo 21 para alcanzar una sociedad con mayor transparencia y sin corrupci\u00f3n.","publisher":{"@id":"https:\/\/21panorama.com\/#organization"},"potentialAction":[{"@type":"SearchAction","target":{"@type":"EntryPoint","urlTemplate":"https:\/\/21panorama.com\/?s={search_term_string}"},"query-input":{"@type":"PropertyValueSpecification","valueRequired":true,"valueName":"search_term_string"}}],"inLanguage":"es"},{"@type":"Organization","@id":"https:\/\/21panorama.com\/#organization","name":"21 Panorama","url":"https:\/\/21panorama.com\/","logo":{"@type":"ImageObject","inLanguage":"es","@id":"https:\/\/21panorama.com\/#\/schema\/logo\/image\/","url":"https:\/\/21panorama.com\/wp-content\/uploads\/2019\/07\/cropped-Logo-Panorama-01.jpeg","contentUrl":"https:\/\/21panorama.com\/wp-content\/uploads\/2019\/07\/cropped-Logo-Panorama-01.jpeg","width":290,"height":70,"caption":"21 Panorama"},"image":{"@id":"https:\/\/21panorama.com\/#\/schema\/logo\/image\/"}},{"@type":"Person","@id":"https:\/\/21panorama.com\/#\/schema\/person\/1afc291b96d5792a158768324287319f","name":"admin","image":{"@type":"ImageObject","inLanguage":"es","@id":"https:\/\/21panorama.com\/#\/schema\/person\/image\/","url":"https:\/\/secure.gravatar.com\/avatar\/ad365d9d9f46719215b0d042cc3df92a5a8683e09ef13d102233e5491985f0f0?s=96&d=mm&r=g","contentUrl":"https:\/\/secure.gravatar.com\/avatar\/ad365d9d9f46719215b0d042cc3df92a5a8683e09ef13d102233e5491985f0f0?s=96&d=mm&r=g","caption":"admin"},"url":"https:\/\/21panorama.com\/index.php\/author\/admin\/"}]}},"_links":{"self":[{"href":"https:\/\/21panorama.com\/index.php\/wp-json\/wp\/v2\/posts\/5210","targetHints":{"allow":["GET"]}}],"collection":[{"href":"https:\/\/21panorama.com\/index.php\/wp-json\/wp\/v2\/posts"}],"about":[{"href":"https:\/\/21panorama.com\/index.php\/wp-json\/wp\/v2\/types\/post"}],"author":[{"embeddable":true,"href":"https:\/\/21panorama.com\/index.php\/wp-json\/wp\/v2\/users\/1"}],"replies":[{"embeddable":true,"href":"https:\/\/21panorama.com\/index.php\/wp-json\/wp\/v2\/comments?post=5210"}],"version-history":[{"count":1,"href":"https:\/\/21panorama.com\/index.php\/wp-json\/wp\/v2\/posts\/5210\/revisions"}],"predecessor-version":[{"id":5212,"href":"https:\/\/21panorama.com\/index.php\/wp-json\/wp\/v2\/posts\/5210\/revisions\/5212"}],"wp:featuredmedia":[{"embeddable":true,"href":"https:\/\/21panorama.com\/index.php\/wp-json\/wp\/v2\/media\/5211"}],"wp:attachment":[{"href":"https:\/\/21panorama.com\/index.php\/wp-json\/wp\/v2\/media?parent=5210"}],"wp:term":[{"taxonomy":"category","embeddable":true,"href":"https:\/\/21panorama.com\/index.php\/wp-json\/wp\/v2\/categories?post=5210"},{"taxonomy":"post_tag","embeddable":true,"href":"https:\/\/21panorama.com\/index.php\/wp-json\/wp\/v2\/tags?post=5210"}],"curies":[{"name":"wp","href":"https:\/\/api.w.org\/{rel}","templated":true}]}}