{"id":5206,"date":"2023-11-08T09:02:03","date_gmt":"2023-11-08T15:02:03","guid":{"rendered":"https:\/\/21panorama.com\/?p=5206"},"modified":"2023-11-08T09:02:04","modified_gmt":"2023-11-08T15:02:04","slug":"25-aniversario-de-la-escuela-primaria-lazaro-cardenas-en-san-martin-ejido","status":"publish","type":"post","link":"https:\/\/21panorama.com\/index.php\/2023\/11\/08\/25-aniversario-de-la-escuela-primaria-lazaro-cardenas-en-san-martin-ejido\/","title":{"rendered":"25 ANIVERSARIO DE LA ESCUELA PRIMARIA L\u00c1ZARO C\u00c1RDENAS, EN SAN MART\u00cdN EJIDO"},"content":{"rendered":"\n<p><\/p>\n\n\n\n<p>El Presidente Municipal de Aculco, Jorge Alfredo Osornio Victoria, estuvo presente en el 25 aniversario de la Escuela Primaria L\u00e1zaro C\u00e1rdenas, en San Mart\u00edn Ejido, en compa\u00f1\u00eda del personal docentes y administrativo, as\u00ed como del cuerpo estudiantil y padres de familia.<\/p>\n\n\n\n<p>Jorge Osornio destac\u00f3 el trabajo del personal docente, que labora siempre con el objetivo de proporcionar a los alumnos, las herramientas necesarias para enfrentar los retos de la vida diaria; y en donde tambi\u00e9n se puedan desarrollar estrategias que promuevan actividades inclusivas en beneficio de los ni\u00f1os y ni\u00f1as. El edil refrend\u00f3 su compromiso de seguir impulsando la educaci\u00f3n con calidad y profesionalismo a las nuevas generaciones, con la intenci\u00f3n de que la escuela prevalezca como un factor de cambio y progreso para las comunidades que integran este municipio.<\/p>\n\n\n\n<p>En palabras del alcalde, son 25 a\u00f1os de vida, de historia, de generosidad y entrega en la formaci\u00f3n de valores y conocimientos para la vida, conocimientos que se han impartido en cada una de las generaciones que han formado parte de este plantel.&nbsp; Tambi\u00e9n resalt\u00f3 la importancia del apoyo incondicional de los padres de familia o tutores de los menores, los cuales siempre est\u00e1n dispuestos a ayudar, todo por el mayor beneficio de sus hijos.<\/p>\n\n\n\n<p>Finalmente, Jorge Osornio y su esposa Rosa Yareth Andrade hicieron entrega de cobijas a los alumnos presentes en la ceremonia. Los peque\u00f1os recibieron el presente con alegr\u00eda y agradecimiento.<\/p>\n","protected":false},"excerpt":{"rendered":"<p>El Presidente Municipal de Aculco, Jorge Alfredo Osornio Victoria, estuvo presente en el 25 aniversario de la Escuela Primaria L\u00e1zaro C\u00e1rdenas, en San Mart\u00edn Ejido, en compa\u00f1\u00eda del personal docentes y administrativo, as\u00ed como del cuerpo estudiantil y padres de familia.<\/p>\n","protected":false},"author":1,"featured_media":5207,"comment_status":"open","ping_status":"open","sticky":false,"template":"","format":"standard","meta":{"footnotes":""},"categories":[374,12,1],"tags":[166,97,222,317],"class_list":["post-5206","post","type-post","status-publish","format-standard","has-post-thumbnail","hentry","category-educacion","category-politica","category-sociedad","tag-aculco","tag-edomex","tag-gem","tag-jorge-osornio"],"yoast_head":"<!-- This site is optimized with the Yoast SEO plugin v24.9 - https:\/\/yoast.com\/wordpress\/plugins\/seo\/ -->\n<title>25 ANIVERSARIO DE LA ESCUELA PRIMARIA L\u00c1ZARO C\u00c1RDENAS, EN SAN MART\u00cdN EJIDO - 21 Panorama<\/title>\n<meta name=\"robots\" content=\"index, follow, max-snippet:-1, max-image-preview:large, max-video-preview:-1\" \/>\n<link rel=\"canonical\" href=\"https:\/\/21panorama.com\/index.php\/2023\/11\/08\/25-aniversario-de-la-escuela-primaria-lazaro-cardenas-en-san-martin-ejido\/\" \/>\n<meta property=\"og:locale\" content=\"es_MX\" \/>\n<meta property=\"og:type\" content=\"article\" \/>\n<meta property=\"og:title\" content=\"25 ANIVERSARIO DE LA ESCUELA PRIMARIA L\u00c1ZARO C\u00c1RDENAS, EN SAN MART\u00cdN EJIDO - 21 Panorama\" \/>\n<meta property=\"og:description\" content=\"El Presidente Municipal de Aculco, Jorge Alfredo Osornio Victoria, estuvo presente en el 25 aniversario de la Escuela Primaria L\u00e1zaro C\u00e1rdenas, en San Mart\u00edn Ejido, en compa\u00f1\u00eda del personal docentes y administrativo, as\u00ed como del cuerpo estudiantil y padres de familia.\" \/>\n<meta property=\"og:url\" content=\"https:\/\/21panorama.com\/index.php\/2023\/11\/08\/25-aniversario-de-la-escuela-primaria-lazaro-cardenas-en-san-martin-ejido\/\" \/>\n<meta property=\"og:site_name\" content=\"21 Panorama\" \/>\n<meta property=\"article:published_time\" content=\"2023-11-08T15:02:03+00:00\" \/>\n<meta property=\"article:modified_time\" content=\"2023-11-08T15:02:04+00:00\" \/>\n<meta property=\"og:image\" content=\"https:\/\/21panorama.com\/wp-content\/uploads\/2023\/11\/WhatsApp-Image-2023-11-08-at-8.49.40-AM.jpeg\" \/>\n\t<meta property=\"og:image:width\" content=\"626\" \/>\n\t<meta property=\"og:image:height\" content=\"539\" \/>\n\t<meta property=\"og:image:type\" content=\"image\/jpeg\" \/>\n<meta name=\"author\" content=\"admin\" \/>\n<meta name=\"twitter:card\" content=\"summary_large_image\" \/>\n<meta name=\"twitter:label1\" content=\"Escrito por\" \/>\n\t<meta name=\"twitter:data1\" content=\"admin\" \/>\n\t<meta name=\"twitter:label2\" content=\"Tiempo de lectura\" \/>\n\t<meta name=\"twitter:data2\" content=\"2 minutos\" \/>\n<script type=\"application\/ld+json\" class=\"yoast-schema-graph\">{\"@context\":\"https:\/\/schema.org\",\"@graph\":[{\"@type\":\"Article\",\"@id\":\"https:\/\/21panorama.com\/index.php\/2023\/11\/08\/25-aniversario-de-la-escuela-primaria-lazaro-cardenas-en-san-martin-ejido\/#article\",\"isPartOf\":{\"@id\":\"https:\/\/21panorama.com\/index.php\/2023\/11\/08\/25-aniversario-de-la-escuela-primaria-lazaro-cardenas-en-san-martin-ejido\/\"},\"author\":{\"name\":\"admin\",\"@id\":\"https:\/\/21panorama.com\/#\/schema\/person\/1afc291b96d5792a158768324287319f\"},\"headline\":\"25 ANIVERSARIO DE LA ESCUELA PRIMARIA L\u00c1ZARO C\u00c1RDENAS, EN SAN MART\u00cdN EJIDO\",\"datePublished\":\"2023-11-08T15:02:03+00:00\",\"dateModified\":\"2023-11-08T15:02:04+00:00\",\"mainEntityOfPage\":{\"@id\":\"https:\/\/21panorama.com\/index.php\/2023\/11\/08\/25-aniversario-de-la-escuela-primaria-lazaro-cardenas-en-san-martin-ejido\/\"},\"wordCount\":262,\"commentCount\":0,\"publisher\":{\"@id\":\"https:\/\/21panorama.com\/#organization\"},\"image\":{\"@id\":\"https:\/\/21panorama.com\/index.php\/2023\/11\/08\/25-aniversario-de-la-escuela-primaria-lazaro-cardenas-en-san-martin-ejido\/#primaryimage\"},\"thumbnailUrl\":\"https:\/\/21panorama.com\/wp-content\/uploads\/2023\/11\/WhatsApp-Image-2023-11-08-at-8.49.40-AM.jpeg\",\"keywords\":[\"aculco\",\"EDOMEX\",\"GEM\",\"JORGE OSORNIO\"],\"articleSection\":[\"Educaci\u00f3n\",\"Politica\",\"Sociedad\"],\"inLanguage\":\"es\",\"potentialAction\":[{\"@type\":\"CommentAction\",\"name\":\"Comment\",\"target\":[\"https:\/\/21panorama.com\/index.php\/2023\/11\/08\/25-aniversario-de-la-escuela-primaria-lazaro-cardenas-en-san-martin-ejido\/#respond\"]}]},{\"@type\":\"WebPage\",\"@id\":\"https:\/\/21panorama.com\/index.php\/2023\/11\/08\/25-aniversario-de-la-escuela-primaria-lazaro-cardenas-en-san-martin-ejido\/\",\"url\":\"https:\/\/21panorama.com\/index.php\/2023\/11\/08\/25-aniversario-de-la-escuela-primaria-lazaro-cardenas-en-san-martin-ejido\/\",\"name\":\"25 ANIVERSARIO DE LA ESCUELA PRIMARIA L\u00c1ZARO C\u00c1RDENAS, EN SAN MART\u00cdN EJIDO - 21 Panorama\",\"isPartOf\":{\"@id\":\"https:\/\/21panorama.com\/#website\"},\"primaryImageOfPage\":{\"@id\":\"https:\/\/21panorama.com\/index.php\/2023\/11\/08\/25-aniversario-de-la-escuela-primaria-lazaro-cardenas-en-san-martin-ejido\/#primaryimage\"},\"image\":{\"@id\":\"https:\/\/21panorama.com\/index.php\/2023\/11\/08\/25-aniversario-de-la-escuela-primaria-lazaro-cardenas-en-san-martin-ejido\/#primaryimage\"},\"thumbnailUrl\":\"https:\/\/21panorama.com\/wp-content\/uploads\/2023\/11\/WhatsApp-Image-2023-11-08-at-8.49.40-AM.jpeg\",\"datePublished\":\"2023-11-08T15:02:03+00:00\",\"dateModified\":\"2023-11-08T15:02:04+00:00\",\"breadcrumb\":{\"@id\":\"https:\/\/21panorama.com\/index.php\/2023\/11\/08\/25-aniversario-de-la-escuela-primaria-lazaro-cardenas-en-san-martin-ejido\/#breadcrumb\"},\"inLanguage\":\"es\",\"potentialAction\":[{\"@type\":\"ReadAction\",\"target\":[\"https:\/\/21panorama.com\/index.php\/2023\/11\/08\/25-aniversario-de-la-escuela-primaria-lazaro-cardenas-en-san-martin-ejido\/\"]}]},{\"@type\":\"ImageObject\",\"inLanguage\":\"es\",\"@id\":\"https:\/\/21panorama.com\/index.php\/2023\/11\/08\/25-aniversario-de-la-escuela-primaria-lazaro-cardenas-en-san-martin-ejido\/#primaryimage\",\"url\":\"https:\/\/21panorama.com\/wp-content\/uploads\/2023\/11\/WhatsApp-Image-2023-11-08-at-8.49.40-AM.jpeg\",\"contentUrl\":\"https:\/\/21panorama.com\/wp-content\/uploads\/2023\/11\/WhatsApp-Image-2023-11-08-at-8.49.40-AM.jpeg\",\"width\":626,\"height\":539},{\"@type\":\"BreadcrumbList\",\"@id\":\"https:\/\/21panorama.com\/index.php\/2023\/11\/08\/25-aniversario-de-la-escuela-primaria-lazaro-cardenas-en-san-martin-ejido\/#breadcrumb\",\"itemListElement\":[{\"@type\":\"ListItem\",\"position\":1,\"name\":\"Inicio\",\"item\":\"https:\/\/21panorama.com\/\"},{\"@type\":\"ListItem\",\"position\":2,\"name\":\"25 ANIVERSARIO DE LA ESCUELA PRIMARIA L\u00c1ZARO C\u00c1RDENAS, EN SAN MART\u00cdN EJIDO\"}]},{\"@type\":\"WebSite\",\"@id\":\"https:\/\/21panorama.com\/#website\",\"url\":\"https:\/\/21panorama.com\/\",\"name\":\"21 Panorama\",\"description\":\"La construcci\u00f3n de la opini\u00f3n p\u00fablica merece un mejor Panorama en este siglo 21 para alcanzar una sociedad con mayor transparencia y sin corrupci\u00f3n.\",\"publisher\":{\"@id\":\"https:\/\/21panorama.com\/#organization\"},\"potentialAction\":[{\"@type\":\"SearchAction\",\"target\":{\"@type\":\"EntryPoint\",\"urlTemplate\":\"https:\/\/21panorama.com\/?s={search_term_string}\"},\"query-input\":{\"@type\":\"PropertyValueSpecification\",\"valueRequired\":true,\"valueName\":\"search_term_string\"}}],\"inLanguage\":\"es\"},{\"@type\":\"Organization\",\"@id\":\"https:\/\/21panorama.com\/#organization\",\"name\":\"21 Panorama\",\"url\":\"https:\/\/21panorama.com\/\",\"logo\":{\"@type\":\"ImageObject\",\"inLanguage\":\"es\",\"@id\":\"https:\/\/21panorama.com\/#\/schema\/logo\/image\/\",\"url\":\"https:\/\/21panorama.com\/wp-content\/uploads\/2019\/07\/cropped-Logo-Panorama-01.jpeg\",\"contentUrl\":\"https:\/\/21panorama.com\/wp-content\/uploads\/2019\/07\/cropped-Logo-Panorama-01.jpeg\",\"width\":290,\"height\":70,\"caption\":\"21 Panorama\"},\"image\":{\"@id\":\"https:\/\/21panorama.com\/#\/schema\/logo\/image\/\"}},{\"@type\":\"Person\",\"@id\":\"https:\/\/21panorama.com\/#\/schema\/person\/1afc291b96d5792a158768324287319f\",\"name\":\"admin\",\"image\":{\"@type\":\"ImageObject\",\"inLanguage\":\"es\",\"@id\":\"https:\/\/21panorama.com\/#\/schema\/person\/image\/\",\"url\":\"https:\/\/secure.gravatar.com\/avatar\/ad365d9d9f46719215b0d042cc3df92a5a8683e09ef13d102233e5491985f0f0?s=96&d=mm&r=g\",\"contentUrl\":\"https:\/\/secure.gravatar.com\/avatar\/ad365d9d9f46719215b0d042cc3df92a5a8683e09ef13d102233e5491985f0f0?s=96&d=mm&r=g\",\"caption\":\"admin\"},\"url\":\"https:\/\/21panorama.com\/index.php\/author\/admin\/\"}]}<\/script>\n<!-- \/ Yoast SEO plugin. -->","yoast_head_json":{"title":"25 ANIVERSARIO DE LA ESCUELA PRIMARIA L\u00c1ZARO C\u00c1RDENAS, EN SAN MART\u00cdN EJIDO - 21 Panorama","robots":{"index":"index","follow":"follow","max-snippet":"max-snippet:-1","max-image-preview":"max-image-preview:large","max-video-preview":"max-video-preview:-1"},"canonical":"https:\/\/21panorama.com\/index.php\/2023\/11\/08\/25-aniversario-de-la-escuela-primaria-lazaro-cardenas-en-san-martin-ejido\/","og_locale":"es_MX","og_type":"article","og_title":"25 ANIVERSARIO DE LA ESCUELA PRIMARIA L\u00c1ZARO C\u00c1RDENAS, EN SAN MART\u00cdN EJIDO - 21 Panorama","og_description":"El Presidente Municipal de Aculco, Jorge Alfredo Osornio Victoria, estuvo presente en el 25 aniversario de la Escuela Primaria L\u00e1zaro C\u00e1rdenas, en San Mart\u00edn Ejido, en compa\u00f1\u00eda del personal docentes y administrativo, as\u00ed como del cuerpo estudiantil y padres de familia.","og_url":"https:\/\/21panorama.com\/index.php\/2023\/11\/08\/25-aniversario-de-la-escuela-primaria-lazaro-cardenas-en-san-martin-ejido\/","og_site_name":"21 Panorama","article_published_time":"2023-11-08T15:02:03+00:00","article_modified_time":"2023-11-08T15:02:04+00:00","og_image":[{"width":626,"height":539,"url":"https:\/\/21panorama.com\/wp-content\/uploads\/2023\/11\/WhatsApp-Image-2023-11-08-at-8.49.40-AM.jpeg","type":"image\/jpeg"}],"author":"admin","twitter_card":"summary_large_image","twitter_misc":{"Escrito por":"admin","Tiempo de lectura":"2 minutos"},"schema":{"@context":"https:\/\/schema.org","@graph":[{"@type":"Article","@id":"https:\/\/21panorama.com\/index.php\/2023\/11\/08\/25-aniversario-de-la-escuela-primaria-lazaro-cardenas-en-san-martin-ejido\/#article","isPartOf":{"@id":"https:\/\/21panorama.com\/index.php\/2023\/11\/08\/25-aniversario-de-la-escuela-primaria-lazaro-cardenas-en-san-martin-ejido\/"},"author":{"name":"admin","@id":"https:\/\/21panorama.com\/#\/schema\/person\/1afc291b96d5792a158768324287319f"},"headline":"25 ANIVERSARIO DE LA ESCUELA PRIMARIA L\u00c1ZARO C\u00c1RDENAS, EN SAN MART\u00cdN EJIDO","datePublished":"2023-11-08T15:02:03+00:00","dateModified":"2023-11-08T15:02:04+00:00","mainEntityOfPage":{"@id":"https:\/\/21panorama.com\/index.php\/2023\/11\/08\/25-aniversario-de-la-escuela-primaria-lazaro-cardenas-en-san-martin-ejido\/"},"wordCount":262,"commentCount":0,"publisher":{"@id":"https:\/\/21panorama.com\/#organization"},"image":{"@id":"https:\/\/21panorama.com\/index.php\/2023\/11\/08\/25-aniversario-de-la-escuela-primaria-lazaro-cardenas-en-san-martin-ejido\/#primaryimage"},"thumbnailUrl":"https:\/\/21panorama.com\/wp-content\/uploads\/2023\/11\/WhatsApp-Image-2023-11-08-at-8.49.40-AM.jpeg","keywords":["aculco","EDOMEX","GEM","JORGE OSORNIO"],"articleSection":["Educaci\u00f3n","Politica","Sociedad"],"inLanguage":"es","potentialAction":[{"@type":"CommentAction","name":"Comment","target":["https:\/\/21panorama.com\/index.php\/2023\/11\/08\/25-aniversario-de-la-escuela-primaria-lazaro-cardenas-en-san-martin-ejido\/#respond"]}]},{"@type":"WebPage","@id":"https:\/\/21panorama.com\/index.php\/2023\/11\/08\/25-aniversario-de-la-escuela-primaria-lazaro-cardenas-en-san-martin-ejido\/","url":"https:\/\/21panorama.com\/index.php\/2023\/11\/08\/25-aniversario-de-la-escuela-primaria-lazaro-cardenas-en-san-martin-ejido\/","name":"25 ANIVERSARIO DE LA ESCUELA PRIMARIA L\u00c1ZARO C\u00c1RDENAS, EN SAN MART\u00cdN EJIDO - 21 Panorama","isPartOf":{"@id":"https:\/\/21panorama.com\/#website"},"primaryImageOfPage":{"@id":"https:\/\/21panorama.com\/index.php\/2023\/11\/08\/25-aniversario-de-la-escuela-primaria-lazaro-cardenas-en-san-martin-ejido\/#primaryimage"},"image":{"@id":"https:\/\/21panorama.com\/index.php\/2023\/11\/08\/25-aniversario-de-la-escuela-primaria-lazaro-cardenas-en-san-martin-ejido\/#primaryimage"},"thumbnailUrl":"https:\/\/21panorama.com\/wp-content\/uploads\/2023\/11\/WhatsApp-Image-2023-11-08-at-8.49.40-AM.jpeg","datePublished":"2023-11-08T15:02:03+00:00","dateModified":"2023-11-08T15:02:04+00:00","breadcrumb":{"@id":"https:\/\/21panorama.com\/index.php\/2023\/11\/08\/25-aniversario-de-la-escuela-primaria-lazaro-cardenas-en-san-martin-ejido\/#breadcrumb"},"inLanguage":"es","potentialAction":[{"@type":"ReadAction","target":["https:\/\/21panorama.com\/index.php\/2023\/11\/08\/25-aniversario-de-la-escuela-primaria-lazaro-cardenas-en-san-martin-ejido\/"]}]},{"@type":"ImageObject","inLanguage":"es","@id":"https:\/\/21panorama.com\/index.php\/2023\/11\/08\/25-aniversario-de-la-escuela-primaria-lazaro-cardenas-en-san-martin-ejido\/#primaryimage","url":"https:\/\/21panorama.com\/wp-content\/uploads\/2023\/11\/WhatsApp-Image-2023-11-08-at-8.49.40-AM.jpeg","contentUrl":"https:\/\/21panorama.com\/wp-content\/uploads\/2023\/11\/WhatsApp-Image-2023-11-08-at-8.49.40-AM.jpeg","width":626,"height":539},{"@type":"BreadcrumbList","@id":"https:\/\/21panorama.com\/index.php\/2023\/11\/08\/25-aniversario-de-la-escuela-primaria-lazaro-cardenas-en-san-martin-ejido\/#breadcrumb","itemListElement":[{"@type":"ListItem","position":1,"name":"Inicio","item":"https:\/\/21panorama.com\/"},{"@type":"ListItem","position":2,"name":"25 ANIVERSARIO DE LA ESCUELA PRIMARIA L\u00c1ZARO C\u00c1RDENAS, EN SAN MART\u00cdN EJIDO"}]},{"@type":"WebSite","@id":"https:\/\/21panorama.com\/#website","url":"https:\/\/21panorama.com\/","name":"21 Panorama","description":"La construcci\u00f3n de la opini\u00f3n p\u00fablica merece un mejor Panorama en este siglo 21 para alcanzar una sociedad con mayor transparencia y sin corrupci\u00f3n.","publisher":{"@id":"https:\/\/21panorama.com\/#organization"},"potentialAction":[{"@type":"SearchAction","target":{"@type":"EntryPoint","urlTemplate":"https:\/\/21panorama.com\/?s={search_term_string}"},"query-input":{"@type":"PropertyValueSpecification","valueRequired":true,"valueName":"search_term_string"}}],"inLanguage":"es"},{"@type":"Organization","@id":"https:\/\/21panorama.com\/#organization","name":"21 Panorama","url":"https:\/\/21panorama.com\/","logo":{"@type":"ImageObject","inLanguage":"es","@id":"https:\/\/21panorama.com\/#\/schema\/logo\/image\/","url":"https:\/\/21panorama.com\/wp-content\/uploads\/2019\/07\/cropped-Logo-Panorama-01.jpeg","contentUrl":"https:\/\/21panorama.com\/wp-content\/uploads\/2019\/07\/cropped-Logo-Panorama-01.jpeg","width":290,"height":70,"caption":"21 Panorama"},"image":{"@id":"https:\/\/21panorama.com\/#\/schema\/logo\/image\/"}},{"@type":"Person","@id":"https:\/\/21panorama.com\/#\/schema\/person\/1afc291b96d5792a158768324287319f","name":"admin","image":{"@type":"ImageObject","inLanguage":"es","@id":"https:\/\/21panorama.com\/#\/schema\/person\/image\/","url":"https:\/\/secure.gravatar.com\/avatar\/ad365d9d9f46719215b0d042cc3df92a5a8683e09ef13d102233e5491985f0f0?s=96&d=mm&r=g","contentUrl":"https:\/\/secure.gravatar.com\/avatar\/ad365d9d9f46719215b0d042cc3df92a5a8683e09ef13d102233e5491985f0f0?s=96&d=mm&r=g","caption":"admin"},"url":"https:\/\/21panorama.com\/index.php\/author\/admin\/"}]}},"_links":{"self":[{"href":"https:\/\/21panorama.com\/index.php\/wp-json\/wp\/v2\/posts\/5206","targetHints":{"allow":["GET"]}}],"collection":[{"href":"https:\/\/21panorama.com\/index.php\/wp-json\/wp\/v2\/posts"}],"about":[{"href":"https:\/\/21panorama.com\/index.php\/wp-json\/wp\/v2\/types\/post"}],"author":[{"embeddable":true,"href":"https:\/\/21panorama.com\/index.php\/wp-json\/wp\/v2\/users\/1"}],"replies":[{"embeddable":true,"href":"https:\/\/21panorama.com\/index.php\/wp-json\/wp\/v2\/comments?post=5206"}],"version-history":[{"count":1,"href":"https:\/\/21panorama.com\/index.php\/wp-json\/wp\/v2\/posts\/5206\/revisions"}],"predecessor-version":[{"id":5208,"href":"https:\/\/21panorama.com\/index.php\/wp-json\/wp\/v2\/posts\/5206\/revisions\/5208"}],"wp:featuredmedia":[{"embeddable":true,"href":"https:\/\/21panorama.com\/index.php\/wp-json\/wp\/v2\/media\/5207"}],"wp:attachment":[{"href":"https:\/\/21panorama.com\/index.php\/wp-json\/wp\/v2\/media?parent=5206"}],"wp:term":[{"taxonomy":"category","embeddable":true,"href":"https:\/\/21panorama.com\/index.php\/wp-json\/wp\/v2\/categories?post=5206"},{"taxonomy":"post_tag","embeddable":true,"href":"https:\/\/21panorama.com\/index.php\/wp-json\/wp\/v2\/tags?post=5206"}],"curies":[{"name":"wp","href":"https:\/\/api.w.org\/{rel}","templated":true}]}}