{"id":5177,"date":"2023-10-29T22:34:34","date_gmt":"2023-10-30T04:34:34","guid":{"rendered":"https:\/\/21panorama.com\/?p=5177"},"modified":"2023-11-03T22:45:57","modified_gmt":"2023-11-04T04:45:57","slug":"profesorado-motor-de-la-ensenanza-de-la-uaemex-cebd","status":"publish","type":"post","link":"https:\/\/21panorama.com\/index.php\/2023\/10\/29\/profesorado-motor-de-la-ensenanza-de-la-uaemex-cebd\/","title":{"rendered":"PROFESORADO, MOTOR DE LA ENSE\u00d1ANZA DE LA UAEM\u00c9X: CEBD"},"content":{"rendered":"\n<p><\/p>\n\n\n\n<p>* Se entregaron m\u00e1s de 13 mil implementos de trabajo que beneficiar\u00e1n a m\u00e1s de seis mil maestras y maestros de todos los espacios acad\u00e9micos de la Aut\u00f3noma mexiquense.<\/p>\n\n\n\n<p><\/p>\n\n\n\n<p>El rector de la Universidad Aut\u00f3noma del Estado de M\u00e9xico (UAEM\u00e9x), Carlos Eduardo Barrera D\u00edaz, entreg\u00f3 implementos de trabajo al profesorado adscrito a la Federaci\u00f3n de Asociaciones Aut\u00f3nomas de Personal Acad\u00e9mico de esta casa de estudios (FAAPAUAEM) con el prop\u00f3sito de contribuir al desarrollo de sus pr\u00e1cticas y actividades frente al aula.<\/p>\n\n\n\n<p>Acompa\u00f1ado por la secretar\u00eda de Administraci\u00f3n, Er\u00e9ndira Fierro Moreno y el secretario de Docencia, Jos\u00e9 Raymundo Marcial Romero, el rector de la M\u00e1xima Casa de Estudios mexiquense destac\u00f3 que las y los profesores son el motor de la ense\u00f1anza y la investigaci\u00f3n en la UAEM\u00e9x, por ello, dijo, merecen contar con los mejores implementos para desarrollar su labor, de tal modo que su talento se despliegue en toda su capacidad.&nbsp;<\/p>\n\n\n\n<p>Barrera D\u00edaz apunt\u00f3 que los m\u00e1s de 13 mil art\u00edculos entregados beneficiar\u00e1n a m\u00e1s de seis mil maestras y maestros de todos los espacios acad\u00e9micos de la Aut\u00f3noma mexiquense.<\/p>\n\n\n\n<p>Durante su intervenci\u00f3n, la secretaria general de la FAAPAUAEM, Gilda Gonz\u00e1lez Villase\u00f1or, destac\u00f3 que estos implementos de trabajo permiten al profesorado desarrollar su labor acad\u00e9mica de manera eficaz, eficiente, puntual, arm\u00f3nica, pero sobre todo segura.<\/p>\n\n\n\n<p>&nbsp;\u201cEs indispensable, coadyuvar en la prevenci\u00f3n de riesgos de trabajo de los m\u00e1s de seis mil docentes universitarios y universitarias, distribuidos en los diversos espacios acad\u00e9micos distribuidos en la entidad mexiquense\u201d, abund\u00f3.<\/p>\n\n\n\n<p>Durante la ceremonia se entregaron reconocimientos a los ganadores de la Cl\u00e1usula 90, correspondientes a ambos semestres de 2023. En reconocimiento a su trabajo y la innovaci\u00f3n de la ense\u00f1anza en su \u00e1rea de trabajo el est\u00edmulo fue otorgado a Mar\u00eda Catalina Guti\u00e9rrez Leefmans y Sandra Miriam Alc\u00e1ntara Ram\u00edrez de la Facultad de Contadur\u00eda y Administraci\u00f3n; Silvia Ruth Vilchis Camacho y Octavio Rangel Estrada del Plantel \u201cNezahualc\u00f3yotl\u201d de la Escuela Preparatoria; as\u00ed como a Itzel Arriaga Hurtado, Gerardo Antonio Panchi Venegas y Rafael Santacruz Lima de la Facultad de Derecho.<\/p>\n\n\n\n<p>Asimismo, lo recibieron Mar\u00eda de la Paz Esther Ordaz Miranda de la Facultad de Humanidades; Alicia Reyes Garc\u00eda de la Facultad de Qu\u00edmica; No\u00e9 Armando Col\u00edn Mercado de la Facultad de Ingenier\u00eda y Roberto Franco Plata de la Facultad de Geograf\u00eda.<\/p>\n","protected":false},"excerpt":{"rendered":"<p> Se entregaron m\u00e1s de 13 mil implementos de trabajo que beneficiar\u00e1n a m\u00e1s de seis mil maestras y maestros de todos los espacios acad\u00e9micos de la Aut\u00f3noma mexiquense.<\/p>\n","protected":false},"author":1,"featured_media":5178,"comment_status":"open","ping_status":"open","sticky":false,"template":"","format":"standard","meta":{"footnotes":""},"categories":[374,12,1],"tags":[323,97,222,23],"class_list":["post-5177","post","type-post","status-publish","format-standard","has-post-thumbnail","hentry","category-educacion","category-politica","category-sociedad","tag-carlos-eduardo-barrera-diaz","tag-edomex","tag-gem","tag-uaemex"],"yoast_head":"<!-- This site is optimized with the Yoast SEO plugin v24.9 - https:\/\/yoast.com\/wordpress\/plugins\/seo\/ -->\n<title>PROFESORADO, MOTOR DE LA ENSE\u00d1ANZA DE LA UAEM\u00c9X: CEBD - 21 Panorama<\/title>\n<meta name=\"robots\" content=\"index, follow, max-snippet:-1, max-image-preview:large, max-video-preview:-1\" \/>\n<link rel=\"canonical\" href=\"https:\/\/21panorama.com\/index.php\/2023\/10\/29\/profesorado-motor-de-la-ensenanza-de-la-uaemex-cebd\/\" \/>\n<meta property=\"og:locale\" content=\"es_MX\" \/>\n<meta property=\"og:type\" content=\"article\" \/>\n<meta property=\"og:title\" content=\"PROFESORADO, MOTOR DE LA ENSE\u00d1ANZA DE LA UAEM\u00c9X: CEBD - 21 Panorama\" \/>\n<meta property=\"og:description\" content=\"Se entregaron m\u00e1s de 13 mil implementos de trabajo que beneficiar\u00e1n a m\u00e1s de seis mil maestras y maestros de todos los espacios acad\u00e9micos de la Aut\u00f3noma mexiquense.\" \/>\n<meta property=\"og:url\" content=\"https:\/\/21panorama.com\/index.php\/2023\/10\/29\/profesorado-motor-de-la-ensenanza-de-la-uaemex-cebd\/\" \/>\n<meta property=\"og:site_name\" content=\"21 Panorama\" \/>\n<meta property=\"article:published_time\" content=\"2023-10-30T04:34:34+00:00\" \/>\n<meta property=\"article:modified_time\" content=\"2023-11-04T04:45:57+00:00\" \/>\n<meta property=\"og:image\" content=\"https:\/\/21panorama.com\/wp-content\/uploads\/2023\/11\/UAEM-291023-3.jpg\" \/>\n\t<meta property=\"og:image:width\" content=\"1440\" \/>\n\t<meta property=\"og:image:height\" content=\"960\" \/>\n\t<meta property=\"og:image:type\" content=\"image\/jpeg\" \/>\n<meta name=\"author\" content=\"admin\" \/>\n<meta name=\"twitter:card\" content=\"summary_large_image\" \/>\n<meta name=\"twitter:label1\" content=\"Escrito por\" \/>\n\t<meta name=\"twitter:data1\" content=\"admin\" \/>\n\t<meta name=\"twitter:label2\" content=\"Tiempo de lectura\" \/>\n\t<meta name=\"twitter:data2\" content=\"2 minutos\" \/>\n<script type=\"application\/ld+json\" class=\"yoast-schema-graph\">{\"@context\":\"https:\/\/schema.org\",\"@graph\":[{\"@type\":\"Article\",\"@id\":\"https:\/\/21panorama.com\/index.php\/2023\/10\/29\/profesorado-motor-de-la-ensenanza-de-la-uaemex-cebd\/#article\",\"isPartOf\":{\"@id\":\"https:\/\/21panorama.com\/index.php\/2023\/10\/29\/profesorado-motor-de-la-ensenanza-de-la-uaemex-cebd\/\"},\"author\":{\"name\":\"admin\",\"@id\":\"https:\/\/21panorama.com\/#\/schema\/person\/1afc291b96d5792a158768324287319f\"},\"headline\":\"PROFESORADO, MOTOR DE LA ENSE\u00d1ANZA DE LA UAEM\u00c9X: CEBD\",\"datePublished\":\"2023-10-30T04:34:34+00:00\",\"dateModified\":\"2023-11-04T04:45:57+00:00\",\"mainEntityOfPage\":{\"@id\":\"https:\/\/21panorama.com\/index.php\/2023\/10\/29\/profesorado-motor-de-la-ensenanza-de-la-uaemex-cebd\/\"},\"wordCount\":440,\"commentCount\":0,\"publisher\":{\"@id\":\"https:\/\/21panorama.com\/#organization\"},\"image\":{\"@id\":\"https:\/\/21panorama.com\/index.php\/2023\/10\/29\/profesorado-motor-de-la-ensenanza-de-la-uaemex-cebd\/#primaryimage\"},\"thumbnailUrl\":\"https:\/\/21panorama.com\/wp-content\/uploads\/2023\/11\/UAEM-291023-3.jpg\",\"keywords\":[\"Carlos Eduardo Barrera D\u00edaz\",\"EDOMEX\",\"GEM\",\"UAEMex\"],\"articleSection\":[\"Educaci\u00f3n\",\"Politica\",\"Sociedad\"],\"inLanguage\":\"es\",\"potentialAction\":[{\"@type\":\"CommentAction\",\"name\":\"Comment\",\"target\":[\"https:\/\/21panorama.com\/index.php\/2023\/10\/29\/profesorado-motor-de-la-ensenanza-de-la-uaemex-cebd\/#respond\"]}]},{\"@type\":\"WebPage\",\"@id\":\"https:\/\/21panorama.com\/index.php\/2023\/10\/29\/profesorado-motor-de-la-ensenanza-de-la-uaemex-cebd\/\",\"url\":\"https:\/\/21panorama.com\/index.php\/2023\/10\/29\/profesorado-motor-de-la-ensenanza-de-la-uaemex-cebd\/\",\"name\":\"PROFESORADO, MOTOR DE LA ENSE\u00d1ANZA DE LA UAEM\u00c9X: CEBD - 21 Panorama\",\"isPartOf\":{\"@id\":\"https:\/\/21panorama.com\/#website\"},\"primaryImageOfPage\":{\"@id\":\"https:\/\/21panorama.com\/index.php\/2023\/10\/29\/profesorado-motor-de-la-ensenanza-de-la-uaemex-cebd\/#primaryimage\"},\"image\":{\"@id\":\"https:\/\/21panorama.com\/index.php\/2023\/10\/29\/profesorado-motor-de-la-ensenanza-de-la-uaemex-cebd\/#primaryimage\"},\"thumbnailUrl\":\"https:\/\/21panorama.com\/wp-content\/uploads\/2023\/11\/UAEM-291023-3.jpg\",\"datePublished\":\"2023-10-30T04:34:34+00:00\",\"dateModified\":\"2023-11-04T04:45:57+00:00\",\"breadcrumb\":{\"@id\":\"https:\/\/21panorama.com\/index.php\/2023\/10\/29\/profesorado-motor-de-la-ensenanza-de-la-uaemex-cebd\/#breadcrumb\"},\"inLanguage\":\"es\",\"potentialAction\":[{\"@type\":\"ReadAction\",\"target\":[\"https:\/\/21panorama.com\/index.php\/2023\/10\/29\/profesorado-motor-de-la-ensenanza-de-la-uaemex-cebd\/\"]}]},{\"@type\":\"ImageObject\",\"inLanguage\":\"es\",\"@id\":\"https:\/\/21panorama.com\/index.php\/2023\/10\/29\/profesorado-motor-de-la-ensenanza-de-la-uaemex-cebd\/#primaryimage\",\"url\":\"https:\/\/21panorama.com\/wp-content\/uploads\/2023\/11\/UAEM-291023-3.jpg\",\"contentUrl\":\"https:\/\/21panorama.com\/wp-content\/uploads\/2023\/11\/UAEM-291023-3.jpg\",\"width\":1440,\"height\":960},{\"@type\":\"BreadcrumbList\",\"@id\":\"https:\/\/21panorama.com\/index.php\/2023\/10\/29\/profesorado-motor-de-la-ensenanza-de-la-uaemex-cebd\/#breadcrumb\",\"itemListElement\":[{\"@type\":\"ListItem\",\"position\":1,\"name\":\"Inicio\",\"item\":\"https:\/\/21panorama.com\/\"},{\"@type\":\"ListItem\",\"position\":2,\"name\":\"PROFESORADO, MOTOR DE LA ENSE\u00d1ANZA DE LA UAEM\u00c9X: CEBD\"}]},{\"@type\":\"WebSite\",\"@id\":\"https:\/\/21panorama.com\/#website\",\"url\":\"https:\/\/21panorama.com\/\",\"name\":\"21 Panorama\",\"description\":\"La construcci\u00f3n de la opini\u00f3n p\u00fablica merece un mejor Panorama en este siglo 21 para alcanzar una sociedad con mayor transparencia y sin corrupci\u00f3n.\",\"publisher\":{\"@id\":\"https:\/\/21panorama.com\/#organization\"},\"potentialAction\":[{\"@type\":\"SearchAction\",\"target\":{\"@type\":\"EntryPoint\",\"urlTemplate\":\"https:\/\/21panorama.com\/?s={search_term_string}\"},\"query-input\":{\"@type\":\"PropertyValueSpecification\",\"valueRequired\":true,\"valueName\":\"search_term_string\"}}],\"inLanguage\":\"es\"},{\"@type\":\"Organization\",\"@id\":\"https:\/\/21panorama.com\/#organization\",\"name\":\"21 Panorama\",\"url\":\"https:\/\/21panorama.com\/\",\"logo\":{\"@type\":\"ImageObject\",\"inLanguage\":\"es\",\"@id\":\"https:\/\/21panorama.com\/#\/schema\/logo\/image\/\",\"url\":\"https:\/\/21panorama.com\/wp-content\/uploads\/2019\/07\/cropped-Logo-Panorama-01.jpeg\",\"contentUrl\":\"https:\/\/21panorama.com\/wp-content\/uploads\/2019\/07\/cropped-Logo-Panorama-01.jpeg\",\"width\":290,\"height\":70,\"caption\":\"21 Panorama\"},\"image\":{\"@id\":\"https:\/\/21panorama.com\/#\/schema\/logo\/image\/\"}},{\"@type\":\"Person\",\"@id\":\"https:\/\/21panorama.com\/#\/schema\/person\/1afc291b96d5792a158768324287319f\",\"name\":\"admin\",\"image\":{\"@type\":\"ImageObject\",\"inLanguage\":\"es\",\"@id\":\"https:\/\/21panorama.com\/#\/schema\/person\/image\/\",\"url\":\"https:\/\/secure.gravatar.com\/avatar\/ad365d9d9f46719215b0d042cc3df92a5a8683e09ef13d102233e5491985f0f0?s=96&d=mm&r=g\",\"contentUrl\":\"https:\/\/secure.gravatar.com\/avatar\/ad365d9d9f46719215b0d042cc3df92a5a8683e09ef13d102233e5491985f0f0?s=96&d=mm&r=g\",\"caption\":\"admin\"},\"url\":\"https:\/\/21panorama.com\/index.php\/author\/admin\/\"}]}<\/script>\n<!-- \/ Yoast SEO plugin. -->","yoast_head_json":{"title":"PROFESORADO, MOTOR DE LA ENSE\u00d1ANZA DE LA UAEM\u00c9X: CEBD - 21 Panorama","robots":{"index":"index","follow":"follow","max-snippet":"max-snippet:-1","max-image-preview":"max-image-preview:large","max-video-preview":"max-video-preview:-1"},"canonical":"https:\/\/21panorama.com\/index.php\/2023\/10\/29\/profesorado-motor-de-la-ensenanza-de-la-uaemex-cebd\/","og_locale":"es_MX","og_type":"article","og_title":"PROFESORADO, MOTOR DE LA ENSE\u00d1ANZA DE LA UAEM\u00c9X: CEBD - 21 Panorama","og_description":"Se entregaron m\u00e1s de 13 mil implementos de trabajo que beneficiar\u00e1n a m\u00e1s de seis mil maestras y maestros de todos los espacios acad\u00e9micos de la Aut\u00f3noma mexiquense.","og_url":"https:\/\/21panorama.com\/index.php\/2023\/10\/29\/profesorado-motor-de-la-ensenanza-de-la-uaemex-cebd\/","og_site_name":"21 Panorama","article_published_time":"2023-10-30T04:34:34+00:00","article_modified_time":"2023-11-04T04:45:57+00:00","og_image":[{"width":1440,"height":960,"url":"https:\/\/21panorama.com\/wp-content\/uploads\/2023\/11\/UAEM-291023-3.jpg","type":"image\/jpeg"}],"author":"admin","twitter_card":"summary_large_image","twitter_misc":{"Escrito por":"admin","Tiempo de lectura":"2 minutos"},"schema":{"@context":"https:\/\/schema.org","@graph":[{"@type":"Article","@id":"https:\/\/21panorama.com\/index.php\/2023\/10\/29\/profesorado-motor-de-la-ensenanza-de-la-uaemex-cebd\/#article","isPartOf":{"@id":"https:\/\/21panorama.com\/index.php\/2023\/10\/29\/profesorado-motor-de-la-ensenanza-de-la-uaemex-cebd\/"},"author":{"name":"admin","@id":"https:\/\/21panorama.com\/#\/schema\/person\/1afc291b96d5792a158768324287319f"},"headline":"PROFESORADO, MOTOR DE LA ENSE\u00d1ANZA DE LA UAEM\u00c9X: CEBD","datePublished":"2023-10-30T04:34:34+00:00","dateModified":"2023-11-04T04:45:57+00:00","mainEntityOfPage":{"@id":"https:\/\/21panorama.com\/index.php\/2023\/10\/29\/profesorado-motor-de-la-ensenanza-de-la-uaemex-cebd\/"},"wordCount":440,"commentCount":0,"publisher":{"@id":"https:\/\/21panorama.com\/#organization"},"image":{"@id":"https:\/\/21panorama.com\/index.php\/2023\/10\/29\/profesorado-motor-de-la-ensenanza-de-la-uaemex-cebd\/#primaryimage"},"thumbnailUrl":"https:\/\/21panorama.com\/wp-content\/uploads\/2023\/11\/UAEM-291023-3.jpg","keywords":["Carlos Eduardo Barrera D\u00edaz","EDOMEX","GEM","UAEMex"],"articleSection":["Educaci\u00f3n","Politica","Sociedad"],"inLanguage":"es","potentialAction":[{"@type":"CommentAction","name":"Comment","target":["https:\/\/21panorama.com\/index.php\/2023\/10\/29\/profesorado-motor-de-la-ensenanza-de-la-uaemex-cebd\/#respond"]}]},{"@type":"WebPage","@id":"https:\/\/21panorama.com\/index.php\/2023\/10\/29\/profesorado-motor-de-la-ensenanza-de-la-uaemex-cebd\/","url":"https:\/\/21panorama.com\/index.php\/2023\/10\/29\/profesorado-motor-de-la-ensenanza-de-la-uaemex-cebd\/","name":"PROFESORADO, MOTOR DE LA ENSE\u00d1ANZA DE LA UAEM\u00c9X: CEBD - 21 Panorama","isPartOf":{"@id":"https:\/\/21panorama.com\/#website"},"primaryImageOfPage":{"@id":"https:\/\/21panorama.com\/index.php\/2023\/10\/29\/profesorado-motor-de-la-ensenanza-de-la-uaemex-cebd\/#primaryimage"},"image":{"@id":"https:\/\/21panorama.com\/index.php\/2023\/10\/29\/profesorado-motor-de-la-ensenanza-de-la-uaemex-cebd\/#primaryimage"},"thumbnailUrl":"https:\/\/21panorama.com\/wp-content\/uploads\/2023\/11\/UAEM-291023-3.jpg","datePublished":"2023-10-30T04:34:34+00:00","dateModified":"2023-11-04T04:45:57+00:00","breadcrumb":{"@id":"https:\/\/21panorama.com\/index.php\/2023\/10\/29\/profesorado-motor-de-la-ensenanza-de-la-uaemex-cebd\/#breadcrumb"},"inLanguage":"es","potentialAction":[{"@type":"ReadAction","target":["https:\/\/21panorama.com\/index.php\/2023\/10\/29\/profesorado-motor-de-la-ensenanza-de-la-uaemex-cebd\/"]}]},{"@type":"ImageObject","inLanguage":"es","@id":"https:\/\/21panorama.com\/index.php\/2023\/10\/29\/profesorado-motor-de-la-ensenanza-de-la-uaemex-cebd\/#primaryimage","url":"https:\/\/21panorama.com\/wp-content\/uploads\/2023\/11\/UAEM-291023-3.jpg","contentUrl":"https:\/\/21panorama.com\/wp-content\/uploads\/2023\/11\/UAEM-291023-3.jpg","width":1440,"height":960},{"@type":"BreadcrumbList","@id":"https:\/\/21panorama.com\/index.php\/2023\/10\/29\/profesorado-motor-de-la-ensenanza-de-la-uaemex-cebd\/#breadcrumb","itemListElement":[{"@type":"ListItem","position":1,"name":"Inicio","item":"https:\/\/21panorama.com\/"},{"@type":"ListItem","position":2,"name":"PROFESORADO, MOTOR DE LA ENSE\u00d1ANZA DE LA UAEM\u00c9X: CEBD"}]},{"@type":"WebSite","@id":"https:\/\/21panorama.com\/#website","url":"https:\/\/21panorama.com\/","name":"21 Panorama","description":"La construcci\u00f3n de la opini\u00f3n p\u00fablica merece un mejor Panorama en este siglo 21 para alcanzar una sociedad con mayor transparencia y sin corrupci\u00f3n.","publisher":{"@id":"https:\/\/21panorama.com\/#organization"},"potentialAction":[{"@type":"SearchAction","target":{"@type":"EntryPoint","urlTemplate":"https:\/\/21panorama.com\/?s={search_term_string}"},"query-input":{"@type":"PropertyValueSpecification","valueRequired":true,"valueName":"search_term_string"}}],"inLanguage":"es"},{"@type":"Organization","@id":"https:\/\/21panorama.com\/#organization","name":"21 Panorama","url":"https:\/\/21panorama.com\/","logo":{"@type":"ImageObject","inLanguage":"es","@id":"https:\/\/21panorama.com\/#\/schema\/logo\/image\/","url":"https:\/\/21panorama.com\/wp-content\/uploads\/2019\/07\/cropped-Logo-Panorama-01.jpeg","contentUrl":"https:\/\/21panorama.com\/wp-content\/uploads\/2019\/07\/cropped-Logo-Panorama-01.jpeg","width":290,"height":70,"caption":"21 Panorama"},"image":{"@id":"https:\/\/21panorama.com\/#\/schema\/logo\/image\/"}},{"@type":"Person","@id":"https:\/\/21panorama.com\/#\/schema\/person\/1afc291b96d5792a158768324287319f","name":"admin","image":{"@type":"ImageObject","inLanguage":"es","@id":"https:\/\/21panorama.com\/#\/schema\/person\/image\/","url":"https:\/\/secure.gravatar.com\/avatar\/ad365d9d9f46719215b0d042cc3df92a5a8683e09ef13d102233e5491985f0f0?s=96&d=mm&r=g","contentUrl":"https:\/\/secure.gravatar.com\/avatar\/ad365d9d9f46719215b0d042cc3df92a5a8683e09ef13d102233e5491985f0f0?s=96&d=mm&r=g","caption":"admin"},"url":"https:\/\/21panorama.com\/index.php\/author\/admin\/"}]}},"_links":{"self":[{"href":"https:\/\/21panorama.com\/index.php\/wp-json\/wp\/v2\/posts\/5177","targetHints":{"allow":["GET"]}}],"collection":[{"href":"https:\/\/21panorama.com\/index.php\/wp-json\/wp\/v2\/posts"}],"about":[{"href":"https:\/\/21panorama.com\/index.php\/wp-json\/wp\/v2\/types\/post"}],"author":[{"embeddable":true,"href":"https:\/\/21panorama.com\/index.php\/wp-json\/wp\/v2\/users\/1"}],"replies":[{"embeddable":true,"href":"https:\/\/21panorama.com\/index.php\/wp-json\/wp\/v2\/comments?post=5177"}],"version-history":[{"count":1,"href":"https:\/\/21panorama.com\/index.php\/wp-json\/wp\/v2\/posts\/5177\/revisions"}],"predecessor-version":[{"id":5179,"href":"https:\/\/21panorama.com\/index.php\/wp-json\/wp\/v2\/posts\/5177\/revisions\/5179"}],"wp:featuredmedia":[{"embeddable":true,"href":"https:\/\/21panorama.com\/index.php\/wp-json\/wp\/v2\/media\/5178"}],"wp:attachment":[{"href":"https:\/\/21panorama.com\/index.php\/wp-json\/wp\/v2\/media?parent=5177"}],"wp:term":[{"taxonomy":"category","embeddable":true,"href":"https:\/\/21panorama.com\/index.php\/wp-json\/wp\/v2\/categories?post=5177"},{"taxonomy":"post_tag","embeddable":true,"href":"https:\/\/21panorama.com\/index.php\/wp-json\/wp\/v2\/tags?post=5177"}],"curies":[{"name":"wp","href":"https:\/\/api.w.org\/{rel}","templated":true}]}}