{"id":5159,"date":"2023-10-22T23:38:43","date_gmt":"2023-10-23T04:38:43","guid":{"rendered":"https:\/\/21panorama.com\/?p=5159"},"modified":"2023-10-22T23:38:43","modified_gmt":"2023-10-23T04:38:43","slug":"jocotitlan-kosher-teatro-presento-en-el-oro-la-puesta-en-escena-el-fantasma-de-la-opera","status":"publish","type":"post","link":"https:\/\/21panorama.com\/index.php\/2023\/10\/22\/jocotitlan-kosher-teatro-presento-en-el-oro-la-puesta-en-escena-el-fantasma-de-la-opera\/","title":{"rendered":"JOCOTITL\u00c1N KOSHER TEATRO PRESENT\u00d3 EN EL ORO LA PUESTA EN ESCENA \u201cEL FANTASMA DE LA \u00d3PERA\u201d"},"content":{"rendered":"\n<p><\/p>\n\n\n\n<p>El Diputado Federal y Vicecoordinador del GP del PRI Gustavo C\u00e1rdenas Monroy, estuvo en la presentaci\u00f3n del grupo de teatro Jocotitlense Kosher, en El Oro, donde agradeci\u00f3 el apoyo coordinado de los Presidentes Municipales de El Oro y Jocotitl\u00e1n.<\/p>\n\n\n\n<p>C\u00e1rdenas destac\u00f3 que estos j\u00f3venes talentosos que hoy se presentan en este importante recinto van iniciando en esta carrera. El diputado no excluy\u00f3 el gran talento que tambi\u00e9n hay en El Oro, al contrario, con estos eventos se pretende fomentar el intercambio cultural entre los municipios del estado. Coment\u00f3 que muchos j\u00f3venes se est\u00e1n preparando para realizar presentaciones en el emblem\u00e1tico Teatro Ju\u00e1rez, pero adem\u00e1s podr\u00e1n presentarse en Jocotitl\u00e1n.<\/p>\n\n\n\n<p>Esta vez, en el teatro Ju\u00e1rez del Municipio de El Oro se present\u00f3 la puesta en escena \u201cEl fantasma de la \u00d3pera\u201d de la compa\u00f1\u00eda municipal de Jocotitl\u00e1n Kosher Teatro conformada por j\u00f3venes Jocotitlenses quienes con su talento dejaron a todos los presentes muy contentos por su participaci\u00f3n en dicho recinto.<\/p>\n\n\n\n<p>Cabe destacar la interpretaci\u00f3n esc\u00e9nica de estos actores y actrices que ofrecieron una gran puesta en escena, los matices de su interpretaci\u00f3n mantuvieron a su audiencia al pendiente de cada parte de esta historia llena de drama y pasi\u00f3n.<\/p>\n","protected":false},"excerpt":{"rendered":"<p>El Diputado Federal y Vicecoordinador del GP del PRI Gustavo C\u00e1rdenas Monroy, estuvo en la presentaci\u00f3n del grupo de teatro Jocotitlense Kosher, en El Oro, donde agradeci\u00f3 el apoyo coordinado de los Presidentes Municipales de El Oro y Jocotitl\u00e1n.<\/p>\n","protected":false},"author":1,"featured_media":5160,"comment_status":"open","ping_status":"open","sticky":false,"template":"","format":"standard","meta":{"footnotes":""},"categories":[5,12,1],"tags":[97,318,315,42,33],"class_list":["post-5159","post","type-post","status-publish","format-standard","has-post-thumbnail","hentry","category-cultura","category-politica","category-sociedad","tag-edomex","tag-el-oro","tag-gustavo-cardenas","tag-jocotitlan","tag-pri"],"yoast_head":"<!-- This site is optimized with the Yoast SEO plugin v24.9 - https:\/\/yoast.com\/wordpress\/plugins\/seo\/ -->\n<title>JOCOTITL\u00c1N KOSHER TEATRO PRESENT\u00d3 EN EL ORO LA PUESTA EN ESCENA \u201cEL FANTASMA DE LA \u00d3PERA\u201d - 21 Panorama<\/title>\n<meta name=\"robots\" content=\"index, follow, max-snippet:-1, max-image-preview:large, max-video-preview:-1\" \/>\n<link rel=\"canonical\" href=\"https:\/\/21panorama.com\/index.php\/2023\/10\/22\/jocotitlan-kosher-teatro-presento-en-el-oro-la-puesta-en-escena-el-fantasma-de-la-opera\/\" \/>\n<meta property=\"og:locale\" content=\"es_MX\" \/>\n<meta property=\"og:type\" content=\"article\" \/>\n<meta property=\"og:title\" content=\"JOCOTITL\u00c1N KOSHER TEATRO PRESENT\u00d3 EN EL ORO LA PUESTA EN ESCENA \u201cEL FANTASMA DE LA \u00d3PERA\u201d - 21 Panorama\" \/>\n<meta property=\"og:description\" content=\"El Diputado Federal y Vicecoordinador del GP del PRI Gustavo C\u00e1rdenas Monroy, estuvo en la presentaci\u00f3n del grupo de teatro Jocotitlense Kosher, en El Oro, donde agradeci\u00f3 el apoyo coordinado de los Presidentes Municipales de El Oro y Jocotitl\u00e1n.\" \/>\n<meta property=\"og:url\" content=\"https:\/\/21panorama.com\/index.php\/2023\/10\/22\/jocotitlan-kosher-teatro-presento-en-el-oro-la-puesta-en-escena-el-fantasma-de-la-opera\/\" \/>\n<meta property=\"og:site_name\" content=\"21 Panorama\" \/>\n<meta property=\"article:published_time\" content=\"2023-10-23T04:38:43+00:00\" \/>\n<meta property=\"og:image\" content=\"https:\/\/21panorama.com\/wp-content\/uploads\/2023\/10\/Gustavo-Cardenas-El-Fantasma-de-la-Opera-en-El-Oro-211023-3.jpg\" \/>\n\t<meta property=\"og:image:width\" content=\"1599\" \/>\n\t<meta property=\"og:image:height\" content=\"927\" \/>\n\t<meta property=\"og:image:type\" content=\"image\/jpeg\" \/>\n<meta name=\"author\" content=\"admin\" \/>\n<meta name=\"twitter:card\" content=\"summary_large_image\" \/>\n<meta name=\"twitter:label1\" content=\"Escrito por\" \/>\n\t<meta name=\"twitter:data1\" content=\"admin\" \/>\n\t<meta name=\"twitter:label2\" content=\"Tiempo de lectura\" \/>\n\t<meta name=\"twitter:data2\" content=\"1 minuto\" \/>\n<script type=\"application\/ld+json\" class=\"yoast-schema-graph\">{\"@context\":\"https:\/\/schema.org\",\"@graph\":[{\"@type\":\"Article\",\"@id\":\"https:\/\/21panorama.com\/index.php\/2023\/10\/22\/jocotitlan-kosher-teatro-presento-en-el-oro-la-puesta-en-escena-el-fantasma-de-la-opera\/#article\",\"isPartOf\":{\"@id\":\"https:\/\/21panorama.com\/index.php\/2023\/10\/22\/jocotitlan-kosher-teatro-presento-en-el-oro-la-puesta-en-escena-el-fantasma-de-la-opera\/\"},\"author\":{\"name\":\"admin\",\"@id\":\"https:\/\/21panorama.com\/#\/schema\/person\/1afc291b96d5792a158768324287319f\"},\"headline\":\"JOCOTITL\u00c1N KOSHER TEATRO PRESENT\u00d3 EN EL ORO LA PUESTA EN ESCENA \u201cEL FANTASMA DE LA \u00d3PERA\u201d\",\"datePublished\":\"2023-10-23T04:38:43+00:00\",\"mainEntityOfPage\":{\"@id\":\"https:\/\/21panorama.com\/index.php\/2023\/10\/22\/jocotitlan-kosher-teatro-presento-en-el-oro-la-puesta-en-escena-el-fantasma-de-la-opera\/\"},\"wordCount\":237,\"commentCount\":0,\"publisher\":{\"@id\":\"https:\/\/21panorama.com\/#organization\"},\"image\":{\"@id\":\"https:\/\/21panorama.com\/index.php\/2023\/10\/22\/jocotitlan-kosher-teatro-presento-en-el-oro-la-puesta-en-escena-el-fantasma-de-la-opera\/#primaryimage\"},\"thumbnailUrl\":\"https:\/\/21panorama.com\/wp-content\/uploads\/2023\/10\/Gustavo-Cardenas-El-Fantasma-de-la-Opera-en-El-Oro-211023-3.jpg\",\"keywords\":[\"EDOMEX\",\"EL ORO\",\"GUSTAVO C\u00c1RDENAS\",\"Jocotitl\u00e1n\",\"PRI\"],\"articleSection\":[\"Cultura\",\"Politica\",\"Sociedad\"],\"inLanguage\":\"es\",\"potentialAction\":[{\"@type\":\"CommentAction\",\"name\":\"Comment\",\"target\":[\"https:\/\/21panorama.com\/index.php\/2023\/10\/22\/jocotitlan-kosher-teatro-presento-en-el-oro-la-puesta-en-escena-el-fantasma-de-la-opera\/#respond\"]}]},{\"@type\":\"WebPage\",\"@id\":\"https:\/\/21panorama.com\/index.php\/2023\/10\/22\/jocotitlan-kosher-teatro-presento-en-el-oro-la-puesta-en-escena-el-fantasma-de-la-opera\/\",\"url\":\"https:\/\/21panorama.com\/index.php\/2023\/10\/22\/jocotitlan-kosher-teatro-presento-en-el-oro-la-puesta-en-escena-el-fantasma-de-la-opera\/\",\"name\":\"JOCOTITL\u00c1N KOSHER TEATRO PRESENT\u00d3 EN EL ORO LA PUESTA EN ESCENA \u201cEL FANTASMA DE LA \u00d3PERA\u201d - 21 Panorama\",\"isPartOf\":{\"@id\":\"https:\/\/21panorama.com\/#website\"},\"primaryImageOfPage\":{\"@id\":\"https:\/\/21panorama.com\/index.php\/2023\/10\/22\/jocotitlan-kosher-teatro-presento-en-el-oro-la-puesta-en-escena-el-fantasma-de-la-opera\/#primaryimage\"},\"image\":{\"@id\":\"https:\/\/21panorama.com\/index.php\/2023\/10\/22\/jocotitlan-kosher-teatro-presento-en-el-oro-la-puesta-en-escena-el-fantasma-de-la-opera\/#primaryimage\"},\"thumbnailUrl\":\"https:\/\/21panorama.com\/wp-content\/uploads\/2023\/10\/Gustavo-Cardenas-El-Fantasma-de-la-Opera-en-El-Oro-211023-3.jpg\",\"datePublished\":\"2023-10-23T04:38:43+00:00\",\"breadcrumb\":{\"@id\":\"https:\/\/21panorama.com\/index.php\/2023\/10\/22\/jocotitlan-kosher-teatro-presento-en-el-oro-la-puesta-en-escena-el-fantasma-de-la-opera\/#breadcrumb\"},\"inLanguage\":\"es\",\"potentialAction\":[{\"@type\":\"ReadAction\",\"target\":[\"https:\/\/21panorama.com\/index.php\/2023\/10\/22\/jocotitlan-kosher-teatro-presento-en-el-oro-la-puesta-en-escena-el-fantasma-de-la-opera\/\"]}]},{\"@type\":\"ImageObject\",\"inLanguage\":\"es\",\"@id\":\"https:\/\/21panorama.com\/index.php\/2023\/10\/22\/jocotitlan-kosher-teatro-presento-en-el-oro-la-puesta-en-escena-el-fantasma-de-la-opera\/#primaryimage\",\"url\":\"https:\/\/21panorama.com\/wp-content\/uploads\/2023\/10\/Gustavo-Cardenas-El-Fantasma-de-la-Opera-en-El-Oro-211023-3.jpg\",\"contentUrl\":\"https:\/\/21panorama.com\/wp-content\/uploads\/2023\/10\/Gustavo-Cardenas-El-Fantasma-de-la-Opera-en-El-Oro-211023-3.jpg\",\"width\":1599,\"height\":927},{\"@type\":\"BreadcrumbList\",\"@id\":\"https:\/\/21panorama.com\/index.php\/2023\/10\/22\/jocotitlan-kosher-teatro-presento-en-el-oro-la-puesta-en-escena-el-fantasma-de-la-opera\/#breadcrumb\",\"itemListElement\":[{\"@type\":\"ListItem\",\"position\":1,\"name\":\"Inicio\",\"item\":\"https:\/\/21panorama.com\/\"},{\"@type\":\"ListItem\",\"position\":2,\"name\":\"JOCOTITL\u00c1N KOSHER TEATRO PRESENT\u00d3 EN EL ORO LA PUESTA EN ESCENA \u201cEL FANTASMA DE LA \u00d3PERA\u201d\"}]},{\"@type\":\"WebSite\",\"@id\":\"https:\/\/21panorama.com\/#website\",\"url\":\"https:\/\/21panorama.com\/\",\"name\":\"21 Panorama\",\"description\":\"La construcci\u00f3n de la opini\u00f3n p\u00fablica merece un mejor Panorama en este siglo 21 para alcanzar una sociedad con mayor transparencia y sin corrupci\u00f3n.\",\"publisher\":{\"@id\":\"https:\/\/21panorama.com\/#organization\"},\"potentialAction\":[{\"@type\":\"SearchAction\",\"target\":{\"@type\":\"EntryPoint\",\"urlTemplate\":\"https:\/\/21panorama.com\/?s={search_term_string}\"},\"query-input\":{\"@type\":\"PropertyValueSpecification\",\"valueRequired\":true,\"valueName\":\"search_term_string\"}}],\"inLanguage\":\"es\"},{\"@type\":\"Organization\",\"@id\":\"https:\/\/21panorama.com\/#organization\",\"name\":\"21 Panorama\",\"url\":\"https:\/\/21panorama.com\/\",\"logo\":{\"@type\":\"ImageObject\",\"inLanguage\":\"es\",\"@id\":\"https:\/\/21panorama.com\/#\/schema\/logo\/image\/\",\"url\":\"https:\/\/21panorama.com\/wp-content\/uploads\/2019\/07\/cropped-Logo-Panorama-01.jpeg\",\"contentUrl\":\"https:\/\/21panorama.com\/wp-content\/uploads\/2019\/07\/cropped-Logo-Panorama-01.jpeg\",\"width\":290,\"height\":70,\"caption\":\"21 Panorama\"},\"image\":{\"@id\":\"https:\/\/21panorama.com\/#\/schema\/logo\/image\/\"}},{\"@type\":\"Person\",\"@id\":\"https:\/\/21panorama.com\/#\/schema\/person\/1afc291b96d5792a158768324287319f\",\"name\":\"admin\",\"image\":{\"@type\":\"ImageObject\",\"inLanguage\":\"es\",\"@id\":\"https:\/\/21panorama.com\/#\/schema\/person\/image\/\",\"url\":\"https:\/\/secure.gravatar.com\/avatar\/ad365d9d9f46719215b0d042cc3df92a5a8683e09ef13d102233e5491985f0f0?s=96&d=mm&r=g\",\"contentUrl\":\"https:\/\/secure.gravatar.com\/avatar\/ad365d9d9f46719215b0d042cc3df92a5a8683e09ef13d102233e5491985f0f0?s=96&d=mm&r=g\",\"caption\":\"admin\"},\"url\":\"https:\/\/21panorama.com\/index.php\/author\/admin\/\"}]}<\/script>\n<!-- \/ Yoast SEO plugin. -->","yoast_head_json":{"title":"JOCOTITL\u00c1N KOSHER TEATRO PRESENT\u00d3 EN EL ORO LA PUESTA EN ESCENA \u201cEL FANTASMA DE LA \u00d3PERA\u201d - 21 Panorama","robots":{"index":"index","follow":"follow","max-snippet":"max-snippet:-1","max-image-preview":"max-image-preview:large","max-video-preview":"max-video-preview:-1"},"canonical":"https:\/\/21panorama.com\/index.php\/2023\/10\/22\/jocotitlan-kosher-teatro-presento-en-el-oro-la-puesta-en-escena-el-fantasma-de-la-opera\/","og_locale":"es_MX","og_type":"article","og_title":"JOCOTITL\u00c1N KOSHER TEATRO PRESENT\u00d3 EN EL ORO LA PUESTA EN ESCENA \u201cEL FANTASMA DE LA \u00d3PERA\u201d - 21 Panorama","og_description":"El Diputado Federal y Vicecoordinador del GP del PRI Gustavo C\u00e1rdenas Monroy, estuvo en la presentaci\u00f3n del grupo de teatro Jocotitlense Kosher, en El Oro, donde agradeci\u00f3 el apoyo coordinado de los Presidentes Municipales de El Oro y Jocotitl\u00e1n.","og_url":"https:\/\/21panorama.com\/index.php\/2023\/10\/22\/jocotitlan-kosher-teatro-presento-en-el-oro-la-puesta-en-escena-el-fantasma-de-la-opera\/","og_site_name":"21 Panorama","article_published_time":"2023-10-23T04:38:43+00:00","og_image":[{"width":1599,"height":927,"url":"https:\/\/21panorama.com\/wp-content\/uploads\/2023\/10\/Gustavo-Cardenas-El-Fantasma-de-la-Opera-en-El-Oro-211023-3.jpg","type":"image\/jpeg"}],"author":"admin","twitter_card":"summary_large_image","twitter_misc":{"Escrito por":"admin","Tiempo de lectura":"1 minuto"},"schema":{"@context":"https:\/\/schema.org","@graph":[{"@type":"Article","@id":"https:\/\/21panorama.com\/index.php\/2023\/10\/22\/jocotitlan-kosher-teatro-presento-en-el-oro-la-puesta-en-escena-el-fantasma-de-la-opera\/#article","isPartOf":{"@id":"https:\/\/21panorama.com\/index.php\/2023\/10\/22\/jocotitlan-kosher-teatro-presento-en-el-oro-la-puesta-en-escena-el-fantasma-de-la-opera\/"},"author":{"name":"admin","@id":"https:\/\/21panorama.com\/#\/schema\/person\/1afc291b96d5792a158768324287319f"},"headline":"JOCOTITL\u00c1N KOSHER TEATRO PRESENT\u00d3 EN EL ORO LA PUESTA EN ESCENA \u201cEL FANTASMA DE LA \u00d3PERA\u201d","datePublished":"2023-10-23T04:38:43+00:00","mainEntityOfPage":{"@id":"https:\/\/21panorama.com\/index.php\/2023\/10\/22\/jocotitlan-kosher-teatro-presento-en-el-oro-la-puesta-en-escena-el-fantasma-de-la-opera\/"},"wordCount":237,"commentCount":0,"publisher":{"@id":"https:\/\/21panorama.com\/#organization"},"image":{"@id":"https:\/\/21panorama.com\/index.php\/2023\/10\/22\/jocotitlan-kosher-teatro-presento-en-el-oro-la-puesta-en-escena-el-fantasma-de-la-opera\/#primaryimage"},"thumbnailUrl":"https:\/\/21panorama.com\/wp-content\/uploads\/2023\/10\/Gustavo-Cardenas-El-Fantasma-de-la-Opera-en-El-Oro-211023-3.jpg","keywords":["EDOMEX","EL ORO","GUSTAVO C\u00c1RDENAS","Jocotitl\u00e1n","PRI"],"articleSection":["Cultura","Politica","Sociedad"],"inLanguage":"es","potentialAction":[{"@type":"CommentAction","name":"Comment","target":["https:\/\/21panorama.com\/index.php\/2023\/10\/22\/jocotitlan-kosher-teatro-presento-en-el-oro-la-puesta-en-escena-el-fantasma-de-la-opera\/#respond"]}]},{"@type":"WebPage","@id":"https:\/\/21panorama.com\/index.php\/2023\/10\/22\/jocotitlan-kosher-teatro-presento-en-el-oro-la-puesta-en-escena-el-fantasma-de-la-opera\/","url":"https:\/\/21panorama.com\/index.php\/2023\/10\/22\/jocotitlan-kosher-teatro-presento-en-el-oro-la-puesta-en-escena-el-fantasma-de-la-opera\/","name":"JOCOTITL\u00c1N KOSHER TEATRO PRESENT\u00d3 EN EL ORO LA PUESTA EN ESCENA \u201cEL FANTASMA DE LA \u00d3PERA\u201d - 21 Panorama","isPartOf":{"@id":"https:\/\/21panorama.com\/#website"},"primaryImageOfPage":{"@id":"https:\/\/21panorama.com\/index.php\/2023\/10\/22\/jocotitlan-kosher-teatro-presento-en-el-oro-la-puesta-en-escena-el-fantasma-de-la-opera\/#primaryimage"},"image":{"@id":"https:\/\/21panorama.com\/index.php\/2023\/10\/22\/jocotitlan-kosher-teatro-presento-en-el-oro-la-puesta-en-escena-el-fantasma-de-la-opera\/#primaryimage"},"thumbnailUrl":"https:\/\/21panorama.com\/wp-content\/uploads\/2023\/10\/Gustavo-Cardenas-El-Fantasma-de-la-Opera-en-El-Oro-211023-3.jpg","datePublished":"2023-10-23T04:38:43+00:00","breadcrumb":{"@id":"https:\/\/21panorama.com\/index.php\/2023\/10\/22\/jocotitlan-kosher-teatro-presento-en-el-oro-la-puesta-en-escena-el-fantasma-de-la-opera\/#breadcrumb"},"inLanguage":"es","potentialAction":[{"@type":"ReadAction","target":["https:\/\/21panorama.com\/index.php\/2023\/10\/22\/jocotitlan-kosher-teatro-presento-en-el-oro-la-puesta-en-escena-el-fantasma-de-la-opera\/"]}]},{"@type":"ImageObject","inLanguage":"es","@id":"https:\/\/21panorama.com\/index.php\/2023\/10\/22\/jocotitlan-kosher-teatro-presento-en-el-oro-la-puesta-en-escena-el-fantasma-de-la-opera\/#primaryimage","url":"https:\/\/21panorama.com\/wp-content\/uploads\/2023\/10\/Gustavo-Cardenas-El-Fantasma-de-la-Opera-en-El-Oro-211023-3.jpg","contentUrl":"https:\/\/21panorama.com\/wp-content\/uploads\/2023\/10\/Gustavo-Cardenas-El-Fantasma-de-la-Opera-en-El-Oro-211023-3.jpg","width":1599,"height":927},{"@type":"BreadcrumbList","@id":"https:\/\/21panorama.com\/index.php\/2023\/10\/22\/jocotitlan-kosher-teatro-presento-en-el-oro-la-puesta-en-escena-el-fantasma-de-la-opera\/#breadcrumb","itemListElement":[{"@type":"ListItem","position":1,"name":"Inicio","item":"https:\/\/21panorama.com\/"},{"@type":"ListItem","position":2,"name":"JOCOTITL\u00c1N KOSHER TEATRO PRESENT\u00d3 EN EL ORO LA PUESTA EN ESCENA \u201cEL FANTASMA DE LA \u00d3PERA\u201d"}]},{"@type":"WebSite","@id":"https:\/\/21panorama.com\/#website","url":"https:\/\/21panorama.com\/","name":"21 Panorama","description":"La construcci\u00f3n de la opini\u00f3n p\u00fablica merece un mejor Panorama en este siglo 21 para alcanzar una sociedad con mayor transparencia y sin corrupci\u00f3n.","publisher":{"@id":"https:\/\/21panorama.com\/#organization"},"potentialAction":[{"@type":"SearchAction","target":{"@type":"EntryPoint","urlTemplate":"https:\/\/21panorama.com\/?s={search_term_string}"},"query-input":{"@type":"PropertyValueSpecification","valueRequired":true,"valueName":"search_term_string"}}],"inLanguage":"es"},{"@type":"Organization","@id":"https:\/\/21panorama.com\/#organization","name":"21 Panorama","url":"https:\/\/21panorama.com\/","logo":{"@type":"ImageObject","inLanguage":"es","@id":"https:\/\/21panorama.com\/#\/schema\/logo\/image\/","url":"https:\/\/21panorama.com\/wp-content\/uploads\/2019\/07\/cropped-Logo-Panorama-01.jpeg","contentUrl":"https:\/\/21panorama.com\/wp-content\/uploads\/2019\/07\/cropped-Logo-Panorama-01.jpeg","width":290,"height":70,"caption":"21 Panorama"},"image":{"@id":"https:\/\/21panorama.com\/#\/schema\/logo\/image\/"}},{"@type":"Person","@id":"https:\/\/21panorama.com\/#\/schema\/person\/1afc291b96d5792a158768324287319f","name":"admin","image":{"@type":"ImageObject","inLanguage":"es","@id":"https:\/\/21panorama.com\/#\/schema\/person\/image\/","url":"https:\/\/secure.gravatar.com\/avatar\/ad365d9d9f46719215b0d042cc3df92a5a8683e09ef13d102233e5491985f0f0?s=96&d=mm&r=g","contentUrl":"https:\/\/secure.gravatar.com\/avatar\/ad365d9d9f46719215b0d042cc3df92a5a8683e09ef13d102233e5491985f0f0?s=96&d=mm&r=g","caption":"admin"},"url":"https:\/\/21panorama.com\/index.php\/author\/admin\/"}]}},"_links":{"self":[{"href":"https:\/\/21panorama.com\/index.php\/wp-json\/wp\/v2\/posts\/5159","targetHints":{"allow":["GET"]}}],"collection":[{"href":"https:\/\/21panorama.com\/index.php\/wp-json\/wp\/v2\/posts"}],"about":[{"href":"https:\/\/21panorama.com\/index.php\/wp-json\/wp\/v2\/types\/post"}],"author":[{"embeddable":true,"href":"https:\/\/21panorama.com\/index.php\/wp-json\/wp\/v2\/users\/1"}],"replies":[{"embeddable":true,"href":"https:\/\/21panorama.com\/index.php\/wp-json\/wp\/v2\/comments?post=5159"}],"version-history":[{"count":1,"href":"https:\/\/21panorama.com\/index.php\/wp-json\/wp\/v2\/posts\/5159\/revisions"}],"predecessor-version":[{"id":5161,"href":"https:\/\/21panorama.com\/index.php\/wp-json\/wp\/v2\/posts\/5159\/revisions\/5161"}],"wp:featuredmedia":[{"embeddable":true,"href":"https:\/\/21panorama.com\/index.php\/wp-json\/wp\/v2\/media\/5160"}],"wp:attachment":[{"href":"https:\/\/21panorama.com\/index.php\/wp-json\/wp\/v2\/media?parent=5159"}],"wp:term":[{"taxonomy":"category","embeddable":true,"href":"https:\/\/21panorama.com\/index.php\/wp-json\/wp\/v2\/categories?post=5159"},{"taxonomy":"post_tag","embeddable":true,"href":"https:\/\/21panorama.com\/index.php\/wp-json\/wp\/v2\/tags?post=5159"}],"curies":[{"name":"wp","href":"https:\/\/api.w.org\/{rel}","templated":true}]}}