{"id":5152,"date":"2023-10-05T21:10:34","date_gmt":"2023-10-06T02:10:34","guid":{"rendered":"https:\/\/21panorama.com\/?p=5152"},"modified":"2023-10-22T21:56:53","modified_gmt":"2023-10-23T02:56:53","slug":"se-realizo-la-sesion-ordinaria-de-sipinna-primera-infancia-y-erradicacion-del-trabajo-infantil-en-jocotitlan","status":"publish","type":"post","link":"https:\/\/21panorama.com\/index.php\/2023\/10\/05\/se-realizo-la-sesion-ordinaria-de-sipinna-primera-infancia-y-erradicacion-del-trabajo-infantil-en-jocotitlan\/","title":{"rendered":"SE REALIZ\u00d3 LA SESI\u00d3N ORDINARIA DE SIPINNA, PRIMERA INFANCIA Y ERRADICACI\u00d3N DEL TRABAJO INFANTIL EN JOCOTITL\u00c1N"},"content":{"rendered":"\n<p><\/p>\n\n\n\n<p>En la Biblioteca Mois\u00e9s Legorreta, se llev\u00f3 a cabo la Sesi\u00f3n Ordinaria de SIPINNA, Primera Infancia y Erradicaci\u00f3n del Trabajo Infantil en Jocotitl\u00e1n, la cual fue dirigida por el Presidente Municipal Jes\u00fas Cedillo Gonz\u00e1lez, donde se dio seguimiento a los acuerdos y acciones que se realizan por parte de la Administraci\u00f3n Municipal que coadyuven en salvaguardar la integridad de las ni\u00f1as, ni\u00f1os y adolescentes.<\/p>\n\n\n\n<p>Jes\u00fas Cedillo destac\u00f3 que este sector de la poblaci\u00f3n necesita contar con redes y niveles claros de corresponsabilidad, con roles definidos de cada instituci\u00f3n y autoridad, directorios y protocolos, etc., para lo que es necesario contar con apoyo de la comunidad, instituciones y familias, adem\u00e1s de recibir apoyo de las autoridades de primer contacto con ni\u00f1as, ni\u00f1os y adolescentes a fin de cubrir sus necesidades.<\/p>\n\n\n\n<p>Destac\u00f3 que, se debe integrar la participaci\u00f3n de ni\u00f1as, ni\u00f1os y adolescentes en un proceso permanente y continuo de expresi\u00f3n libre e intervenci\u00f3n activa, donde deben ser informados, escuchados y tomados en cuenta en todos los asuntos que les impactan en cualquiera de los \u00e1mbitos de su vida.<\/p>\n\n\n\n<p>La protecci\u00f3n y garant\u00eda de los derechos de ni\u00f1as, ni\u00f1os y adolescentes en Jocotitl\u00e1n es un asunto de inter\u00e9s prioritario en la agenda p\u00fablica y en el municipio se trabaja para dar cumplimiento a ello. Esta administraci\u00f3n est\u00e1 determinada a establecer instrumentos, pol\u00edticas, procedimientos, servicios y acciones para la protecci\u00f3n de los derechos de ni\u00f1as, ni\u00f1os y adolescentes, y tienen a su cargo la coordinaci\u00f3n operativa y articulaci\u00f3n de las instituciones que integran los sistemas.<\/p>\n","protected":false},"excerpt":{"rendered":"<p>En la Biblioteca Mois\u00e9s Legorreta, se llev\u00f3 a cabo la Sesi\u00f3n Ordinaria de SIPINNA, Primera Infancia y Erradicaci\u00f3n del Trabajo Infantil en Jocotitl\u00e1n, la cual fue dirigida por el Presidente Municipal Jes\u00fas Cedillo Gonz\u00e1lez, donde se dio seguimiento a los acuerdos y acciones que se realizan por parte de la Administraci\u00f3n Municipal que coadyuven en salvaguardar la integridad de las ni\u00f1as, ni\u00f1os y adolescentes.<\/p>\n","protected":false},"author":1,"featured_media":5153,"comment_status":"open","ping_status":"open","sticky":false,"template":"","format":"standard","meta":{"footnotes":""},"categories":[374,12,1],"tags":[97,222,325,42],"class_list":["post-5152","post","type-post","status-publish","format-standard","has-post-thumbnail","hentry","category-educacion","category-politica","category-sociedad","tag-edomex","tag-gem","tag-jesus-cedillo-gonzalez","tag-jocotitlan"],"yoast_head":"<!-- This site is optimized with the Yoast SEO plugin v24.9 - https:\/\/yoast.com\/wordpress\/plugins\/seo\/ -->\n<title>SE REALIZ\u00d3 LA SESI\u00d3N ORDINARIA DE SIPINNA, PRIMERA INFANCIA Y ERRADICACI\u00d3N DEL TRABAJO INFANTIL EN JOCOTITL\u00c1N - 21 Panorama<\/title>\n<meta name=\"robots\" content=\"index, follow, max-snippet:-1, max-image-preview:large, max-video-preview:-1\" \/>\n<link rel=\"canonical\" href=\"https:\/\/21panorama.com\/index.php\/2023\/10\/05\/se-realizo-la-sesion-ordinaria-de-sipinna-primera-infancia-y-erradicacion-del-trabajo-infantil-en-jocotitlan\/\" \/>\n<meta property=\"og:locale\" content=\"es_MX\" \/>\n<meta property=\"og:type\" content=\"article\" \/>\n<meta property=\"og:title\" content=\"SE REALIZ\u00d3 LA SESI\u00d3N ORDINARIA DE SIPINNA, PRIMERA INFANCIA Y ERRADICACI\u00d3N DEL TRABAJO INFANTIL EN JOCOTITL\u00c1N - 21 Panorama\" \/>\n<meta property=\"og:description\" content=\"En la Biblioteca Mois\u00e9s Legorreta, se llev\u00f3 a cabo la Sesi\u00f3n Ordinaria de SIPINNA, Primera Infancia y Erradicaci\u00f3n del Trabajo Infantil en Jocotitl\u00e1n, la cual fue dirigida por el Presidente Municipal Jes\u00fas Cedillo Gonz\u00e1lez, donde se dio seguimiento a los acuerdos y acciones que se realizan por parte de la Administraci\u00f3n Municipal que coadyuven en salvaguardar la integridad de las ni\u00f1as, ni\u00f1os y adolescentes.\" \/>\n<meta property=\"og:url\" content=\"https:\/\/21panorama.com\/index.php\/2023\/10\/05\/se-realizo-la-sesion-ordinaria-de-sipinna-primera-infancia-y-erradicacion-del-trabajo-infantil-en-jocotitlan\/\" \/>\n<meta property=\"og:site_name\" content=\"21 Panorama\" \/>\n<meta property=\"article:published_time\" content=\"2023-10-06T02:10:34+00:00\" \/>\n<meta property=\"article:modified_time\" content=\"2023-10-23T02:56:53+00:00\" \/>\n<meta property=\"og:image\" content=\"https:\/\/21panorama.com\/wp-content\/uploads\/2023\/10\/Jocotitlan-SIPINNA-051023-3.jpg\" \/>\n\t<meta property=\"og:image:width\" content=\"2048\" \/>\n\t<meta property=\"og:image:height\" content=\"1536\" \/>\n\t<meta property=\"og:image:type\" content=\"image\/jpeg\" \/>\n<meta name=\"author\" content=\"admin\" \/>\n<meta name=\"twitter:card\" content=\"summary_large_image\" \/>\n<meta name=\"twitter:label1\" content=\"Escrito por\" \/>\n\t<meta name=\"twitter:data1\" content=\"admin\" \/>\n\t<meta name=\"twitter:label2\" content=\"Tiempo de lectura\" \/>\n\t<meta name=\"twitter:data2\" content=\"2 minutos\" \/>\n<script type=\"application\/ld+json\" class=\"yoast-schema-graph\">{\"@context\":\"https:\/\/schema.org\",\"@graph\":[{\"@type\":\"Article\",\"@id\":\"https:\/\/21panorama.com\/index.php\/2023\/10\/05\/se-realizo-la-sesion-ordinaria-de-sipinna-primera-infancia-y-erradicacion-del-trabajo-infantil-en-jocotitlan\/#article\",\"isPartOf\":{\"@id\":\"https:\/\/21panorama.com\/index.php\/2023\/10\/05\/se-realizo-la-sesion-ordinaria-de-sipinna-primera-infancia-y-erradicacion-del-trabajo-infantil-en-jocotitlan\/\"},\"author\":{\"name\":\"admin\",\"@id\":\"https:\/\/21panorama.com\/#\/schema\/person\/1afc291b96d5792a158768324287319f\"},\"headline\":\"SE REALIZ\u00d3 LA SESI\u00d3N ORDINARIA DE SIPINNA, PRIMERA INFANCIA Y ERRADICACI\u00d3N DEL TRABAJO INFANTIL EN JOCOTITL\u00c1N\",\"datePublished\":\"2023-10-06T02:10:34+00:00\",\"dateModified\":\"2023-10-23T02:56:53+00:00\",\"mainEntityOfPage\":{\"@id\":\"https:\/\/21panorama.com\/index.php\/2023\/10\/05\/se-realizo-la-sesion-ordinaria-de-sipinna-primera-infancia-y-erradicacion-del-trabajo-infantil-en-jocotitlan\/\"},\"wordCount\":305,\"commentCount\":0,\"publisher\":{\"@id\":\"https:\/\/21panorama.com\/#organization\"},\"image\":{\"@id\":\"https:\/\/21panorama.com\/index.php\/2023\/10\/05\/se-realizo-la-sesion-ordinaria-de-sipinna-primera-infancia-y-erradicacion-del-trabajo-infantil-en-jocotitlan\/#primaryimage\"},\"thumbnailUrl\":\"https:\/\/21panorama.com\/wp-content\/uploads\/2023\/10\/Jocotitlan-SIPINNA-051023-3.jpg\",\"keywords\":[\"EDOMEX\",\"GEM\",\"Jes\u00fas Cedillo Gonz\u00e1lez\",\"Jocotitl\u00e1n\"],\"articleSection\":[\"Educaci\u00f3n\",\"Politica\",\"Sociedad\"],\"inLanguage\":\"es\",\"potentialAction\":[{\"@type\":\"CommentAction\",\"name\":\"Comment\",\"target\":[\"https:\/\/21panorama.com\/index.php\/2023\/10\/05\/se-realizo-la-sesion-ordinaria-de-sipinna-primera-infancia-y-erradicacion-del-trabajo-infantil-en-jocotitlan\/#respond\"]}]},{\"@type\":\"WebPage\",\"@id\":\"https:\/\/21panorama.com\/index.php\/2023\/10\/05\/se-realizo-la-sesion-ordinaria-de-sipinna-primera-infancia-y-erradicacion-del-trabajo-infantil-en-jocotitlan\/\",\"url\":\"https:\/\/21panorama.com\/index.php\/2023\/10\/05\/se-realizo-la-sesion-ordinaria-de-sipinna-primera-infancia-y-erradicacion-del-trabajo-infantil-en-jocotitlan\/\",\"name\":\"SE REALIZ\u00d3 LA SESI\u00d3N ORDINARIA DE SIPINNA, PRIMERA INFANCIA Y ERRADICACI\u00d3N DEL TRABAJO INFANTIL EN JOCOTITL\u00c1N - 21 Panorama\",\"isPartOf\":{\"@id\":\"https:\/\/21panorama.com\/#website\"},\"primaryImageOfPage\":{\"@id\":\"https:\/\/21panorama.com\/index.php\/2023\/10\/05\/se-realizo-la-sesion-ordinaria-de-sipinna-primera-infancia-y-erradicacion-del-trabajo-infantil-en-jocotitlan\/#primaryimage\"},\"image\":{\"@id\":\"https:\/\/21panorama.com\/index.php\/2023\/10\/05\/se-realizo-la-sesion-ordinaria-de-sipinna-primera-infancia-y-erradicacion-del-trabajo-infantil-en-jocotitlan\/#primaryimage\"},\"thumbnailUrl\":\"https:\/\/21panorama.com\/wp-content\/uploads\/2023\/10\/Jocotitlan-SIPINNA-051023-3.jpg\",\"datePublished\":\"2023-10-06T02:10:34+00:00\",\"dateModified\":\"2023-10-23T02:56:53+00:00\",\"breadcrumb\":{\"@id\":\"https:\/\/21panorama.com\/index.php\/2023\/10\/05\/se-realizo-la-sesion-ordinaria-de-sipinna-primera-infancia-y-erradicacion-del-trabajo-infantil-en-jocotitlan\/#breadcrumb\"},\"inLanguage\":\"es\",\"potentialAction\":[{\"@type\":\"ReadAction\",\"target\":[\"https:\/\/21panorama.com\/index.php\/2023\/10\/05\/se-realizo-la-sesion-ordinaria-de-sipinna-primera-infancia-y-erradicacion-del-trabajo-infantil-en-jocotitlan\/\"]}]},{\"@type\":\"ImageObject\",\"inLanguage\":\"es\",\"@id\":\"https:\/\/21panorama.com\/index.php\/2023\/10\/05\/se-realizo-la-sesion-ordinaria-de-sipinna-primera-infancia-y-erradicacion-del-trabajo-infantil-en-jocotitlan\/#primaryimage\",\"url\":\"https:\/\/21panorama.com\/wp-content\/uploads\/2023\/10\/Jocotitlan-SIPINNA-051023-3.jpg\",\"contentUrl\":\"https:\/\/21panorama.com\/wp-content\/uploads\/2023\/10\/Jocotitlan-SIPINNA-051023-3.jpg\",\"width\":2048,\"height\":1536},{\"@type\":\"BreadcrumbList\",\"@id\":\"https:\/\/21panorama.com\/index.php\/2023\/10\/05\/se-realizo-la-sesion-ordinaria-de-sipinna-primera-infancia-y-erradicacion-del-trabajo-infantil-en-jocotitlan\/#breadcrumb\",\"itemListElement\":[{\"@type\":\"ListItem\",\"position\":1,\"name\":\"Inicio\",\"item\":\"https:\/\/21panorama.com\/\"},{\"@type\":\"ListItem\",\"position\":2,\"name\":\"SE REALIZ\u00d3 LA SESI\u00d3N ORDINARIA DE SIPINNA, PRIMERA INFANCIA Y ERRADICACI\u00d3N DEL TRABAJO INFANTIL EN JOCOTITL\u00c1N\"}]},{\"@type\":\"WebSite\",\"@id\":\"https:\/\/21panorama.com\/#website\",\"url\":\"https:\/\/21panorama.com\/\",\"name\":\"21 Panorama\",\"description\":\"La construcci\u00f3n de la opini\u00f3n p\u00fablica merece un mejor Panorama en este siglo 21 para alcanzar una sociedad con mayor transparencia y sin corrupci\u00f3n.\",\"publisher\":{\"@id\":\"https:\/\/21panorama.com\/#organization\"},\"potentialAction\":[{\"@type\":\"SearchAction\",\"target\":{\"@type\":\"EntryPoint\",\"urlTemplate\":\"https:\/\/21panorama.com\/?s={search_term_string}\"},\"query-input\":{\"@type\":\"PropertyValueSpecification\",\"valueRequired\":true,\"valueName\":\"search_term_string\"}}],\"inLanguage\":\"es\"},{\"@type\":\"Organization\",\"@id\":\"https:\/\/21panorama.com\/#organization\",\"name\":\"21 Panorama\",\"url\":\"https:\/\/21panorama.com\/\",\"logo\":{\"@type\":\"ImageObject\",\"inLanguage\":\"es\",\"@id\":\"https:\/\/21panorama.com\/#\/schema\/logo\/image\/\",\"url\":\"https:\/\/21panorama.com\/wp-content\/uploads\/2019\/07\/cropped-Logo-Panorama-01.jpeg\",\"contentUrl\":\"https:\/\/21panorama.com\/wp-content\/uploads\/2019\/07\/cropped-Logo-Panorama-01.jpeg\",\"width\":290,\"height\":70,\"caption\":\"21 Panorama\"},\"image\":{\"@id\":\"https:\/\/21panorama.com\/#\/schema\/logo\/image\/\"}},{\"@type\":\"Person\",\"@id\":\"https:\/\/21panorama.com\/#\/schema\/person\/1afc291b96d5792a158768324287319f\",\"name\":\"admin\",\"image\":{\"@type\":\"ImageObject\",\"inLanguage\":\"es\",\"@id\":\"https:\/\/21panorama.com\/#\/schema\/person\/image\/\",\"url\":\"https:\/\/secure.gravatar.com\/avatar\/ad365d9d9f46719215b0d042cc3df92a5a8683e09ef13d102233e5491985f0f0?s=96&d=mm&r=g\",\"contentUrl\":\"https:\/\/secure.gravatar.com\/avatar\/ad365d9d9f46719215b0d042cc3df92a5a8683e09ef13d102233e5491985f0f0?s=96&d=mm&r=g\",\"caption\":\"admin\"},\"url\":\"https:\/\/21panorama.com\/index.php\/author\/admin\/\"}]}<\/script>\n<!-- \/ Yoast SEO plugin. -->","yoast_head_json":{"title":"SE REALIZ\u00d3 LA SESI\u00d3N ORDINARIA DE SIPINNA, PRIMERA INFANCIA Y ERRADICACI\u00d3N DEL TRABAJO INFANTIL EN JOCOTITL\u00c1N - 21 Panorama","robots":{"index":"index","follow":"follow","max-snippet":"max-snippet:-1","max-image-preview":"max-image-preview:large","max-video-preview":"max-video-preview:-1"},"canonical":"https:\/\/21panorama.com\/index.php\/2023\/10\/05\/se-realizo-la-sesion-ordinaria-de-sipinna-primera-infancia-y-erradicacion-del-trabajo-infantil-en-jocotitlan\/","og_locale":"es_MX","og_type":"article","og_title":"SE REALIZ\u00d3 LA SESI\u00d3N ORDINARIA DE SIPINNA, PRIMERA INFANCIA Y ERRADICACI\u00d3N DEL TRABAJO INFANTIL EN JOCOTITL\u00c1N - 21 Panorama","og_description":"En la Biblioteca Mois\u00e9s Legorreta, se llev\u00f3 a cabo la Sesi\u00f3n Ordinaria de SIPINNA, Primera Infancia y Erradicaci\u00f3n del Trabajo Infantil en Jocotitl\u00e1n, la cual fue dirigida por el Presidente Municipal Jes\u00fas Cedillo Gonz\u00e1lez, donde se dio seguimiento a los acuerdos y acciones que se realizan por parte de la Administraci\u00f3n Municipal que coadyuven en salvaguardar la integridad de las ni\u00f1as, ni\u00f1os y adolescentes.","og_url":"https:\/\/21panorama.com\/index.php\/2023\/10\/05\/se-realizo-la-sesion-ordinaria-de-sipinna-primera-infancia-y-erradicacion-del-trabajo-infantil-en-jocotitlan\/","og_site_name":"21 Panorama","article_published_time":"2023-10-06T02:10:34+00:00","article_modified_time":"2023-10-23T02:56:53+00:00","og_image":[{"width":2048,"height":1536,"url":"https:\/\/21panorama.com\/wp-content\/uploads\/2023\/10\/Jocotitlan-SIPINNA-051023-3.jpg","type":"image\/jpeg"}],"author":"admin","twitter_card":"summary_large_image","twitter_misc":{"Escrito por":"admin","Tiempo de lectura":"2 minutos"},"schema":{"@context":"https:\/\/schema.org","@graph":[{"@type":"Article","@id":"https:\/\/21panorama.com\/index.php\/2023\/10\/05\/se-realizo-la-sesion-ordinaria-de-sipinna-primera-infancia-y-erradicacion-del-trabajo-infantil-en-jocotitlan\/#article","isPartOf":{"@id":"https:\/\/21panorama.com\/index.php\/2023\/10\/05\/se-realizo-la-sesion-ordinaria-de-sipinna-primera-infancia-y-erradicacion-del-trabajo-infantil-en-jocotitlan\/"},"author":{"name":"admin","@id":"https:\/\/21panorama.com\/#\/schema\/person\/1afc291b96d5792a158768324287319f"},"headline":"SE REALIZ\u00d3 LA SESI\u00d3N ORDINARIA DE SIPINNA, PRIMERA INFANCIA Y ERRADICACI\u00d3N DEL TRABAJO INFANTIL EN JOCOTITL\u00c1N","datePublished":"2023-10-06T02:10:34+00:00","dateModified":"2023-10-23T02:56:53+00:00","mainEntityOfPage":{"@id":"https:\/\/21panorama.com\/index.php\/2023\/10\/05\/se-realizo-la-sesion-ordinaria-de-sipinna-primera-infancia-y-erradicacion-del-trabajo-infantil-en-jocotitlan\/"},"wordCount":305,"commentCount":0,"publisher":{"@id":"https:\/\/21panorama.com\/#organization"},"image":{"@id":"https:\/\/21panorama.com\/index.php\/2023\/10\/05\/se-realizo-la-sesion-ordinaria-de-sipinna-primera-infancia-y-erradicacion-del-trabajo-infantil-en-jocotitlan\/#primaryimage"},"thumbnailUrl":"https:\/\/21panorama.com\/wp-content\/uploads\/2023\/10\/Jocotitlan-SIPINNA-051023-3.jpg","keywords":["EDOMEX","GEM","Jes\u00fas Cedillo Gonz\u00e1lez","Jocotitl\u00e1n"],"articleSection":["Educaci\u00f3n","Politica","Sociedad"],"inLanguage":"es","potentialAction":[{"@type":"CommentAction","name":"Comment","target":["https:\/\/21panorama.com\/index.php\/2023\/10\/05\/se-realizo-la-sesion-ordinaria-de-sipinna-primera-infancia-y-erradicacion-del-trabajo-infantil-en-jocotitlan\/#respond"]}]},{"@type":"WebPage","@id":"https:\/\/21panorama.com\/index.php\/2023\/10\/05\/se-realizo-la-sesion-ordinaria-de-sipinna-primera-infancia-y-erradicacion-del-trabajo-infantil-en-jocotitlan\/","url":"https:\/\/21panorama.com\/index.php\/2023\/10\/05\/se-realizo-la-sesion-ordinaria-de-sipinna-primera-infancia-y-erradicacion-del-trabajo-infantil-en-jocotitlan\/","name":"SE REALIZ\u00d3 LA SESI\u00d3N ORDINARIA DE SIPINNA, PRIMERA INFANCIA Y ERRADICACI\u00d3N DEL TRABAJO INFANTIL EN JOCOTITL\u00c1N - 21 Panorama","isPartOf":{"@id":"https:\/\/21panorama.com\/#website"},"primaryImageOfPage":{"@id":"https:\/\/21panorama.com\/index.php\/2023\/10\/05\/se-realizo-la-sesion-ordinaria-de-sipinna-primera-infancia-y-erradicacion-del-trabajo-infantil-en-jocotitlan\/#primaryimage"},"image":{"@id":"https:\/\/21panorama.com\/index.php\/2023\/10\/05\/se-realizo-la-sesion-ordinaria-de-sipinna-primera-infancia-y-erradicacion-del-trabajo-infantil-en-jocotitlan\/#primaryimage"},"thumbnailUrl":"https:\/\/21panorama.com\/wp-content\/uploads\/2023\/10\/Jocotitlan-SIPINNA-051023-3.jpg","datePublished":"2023-10-06T02:10:34+00:00","dateModified":"2023-10-23T02:56:53+00:00","breadcrumb":{"@id":"https:\/\/21panorama.com\/index.php\/2023\/10\/05\/se-realizo-la-sesion-ordinaria-de-sipinna-primera-infancia-y-erradicacion-del-trabajo-infantil-en-jocotitlan\/#breadcrumb"},"inLanguage":"es","potentialAction":[{"@type":"ReadAction","target":["https:\/\/21panorama.com\/index.php\/2023\/10\/05\/se-realizo-la-sesion-ordinaria-de-sipinna-primera-infancia-y-erradicacion-del-trabajo-infantil-en-jocotitlan\/"]}]},{"@type":"ImageObject","inLanguage":"es","@id":"https:\/\/21panorama.com\/index.php\/2023\/10\/05\/se-realizo-la-sesion-ordinaria-de-sipinna-primera-infancia-y-erradicacion-del-trabajo-infantil-en-jocotitlan\/#primaryimage","url":"https:\/\/21panorama.com\/wp-content\/uploads\/2023\/10\/Jocotitlan-SIPINNA-051023-3.jpg","contentUrl":"https:\/\/21panorama.com\/wp-content\/uploads\/2023\/10\/Jocotitlan-SIPINNA-051023-3.jpg","width":2048,"height":1536},{"@type":"BreadcrumbList","@id":"https:\/\/21panorama.com\/index.php\/2023\/10\/05\/se-realizo-la-sesion-ordinaria-de-sipinna-primera-infancia-y-erradicacion-del-trabajo-infantil-en-jocotitlan\/#breadcrumb","itemListElement":[{"@type":"ListItem","position":1,"name":"Inicio","item":"https:\/\/21panorama.com\/"},{"@type":"ListItem","position":2,"name":"SE REALIZ\u00d3 LA SESI\u00d3N ORDINARIA DE SIPINNA, PRIMERA INFANCIA Y ERRADICACI\u00d3N DEL TRABAJO INFANTIL EN JOCOTITL\u00c1N"}]},{"@type":"WebSite","@id":"https:\/\/21panorama.com\/#website","url":"https:\/\/21panorama.com\/","name":"21 Panorama","description":"La construcci\u00f3n de la opini\u00f3n p\u00fablica merece un mejor Panorama en este siglo 21 para alcanzar una sociedad con mayor transparencia y sin corrupci\u00f3n.","publisher":{"@id":"https:\/\/21panorama.com\/#organization"},"potentialAction":[{"@type":"SearchAction","target":{"@type":"EntryPoint","urlTemplate":"https:\/\/21panorama.com\/?s={search_term_string}"},"query-input":{"@type":"PropertyValueSpecification","valueRequired":true,"valueName":"search_term_string"}}],"inLanguage":"es"},{"@type":"Organization","@id":"https:\/\/21panorama.com\/#organization","name":"21 Panorama","url":"https:\/\/21panorama.com\/","logo":{"@type":"ImageObject","inLanguage":"es","@id":"https:\/\/21panorama.com\/#\/schema\/logo\/image\/","url":"https:\/\/21panorama.com\/wp-content\/uploads\/2019\/07\/cropped-Logo-Panorama-01.jpeg","contentUrl":"https:\/\/21panorama.com\/wp-content\/uploads\/2019\/07\/cropped-Logo-Panorama-01.jpeg","width":290,"height":70,"caption":"21 Panorama"},"image":{"@id":"https:\/\/21panorama.com\/#\/schema\/logo\/image\/"}},{"@type":"Person","@id":"https:\/\/21panorama.com\/#\/schema\/person\/1afc291b96d5792a158768324287319f","name":"admin","image":{"@type":"ImageObject","inLanguage":"es","@id":"https:\/\/21panorama.com\/#\/schema\/person\/image\/","url":"https:\/\/secure.gravatar.com\/avatar\/ad365d9d9f46719215b0d042cc3df92a5a8683e09ef13d102233e5491985f0f0?s=96&d=mm&r=g","contentUrl":"https:\/\/secure.gravatar.com\/avatar\/ad365d9d9f46719215b0d042cc3df92a5a8683e09ef13d102233e5491985f0f0?s=96&d=mm&r=g","caption":"admin"},"url":"https:\/\/21panorama.com\/index.php\/author\/admin\/"}]}},"_links":{"self":[{"href":"https:\/\/21panorama.com\/index.php\/wp-json\/wp\/v2\/posts\/5152","targetHints":{"allow":["GET"]}}],"collection":[{"href":"https:\/\/21panorama.com\/index.php\/wp-json\/wp\/v2\/posts"}],"about":[{"href":"https:\/\/21panorama.com\/index.php\/wp-json\/wp\/v2\/types\/post"}],"author":[{"embeddable":true,"href":"https:\/\/21panorama.com\/index.php\/wp-json\/wp\/v2\/users\/1"}],"replies":[{"embeddable":true,"href":"https:\/\/21panorama.com\/index.php\/wp-json\/wp\/v2\/comments?post=5152"}],"version-history":[{"count":1,"href":"https:\/\/21panorama.com\/index.php\/wp-json\/wp\/v2\/posts\/5152\/revisions"}],"predecessor-version":[{"id":5154,"href":"https:\/\/21panorama.com\/index.php\/wp-json\/wp\/v2\/posts\/5152\/revisions\/5154"}],"wp:featuredmedia":[{"embeddable":true,"href":"https:\/\/21panorama.com\/index.php\/wp-json\/wp\/v2\/media\/5153"}],"wp:attachment":[{"href":"https:\/\/21panorama.com\/index.php\/wp-json\/wp\/v2\/media?parent=5152"}],"wp:term":[{"taxonomy":"category","embeddable":true,"href":"https:\/\/21panorama.com\/index.php\/wp-json\/wp\/v2\/categories?post=5152"},{"taxonomy":"post_tag","embeddable":true,"href":"https:\/\/21panorama.com\/index.php\/wp-json\/wp\/v2\/tags?post=5152"}],"curies":[{"name":"wp","href":"https:\/\/api.w.org\/{rel}","templated":true}]}}