{"id":5148,"date":"2023-10-03T21:04:25","date_gmt":"2023-10-04T02:04:25","guid":{"rendered":"https:\/\/21panorama.com\/?p=5148"},"modified":"2023-10-22T21:10:09","modified_gmt":"2023-10-23T02:10:09","slug":"intensa-gira-de-trabajo-de-jesus-cedillo-en-comunidades-de-jocotitlan","status":"publish","type":"post","link":"https:\/\/21panorama.com\/index.php\/2023\/10\/03\/intensa-gira-de-trabajo-de-jesus-cedillo-en-comunidades-de-jocotitlan\/","title":{"rendered":"INTENSA GIRA DE TRABAJO DE JES\u00daS CEDILLO EN COMUNIDADES DE JOCOTITL\u00c1N"},"content":{"rendered":"\n<p><\/p>\n\n\n\n<p>El Presidente Municipal, Jes\u00fas Cedillo Gonz\u00e1lez realiz\u00f3 una extensa gira de trabajo en la que supervis\u00f3 varias obras que est\u00e1n en construcci\u00f3n, como la Preparatoria de San Juan Coajomulco; el drenaje de San Miguel Tenochtitl\u00e1n; el avance del Boulevard de Santa Mar\u00eda Citandej\u00e9; y la pavimentaci\u00f3n de una de las calles principales de la comunidad de Los Reyes.<\/p>\n\n\n\n<p>Con el fin de brindar espacios educativos dignos para el desarrollo de los estudiantes, Jes\u00fas Cedillo supervis\u00f3 la obra de construcci\u00f3n de la Escuela Preparatoria de San Juan Coajomulco; el delegado agradeci\u00f3 al Presidente Municipal, por beneficiar a la escuela con la construcci\u00f3n de estas aulas. muy pronto los j\u00f3venes del plantel podr\u00e1n tener un espacio seguro para continuar con sus estudios, podr\u00e1n disfrutar de estas instalaciones y mejorar su calidad educativa.<\/p>\n\n\n\n<p>El Alcalde tambi\u00e9n supervis\u00f3 la obra de construcci\u00f3n del drenaje de San Miguel Tenochtitl\u00e1n. En compa\u00f1\u00eda de algunos de sus regidores y representantes de esta comunidad, verific\u00f3 que el trabajo que se lleva a cabo pueda contar con un mejor sistema de drenaje. Tambi\u00e9n puntualiz\u00f3 que la obra es resultado de la coordinaci\u00f3n entre los funcionarios de los tres niveles, adem\u00e1s de que informar\u00e1n en forma constante de los avances.<\/p>\n\n\n\n<p>Posteriormente se dirigieron directamente a corroborar el significativo avance del Boulevard de Santa Mar\u00eda Citendej\u00e9. Este principal acceso a la comunidad, permitir\u00e1 mayor movilidad, mejor imagen y el desarrollo socioecon\u00f3mico de quienes habitan y transitan a diario en la zona. Cedillo resalt\u00f3 que las acciones que su administraci\u00f3n lleva a cabo, son acciones que dan bienestar a la poblaci\u00f3n, impactando positivamente en su calidad de vida.<\/p>\n\n\n\n<p>Finalmente, en Los Reyes se realizan los trabajos de construcci\u00f3n de la calle 5 de Mayo, muestra de un compromiso m\u00e1s cumplido de la administraci\u00f3n municipal. El Presidente confirm\u00f3 que seguir\u00e1 trabajando con honestidad y compromiso social, realizando obras que benefician a la poblaci\u00f3n.<\/p>\n","protected":false},"excerpt":{"rendered":"<p>El Presidente Municipal, Jes\u00fas Cedillo Gonz\u00e1lez realiz\u00f3 una extensa gira de trabajo en la que supervis\u00f3 varias obras que est\u00e1n en construcci\u00f3n, como la Preparatoria de San Juan Coajomulco; el drenaje de San Miguel Tenochtitl\u00e1n; el avance del Boulevard de Santa Mar\u00eda Citandej\u00e9; y la pavimentaci\u00f3n de una de las calles principales de la comunidad de Los Reyes.<\/p>\n","protected":false},"author":1,"featured_media":5149,"comment_status":"open","ping_status":"open","sticky":false,"template":"","format":"standard","meta":{"footnotes":""},"categories":[3,11,12,1],"tags":[97,222,325,42],"class_list":["post-5148","post","type-post","status-publish","format-standard","has-post-thumbnail","hentry","category-ecomomia","category-medio-ambiente","category-politica","category-sociedad","tag-edomex","tag-gem","tag-jesus-cedillo-gonzalez","tag-jocotitlan"],"yoast_head":"<!-- This site is optimized with the Yoast SEO plugin v24.9 - https:\/\/yoast.com\/wordpress\/plugins\/seo\/ -->\n<title>INTENSA GIRA DE TRABAJO DE JES\u00daS CEDILLO EN COMUNIDADES DE JOCOTITL\u00c1N - 21 Panorama<\/title>\n<meta name=\"robots\" content=\"index, follow, max-snippet:-1, max-image-preview:large, max-video-preview:-1\" \/>\n<link rel=\"canonical\" href=\"https:\/\/21panorama.com\/index.php\/2023\/10\/03\/intensa-gira-de-trabajo-de-jesus-cedillo-en-comunidades-de-jocotitlan\/\" \/>\n<meta property=\"og:locale\" content=\"es_MX\" \/>\n<meta property=\"og:type\" content=\"article\" \/>\n<meta property=\"og:title\" content=\"INTENSA GIRA DE TRABAJO DE JES\u00daS CEDILLO EN COMUNIDADES DE JOCOTITL\u00c1N - 21 Panorama\" \/>\n<meta property=\"og:description\" content=\"El Presidente Municipal, Jes\u00fas Cedillo Gonz\u00e1lez realiz\u00f3 una extensa gira de trabajo en la que supervis\u00f3 varias obras que est\u00e1n en construcci\u00f3n, como la Preparatoria de San Juan Coajomulco; el drenaje de San Miguel Tenochtitl\u00e1n; el avance del Boulevard de Santa Mar\u00eda Citandej\u00e9; y la pavimentaci\u00f3n de una de las calles principales de la comunidad de Los Reyes.\" \/>\n<meta property=\"og:url\" content=\"https:\/\/21panorama.com\/index.php\/2023\/10\/03\/intensa-gira-de-trabajo-de-jesus-cedillo-en-comunidades-de-jocotitlan\/\" \/>\n<meta property=\"og:site_name\" content=\"21 Panorama\" \/>\n<meta property=\"article:published_time\" content=\"2023-10-04T02:04:25+00:00\" \/>\n<meta property=\"article:modified_time\" content=\"2023-10-23T02:10:09+00:00\" \/>\n<meta property=\"og:image\" content=\"https:\/\/21panorama.com\/wp-content\/uploads\/2023\/10\/Jocotitlan-Intensa-Gira-de-Trabajo-031023-3.jpg\" \/>\n\t<meta property=\"og:image:width\" content=\"2048\" \/>\n\t<meta property=\"og:image:height\" content=\"1366\" \/>\n\t<meta property=\"og:image:type\" content=\"image\/jpeg\" \/>\n<meta name=\"author\" content=\"admin\" \/>\n<meta name=\"twitter:card\" content=\"summary_large_image\" \/>\n<meta name=\"twitter:label1\" content=\"Escrito por\" \/>\n\t<meta name=\"twitter:data1\" content=\"admin\" \/>\n\t<meta name=\"twitter:label2\" content=\"Tiempo de lectura\" \/>\n\t<meta name=\"twitter:data2\" content=\"2 minutos\" \/>\n<script type=\"application\/ld+json\" class=\"yoast-schema-graph\">{\"@context\":\"https:\/\/schema.org\",\"@graph\":[{\"@type\":\"Article\",\"@id\":\"https:\/\/21panorama.com\/index.php\/2023\/10\/03\/intensa-gira-de-trabajo-de-jesus-cedillo-en-comunidades-de-jocotitlan\/#article\",\"isPartOf\":{\"@id\":\"https:\/\/21panorama.com\/index.php\/2023\/10\/03\/intensa-gira-de-trabajo-de-jesus-cedillo-en-comunidades-de-jocotitlan\/\"},\"author\":{\"name\":\"admin\",\"@id\":\"https:\/\/21panorama.com\/#\/schema\/person\/1afc291b96d5792a158768324287319f\"},\"headline\":\"INTENSA GIRA DE TRABAJO DE JES\u00daS CEDILLO EN COMUNIDADES DE JOCOTITL\u00c1N\",\"datePublished\":\"2023-10-04T02:04:25+00:00\",\"dateModified\":\"2023-10-23T02:10:09+00:00\",\"mainEntityOfPage\":{\"@id\":\"https:\/\/21panorama.com\/index.php\/2023\/10\/03\/intensa-gira-de-trabajo-de-jesus-cedillo-en-comunidades-de-jocotitlan\/\"},\"wordCount\":351,\"commentCount\":0,\"publisher\":{\"@id\":\"https:\/\/21panorama.com\/#organization\"},\"image\":{\"@id\":\"https:\/\/21panorama.com\/index.php\/2023\/10\/03\/intensa-gira-de-trabajo-de-jesus-cedillo-en-comunidades-de-jocotitlan\/#primaryimage\"},\"thumbnailUrl\":\"https:\/\/21panorama.com\/wp-content\/uploads\/2023\/10\/Jocotitlan-Intensa-Gira-de-Trabajo-031023-3.jpg\",\"keywords\":[\"EDOMEX\",\"GEM\",\"Jes\u00fas Cedillo Gonz\u00e1lez\",\"Jocotitl\u00e1n\"],\"articleSection\":[\"Econom\u00eda\",\"Medio Ambiente\",\"Politica\",\"Sociedad\"],\"inLanguage\":\"es\",\"potentialAction\":[{\"@type\":\"CommentAction\",\"name\":\"Comment\",\"target\":[\"https:\/\/21panorama.com\/index.php\/2023\/10\/03\/intensa-gira-de-trabajo-de-jesus-cedillo-en-comunidades-de-jocotitlan\/#respond\"]}]},{\"@type\":\"WebPage\",\"@id\":\"https:\/\/21panorama.com\/index.php\/2023\/10\/03\/intensa-gira-de-trabajo-de-jesus-cedillo-en-comunidades-de-jocotitlan\/\",\"url\":\"https:\/\/21panorama.com\/index.php\/2023\/10\/03\/intensa-gira-de-trabajo-de-jesus-cedillo-en-comunidades-de-jocotitlan\/\",\"name\":\"INTENSA GIRA DE TRABAJO DE JES\u00daS CEDILLO EN COMUNIDADES DE JOCOTITL\u00c1N - 21 Panorama\",\"isPartOf\":{\"@id\":\"https:\/\/21panorama.com\/#website\"},\"primaryImageOfPage\":{\"@id\":\"https:\/\/21panorama.com\/index.php\/2023\/10\/03\/intensa-gira-de-trabajo-de-jesus-cedillo-en-comunidades-de-jocotitlan\/#primaryimage\"},\"image\":{\"@id\":\"https:\/\/21panorama.com\/index.php\/2023\/10\/03\/intensa-gira-de-trabajo-de-jesus-cedillo-en-comunidades-de-jocotitlan\/#primaryimage\"},\"thumbnailUrl\":\"https:\/\/21panorama.com\/wp-content\/uploads\/2023\/10\/Jocotitlan-Intensa-Gira-de-Trabajo-031023-3.jpg\",\"datePublished\":\"2023-10-04T02:04:25+00:00\",\"dateModified\":\"2023-10-23T02:10:09+00:00\",\"breadcrumb\":{\"@id\":\"https:\/\/21panorama.com\/index.php\/2023\/10\/03\/intensa-gira-de-trabajo-de-jesus-cedillo-en-comunidades-de-jocotitlan\/#breadcrumb\"},\"inLanguage\":\"es\",\"potentialAction\":[{\"@type\":\"ReadAction\",\"target\":[\"https:\/\/21panorama.com\/index.php\/2023\/10\/03\/intensa-gira-de-trabajo-de-jesus-cedillo-en-comunidades-de-jocotitlan\/\"]}]},{\"@type\":\"ImageObject\",\"inLanguage\":\"es\",\"@id\":\"https:\/\/21panorama.com\/index.php\/2023\/10\/03\/intensa-gira-de-trabajo-de-jesus-cedillo-en-comunidades-de-jocotitlan\/#primaryimage\",\"url\":\"https:\/\/21panorama.com\/wp-content\/uploads\/2023\/10\/Jocotitlan-Intensa-Gira-de-Trabajo-031023-3.jpg\",\"contentUrl\":\"https:\/\/21panorama.com\/wp-content\/uploads\/2023\/10\/Jocotitlan-Intensa-Gira-de-Trabajo-031023-3.jpg\",\"width\":2048,\"height\":1366},{\"@type\":\"BreadcrumbList\",\"@id\":\"https:\/\/21panorama.com\/index.php\/2023\/10\/03\/intensa-gira-de-trabajo-de-jesus-cedillo-en-comunidades-de-jocotitlan\/#breadcrumb\",\"itemListElement\":[{\"@type\":\"ListItem\",\"position\":1,\"name\":\"Inicio\",\"item\":\"https:\/\/21panorama.com\/\"},{\"@type\":\"ListItem\",\"position\":2,\"name\":\"INTENSA GIRA DE TRABAJO DE JES\u00daS CEDILLO EN COMUNIDADES DE JOCOTITL\u00c1N\"}]},{\"@type\":\"WebSite\",\"@id\":\"https:\/\/21panorama.com\/#website\",\"url\":\"https:\/\/21panorama.com\/\",\"name\":\"21 Panorama\",\"description\":\"La construcci\u00f3n de la opini\u00f3n p\u00fablica merece un mejor Panorama en este siglo 21 para alcanzar una sociedad con mayor transparencia y sin corrupci\u00f3n.\",\"publisher\":{\"@id\":\"https:\/\/21panorama.com\/#organization\"},\"potentialAction\":[{\"@type\":\"SearchAction\",\"target\":{\"@type\":\"EntryPoint\",\"urlTemplate\":\"https:\/\/21panorama.com\/?s={search_term_string}\"},\"query-input\":{\"@type\":\"PropertyValueSpecification\",\"valueRequired\":true,\"valueName\":\"search_term_string\"}}],\"inLanguage\":\"es\"},{\"@type\":\"Organization\",\"@id\":\"https:\/\/21panorama.com\/#organization\",\"name\":\"21 Panorama\",\"url\":\"https:\/\/21panorama.com\/\",\"logo\":{\"@type\":\"ImageObject\",\"inLanguage\":\"es\",\"@id\":\"https:\/\/21panorama.com\/#\/schema\/logo\/image\/\",\"url\":\"https:\/\/21panorama.com\/wp-content\/uploads\/2019\/07\/cropped-Logo-Panorama-01.jpeg\",\"contentUrl\":\"https:\/\/21panorama.com\/wp-content\/uploads\/2019\/07\/cropped-Logo-Panorama-01.jpeg\",\"width\":290,\"height\":70,\"caption\":\"21 Panorama\"},\"image\":{\"@id\":\"https:\/\/21panorama.com\/#\/schema\/logo\/image\/\"}},{\"@type\":\"Person\",\"@id\":\"https:\/\/21panorama.com\/#\/schema\/person\/1afc291b96d5792a158768324287319f\",\"name\":\"admin\",\"image\":{\"@type\":\"ImageObject\",\"inLanguage\":\"es\",\"@id\":\"https:\/\/21panorama.com\/#\/schema\/person\/image\/\",\"url\":\"https:\/\/secure.gravatar.com\/avatar\/ad365d9d9f46719215b0d042cc3df92a5a8683e09ef13d102233e5491985f0f0?s=96&d=mm&r=g\",\"contentUrl\":\"https:\/\/secure.gravatar.com\/avatar\/ad365d9d9f46719215b0d042cc3df92a5a8683e09ef13d102233e5491985f0f0?s=96&d=mm&r=g\",\"caption\":\"admin\"},\"url\":\"https:\/\/21panorama.com\/index.php\/author\/admin\/\"}]}<\/script>\n<!-- \/ Yoast SEO plugin. -->","yoast_head_json":{"title":"INTENSA GIRA DE TRABAJO DE JES\u00daS CEDILLO EN COMUNIDADES DE JOCOTITL\u00c1N - 21 Panorama","robots":{"index":"index","follow":"follow","max-snippet":"max-snippet:-1","max-image-preview":"max-image-preview:large","max-video-preview":"max-video-preview:-1"},"canonical":"https:\/\/21panorama.com\/index.php\/2023\/10\/03\/intensa-gira-de-trabajo-de-jesus-cedillo-en-comunidades-de-jocotitlan\/","og_locale":"es_MX","og_type":"article","og_title":"INTENSA GIRA DE TRABAJO DE JES\u00daS CEDILLO EN COMUNIDADES DE JOCOTITL\u00c1N - 21 Panorama","og_description":"El Presidente Municipal, Jes\u00fas Cedillo Gonz\u00e1lez realiz\u00f3 una extensa gira de trabajo en la que supervis\u00f3 varias obras que est\u00e1n en construcci\u00f3n, como la Preparatoria de San Juan Coajomulco; el drenaje de San Miguel Tenochtitl\u00e1n; el avance del Boulevard de Santa Mar\u00eda Citandej\u00e9; y la pavimentaci\u00f3n de una de las calles principales de la comunidad de Los Reyes.","og_url":"https:\/\/21panorama.com\/index.php\/2023\/10\/03\/intensa-gira-de-trabajo-de-jesus-cedillo-en-comunidades-de-jocotitlan\/","og_site_name":"21 Panorama","article_published_time":"2023-10-04T02:04:25+00:00","article_modified_time":"2023-10-23T02:10:09+00:00","og_image":[{"width":2048,"height":1366,"url":"https:\/\/21panorama.com\/wp-content\/uploads\/2023\/10\/Jocotitlan-Intensa-Gira-de-Trabajo-031023-3.jpg","type":"image\/jpeg"}],"author":"admin","twitter_card":"summary_large_image","twitter_misc":{"Escrito por":"admin","Tiempo de lectura":"2 minutos"},"schema":{"@context":"https:\/\/schema.org","@graph":[{"@type":"Article","@id":"https:\/\/21panorama.com\/index.php\/2023\/10\/03\/intensa-gira-de-trabajo-de-jesus-cedillo-en-comunidades-de-jocotitlan\/#article","isPartOf":{"@id":"https:\/\/21panorama.com\/index.php\/2023\/10\/03\/intensa-gira-de-trabajo-de-jesus-cedillo-en-comunidades-de-jocotitlan\/"},"author":{"name":"admin","@id":"https:\/\/21panorama.com\/#\/schema\/person\/1afc291b96d5792a158768324287319f"},"headline":"INTENSA GIRA DE TRABAJO DE JES\u00daS CEDILLO EN COMUNIDADES DE JOCOTITL\u00c1N","datePublished":"2023-10-04T02:04:25+00:00","dateModified":"2023-10-23T02:10:09+00:00","mainEntityOfPage":{"@id":"https:\/\/21panorama.com\/index.php\/2023\/10\/03\/intensa-gira-de-trabajo-de-jesus-cedillo-en-comunidades-de-jocotitlan\/"},"wordCount":351,"commentCount":0,"publisher":{"@id":"https:\/\/21panorama.com\/#organization"},"image":{"@id":"https:\/\/21panorama.com\/index.php\/2023\/10\/03\/intensa-gira-de-trabajo-de-jesus-cedillo-en-comunidades-de-jocotitlan\/#primaryimage"},"thumbnailUrl":"https:\/\/21panorama.com\/wp-content\/uploads\/2023\/10\/Jocotitlan-Intensa-Gira-de-Trabajo-031023-3.jpg","keywords":["EDOMEX","GEM","Jes\u00fas Cedillo Gonz\u00e1lez","Jocotitl\u00e1n"],"articleSection":["Econom\u00eda","Medio Ambiente","Politica","Sociedad"],"inLanguage":"es","potentialAction":[{"@type":"CommentAction","name":"Comment","target":["https:\/\/21panorama.com\/index.php\/2023\/10\/03\/intensa-gira-de-trabajo-de-jesus-cedillo-en-comunidades-de-jocotitlan\/#respond"]}]},{"@type":"WebPage","@id":"https:\/\/21panorama.com\/index.php\/2023\/10\/03\/intensa-gira-de-trabajo-de-jesus-cedillo-en-comunidades-de-jocotitlan\/","url":"https:\/\/21panorama.com\/index.php\/2023\/10\/03\/intensa-gira-de-trabajo-de-jesus-cedillo-en-comunidades-de-jocotitlan\/","name":"INTENSA GIRA DE TRABAJO DE JES\u00daS CEDILLO EN COMUNIDADES DE JOCOTITL\u00c1N - 21 Panorama","isPartOf":{"@id":"https:\/\/21panorama.com\/#website"},"primaryImageOfPage":{"@id":"https:\/\/21panorama.com\/index.php\/2023\/10\/03\/intensa-gira-de-trabajo-de-jesus-cedillo-en-comunidades-de-jocotitlan\/#primaryimage"},"image":{"@id":"https:\/\/21panorama.com\/index.php\/2023\/10\/03\/intensa-gira-de-trabajo-de-jesus-cedillo-en-comunidades-de-jocotitlan\/#primaryimage"},"thumbnailUrl":"https:\/\/21panorama.com\/wp-content\/uploads\/2023\/10\/Jocotitlan-Intensa-Gira-de-Trabajo-031023-3.jpg","datePublished":"2023-10-04T02:04:25+00:00","dateModified":"2023-10-23T02:10:09+00:00","breadcrumb":{"@id":"https:\/\/21panorama.com\/index.php\/2023\/10\/03\/intensa-gira-de-trabajo-de-jesus-cedillo-en-comunidades-de-jocotitlan\/#breadcrumb"},"inLanguage":"es","potentialAction":[{"@type":"ReadAction","target":["https:\/\/21panorama.com\/index.php\/2023\/10\/03\/intensa-gira-de-trabajo-de-jesus-cedillo-en-comunidades-de-jocotitlan\/"]}]},{"@type":"ImageObject","inLanguage":"es","@id":"https:\/\/21panorama.com\/index.php\/2023\/10\/03\/intensa-gira-de-trabajo-de-jesus-cedillo-en-comunidades-de-jocotitlan\/#primaryimage","url":"https:\/\/21panorama.com\/wp-content\/uploads\/2023\/10\/Jocotitlan-Intensa-Gira-de-Trabajo-031023-3.jpg","contentUrl":"https:\/\/21panorama.com\/wp-content\/uploads\/2023\/10\/Jocotitlan-Intensa-Gira-de-Trabajo-031023-3.jpg","width":2048,"height":1366},{"@type":"BreadcrumbList","@id":"https:\/\/21panorama.com\/index.php\/2023\/10\/03\/intensa-gira-de-trabajo-de-jesus-cedillo-en-comunidades-de-jocotitlan\/#breadcrumb","itemListElement":[{"@type":"ListItem","position":1,"name":"Inicio","item":"https:\/\/21panorama.com\/"},{"@type":"ListItem","position":2,"name":"INTENSA GIRA DE TRABAJO DE JES\u00daS CEDILLO EN COMUNIDADES DE JOCOTITL\u00c1N"}]},{"@type":"WebSite","@id":"https:\/\/21panorama.com\/#website","url":"https:\/\/21panorama.com\/","name":"21 Panorama","description":"La construcci\u00f3n de la opini\u00f3n p\u00fablica merece un mejor Panorama en este siglo 21 para alcanzar una sociedad con mayor transparencia y sin corrupci\u00f3n.","publisher":{"@id":"https:\/\/21panorama.com\/#organization"},"potentialAction":[{"@type":"SearchAction","target":{"@type":"EntryPoint","urlTemplate":"https:\/\/21panorama.com\/?s={search_term_string}"},"query-input":{"@type":"PropertyValueSpecification","valueRequired":true,"valueName":"search_term_string"}}],"inLanguage":"es"},{"@type":"Organization","@id":"https:\/\/21panorama.com\/#organization","name":"21 Panorama","url":"https:\/\/21panorama.com\/","logo":{"@type":"ImageObject","inLanguage":"es","@id":"https:\/\/21panorama.com\/#\/schema\/logo\/image\/","url":"https:\/\/21panorama.com\/wp-content\/uploads\/2019\/07\/cropped-Logo-Panorama-01.jpeg","contentUrl":"https:\/\/21panorama.com\/wp-content\/uploads\/2019\/07\/cropped-Logo-Panorama-01.jpeg","width":290,"height":70,"caption":"21 Panorama"},"image":{"@id":"https:\/\/21panorama.com\/#\/schema\/logo\/image\/"}},{"@type":"Person","@id":"https:\/\/21panorama.com\/#\/schema\/person\/1afc291b96d5792a158768324287319f","name":"admin","image":{"@type":"ImageObject","inLanguage":"es","@id":"https:\/\/21panorama.com\/#\/schema\/person\/image\/","url":"https:\/\/secure.gravatar.com\/avatar\/ad365d9d9f46719215b0d042cc3df92a5a8683e09ef13d102233e5491985f0f0?s=96&d=mm&r=g","contentUrl":"https:\/\/secure.gravatar.com\/avatar\/ad365d9d9f46719215b0d042cc3df92a5a8683e09ef13d102233e5491985f0f0?s=96&d=mm&r=g","caption":"admin"},"url":"https:\/\/21panorama.com\/index.php\/author\/admin\/"}]}},"_links":{"self":[{"href":"https:\/\/21panorama.com\/index.php\/wp-json\/wp\/v2\/posts\/5148","targetHints":{"allow":["GET"]}}],"collection":[{"href":"https:\/\/21panorama.com\/index.php\/wp-json\/wp\/v2\/posts"}],"about":[{"href":"https:\/\/21panorama.com\/index.php\/wp-json\/wp\/v2\/types\/post"}],"author":[{"embeddable":true,"href":"https:\/\/21panorama.com\/index.php\/wp-json\/wp\/v2\/users\/1"}],"replies":[{"embeddable":true,"href":"https:\/\/21panorama.com\/index.php\/wp-json\/wp\/v2\/comments?post=5148"}],"version-history":[{"count":1,"href":"https:\/\/21panorama.com\/index.php\/wp-json\/wp\/v2\/posts\/5148\/revisions"}],"predecessor-version":[{"id":5150,"href":"https:\/\/21panorama.com\/index.php\/wp-json\/wp\/v2\/posts\/5148\/revisions\/5150"}],"wp:featuredmedia":[{"embeddable":true,"href":"https:\/\/21panorama.com\/index.php\/wp-json\/wp\/v2\/media\/5149"}],"wp:attachment":[{"href":"https:\/\/21panorama.com\/index.php\/wp-json\/wp\/v2\/media?parent=5148"}],"wp:term":[{"taxonomy":"category","embeddable":true,"href":"https:\/\/21panorama.com\/index.php\/wp-json\/wp\/v2\/categories?post=5148"},{"taxonomy":"post_tag","embeddable":true,"href":"https:\/\/21panorama.com\/index.php\/wp-json\/wp\/v2\/tags?post=5148"}],"curies":[{"name":"wp","href":"https:\/\/api.w.org\/{rel}","templated":true}]}}