{"id":5140,"date":"2023-10-21T16:56:14","date_gmt":"2023-10-21T21:56:14","guid":{"rendered":"https:\/\/21panorama.com\/?p=5140"},"modified":"2023-10-21T16:56:15","modified_gmt":"2023-10-21T21:56:15","slug":"entrega-de-chalecos-balisticos-a-las-fuerzas-policiales-de-jocotitlan","status":"publish","type":"post","link":"https:\/\/21panorama.com\/index.php\/2023\/10\/21\/entrega-de-chalecos-balisticos-a-las-fuerzas-policiales-de-jocotitlan\/","title":{"rendered":"ENTREGA DE CHALECOS BAL\u00cdSTICOS A LAS FUERZAS POLICIALES DE JOCOTITL\u00c1N"},"content":{"rendered":"\n<p><\/p>\n\n\n\n<p>El Presidente Municipal Jes\u00fas Cedillo Gonz\u00e1lez realiz\u00f3 la entrega de chalecos bal\u00edsticos con placas de nivel 4 marca Power Hit al personal de seguridad p\u00fablica municipal, como parte de los esfuerzos continuos para mantener equipada a la corporaci\u00f3n local y con el objetivo de salvaguardar la integridad de los servidores p\u00fablicos en la pr\u00e1ctica de su labor.<\/p>\n\n\n\n<p>El edil indic\u00f3 que se hizo una gran inversi\u00f3n para la adquisici\u00f3n de estos chalecos, con lo que no solo se demuestra el compromiso con la seguridad de los oficiales, sino tambi\u00e9n se asegura que est\u00e9n equipados con las mejores herramientas para llevar a cabo su trabajo con seguridad y eficacia.<\/p>\n\n\n\n<p>En el mismo evento, Jes\u00fas Cedillo agradeci\u00f3 la labor de las fuerzas policiales, quienes a diario enfrentan hechos delictivos y buscan inhibirlos para salvaguardar la integridad de los jocotitlenses y con ello, preservar el orden y la paz p\u00fablica. Destac\u00f3 que las fuerzas policiales est\u00e1n compuestas por hombres y mujeres que se esfuerzan constantemente para servir a la sociedad, realizando labores de vigilancia, respondiendo con prontitud a los reportes ciudadanos y contribuyendo a la estrategia integral de seguridad p\u00fablica.<\/p>\n\n\n\n<p>El alcalde tambi\u00e9n enfatiz\u00f3 la importancia de la familia en la vida de los agentes, ya que son el soporte principal y quienes los impulsan, apoyan y motivan para ser ejemplo, en que el trabajo de cada uno es fundamental para ofrecer a los jocotitlenses, mejores resultados en materia de seguridad y reducir los \u00edndices delincuenciales de manera significativa.<\/p>\n","protected":false},"excerpt":{"rendered":"<p>El Presidente Municipal Jes\u00fas Cedillo Gonz\u00e1lez realiz\u00f3 la entrega de chalecos bal\u00edsticos con placas de nivel 4 marca Power Hit al personal de seguridad p\u00fablica municipal, como parte de los esfuerzos continuos para mantener equipada a la corporaci\u00f3n local y con el objetivo de salvaguardar la integridad de los servidores p\u00fablicos en la pr\u00e1ctica de su labor.<\/p>\n","protected":false},"author":1,"featured_media":5141,"comment_status":"open","ping_status":"open","sticky":false,"template":"","format":"standard","meta":{"footnotes":""},"categories":[12,1],"tags":[97,222,325,42],"class_list":["post-5140","post","type-post","status-publish","format-standard","has-post-thumbnail","hentry","category-politica","category-sociedad","tag-edomex","tag-gem","tag-jesus-cedillo-gonzalez","tag-jocotitlan"],"yoast_head":"<!-- This site is optimized with the Yoast SEO plugin v24.9 - https:\/\/yoast.com\/wordpress\/plugins\/seo\/ -->\n<title>ENTREGA DE CHALECOS BAL\u00cdSTICOS A LAS FUERZAS POLICIALES DE JOCOTITL\u00c1N - 21 Panorama<\/title>\n<meta name=\"robots\" content=\"index, follow, max-snippet:-1, max-image-preview:large, max-video-preview:-1\" \/>\n<link rel=\"canonical\" href=\"https:\/\/21panorama.com\/index.php\/2023\/10\/21\/entrega-de-chalecos-balisticos-a-las-fuerzas-policiales-de-jocotitlan\/\" \/>\n<meta property=\"og:locale\" content=\"es_MX\" \/>\n<meta property=\"og:type\" content=\"article\" \/>\n<meta property=\"og:title\" content=\"ENTREGA DE CHALECOS BAL\u00cdSTICOS A LAS FUERZAS POLICIALES DE JOCOTITL\u00c1N - 21 Panorama\" \/>\n<meta property=\"og:description\" content=\"El Presidente Municipal Jes\u00fas Cedillo Gonz\u00e1lez realiz\u00f3 la entrega de chalecos bal\u00edsticos con placas de nivel 4 marca Power Hit al personal de seguridad p\u00fablica municipal, como parte de los esfuerzos continuos para mantener equipada a la corporaci\u00f3n local y con el objetivo de salvaguardar la integridad de los servidores p\u00fablicos en la pr\u00e1ctica de su labor.\" \/>\n<meta property=\"og:url\" content=\"https:\/\/21panorama.com\/index.php\/2023\/10\/21\/entrega-de-chalecos-balisticos-a-las-fuerzas-policiales-de-jocotitlan\/\" \/>\n<meta property=\"og:site_name\" content=\"21 Panorama\" \/>\n<meta property=\"article:published_time\" content=\"2023-10-21T21:56:14+00:00\" \/>\n<meta property=\"article:modified_time\" content=\"2023-10-21T21:56:15+00:00\" \/>\n<meta property=\"og:image\" content=\"https:\/\/21panorama.com\/wp-content\/uploads\/2023\/10\/Jocotitlan-Chalecos-Antibalas-211023-2.jpg\" \/>\n\t<meta property=\"og:image:width\" content=\"2048\" \/>\n\t<meta property=\"og:image:height\" content=\"1068\" \/>\n\t<meta property=\"og:image:type\" content=\"image\/jpeg\" \/>\n<meta name=\"author\" content=\"admin\" \/>\n<meta name=\"twitter:card\" content=\"summary_large_image\" \/>\n<meta name=\"twitter:label1\" content=\"Escrito por\" \/>\n\t<meta name=\"twitter:data1\" content=\"admin\" \/>\n\t<meta name=\"twitter:label2\" content=\"Tiempo de lectura\" \/>\n\t<meta name=\"twitter:data2\" content=\"2 minutos\" \/>\n<script type=\"application\/ld+json\" class=\"yoast-schema-graph\">{\"@context\":\"https:\/\/schema.org\",\"@graph\":[{\"@type\":\"Article\",\"@id\":\"https:\/\/21panorama.com\/index.php\/2023\/10\/21\/entrega-de-chalecos-balisticos-a-las-fuerzas-policiales-de-jocotitlan\/#article\",\"isPartOf\":{\"@id\":\"https:\/\/21panorama.com\/index.php\/2023\/10\/21\/entrega-de-chalecos-balisticos-a-las-fuerzas-policiales-de-jocotitlan\/\"},\"author\":{\"name\":\"admin\",\"@id\":\"https:\/\/21panorama.com\/#\/schema\/person\/1afc291b96d5792a158768324287319f\"},\"headline\":\"ENTREGA DE CHALECOS BAL\u00cdSTICOS A LAS FUERZAS POLICIALES DE JOCOTITL\u00c1N\",\"datePublished\":\"2023-10-21T21:56:14+00:00\",\"dateModified\":\"2023-10-21T21:56:15+00:00\",\"mainEntityOfPage\":{\"@id\":\"https:\/\/21panorama.com\/index.php\/2023\/10\/21\/entrega-de-chalecos-balisticos-a-las-fuerzas-policiales-de-jocotitlan\/\"},\"wordCount\":273,\"commentCount\":0,\"publisher\":{\"@id\":\"https:\/\/21panorama.com\/#organization\"},\"image\":{\"@id\":\"https:\/\/21panorama.com\/index.php\/2023\/10\/21\/entrega-de-chalecos-balisticos-a-las-fuerzas-policiales-de-jocotitlan\/#primaryimage\"},\"thumbnailUrl\":\"https:\/\/21panorama.com\/wp-content\/uploads\/2023\/10\/Jocotitlan-Chalecos-Antibalas-211023-2.jpg\",\"keywords\":[\"EDOMEX\",\"GEM\",\"Jes\u00fas Cedillo Gonz\u00e1lez\",\"Jocotitl\u00e1n\"],\"articleSection\":[\"Politica\",\"Sociedad\"],\"inLanguage\":\"es\",\"potentialAction\":[{\"@type\":\"CommentAction\",\"name\":\"Comment\",\"target\":[\"https:\/\/21panorama.com\/index.php\/2023\/10\/21\/entrega-de-chalecos-balisticos-a-las-fuerzas-policiales-de-jocotitlan\/#respond\"]}]},{\"@type\":\"WebPage\",\"@id\":\"https:\/\/21panorama.com\/index.php\/2023\/10\/21\/entrega-de-chalecos-balisticos-a-las-fuerzas-policiales-de-jocotitlan\/\",\"url\":\"https:\/\/21panorama.com\/index.php\/2023\/10\/21\/entrega-de-chalecos-balisticos-a-las-fuerzas-policiales-de-jocotitlan\/\",\"name\":\"ENTREGA DE CHALECOS BAL\u00cdSTICOS A LAS FUERZAS POLICIALES DE JOCOTITL\u00c1N - 21 Panorama\",\"isPartOf\":{\"@id\":\"https:\/\/21panorama.com\/#website\"},\"primaryImageOfPage\":{\"@id\":\"https:\/\/21panorama.com\/index.php\/2023\/10\/21\/entrega-de-chalecos-balisticos-a-las-fuerzas-policiales-de-jocotitlan\/#primaryimage\"},\"image\":{\"@id\":\"https:\/\/21panorama.com\/index.php\/2023\/10\/21\/entrega-de-chalecos-balisticos-a-las-fuerzas-policiales-de-jocotitlan\/#primaryimage\"},\"thumbnailUrl\":\"https:\/\/21panorama.com\/wp-content\/uploads\/2023\/10\/Jocotitlan-Chalecos-Antibalas-211023-2.jpg\",\"datePublished\":\"2023-10-21T21:56:14+00:00\",\"dateModified\":\"2023-10-21T21:56:15+00:00\",\"breadcrumb\":{\"@id\":\"https:\/\/21panorama.com\/index.php\/2023\/10\/21\/entrega-de-chalecos-balisticos-a-las-fuerzas-policiales-de-jocotitlan\/#breadcrumb\"},\"inLanguage\":\"es\",\"potentialAction\":[{\"@type\":\"ReadAction\",\"target\":[\"https:\/\/21panorama.com\/index.php\/2023\/10\/21\/entrega-de-chalecos-balisticos-a-las-fuerzas-policiales-de-jocotitlan\/\"]}]},{\"@type\":\"ImageObject\",\"inLanguage\":\"es\",\"@id\":\"https:\/\/21panorama.com\/index.php\/2023\/10\/21\/entrega-de-chalecos-balisticos-a-las-fuerzas-policiales-de-jocotitlan\/#primaryimage\",\"url\":\"https:\/\/21panorama.com\/wp-content\/uploads\/2023\/10\/Jocotitlan-Chalecos-Antibalas-211023-2.jpg\",\"contentUrl\":\"https:\/\/21panorama.com\/wp-content\/uploads\/2023\/10\/Jocotitlan-Chalecos-Antibalas-211023-2.jpg\",\"width\":2048,\"height\":1068},{\"@type\":\"BreadcrumbList\",\"@id\":\"https:\/\/21panorama.com\/index.php\/2023\/10\/21\/entrega-de-chalecos-balisticos-a-las-fuerzas-policiales-de-jocotitlan\/#breadcrumb\",\"itemListElement\":[{\"@type\":\"ListItem\",\"position\":1,\"name\":\"Inicio\",\"item\":\"https:\/\/21panorama.com\/\"},{\"@type\":\"ListItem\",\"position\":2,\"name\":\"ENTREGA DE CHALECOS BAL\u00cdSTICOS A LAS FUERZAS POLICIALES DE JOCOTITL\u00c1N\"}]},{\"@type\":\"WebSite\",\"@id\":\"https:\/\/21panorama.com\/#website\",\"url\":\"https:\/\/21panorama.com\/\",\"name\":\"21 Panorama\",\"description\":\"La construcci\u00f3n de la opini\u00f3n p\u00fablica merece un mejor Panorama en este siglo 21 para alcanzar una sociedad con mayor transparencia y sin corrupci\u00f3n.\",\"publisher\":{\"@id\":\"https:\/\/21panorama.com\/#organization\"},\"potentialAction\":[{\"@type\":\"SearchAction\",\"target\":{\"@type\":\"EntryPoint\",\"urlTemplate\":\"https:\/\/21panorama.com\/?s={search_term_string}\"},\"query-input\":{\"@type\":\"PropertyValueSpecification\",\"valueRequired\":true,\"valueName\":\"search_term_string\"}}],\"inLanguage\":\"es\"},{\"@type\":\"Organization\",\"@id\":\"https:\/\/21panorama.com\/#organization\",\"name\":\"21 Panorama\",\"url\":\"https:\/\/21panorama.com\/\",\"logo\":{\"@type\":\"ImageObject\",\"inLanguage\":\"es\",\"@id\":\"https:\/\/21panorama.com\/#\/schema\/logo\/image\/\",\"url\":\"https:\/\/21panorama.com\/wp-content\/uploads\/2019\/07\/cropped-Logo-Panorama-01.jpeg\",\"contentUrl\":\"https:\/\/21panorama.com\/wp-content\/uploads\/2019\/07\/cropped-Logo-Panorama-01.jpeg\",\"width\":290,\"height\":70,\"caption\":\"21 Panorama\"},\"image\":{\"@id\":\"https:\/\/21panorama.com\/#\/schema\/logo\/image\/\"}},{\"@type\":\"Person\",\"@id\":\"https:\/\/21panorama.com\/#\/schema\/person\/1afc291b96d5792a158768324287319f\",\"name\":\"admin\",\"image\":{\"@type\":\"ImageObject\",\"inLanguage\":\"es\",\"@id\":\"https:\/\/21panorama.com\/#\/schema\/person\/image\/\",\"url\":\"https:\/\/secure.gravatar.com\/avatar\/ad365d9d9f46719215b0d042cc3df92a5a8683e09ef13d102233e5491985f0f0?s=96&d=mm&r=g\",\"contentUrl\":\"https:\/\/secure.gravatar.com\/avatar\/ad365d9d9f46719215b0d042cc3df92a5a8683e09ef13d102233e5491985f0f0?s=96&d=mm&r=g\",\"caption\":\"admin\"},\"url\":\"https:\/\/21panorama.com\/index.php\/author\/admin\/\"}]}<\/script>\n<!-- \/ Yoast SEO plugin. -->","yoast_head_json":{"title":"ENTREGA DE CHALECOS BAL\u00cdSTICOS A LAS FUERZAS POLICIALES DE JOCOTITL\u00c1N - 21 Panorama","robots":{"index":"index","follow":"follow","max-snippet":"max-snippet:-1","max-image-preview":"max-image-preview:large","max-video-preview":"max-video-preview:-1"},"canonical":"https:\/\/21panorama.com\/index.php\/2023\/10\/21\/entrega-de-chalecos-balisticos-a-las-fuerzas-policiales-de-jocotitlan\/","og_locale":"es_MX","og_type":"article","og_title":"ENTREGA DE CHALECOS BAL\u00cdSTICOS A LAS FUERZAS POLICIALES DE JOCOTITL\u00c1N - 21 Panorama","og_description":"El Presidente Municipal Jes\u00fas Cedillo Gonz\u00e1lez realiz\u00f3 la entrega de chalecos bal\u00edsticos con placas de nivel 4 marca Power Hit al personal de seguridad p\u00fablica municipal, como parte de los esfuerzos continuos para mantener equipada a la corporaci\u00f3n local y con el objetivo de salvaguardar la integridad de los servidores p\u00fablicos en la pr\u00e1ctica de su labor.","og_url":"https:\/\/21panorama.com\/index.php\/2023\/10\/21\/entrega-de-chalecos-balisticos-a-las-fuerzas-policiales-de-jocotitlan\/","og_site_name":"21 Panorama","article_published_time":"2023-10-21T21:56:14+00:00","article_modified_time":"2023-10-21T21:56:15+00:00","og_image":[{"width":2048,"height":1068,"url":"https:\/\/21panorama.com\/wp-content\/uploads\/2023\/10\/Jocotitlan-Chalecos-Antibalas-211023-2.jpg","type":"image\/jpeg"}],"author":"admin","twitter_card":"summary_large_image","twitter_misc":{"Escrito por":"admin","Tiempo de lectura":"2 minutos"},"schema":{"@context":"https:\/\/schema.org","@graph":[{"@type":"Article","@id":"https:\/\/21panorama.com\/index.php\/2023\/10\/21\/entrega-de-chalecos-balisticos-a-las-fuerzas-policiales-de-jocotitlan\/#article","isPartOf":{"@id":"https:\/\/21panorama.com\/index.php\/2023\/10\/21\/entrega-de-chalecos-balisticos-a-las-fuerzas-policiales-de-jocotitlan\/"},"author":{"name":"admin","@id":"https:\/\/21panorama.com\/#\/schema\/person\/1afc291b96d5792a158768324287319f"},"headline":"ENTREGA DE CHALECOS BAL\u00cdSTICOS A LAS FUERZAS POLICIALES DE JOCOTITL\u00c1N","datePublished":"2023-10-21T21:56:14+00:00","dateModified":"2023-10-21T21:56:15+00:00","mainEntityOfPage":{"@id":"https:\/\/21panorama.com\/index.php\/2023\/10\/21\/entrega-de-chalecos-balisticos-a-las-fuerzas-policiales-de-jocotitlan\/"},"wordCount":273,"commentCount":0,"publisher":{"@id":"https:\/\/21panorama.com\/#organization"},"image":{"@id":"https:\/\/21panorama.com\/index.php\/2023\/10\/21\/entrega-de-chalecos-balisticos-a-las-fuerzas-policiales-de-jocotitlan\/#primaryimage"},"thumbnailUrl":"https:\/\/21panorama.com\/wp-content\/uploads\/2023\/10\/Jocotitlan-Chalecos-Antibalas-211023-2.jpg","keywords":["EDOMEX","GEM","Jes\u00fas Cedillo Gonz\u00e1lez","Jocotitl\u00e1n"],"articleSection":["Politica","Sociedad"],"inLanguage":"es","potentialAction":[{"@type":"CommentAction","name":"Comment","target":["https:\/\/21panorama.com\/index.php\/2023\/10\/21\/entrega-de-chalecos-balisticos-a-las-fuerzas-policiales-de-jocotitlan\/#respond"]}]},{"@type":"WebPage","@id":"https:\/\/21panorama.com\/index.php\/2023\/10\/21\/entrega-de-chalecos-balisticos-a-las-fuerzas-policiales-de-jocotitlan\/","url":"https:\/\/21panorama.com\/index.php\/2023\/10\/21\/entrega-de-chalecos-balisticos-a-las-fuerzas-policiales-de-jocotitlan\/","name":"ENTREGA DE CHALECOS BAL\u00cdSTICOS A LAS FUERZAS POLICIALES DE JOCOTITL\u00c1N - 21 Panorama","isPartOf":{"@id":"https:\/\/21panorama.com\/#website"},"primaryImageOfPage":{"@id":"https:\/\/21panorama.com\/index.php\/2023\/10\/21\/entrega-de-chalecos-balisticos-a-las-fuerzas-policiales-de-jocotitlan\/#primaryimage"},"image":{"@id":"https:\/\/21panorama.com\/index.php\/2023\/10\/21\/entrega-de-chalecos-balisticos-a-las-fuerzas-policiales-de-jocotitlan\/#primaryimage"},"thumbnailUrl":"https:\/\/21panorama.com\/wp-content\/uploads\/2023\/10\/Jocotitlan-Chalecos-Antibalas-211023-2.jpg","datePublished":"2023-10-21T21:56:14+00:00","dateModified":"2023-10-21T21:56:15+00:00","breadcrumb":{"@id":"https:\/\/21panorama.com\/index.php\/2023\/10\/21\/entrega-de-chalecos-balisticos-a-las-fuerzas-policiales-de-jocotitlan\/#breadcrumb"},"inLanguage":"es","potentialAction":[{"@type":"ReadAction","target":["https:\/\/21panorama.com\/index.php\/2023\/10\/21\/entrega-de-chalecos-balisticos-a-las-fuerzas-policiales-de-jocotitlan\/"]}]},{"@type":"ImageObject","inLanguage":"es","@id":"https:\/\/21panorama.com\/index.php\/2023\/10\/21\/entrega-de-chalecos-balisticos-a-las-fuerzas-policiales-de-jocotitlan\/#primaryimage","url":"https:\/\/21panorama.com\/wp-content\/uploads\/2023\/10\/Jocotitlan-Chalecos-Antibalas-211023-2.jpg","contentUrl":"https:\/\/21panorama.com\/wp-content\/uploads\/2023\/10\/Jocotitlan-Chalecos-Antibalas-211023-2.jpg","width":2048,"height":1068},{"@type":"BreadcrumbList","@id":"https:\/\/21panorama.com\/index.php\/2023\/10\/21\/entrega-de-chalecos-balisticos-a-las-fuerzas-policiales-de-jocotitlan\/#breadcrumb","itemListElement":[{"@type":"ListItem","position":1,"name":"Inicio","item":"https:\/\/21panorama.com\/"},{"@type":"ListItem","position":2,"name":"ENTREGA DE CHALECOS BAL\u00cdSTICOS A LAS FUERZAS POLICIALES DE JOCOTITL\u00c1N"}]},{"@type":"WebSite","@id":"https:\/\/21panorama.com\/#website","url":"https:\/\/21panorama.com\/","name":"21 Panorama","description":"La construcci\u00f3n de la opini\u00f3n p\u00fablica merece un mejor Panorama en este siglo 21 para alcanzar una sociedad con mayor transparencia y sin corrupci\u00f3n.","publisher":{"@id":"https:\/\/21panorama.com\/#organization"},"potentialAction":[{"@type":"SearchAction","target":{"@type":"EntryPoint","urlTemplate":"https:\/\/21panorama.com\/?s={search_term_string}"},"query-input":{"@type":"PropertyValueSpecification","valueRequired":true,"valueName":"search_term_string"}}],"inLanguage":"es"},{"@type":"Organization","@id":"https:\/\/21panorama.com\/#organization","name":"21 Panorama","url":"https:\/\/21panorama.com\/","logo":{"@type":"ImageObject","inLanguage":"es","@id":"https:\/\/21panorama.com\/#\/schema\/logo\/image\/","url":"https:\/\/21panorama.com\/wp-content\/uploads\/2019\/07\/cropped-Logo-Panorama-01.jpeg","contentUrl":"https:\/\/21panorama.com\/wp-content\/uploads\/2019\/07\/cropped-Logo-Panorama-01.jpeg","width":290,"height":70,"caption":"21 Panorama"},"image":{"@id":"https:\/\/21panorama.com\/#\/schema\/logo\/image\/"}},{"@type":"Person","@id":"https:\/\/21panorama.com\/#\/schema\/person\/1afc291b96d5792a158768324287319f","name":"admin","image":{"@type":"ImageObject","inLanguage":"es","@id":"https:\/\/21panorama.com\/#\/schema\/person\/image\/","url":"https:\/\/secure.gravatar.com\/avatar\/ad365d9d9f46719215b0d042cc3df92a5a8683e09ef13d102233e5491985f0f0?s=96&d=mm&r=g","contentUrl":"https:\/\/secure.gravatar.com\/avatar\/ad365d9d9f46719215b0d042cc3df92a5a8683e09ef13d102233e5491985f0f0?s=96&d=mm&r=g","caption":"admin"},"url":"https:\/\/21panorama.com\/index.php\/author\/admin\/"}]}},"_links":{"self":[{"href":"https:\/\/21panorama.com\/index.php\/wp-json\/wp\/v2\/posts\/5140","targetHints":{"allow":["GET"]}}],"collection":[{"href":"https:\/\/21panorama.com\/index.php\/wp-json\/wp\/v2\/posts"}],"about":[{"href":"https:\/\/21panorama.com\/index.php\/wp-json\/wp\/v2\/types\/post"}],"author":[{"embeddable":true,"href":"https:\/\/21panorama.com\/index.php\/wp-json\/wp\/v2\/users\/1"}],"replies":[{"embeddable":true,"href":"https:\/\/21panorama.com\/index.php\/wp-json\/wp\/v2\/comments?post=5140"}],"version-history":[{"count":1,"href":"https:\/\/21panorama.com\/index.php\/wp-json\/wp\/v2\/posts\/5140\/revisions"}],"predecessor-version":[{"id":5142,"href":"https:\/\/21panorama.com\/index.php\/wp-json\/wp\/v2\/posts\/5140\/revisions\/5142"}],"wp:featuredmedia":[{"embeddable":true,"href":"https:\/\/21panorama.com\/index.php\/wp-json\/wp\/v2\/media\/5141"}],"wp:attachment":[{"href":"https:\/\/21panorama.com\/index.php\/wp-json\/wp\/v2\/media?parent=5140"}],"wp:term":[{"taxonomy":"category","embeddable":true,"href":"https:\/\/21panorama.com\/index.php\/wp-json\/wp\/v2\/categories?post=5140"},{"taxonomy":"post_tag","embeddable":true,"href":"https:\/\/21panorama.com\/index.php\/wp-json\/wp\/v2\/tags?post=5140"}],"curies":[{"name":"wp","href":"https:\/\/api.w.org\/{rel}","templated":true}]}}