{"id":5134,"date":"2023-10-18T08:49:36","date_gmt":"2023-10-18T13:49:36","guid":{"rendered":"https:\/\/21panorama.com\/?p=5134"},"modified":"2023-10-18T08:49:37","modified_gmt":"2023-10-18T13:49:37","slug":"apertura-de-consultorio-medico-en-santiago-yeche-jocotitlan","status":"publish","type":"post","link":"https:\/\/21panorama.com\/index.php\/2023\/10\/18\/apertura-de-consultorio-medico-en-santiago-yeche-jocotitlan\/","title":{"rendered":"APERTURA DE CONSULTORIO M\u00c9DICO EN SANTIAGO YECHE, JOCOTITL\u00c1N"},"content":{"rendered":"\n<p><\/p>\n\n\n\n<p>En Santiago Yeche y en compa\u00f1\u00eda del Diputado Federal Gustavo C\u00e1rdenas Monroy, el Diputado Local Iv\u00e1n Esquer Cruz; el Presidente Municipal Jes\u00fas Cedillo Gonz\u00e1lez realiz\u00f3 la apertura al consultorio m\u00e9dico que se ubica en la delegaci\u00f3n municipal.<\/p>\n\n\n\n<p>Este consultorio estar\u00e1 a cargo del M\u00e9dico Cirujano Jos\u00e9 Juan Salazar Miranda quien atender\u00e1 a la ciudadan\u00eda de manera gratuita los domingos y mi\u00e9rcoles de 9:00 a 12:00 hrs., con el fin de brindarle asistencia m\u00e9dica a la poblaci\u00f3n que as\u00ed lo requiera. Adem\u00e1s contar\u00e1 con un m\u00f3dulo de informaci\u00f3n para agendar citas, se brindar\u00e1 asesor\u00eda para planificaci\u00f3n familiar, sin dejar de lado que tambi\u00e9n se ofrecer\u00e1 informaci\u00f3n para procedimientos accesibles.<\/p>\n\n\n\n<p>Jes\u00fas Cedillo indic\u00f3 que se ha girado la instrucci\u00f3n al personal de este centro de atenci\u00f3n, para que se brinde un servicio de calidad y calidez en beneficio de la toda la ciudadan\u00eda jocotitlense, pero sobre todo de la poblaci\u00f3n m\u00e1s vulnerable que en ocasiones no tiene acceso a los servicios de salud.<\/p>\n\n\n\n<p>Durante su intervenci\u00f3n, el jefe del gobierno municipal, reconoci\u00f3 que el cuidado de la salud de la poblaci\u00f3n promueve una mejor calidad de vida entre quienes habitan el municipio de Jocotitl\u00e1n, por ello se comprometi\u00f3 a continuar con el impulso de actividades y acciones que permitan dar continuidad a las acciones para fomentar el bienestar entre la ciudadan\u00eda.<\/p>\n\n\n\n<p>Al finalizar este evento, se llev\u00f3 a cabo el corte de list\u00f3n, y recorrido de la instalaci\u00f3n.<\/p>\n","protected":false},"excerpt":{"rendered":"<p>En Santiago Yeche y en compa\u00f1\u00eda del Diputado Federal Gustavo C\u00e1rdenas Monroy, el Diputado Local Iv\u00e1n Esquer Cruz; el Presidente Municipal Jes\u00fas Cedillo Gonz\u00e1lez realiz\u00f3 la apertura al consultorio m\u00e9dico que se ubica en la delegaci\u00f3n municipal.<\/p>\n","protected":false},"author":1,"featured_media":5135,"comment_status":"open","ping_status":"open","sticky":false,"template":"","format":"standard","meta":{"footnotes":""},"categories":[6,10,12,1],"tags":[97,222,325,42],"class_list":["post-5134","post","type-post","status-publish","format-standard","has-post-thumbnail","hentry","category-cienciaysalud","category-opinion","category-politica","category-sociedad","tag-edomex","tag-gem","tag-jesus-cedillo-gonzalez","tag-jocotitlan"],"yoast_head":"<!-- This site is optimized with the Yoast SEO plugin v24.9 - https:\/\/yoast.com\/wordpress\/plugins\/seo\/ -->\n<title>APERTURA DE CONSULTORIO M\u00c9DICO EN SANTIAGO YECHE, JOCOTITL\u00c1N - 21 Panorama<\/title>\n<meta name=\"robots\" content=\"index, follow, max-snippet:-1, max-image-preview:large, max-video-preview:-1\" \/>\n<link rel=\"canonical\" href=\"https:\/\/21panorama.com\/index.php\/2023\/10\/18\/apertura-de-consultorio-medico-en-santiago-yeche-jocotitlan\/\" \/>\n<meta property=\"og:locale\" content=\"es_MX\" \/>\n<meta property=\"og:type\" content=\"article\" \/>\n<meta property=\"og:title\" content=\"APERTURA DE CONSULTORIO M\u00c9DICO EN SANTIAGO YECHE, JOCOTITL\u00c1N - 21 Panorama\" \/>\n<meta property=\"og:description\" content=\"En Santiago Yeche y en compa\u00f1\u00eda del Diputado Federal Gustavo C\u00e1rdenas Monroy, el Diputado Local Iv\u00e1n Esquer Cruz; el Presidente Municipal Jes\u00fas Cedillo Gonz\u00e1lez realiz\u00f3 la apertura al consultorio m\u00e9dico que se ubica en la delegaci\u00f3n municipal.\" \/>\n<meta property=\"og:url\" content=\"https:\/\/21panorama.com\/index.php\/2023\/10\/18\/apertura-de-consultorio-medico-en-santiago-yeche-jocotitlan\/\" \/>\n<meta property=\"og:site_name\" content=\"21 Panorama\" \/>\n<meta property=\"article:published_time\" content=\"2023-10-18T13:49:36+00:00\" \/>\n<meta property=\"article:modified_time\" content=\"2023-10-18T13:49:37+00:00\" \/>\n<meta property=\"og:image\" content=\"https:\/\/21panorama.com\/wp-content\/uploads\/2023\/10\/Jocotitlan-161023-3.jpg\" \/>\n\t<meta property=\"og:image:width\" content=\"2048\" \/>\n\t<meta property=\"og:image:height\" content=\"1366\" \/>\n\t<meta property=\"og:image:type\" content=\"image\/jpeg\" \/>\n<meta name=\"author\" content=\"admin\" \/>\n<meta name=\"twitter:card\" content=\"summary_large_image\" \/>\n<meta name=\"twitter:label1\" content=\"Escrito por\" \/>\n\t<meta name=\"twitter:data1\" content=\"admin\" \/>\n\t<meta name=\"twitter:label2\" content=\"Tiempo de lectura\" \/>\n\t<meta name=\"twitter:data2\" content=\"2 minutos\" \/>\n<script type=\"application\/ld+json\" class=\"yoast-schema-graph\">{\"@context\":\"https:\/\/schema.org\",\"@graph\":[{\"@type\":\"Article\",\"@id\":\"https:\/\/21panorama.com\/index.php\/2023\/10\/18\/apertura-de-consultorio-medico-en-santiago-yeche-jocotitlan\/#article\",\"isPartOf\":{\"@id\":\"https:\/\/21panorama.com\/index.php\/2023\/10\/18\/apertura-de-consultorio-medico-en-santiago-yeche-jocotitlan\/\"},\"author\":{\"name\":\"admin\",\"@id\":\"https:\/\/21panorama.com\/#\/schema\/person\/1afc291b96d5792a158768324287319f\"},\"headline\":\"APERTURA DE CONSULTORIO M\u00c9DICO EN SANTIAGO YECHE, JOCOTITL\u00c1N\",\"datePublished\":\"2023-10-18T13:49:36+00:00\",\"dateModified\":\"2023-10-18T13:49:37+00:00\",\"mainEntityOfPage\":{\"@id\":\"https:\/\/21panorama.com\/index.php\/2023\/10\/18\/apertura-de-consultorio-medico-en-santiago-yeche-jocotitlan\/\"},\"wordCount\":275,\"commentCount\":0,\"publisher\":{\"@id\":\"https:\/\/21panorama.com\/#organization\"},\"image\":{\"@id\":\"https:\/\/21panorama.com\/index.php\/2023\/10\/18\/apertura-de-consultorio-medico-en-santiago-yeche-jocotitlan\/#primaryimage\"},\"thumbnailUrl\":\"https:\/\/21panorama.com\/wp-content\/uploads\/2023\/10\/Jocotitlan-161023-3.jpg\",\"keywords\":[\"EDOMEX\",\"GEM\",\"Jes\u00fas Cedillo Gonz\u00e1lez\",\"Jocotitl\u00e1n\"],\"articleSection\":[\"Ciencia y Salud\",\"Opini\u00f3n\",\"Politica\",\"Sociedad\"],\"inLanguage\":\"es\",\"potentialAction\":[{\"@type\":\"CommentAction\",\"name\":\"Comment\",\"target\":[\"https:\/\/21panorama.com\/index.php\/2023\/10\/18\/apertura-de-consultorio-medico-en-santiago-yeche-jocotitlan\/#respond\"]}]},{\"@type\":\"WebPage\",\"@id\":\"https:\/\/21panorama.com\/index.php\/2023\/10\/18\/apertura-de-consultorio-medico-en-santiago-yeche-jocotitlan\/\",\"url\":\"https:\/\/21panorama.com\/index.php\/2023\/10\/18\/apertura-de-consultorio-medico-en-santiago-yeche-jocotitlan\/\",\"name\":\"APERTURA DE CONSULTORIO M\u00c9DICO EN SANTIAGO YECHE, JOCOTITL\u00c1N - 21 Panorama\",\"isPartOf\":{\"@id\":\"https:\/\/21panorama.com\/#website\"},\"primaryImageOfPage\":{\"@id\":\"https:\/\/21panorama.com\/index.php\/2023\/10\/18\/apertura-de-consultorio-medico-en-santiago-yeche-jocotitlan\/#primaryimage\"},\"image\":{\"@id\":\"https:\/\/21panorama.com\/index.php\/2023\/10\/18\/apertura-de-consultorio-medico-en-santiago-yeche-jocotitlan\/#primaryimage\"},\"thumbnailUrl\":\"https:\/\/21panorama.com\/wp-content\/uploads\/2023\/10\/Jocotitlan-161023-3.jpg\",\"datePublished\":\"2023-10-18T13:49:36+00:00\",\"dateModified\":\"2023-10-18T13:49:37+00:00\",\"breadcrumb\":{\"@id\":\"https:\/\/21panorama.com\/index.php\/2023\/10\/18\/apertura-de-consultorio-medico-en-santiago-yeche-jocotitlan\/#breadcrumb\"},\"inLanguage\":\"es\",\"potentialAction\":[{\"@type\":\"ReadAction\",\"target\":[\"https:\/\/21panorama.com\/index.php\/2023\/10\/18\/apertura-de-consultorio-medico-en-santiago-yeche-jocotitlan\/\"]}]},{\"@type\":\"ImageObject\",\"inLanguage\":\"es\",\"@id\":\"https:\/\/21panorama.com\/index.php\/2023\/10\/18\/apertura-de-consultorio-medico-en-santiago-yeche-jocotitlan\/#primaryimage\",\"url\":\"https:\/\/21panorama.com\/wp-content\/uploads\/2023\/10\/Jocotitlan-161023-3.jpg\",\"contentUrl\":\"https:\/\/21panorama.com\/wp-content\/uploads\/2023\/10\/Jocotitlan-161023-3.jpg\",\"width\":2048,\"height\":1366},{\"@type\":\"BreadcrumbList\",\"@id\":\"https:\/\/21panorama.com\/index.php\/2023\/10\/18\/apertura-de-consultorio-medico-en-santiago-yeche-jocotitlan\/#breadcrumb\",\"itemListElement\":[{\"@type\":\"ListItem\",\"position\":1,\"name\":\"Inicio\",\"item\":\"https:\/\/21panorama.com\/\"},{\"@type\":\"ListItem\",\"position\":2,\"name\":\"APERTURA DE CONSULTORIO M\u00c9DICO EN SANTIAGO YECHE, JOCOTITL\u00c1N\"}]},{\"@type\":\"WebSite\",\"@id\":\"https:\/\/21panorama.com\/#website\",\"url\":\"https:\/\/21panorama.com\/\",\"name\":\"21 Panorama\",\"description\":\"La construcci\u00f3n de la opini\u00f3n p\u00fablica merece un mejor Panorama en este siglo 21 para alcanzar una sociedad con mayor transparencia y sin corrupci\u00f3n.\",\"publisher\":{\"@id\":\"https:\/\/21panorama.com\/#organization\"},\"potentialAction\":[{\"@type\":\"SearchAction\",\"target\":{\"@type\":\"EntryPoint\",\"urlTemplate\":\"https:\/\/21panorama.com\/?s={search_term_string}\"},\"query-input\":{\"@type\":\"PropertyValueSpecification\",\"valueRequired\":true,\"valueName\":\"search_term_string\"}}],\"inLanguage\":\"es\"},{\"@type\":\"Organization\",\"@id\":\"https:\/\/21panorama.com\/#organization\",\"name\":\"21 Panorama\",\"url\":\"https:\/\/21panorama.com\/\",\"logo\":{\"@type\":\"ImageObject\",\"inLanguage\":\"es\",\"@id\":\"https:\/\/21panorama.com\/#\/schema\/logo\/image\/\",\"url\":\"https:\/\/21panorama.com\/wp-content\/uploads\/2019\/07\/cropped-Logo-Panorama-01.jpeg\",\"contentUrl\":\"https:\/\/21panorama.com\/wp-content\/uploads\/2019\/07\/cropped-Logo-Panorama-01.jpeg\",\"width\":290,\"height\":70,\"caption\":\"21 Panorama\"},\"image\":{\"@id\":\"https:\/\/21panorama.com\/#\/schema\/logo\/image\/\"}},{\"@type\":\"Person\",\"@id\":\"https:\/\/21panorama.com\/#\/schema\/person\/1afc291b96d5792a158768324287319f\",\"name\":\"admin\",\"image\":{\"@type\":\"ImageObject\",\"inLanguage\":\"es\",\"@id\":\"https:\/\/21panorama.com\/#\/schema\/person\/image\/\",\"url\":\"https:\/\/secure.gravatar.com\/avatar\/ad365d9d9f46719215b0d042cc3df92a5a8683e09ef13d102233e5491985f0f0?s=96&d=mm&r=g\",\"contentUrl\":\"https:\/\/secure.gravatar.com\/avatar\/ad365d9d9f46719215b0d042cc3df92a5a8683e09ef13d102233e5491985f0f0?s=96&d=mm&r=g\",\"caption\":\"admin\"},\"url\":\"https:\/\/21panorama.com\/index.php\/author\/admin\/\"}]}<\/script>\n<!-- \/ Yoast SEO plugin. -->","yoast_head_json":{"title":"APERTURA DE CONSULTORIO M\u00c9DICO EN SANTIAGO YECHE, JOCOTITL\u00c1N - 21 Panorama","robots":{"index":"index","follow":"follow","max-snippet":"max-snippet:-1","max-image-preview":"max-image-preview:large","max-video-preview":"max-video-preview:-1"},"canonical":"https:\/\/21panorama.com\/index.php\/2023\/10\/18\/apertura-de-consultorio-medico-en-santiago-yeche-jocotitlan\/","og_locale":"es_MX","og_type":"article","og_title":"APERTURA DE CONSULTORIO M\u00c9DICO EN SANTIAGO YECHE, JOCOTITL\u00c1N - 21 Panorama","og_description":"En Santiago Yeche y en compa\u00f1\u00eda del Diputado Federal Gustavo C\u00e1rdenas Monroy, el Diputado Local Iv\u00e1n Esquer Cruz; el Presidente Municipal Jes\u00fas Cedillo Gonz\u00e1lez realiz\u00f3 la apertura al consultorio m\u00e9dico que se ubica en la delegaci\u00f3n municipal.","og_url":"https:\/\/21panorama.com\/index.php\/2023\/10\/18\/apertura-de-consultorio-medico-en-santiago-yeche-jocotitlan\/","og_site_name":"21 Panorama","article_published_time":"2023-10-18T13:49:36+00:00","article_modified_time":"2023-10-18T13:49:37+00:00","og_image":[{"width":2048,"height":1366,"url":"https:\/\/21panorama.com\/wp-content\/uploads\/2023\/10\/Jocotitlan-161023-3.jpg","type":"image\/jpeg"}],"author":"admin","twitter_card":"summary_large_image","twitter_misc":{"Escrito por":"admin","Tiempo de lectura":"2 minutos"},"schema":{"@context":"https:\/\/schema.org","@graph":[{"@type":"Article","@id":"https:\/\/21panorama.com\/index.php\/2023\/10\/18\/apertura-de-consultorio-medico-en-santiago-yeche-jocotitlan\/#article","isPartOf":{"@id":"https:\/\/21panorama.com\/index.php\/2023\/10\/18\/apertura-de-consultorio-medico-en-santiago-yeche-jocotitlan\/"},"author":{"name":"admin","@id":"https:\/\/21panorama.com\/#\/schema\/person\/1afc291b96d5792a158768324287319f"},"headline":"APERTURA DE CONSULTORIO M\u00c9DICO EN SANTIAGO YECHE, JOCOTITL\u00c1N","datePublished":"2023-10-18T13:49:36+00:00","dateModified":"2023-10-18T13:49:37+00:00","mainEntityOfPage":{"@id":"https:\/\/21panorama.com\/index.php\/2023\/10\/18\/apertura-de-consultorio-medico-en-santiago-yeche-jocotitlan\/"},"wordCount":275,"commentCount":0,"publisher":{"@id":"https:\/\/21panorama.com\/#organization"},"image":{"@id":"https:\/\/21panorama.com\/index.php\/2023\/10\/18\/apertura-de-consultorio-medico-en-santiago-yeche-jocotitlan\/#primaryimage"},"thumbnailUrl":"https:\/\/21panorama.com\/wp-content\/uploads\/2023\/10\/Jocotitlan-161023-3.jpg","keywords":["EDOMEX","GEM","Jes\u00fas Cedillo Gonz\u00e1lez","Jocotitl\u00e1n"],"articleSection":["Ciencia y Salud","Opini\u00f3n","Politica","Sociedad"],"inLanguage":"es","potentialAction":[{"@type":"CommentAction","name":"Comment","target":["https:\/\/21panorama.com\/index.php\/2023\/10\/18\/apertura-de-consultorio-medico-en-santiago-yeche-jocotitlan\/#respond"]}]},{"@type":"WebPage","@id":"https:\/\/21panorama.com\/index.php\/2023\/10\/18\/apertura-de-consultorio-medico-en-santiago-yeche-jocotitlan\/","url":"https:\/\/21panorama.com\/index.php\/2023\/10\/18\/apertura-de-consultorio-medico-en-santiago-yeche-jocotitlan\/","name":"APERTURA DE CONSULTORIO M\u00c9DICO EN SANTIAGO YECHE, JOCOTITL\u00c1N - 21 Panorama","isPartOf":{"@id":"https:\/\/21panorama.com\/#website"},"primaryImageOfPage":{"@id":"https:\/\/21panorama.com\/index.php\/2023\/10\/18\/apertura-de-consultorio-medico-en-santiago-yeche-jocotitlan\/#primaryimage"},"image":{"@id":"https:\/\/21panorama.com\/index.php\/2023\/10\/18\/apertura-de-consultorio-medico-en-santiago-yeche-jocotitlan\/#primaryimage"},"thumbnailUrl":"https:\/\/21panorama.com\/wp-content\/uploads\/2023\/10\/Jocotitlan-161023-3.jpg","datePublished":"2023-10-18T13:49:36+00:00","dateModified":"2023-10-18T13:49:37+00:00","breadcrumb":{"@id":"https:\/\/21panorama.com\/index.php\/2023\/10\/18\/apertura-de-consultorio-medico-en-santiago-yeche-jocotitlan\/#breadcrumb"},"inLanguage":"es","potentialAction":[{"@type":"ReadAction","target":["https:\/\/21panorama.com\/index.php\/2023\/10\/18\/apertura-de-consultorio-medico-en-santiago-yeche-jocotitlan\/"]}]},{"@type":"ImageObject","inLanguage":"es","@id":"https:\/\/21panorama.com\/index.php\/2023\/10\/18\/apertura-de-consultorio-medico-en-santiago-yeche-jocotitlan\/#primaryimage","url":"https:\/\/21panorama.com\/wp-content\/uploads\/2023\/10\/Jocotitlan-161023-3.jpg","contentUrl":"https:\/\/21panorama.com\/wp-content\/uploads\/2023\/10\/Jocotitlan-161023-3.jpg","width":2048,"height":1366},{"@type":"BreadcrumbList","@id":"https:\/\/21panorama.com\/index.php\/2023\/10\/18\/apertura-de-consultorio-medico-en-santiago-yeche-jocotitlan\/#breadcrumb","itemListElement":[{"@type":"ListItem","position":1,"name":"Inicio","item":"https:\/\/21panorama.com\/"},{"@type":"ListItem","position":2,"name":"APERTURA DE CONSULTORIO M\u00c9DICO EN SANTIAGO YECHE, JOCOTITL\u00c1N"}]},{"@type":"WebSite","@id":"https:\/\/21panorama.com\/#website","url":"https:\/\/21panorama.com\/","name":"21 Panorama","description":"La construcci\u00f3n de la opini\u00f3n p\u00fablica merece un mejor Panorama en este siglo 21 para alcanzar una sociedad con mayor transparencia y sin corrupci\u00f3n.","publisher":{"@id":"https:\/\/21panorama.com\/#organization"},"potentialAction":[{"@type":"SearchAction","target":{"@type":"EntryPoint","urlTemplate":"https:\/\/21panorama.com\/?s={search_term_string}"},"query-input":{"@type":"PropertyValueSpecification","valueRequired":true,"valueName":"search_term_string"}}],"inLanguage":"es"},{"@type":"Organization","@id":"https:\/\/21panorama.com\/#organization","name":"21 Panorama","url":"https:\/\/21panorama.com\/","logo":{"@type":"ImageObject","inLanguage":"es","@id":"https:\/\/21panorama.com\/#\/schema\/logo\/image\/","url":"https:\/\/21panorama.com\/wp-content\/uploads\/2019\/07\/cropped-Logo-Panorama-01.jpeg","contentUrl":"https:\/\/21panorama.com\/wp-content\/uploads\/2019\/07\/cropped-Logo-Panorama-01.jpeg","width":290,"height":70,"caption":"21 Panorama"},"image":{"@id":"https:\/\/21panorama.com\/#\/schema\/logo\/image\/"}},{"@type":"Person","@id":"https:\/\/21panorama.com\/#\/schema\/person\/1afc291b96d5792a158768324287319f","name":"admin","image":{"@type":"ImageObject","inLanguage":"es","@id":"https:\/\/21panorama.com\/#\/schema\/person\/image\/","url":"https:\/\/secure.gravatar.com\/avatar\/ad365d9d9f46719215b0d042cc3df92a5a8683e09ef13d102233e5491985f0f0?s=96&d=mm&r=g","contentUrl":"https:\/\/secure.gravatar.com\/avatar\/ad365d9d9f46719215b0d042cc3df92a5a8683e09ef13d102233e5491985f0f0?s=96&d=mm&r=g","caption":"admin"},"url":"https:\/\/21panorama.com\/index.php\/author\/admin\/"}]}},"_links":{"self":[{"href":"https:\/\/21panorama.com\/index.php\/wp-json\/wp\/v2\/posts\/5134","targetHints":{"allow":["GET"]}}],"collection":[{"href":"https:\/\/21panorama.com\/index.php\/wp-json\/wp\/v2\/posts"}],"about":[{"href":"https:\/\/21panorama.com\/index.php\/wp-json\/wp\/v2\/types\/post"}],"author":[{"embeddable":true,"href":"https:\/\/21panorama.com\/index.php\/wp-json\/wp\/v2\/users\/1"}],"replies":[{"embeddable":true,"href":"https:\/\/21panorama.com\/index.php\/wp-json\/wp\/v2\/comments?post=5134"}],"version-history":[{"count":1,"href":"https:\/\/21panorama.com\/index.php\/wp-json\/wp\/v2\/posts\/5134\/revisions"}],"predecessor-version":[{"id":5136,"href":"https:\/\/21panorama.com\/index.php\/wp-json\/wp\/v2\/posts\/5134\/revisions\/5136"}],"wp:featuredmedia":[{"embeddable":true,"href":"https:\/\/21panorama.com\/index.php\/wp-json\/wp\/v2\/media\/5135"}],"wp:attachment":[{"href":"https:\/\/21panorama.com\/index.php\/wp-json\/wp\/v2\/media?parent=5134"}],"wp:term":[{"taxonomy":"category","embeddable":true,"href":"https:\/\/21panorama.com\/index.php\/wp-json\/wp\/v2\/categories?post=5134"},{"taxonomy":"post_tag","embeddable":true,"href":"https:\/\/21panorama.com\/index.php\/wp-json\/wp\/v2\/tags?post=5134"}],"curies":[{"name":"wp","href":"https:\/\/api.w.org\/{rel}","templated":true}]}}