{"id":5126,"date":"2023-10-16T09:49:02","date_gmt":"2023-10-16T14:49:02","guid":{"rendered":"https:\/\/21panorama.com\/?p=5126"},"modified":"2023-10-16T09:49:03","modified_gmt":"2023-10-16T14:49:03","slug":"esta-el-priismo-mexiquense-en-pie-de-lucha-para-cambiar-el-pais-eric-sevilla","status":"publish","type":"post","link":"https:\/\/21panorama.com\/index.php\/2023\/10\/16\/esta-el-priismo-mexiquense-en-pie-de-lucha-para-cambiar-el-pais-eric-sevilla\/","title":{"rendered":"EST\u00c1 EL PRIISMO MEXIQUENSE EN PIE DE LUCHA PARA CAMBIAR EL PA\u00cdS: ERIC SEVILLA"},"content":{"rendered":"\n<p><\/p>\n\n\n\n<p>\u2022 En el Estado de M\u00e9xico se construir\u00e1 una coalici\u00f3n electoral ganadora para el 2024, afirm\u00f3 el jefe de partido.<\/p>\n\n\n\n<p>El priismo mexiquense est\u00e1 sumado en todo lo que demanda la consolidaci\u00f3n del Frente Amplio por M\u00e9xico, con una estrategia consistente que fortalece la unidad e inclusi\u00f3n para ganar las elecciones del pr\u00f3ximo a\u00f1o y darle un nuevo rumbo a la historia del pa\u00eds, dej\u00f3 en claro el presidente del Comit\u00e9 Directivo Estatal (CDE), Eric Sevilla.<\/p>\n\n\n\n<p>En el Partido Revolucionario Institucional (PRI) estamos m\u00e1s puestos que nunca y en pie de lucha para enfrentar el proceso electoral con candidaturas ganadoras para las 125 presidencias municipales, diputaciones locales y federales, senadur\u00edas y la Presidencia de la Rep\u00fablica, manifest\u00f3 el l\u00edder pri\u00edsta.<\/p>\n\n\n\n<p>Durante una reuni\u00f3n con el CDE, el dirigente estatal asegur\u00f3 que los trabajos de los sectores y organizaciones no tienen pausa en la intenci\u00f3n de plasmar una estrategia que aglutine a todos los ciudadanos que quieren una nueva hoja de ruta para M\u00e9xico, despu\u00e9s de un sexenio desastroso en los temas de seguridad, salud, educaci\u00f3n y en el campo.<\/p>\n\n\n\n<p>\u201cViene una elecci\u00f3n muy importante para darle un nuevo destino al pa\u00eds y eso se construye desde los Estados y en ese sentido nos corresponde plantear una estrategia para que nuestro instituto pol\u00edtico est\u00e9 listo para competir, por eso aqu\u00ed el trabajo no se detiene\u201d, puntualiz\u00f3 el dirigente estatal del PRI.<\/p>\n\n\n\n<p>Con la participaci\u00f3n intensa que tienen los partidos que integran el Frente Amplio por M\u00e9xico, el jefe de partido anticip\u00f3 que habr\u00e1 acuerdo de coalici\u00f3n, \u201chay experiencia y trabajo con los coaligados en los \u00faltimos dos procesos y analizaremos las f\u00f3rmulas, lo haremos en funci\u00f3n de lo que m\u00e1s convenga para la pr\u00f3xima elecci\u00f3n\u201d.<\/p>\n\n\n\n<p>El dirigente estatal dijo, finalmente, que en el PRI todos los sectores est\u00e1n representados y estar\u00e1n debidamente registrados en el siguiente proceso electoral. Tambi\u00e9n se cumplir\u00e1 con las disposiciones legales que acuerden los \u00f3rganos electorales respecto a los diversos grupos de la sociedad que tengan la intenci\u00f3n de participar en la pr\u00f3xima elecci\u00f3n del 2024, agreg\u00f3.<\/p>\n","protected":false},"excerpt":{"rendered":"<p>El priismo mexiquense est\u00e1 sumado en todo lo que demanda la consolidaci\u00f3n del Frente Amplio por M\u00e9xico, con una estrategia consistente que fortalece la unidad e inclusi\u00f3n para ganar las elecciones del pr\u00f3ximo a\u00f1o y darle un nuevo rumbo a la historia del pa\u00eds, dej\u00f3 en claro el presidente del Comit\u00e9 Directivo Estatal (CDE), Eric Sevilla.<\/p>\n","protected":false},"author":1,"featured_media":5127,"comment_status":"open","ping_status":"open","sticky":false,"template":"","format":"standard","meta":{"footnotes":""},"categories":[10,12,1],"tags":[97,310,33],"class_list":["post-5126","post","type-post","status-publish","format-standard","has-post-thumbnail","hentry","category-opinion","category-politica","category-sociedad","tag-edomex","tag-eric-sevilla","tag-pri"],"yoast_head":"<!-- This site is optimized with the Yoast SEO plugin v24.9 - https:\/\/yoast.com\/wordpress\/plugins\/seo\/ -->\n<title>EST\u00c1 EL PRIISMO MEXIQUENSE EN PIE DE LUCHA PARA CAMBIAR EL PA\u00cdS: ERIC SEVILLA - 21 Panorama<\/title>\n<meta name=\"robots\" content=\"index, follow, max-snippet:-1, max-image-preview:large, max-video-preview:-1\" \/>\n<link rel=\"canonical\" href=\"https:\/\/21panorama.com\/index.php\/2023\/10\/16\/esta-el-priismo-mexiquense-en-pie-de-lucha-para-cambiar-el-pais-eric-sevilla\/\" \/>\n<meta property=\"og:locale\" content=\"es_MX\" \/>\n<meta property=\"og:type\" content=\"article\" \/>\n<meta property=\"og:title\" content=\"EST\u00c1 EL PRIISMO MEXIQUENSE EN PIE DE LUCHA PARA CAMBIAR EL PA\u00cdS: ERIC SEVILLA - 21 Panorama\" \/>\n<meta property=\"og:description\" content=\"El priismo mexiquense est\u00e1 sumado en todo lo que demanda la consolidaci\u00f3n del Frente Amplio por M\u00e9xico, con una estrategia consistente que fortalece la unidad e inclusi\u00f3n para ganar las elecciones del pr\u00f3ximo a\u00f1o y darle un nuevo rumbo a la historia del pa\u00eds, dej\u00f3 en claro el presidente del Comit\u00e9 Directivo Estatal (CDE), Eric Sevilla.\" \/>\n<meta property=\"og:url\" content=\"https:\/\/21panorama.com\/index.php\/2023\/10\/16\/esta-el-priismo-mexiquense-en-pie-de-lucha-para-cambiar-el-pais-eric-sevilla\/\" \/>\n<meta property=\"og:site_name\" content=\"21 Panorama\" \/>\n<meta property=\"article:published_time\" content=\"2023-10-16T14:49:02+00:00\" \/>\n<meta property=\"article:modified_time\" content=\"2023-10-16T14:49:03+00:00\" \/>\n<meta property=\"og:image\" content=\"https:\/\/21panorama.com\/wp-content\/uploads\/2023\/10\/WhatsApp-Image-2023-10-15-at-4.04.58-PM.jpeg\" \/>\n\t<meta property=\"og:image:width\" content=\"1024\" \/>\n\t<meta property=\"og:image:height\" content=\"683\" \/>\n\t<meta property=\"og:image:type\" content=\"image\/jpeg\" \/>\n<meta name=\"author\" content=\"admin\" \/>\n<meta name=\"twitter:card\" content=\"summary_large_image\" \/>\n<meta name=\"twitter:label1\" content=\"Escrito por\" \/>\n\t<meta name=\"twitter:data1\" content=\"admin\" \/>\n\t<meta name=\"twitter:label2\" content=\"Tiempo de lectura\" \/>\n\t<meta name=\"twitter:data2\" content=\"2 minutos\" \/>\n<script type=\"application\/ld+json\" class=\"yoast-schema-graph\">{\"@context\":\"https:\/\/schema.org\",\"@graph\":[{\"@type\":\"Article\",\"@id\":\"https:\/\/21panorama.com\/index.php\/2023\/10\/16\/esta-el-priismo-mexiquense-en-pie-de-lucha-para-cambiar-el-pais-eric-sevilla\/#article\",\"isPartOf\":{\"@id\":\"https:\/\/21panorama.com\/index.php\/2023\/10\/16\/esta-el-priismo-mexiquense-en-pie-de-lucha-para-cambiar-el-pais-eric-sevilla\/\"},\"author\":{\"name\":\"admin\",\"@id\":\"https:\/\/21panorama.com\/#\/schema\/person\/1afc291b96d5792a158768324287319f\"},\"headline\":\"EST\u00c1 EL PRIISMO MEXIQUENSE EN PIE DE LUCHA PARA CAMBIAR EL PA\u00cdS: ERIC SEVILLA\",\"datePublished\":\"2023-10-16T14:49:02+00:00\",\"dateModified\":\"2023-10-16T14:49:03+00:00\",\"mainEntityOfPage\":{\"@id\":\"https:\/\/21panorama.com\/index.php\/2023\/10\/16\/esta-el-priismo-mexiquense-en-pie-de-lucha-para-cambiar-el-pais-eric-sevilla\/\"},\"wordCount\":386,\"commentCount\":0,\"publisher\":{\"@id\":\"https:\/\/21panorama.com\/#organization\"},\"image\":{\"@id\":\"https:\/\/21panorama.com\/index.php\/2023\/10\/16\/esta-el-priismo-mexiquense-en-pie-de-lucha-para-cambiar-el-pais-eric-sevilla\/#primaryimage\"},\"thumbnailUrl\":\"https:\/\/21panorama.com\/wp-content\/uploads\/2023\/10\/WhatsApp-Image-2023-10-15-at-4.04.58-PM.jpeg\",\"keywords\":[\"EDOMEX\",\"ERIC SEVILLA\",\"PRI\"],\"articleSection\":[\"Opini\u00f3n\",\"Politica\",\"Sociedad\"],\"inLanguage\":\"es\",\"potentialAction\":[{\"@type\":\"CommentAction\",\"name\":\"Comment\",\"target\":[\"https:\/\/21panorama.com\/index.php\/2023\/10\/16\/esta-el-priismo-mexiquense-en-pie-de-lucha-para-cambiar-el-pais-eric-sevilla\/#respond\"]}]},{\"@type\":\"WebPage\",\"@id\":\"https:\/\/21panorama.com\/index.php\/2023\/10\/16\/esta-el-priismo-mexiquense-en-pie-de-lucha-para-cambiar-el-pais-eric-sevilla\/\",\"url\":\"https:\/\/21panorama.com\/index.php\/2023\/10\/16\/esta-el-priismo-mexiquense-en-pie-de-lucha-para-cambiar-el-pais-eric-sevilla\/\",\"name\":\"EST\u00c1 EL PRIISMO MEXIQUENSE EN PIE DE LUCHA PARA CAMBIAR EL PA\u00cdS: ERIC SEVILLA - 21 Panorama\",\"isPartOf\":{\"@id\":\"https:\/\/21panorama.com\/#website\"},\"primaryImageOfPage\":{\"@id\":\"https:\/\/21panorama.com\/index.php\/2023\/10\/16\/esta-el-priismo-mexiquense-en-pie-de-lucha-para-cambiar-el-pais-eric-sevilla\/#primaryimage\"},\"image\":{\"@id\":\"https:\/\/21panorama.com\/index.php\/2023\/10\/16\/esta-el-priismo-mexiquense-en-pie-de-lucha-para-cambiar-el-pais-eric-sevilla\/#primaryimage\"},\"thumbnailUrl\":\"https:\/\/21panorama.com\/wp-content\/uploads\/2023\/10\/WhatsApp-Image-2023-10-15-at-4.04.58-PM.jpeg\",\"datePublished\":\"2023-10-16T14:49:02+00:00\",\"dateModified\":\"2023-10-16T14:49:03+00:00\",\"breadcrumb\":{\"@id\":\"https:\/\/21panorama.com\/index.php\/2023\/10\/16\/esta-el-priismo-mexiquense-en-pie-de-lucha-para-cambiar-el-pais-eric-sevilla\/#breadcrumb\"},\"inLanguage\":\"es\",\"potentialAction\":[{\"@type\":\"ReadAction\",\"target\":[\"https:\/\/21panorama.com\/index.php\/2023\/10\/16\/esta-el-priismo-mexiquense-en-pie-de-lucha-para-cambiar-el-pais-eric-sevilla\/\"]}]},{\"@type\":\"ImageObject\",\"inLanguage\":\"es\",\"@id\":\"https:\/\/21panorama.com\/index.php\/2023\/10\/16\/esta-el-priismo-mexiquense-en-pie-de-lucha-para-cambiar-el-pais-eric-sevilla\/#primaryimage\",\"url\":\"https:\/\/21panorama.com\/wp-content\/uploads\/2023\/10\/WhatsApp-Image-2023-10-15-at-4.04.58-PM.jpeg\",\"contentUrl\":\"https:\/\/21panorama.com\/wp-content\/uploads\/2023\/10\/WhatsApp-Image-2023-10-15-at-4.04.58-PM.jpeg\",\"width\":1024,\"height\":683},{\"@type\":\"BreadcrumbList\",\"@id\":\"https:\/\/21panorama.com\/index.php\/2023\/10\/16\/esta-el-priismo-mexiquense-en-pie-de-lucha-para-cambiar-el-pais-eric-sevilla\/#breadcrumb\",\"itemListElement\":[{\"@type\":\"ListItem\",\"position\":1,\"name\":\"Inicio\",\"item\":\"https:\/\/21panorama.com\/\"},{\"@type\":\"ListItem\",\"position\":2,\"name\":\"EST\u00c1 EL PRIISMO MEXIQUENSE EN PIE DE LUCHA PARA CAMBIAR EL PA\u00cdS: ERIC SEVILLA\"}]},{\"@type\":\"WebSite\",\"@id\":\"https:\/\/21panorama.com\/#website\",\"url\":\"https:\/\/21panorama.com\/\",\"name\":\"21 Panorama\",\"description\":\"La construcci\u00f3n de la opini\u00f3n p\u00fablica merece un mejor Panorama en este siglo 21 para alcanzar una sociedad con mayor transparencia y sin corrupci\u00f3n.\",\"publisher\":{\"@id\":\"https:\/\/21panorama.com\/#organization\"},\"potentialAction\":[{\"@type\":\"SearchAction\",\"target\":{\"@type\":\"EntryPoint\",\"urlTemplate\":\"https:\/\/21panorama.com\/?s={search_term_string}\"},\"query-input\":{\"@type\":\"PropertyValueSpecification\",\"valueRequired\":true,\"valueName\":\"search_term_string\"}}],\"inLanguage\":\"es\"},{\"@type\":\"Organization\",\"@id\":\"https:\/\/21panorama.com\/#organization\",\"name\":\"21 Panorama\",\"url\":\"https:\/\/21panorama.com\/\",\"logo\":{\"@type\":\"ImageObject\",\"inLanguage\":\"es\",\"@id\":\"https:\/\/21panorama.com\/#\/schema\/logo\/image\/\",\"url\":\"https:\/\/21panorama.com\/wp-content\/uploads\/2019\/07\/cropped-Logo-Panorama-01.jpeg\",\"contentUrl\":\"https:\/\/21panorama.com\/wp-content\/uploads\/2019\/07\/cropped-Logo-Panorama-01.jpeg\",\"width\":290,\"height\":70,\"caption\":\"21 Panorama\"},\"image\":{\"@id\":\"https:\/\/21panorama.com\/#\/schema\/logo\/image\/\"}},{\"@type\":\"Person\",\"@id\":\"https:\/\/21panorama.com\/#\/schema\/person\/1afc291b96d5792a158768324287319f\",\"name\":\"admin\",\"image\":{\"@type\":\"ImageObject\",\"inLanguage\":\"es\",\"@id\":\"https:\/\/21panorama.com\/#\/schema\/person\/image\/\",\"url\":\"https:\/\/secure.gravatar.com\/avatar\/ad365d9d9f46719215b0d042cc3df92a5a8683e09ef13d102233e5491985f0f0?s=96&d=mm&r=g\",\"contentUrl\":\"https:\/\/secure.gravatar.com\/avatar\/ad365d9d9f46719215b0d042cc3df92a5a8683e09ef13d102233e5491985f0f0?s=96&d=mm&r=g\",\"caption\":\"admin\"},\"url\":\"https:\/\/21panorama.com\/index.php\/author\/admin\/\"}]}<\/script>\n<!-- \/ Yoast SEO plugin. -->","yoast_head_json":{"title":"EST\u00c1 EL PRIISMO MEXIQUENSE EN PIE DE LUCHA PARA CAMBIAR EL PA\u00cdS: ERIC SEVILLA - 21 Panorama","robots":{"index":"index","follow":"follow","max-snippet":"max-snippet:-1","max-image-preview":"max-image-preview:large","max-video-preview":"max-video-preview:-1"},"canonical":"https:\/\/21panorama.com\/index.php\/2023\/10\/16\/esta-el-priismo-mexiquense-en-pie-de-lucha-para-cambiar-el-pais-eric-sevilla\/","og_locale":"es_MX","og_type":"article","og_title":"EST\u00c1 EL PRIISMO MEXIQUENSE EN PIE DE LUCHA PARA CAMBIAR EL PA\u00cdS: ERIC SEVILLA - 21 Panorama","og_description":"El priismo mexiquense est\u00e1 sumado en todo lo que demanda la consolidaci\u00f3n del Frente Amplio por M\u00e9xico, con una estrategia consistente que fortalece la unidad e inclusi\u00f3n para ganar las elecciones del pr\u00f3ximo a\u00f1o y darle un nuevo rumbo a la historia del pa\u00eds, dej\u00f3 en claro el presidente del Comit\u00e9 Directivo Estatal (CDE), Eric Sevilla.","og_url":"https:\/\/21panorama.com\/index.php\/2023\/10\/16\/esta-el-priismo-mexiquense-en-pie-de-lucha-para-cambiar-el-pais-eric-sevilla\/","og_site_name":"21 Panorama","article_published_time":"2023-10-16T14:49:02+00:00","article_modified_time":"2023-10-16T14:49:03+00:00","og_image":[{"width":1024,"height":683,"url":"https:\/\/21panorama.com\/wp-content\/uploads\/2023\/10\/WhatsApp-Image-2023-10-15-at-4.04.58-PM.jpeg","type":"image\/jpeg"}],"author":"admin","twitter_card":"summary_large_image","twitter_misc":{"Escrito por":"admin","Tiempo de lectura":"2 minutos"},"schema":{"@context":"https:\/\/schema.org","@graph":[{"@type":"Article","@id":"https:\/\/21panorama.com\/index.php\/2023\/10\/16\/esta-el-priismo-mexiquense-en-pie-de-lucha-para-cambiar-el-pais-eric-sevilla\/#article","isPartOf":{"@id":"https:\/\/21panorama.com\/index.php\/2023\/10\/16\/esta-el-priismo-mexiquense-en-pie-de-lucha-para-cambiar-el-pais-eric-sevilla\/"},"author":{"name":"admin","@id":"https:\/\/21panorama.com\/#\/schema\/person\/1afc291b96d5792a158768324287319f"},"headline":"EST\u00c1 EL PRIISMO MEXIQUENSE EN PIE DE LUCHA PARA CAMBIAR EL PA\u00cdS: ERIC SEVILLA","datePublished":"2023-10-16T14:49:02+00:00","dateModified":"2023-10-16T14:49:03+00:00","mainEntityOfPage":{"@id":"https:\/\/21panorama.com\/index.php\/2023\/10\/16\/esta-el-priismo-mexiquense-en-pie-de-lucha-para-cambiar-el-pais-eric-sevilla\/"},"wordCount":386,"commentCount":0,"publisher":{"@id":"https:\/\/21panorama.com\/#organization"},"image":{"@id":"https:\/\/21panorama.com\/index.php\/2023\/10\/16\/esta-el-priismo-mexiquense-en-pie-de-lucha-para-cambiar-el-pais-eric-sevilla\/#primaryimage"},"thumbnailUrl":"https:\/\/21panorama.com\/wp-content\/uploads\/2023\/10\/WhatsApp-Image-2023-10-15-at-4.04.58-PM.jpeg","keywords":["EDOMEX","ERIC SEVILLA","PRI"],"articleSection":["Opini\u00f3n","Politica","Sociedad"],"inLanguage":"es","potentialAction":[{"@type":"CommentAction","name":"Comment","target":["https:\/\/21panorama.com\/index.php\/2023\/10\/16\/esta-el-priismo-mexiquense-en-pie-de-lucha-para-cambiar-el-pais-eric-sevilla\/#respond"]}]},{"@type":"WebPage","@id":"https:\/\/21panorama.com\/index.php\/2023\/10\/16\/esta-el-priismo-mexiquense-en-pie-de-lucha-para-cambiar-el-pais-eric-sevilla\/","url":"https:\/\/21panorama.com\/index.php\/2023\/10\/16\/esta-el-priismo-mexiquense-en-pie-de-lucha-para-cambiar-el-pais-eric-sevilla\/","name":"EST\u00c1 EL PRIISMO MEXIQUENSE EN PIE DE LUCHA PARA CAMBIAR EL PA\u00cdS: ERIC SEVILLA - 21 Panorama","isPartOf":{"@id":"https:\/\/21panorama.com\/#website"},"primaryImageOfPage":{"@id":"https:\/\/21panorama.com\/index.php\/2023\/10\/16\/esta-el-priismo-mexiquense-en-pie-de-lucha-para-cambiar-el-pais-eric-sevilla\/#primaryimage"},"image":{"@id":"https:\/\/21panorama.com\/index.php\/2023\/10\/16\/esta-el-priismo-mexiquense-en-pie-de-lucha-para-cambiar-el-pais-eric-sevilla\/#primaryimage"},"thumbnailUrl":"https:\/\/21panorama.com\/wp-content\/uploads\/2023\/10\/WhatsApp-Image-2023-10-15-at-4.04.58-PM.jpeg","datePublished":"2023-10-16T14:49:02+00:00","dateModified":"2023-10-16T14:49:03+00:00","breadcrumb":{"@id":"https:\/\/21panorama.com\/index.php\/2023\/10\/16\/esta-el-priismo-mexiquense-en-pie-de-lucha-para-cambiar-el-pais-eric-sevilla\/#breadcrumb"},"inLanguage":"es","potentialAction":[{"@type":"ReadAction","target":["https:\/\/21panorama.com\/index.php\/2023\/10\/16\/esta-el-priismo-mexiquense-en-pie-de-lucha-para-cambiar-el-pais-eric-sevilla\/"]}]},{"@type":"ImageObject","inLanguage":"es","@id":"https:\/\/21panorama.com\/index.php\/2023\/10\/16\/esta-el-priismo-mexiquense-en-pie-de-lucha-para-cambiar-el-pais-eric-sevilla\/#primaryimage","url":"https:\/\/21panorama.com\/wp-content\/uploads\/2023\/10\/WhatsApp-Image-2023-10-15-at-4.04.58-PM.jpeg","contentUrl":"https:\/\/21panorama.com\/wp-content\/uploads\/2023\/10\/WhatsApp-Image-2023-10-15-at-4.04.58-PM.jpeg","width":1024,"height":683},{"@type":"BreadcrumbList","@id":"https:\/\/21panorama.com\/index.php\/2023\/10\/16\/esta-el-priismo-mexiquense-en-pie-de-lucha-para-cambiar-el-pais-eric-sevilla\/#breadcrumb","itemListElement":[{"@type":"ListItem","position":1,"name":"Inicio","item":"https:\/\/21panorama.com\/"},{"@type":"ListItem","position":2,"name":"EST\u00c1 EL PRIISMO MEXIQUENSE EN PIE DE LUCHA PARA CAMBIAR EL PA\u00cdS: ERIC SEVILLA"}]},{"@type":"WebSite","@id":"https:\/\/21panorama.com\/#website","url":"https:\/\/21panorama.com\/","name":"21 Panorama","description":"La construcci\u00f3n de la opini\u00f3n p\u00fablica merece un mejor Panorama en este siglo 21 para alcanzar una sociedad con mayor transparencia y sin corrupci\u00f3n.","publisher":{"@id":"https:\/\/21panorama.com\/#organization"},"potentialAction":[{"@type":"SearchAction","target":{"@type":"EntryPoint","urlTemplate":"https:\/\/21panorama.com\/?s={search_term_string}"},"query-input":{"@type":"PropertyValueSpecification","valueRequired":true,"valueName":"search_term_string"}}],"inLanguage":"es"},{"@type":"Organization","@id":"https:\/\/21panorama.com\/#organization","name":"21 Panorama","url":"https:\/\/21panorama.com\/","logo":{"@type":"ImageObject","inLanguage":"es","@id":"https:\/\/21panorama.com\/#\/schema\/logo\/image\/","url":"https:\/\/21panorama.com\/wp-content\/uploads\/2019\/07\/cropped-Logo-Panorama-01.jpeg","contentUrl":"https:\/\/21panorama.com\/wp-content\/uploads\/2019\/07\/cropped-Logo-Panorama-01.jpeg","width":290,"height":70,"caption":"21 Panorama"},"image":{"@id":"https:\/\/21panorama.com\/#\/schema\/logo\/image\/"}},{"@type":"Person","@id":"https:\/\/21panorama.com\/#\/schema\/person\/1afc291b96d5792a158768324287319f","name":"admin","image":{"@type":"ImageObject","inLanguage":"es","@id":"https:\/\/21panorama.com\/#\/schema\/person\/image\/","url":"https:\/\/secure.gravatar.com\/avatar\/ad365d9d9f46719215b0d042cc3df92a5a8683e09ef13d102233e5491985f0f0?s=96&d=mm&r=g","contentUrl":"https:\/\/secure.gravatar.com\/avatar\/ad365d9d9f46719215b0d042cc3df92a5a8683e09ef13d102233e5491985f0f0?s=96&d=mm&r=g","caption":"admin"},"url":"https:\/\/21panorama.com\/index.php\/author\/admin\/"}]}},"_links":{"self":[{"href":"https:\/\/21panorama.com\/index.php\/wp-json\/wp\/v2\/posts\/5126","targetHints":{"allow":["GET"]}}],"collection":[{"href":"https:\/\/21panorama.com\/index.php\/wp-json\/wp\/v2\/posts"}],"about":[{"href":"https:\/\/21panorama.com\/index.php\/wp-json\/wp\/v2\/types\/post"}],"author":[{"embeddable":true,"href":"https:\/\/21panorama.com\/index.php\/wp-json\/wp\/v2\/users\/1"}],"replies":[{"embeddable":true,"href":"https:\/\/21panorama.com\/index.php\/wp-json\/wp\/v2\/comments?post=5126"}],"version-history":[{"count":1,"href":"https:\/\/21panorama.com\/index.php\/wp-json\/wp\/v2\/posts\/5126\/revisions"}],"predecessor-version":[{"id":5128,"href":"https:\/\/21panorama.com\/index.php\/wp-json\/wp\/v2\/posts\/5126\/revisions\/5128"}],"wp:featuredmedia":[{"embeddable":true,"href":"https:\/\/21panorama.com\/index.php\/wp-json\/wp\/v2\/media\/5127"}],"wp:attachment":[{"href":"https:\/\/21panorama.com\/index.php\/wp-json\/wp\/v2\/media?parent=5126"}],"wp:term":[{"taxonomy":"category","embeddable":true,"href":"https:\/\/21panorama.com\/index.php\/wp-json\/wp\/v2\/categories?post=5126"},{"taxonomy":"post_tag","embeddable":true,"href":"https:\/\/21panorama.com\/index.php\/wp-json\/wp\/v2\/tags?post=5126"}],"curies":[{"name":"wp","href":"https:\/\/api.w.org\/{rel}","templated":true}]}}