{"id":5112,"date":"2023-10-13T18:51:51","date_gmt":"2023-10-13T23:51:51","guid":{"rendered":"https:\/\/21panorama.com\/?p=5112"},"modified":"2023-10-13T18:51:52","modified_gmt":"2023-10-13T23:51:52","slug":"en-el-mes-de-la-lucha-contra-el-cancer-de-mama-jesus-cedillo-encabezo-una-caminata-en-jocotitlan","status":"publish","type":"post","link":"https:\/\/21panorama.com\/index.php\/2023\/10\/13\/en-el-mes-de-la-lucha-contra-el-cancer-de-mama-jesus-cedillo-encabezo-una-caminata-en-jocotitlan\/","title":{"rendered":"EN EL MES DE LA LUCHA CONTRA EL C\u00c1NCER DE MAMA, JES\u00daS CEDILLO ENCABEZ\u00d3 UNA CAMINATA EN JOCOTITL\u00c1N"},"content":{"rendered":"\n<p><\/p>\n\n\n\n<p>En el marco del mes de la Lucha contra el C\u00e1ncer de Mama, el Presidente Municipal Jes\u00fas Cedillo Gonz\u00e1lez encabez\u00f3 la caminata en la cabecera municipal en coordinaci\u00f3n con el ISEM, con el objetivo de sensibilizar a la poblaci\u00f3n acerca de la importancia de esta enfermedad y de promover su prevenci\u00f3n.<\/p>\n\n\n\n<p>En el marco internacional, el mes de octubre se considera como el mes rosa porque es dedicado a crear conciencia y sensibilizaci\u00f3n sobre el C\u00e1ncer de Mama, tipo de c\u00e1ncer m\u00e1s com\u00fan y principal causa de mortalidad en mujeres de todo el mundo.<\/p>\n\n\n\n<p>En investigaciones recientes, se ha obtenido la informaci\u00f3n de que la Organizaci\u00f3n Mundial de la Salud (OMS), prev\u00e9 que una de cada 12 mujeres enfermar\u00e1 de c\u00e1ncer de mama a lo largo de su vida, raz\u00f3n por la cual, durante este mes se promueven campa\u00f1as para aumentar la detecci\u00f3n temprana, el tratamiento y los cuidados paliativos de esta enfermedad.<\/p>\n\n\n\n<p>La prevenci\u00f3n del c\u00e1ncer de mama salva vidas, por lo que se recomienda llevar un estilo de vida saludable, para disminuir el riesgo de padecer esta enfermedad: tener un peso adecuado, llevar una alimentaci\u00f3n saludable, realizar actividad f\u00edsica diaria, evitar consumo de alcohol y tabaco, evitar uso prolongado de hormonas, etc.<\/p>\n\n\n\n<p>El c\u00e1ncer de mama es una enfermedad silenciosa porque no siempre muestra signos y s\u00edntomas, raz\u00f3n por la que se recomienda que las mujeres se realicen una autoexploraci\u00f3n f\u00edsica de la mama de manera frecuente para descubrir alguna anomal\u00eda y, a partir de los 40 a\u00f1os de edad, realizarse una mastograf\u00eda cada a\u00f1o o dos a\u00f1os.<\/p>\n\n\n\n<p>No dejes pasar m\u00e1s tiempo y acude a tu centro de salud m\u00e1s cercano en donde recibir\u00e1s asesor\u00eda sobre las acciones preventivas que evitan esta enfermedad. Recuerda que la detecci\u00f3n temprana es esencial para facilitar el diagn\u00f3stico y con ello el tratamiento.<\/p>\n","protected":false},"excerpt":{"rendered":"<p>En el marco del mes de la Lucha contra el C\u00e1ncer de Mama, el Presidente Municipal Jes\u00fas Cedillo Gonz\u00e1lez encabez\u00f3 la caminata en la cabecera municipal en coordinaci\u00f3n con el ISEM, con el objetivo de sensibilizar a la poblaci\u00f3n acerca de la importancia de esta enfermedad y de promover su prevenci\u00f3n.<\/p>\n","protected":false},"author":1,"featured_media":5113,"comment_status":"open","ping_status":"open","sticky":false,"template":"","format":"standard","meta":{"footnotes":""},"categories":[6,374,1],"tags":[97,222,325,42],"class_list":["post-5112","post","type-post","status-publish","format-standard","has-post-thumbnail","hentry","category-cienciaysalud","category-educacion","category-sociedad","tag-edomex","tag-gem","tag-jesus-cedillo-gonzalez","tag-jocotitlan"],"yoast_head":"<!-- This site is optimized with the Yoast SEO plugin v24.9 - https:\/\/yoast.com\/wordpress\/plugins\/seo\/ -->\n<title>EN EL MES DE LA LUCHA CONTRA EL C\u00c1NCER DE MAMA, JES\u00daS CEDILLO ENCABEZ\u00d3 UNA CAMINATA EN JOCOTITL\u00c1N - 21 Panorama<\/title>\n<meta name=\"robots\" content=\"index, follow, max-snippet:-1, max-image-preview:large, max-video-preview:-1\" \/>\n<link rel=\"canonical\" href=\"https:\/\/21panorama.com\/index.php\/2023\/10\/13\/en-el-mes-de-la-lucha-contra-el-cancer-de-mama-jesus-cedillo-encabezo-una-caminata-en-jocotitlan\/\" \/>\n<meta property=\"og:locale\" content=\"es_MX\" \/>\n<meta property=\"og:type\" content=\"article\" \/>\n<meta property=\"og:title\" content=\"EN EL MES DE LA LUCHA CONTRA EL C\u00c1NCER DE MAMA, JES\u00daS CEDILLO ENCABEZ\u00d3 UNA CAMINATA EN JOCOTITL\u00c1N - 21 Panorama\" \/>\n<meta property=\"og:description\" content=\"En el marco del mes de la Lucha contra el C\u00e1ncer de Mama, el Presidente Municipal Jes\u00fas Cedillo Gonz\u00e1lez encabez\u00f3 la caminata en la cabecera municipal en coordinaci\u00f3n con el ISEM, con el objetivo de sensibilizar a la poblaci\u00f3n acerca de la importancia de esta enfermedad y de promover su prevenci\u00f3n.\" \/>\n<meta property=\"og:url\" content=\"https:\/\/21panorama.com\/index.php\/2023\/10\/13\/en-el-mes-de-la-lucha-contra-el-cancer-de-mama-jesus-cedillo-encabezo-una-caminata-en-jocotitlan\/\" \/>\n<meta property=\"og:site_name\" content=\"21 Panorama\" \/>\n<meta property=\"article:published_time\" content=\"2023-10-13T23:51:51+00:00\" \/>\n<meta property=\"article:modified_time\" content=\"2023-10-13T23:51:52+00:00\" \/>\n<meta property=\"og:image\" content=\"https:\/\/21panorama.com\/wp-content\/uploads\/2023\/10\/Jocotitlan-Mes-Lucha-Contra-el-Cancer-de-Mama-131023-5.jpg\" \/>\n\t<meta property=\"og:image:width\" content=\"2048\" \/>\n\t<meta property=\"og:image:height\" content=\"1536\" \/>\n\t<meta property=\"og:image:type\" content=\"image\/jpeg\" \/>\n<meta name=\"author\" content=\"admin\" \/>\n<meta name=\"twitter:card\" content=\"summary_large_image\" \/>\n<meta name=\"twitter:label1\" content=\"Escrito por\" \/>\n\t<meta name=\"twitter:data1\" content=\"admin\" \/>\n\t<meta name=\"twitter:label2\" content=\"Tiempo de lectura\" \/>\n\t<meta name=\"twitter:data2\" content=\"2 minutos\" \/>\n<script type=\"application\/ld+json\" class=\"yoast-schema-graph\">{\"@context\":\"https:\/\/schema.org\",\"@graph\":[{\"@type\":\"Article\",\"@id\":\"https:\/\/21panorama.com\/index.php\/2023\/10\/13\/en-el-mes-de-la-lucha-contra-el-cancer-de-mama-jesus-cedillo-encabezo-una-caminata-en-jocotitlan\/#article\",\"isPartOf\":{\"@id\":\"https:\/\/21panorama.com\/index.php\/2023\/10\/13\/en-el-mes-de-la-lucha-contra-el-cancer-de-mama-jesus-cedillo-encabezo-una-caminata-en-jocotitlan\/\"},\"author\":{\"name\":\"admin\",\"@id\":\"https:\/\/21panorama.com\/#\/schema\/person\/1afc291b96d5792a158768324287319f\"},\"headline\":\"EN EL MES DE LA LUCHA CONTRA EL C\u00c1NCER DE MAMA, JES\u00daS CEDILLO ENCABEZ\u00d3 UNA CAMINATA EN JOCOTITL\u00c1N\",\"datePublished\":\"2023-10-13T23:51:51+00:00\",\"dateModified\":\"2023-10-13T23:51:52+00:00\",\"mainEntityOfPage\":{\"@id\":\"https:\/\/21panorama.com\/index.php\/2023\/10\/13\/en-el-mes-de-la-lucha-contra-el-cancer-de-mama-jesus-cedillo-encabezo-una-caminata-en-jocotitlan\/\"},\"wordCount\":358,\"commentCount\":0,\"publisher\":{\"@id\":\"https:\/\/21panorama.com\/#organization\"},\"image\":{\"@id\":\"https:\/\/21panorama.com\/index.php\/2023\/10\/13\/en-el-mes-de-la-lucha-contra-el-cancer-de-mama-jesus-cedillo-encabezo-una-caminata-en-jocotitlan\/#primaryimage\"},\"thumbnailUrl\":\"https:\/\/21panorama.com\/wp-content\/uploads\/2023\/10\/Jocotitlan-Mes-Lucha-Contra-el-Cancer-de-Mama-131023-5.jpg\",\"keywords\":[\"EDOMEX\",\"GEM\",\"Jes\u00fas Cedillo Gonz\u00e1lez\",\"Jocotitl\u00e1n\"],\"articleSection\":[\"Ciencia y Salud\",\"Educaci\u00f3n\",\"Sociedad\"],\"inLanguage\":\"es\",\"potentialAction\":[{\"@type\":\"CommentAction\",\"name\":\"Comment\",\"target\":[\"https:\/\/21panorama.com\/index.php\/2023\/10\/13\/en-el-mes-de-la-lucha-contra-el-cancer-de-mama-jesus-cedillo-encabezo-una-caminata-en-jocotitlan\/#respond\"]}]},{\"@type\":\"WebPage\",\"@id\":\"https:\/\/21panorama.com\/index.php\/2023\/10\/13\/en-el-mes-de-la-lucha-contra-el-cancer-de-mama-jesus-cedillo-encabezo-una-caminata-en-jocotitlan\/\",\"url\":\"https:\/\/21panorama.com\/index.php\/2023\/10\/13\/en-el-mes-de-la-lucha-contra-el-cancer-de-mama-jesus-cedillo-encabezo-una-caminata-en-jocotitlan\/\",\"name\":\"EN EL MES DE LA LUCHA CONTRA EL C\u00c1NCER DE MAMA, JES\u00daS CEDILLO ENCABEZ\u00d3 UNA CAMINATA EN JOCOTITL\u00c1N - 21 Panorama\",\"isPartOf\":{\"@id\":\"https:\/\/21panorama.com\/#website\"},\"primaryImageOfPage\":{\"@id\":\"https:\/\/21panorama.com\/index.php\/2023\/10\/13\/en-el-mes-de-la-lucha-contra-el-cancer-de-mama-jesus-cedillo-encabezo-una-caminata-en-jocotitlan\/#primaryimage\"},\"image\":{\"@id\":\"https:\/\/21panorama.com\/index.php\/2023\/10\/13\/en-el-mes-de-la-lucha-contra-el-cancer-de-mama-jesus-cedillo-encabezo-una-caminata-en-jocotitlan\/#primaryimage\"},\"thumbnailUrl\":\"https:\/\/21panorama.com\/wp-content\/uploads\/2023\/10\/Jocotitlan-Mes-Lucha-Contra-el-Cancer-de-Mama-131023-5.jpg\",\"datePublished\":\"2023-10-13T23:51:51+00:00\",\"dateModified\":\"2023-10-13T23:51:52+00:00\",\"breadcrumb\":{\"@id\":\"https:\/\/21panorama.com\/index.php\/2023\/10\/13\/en-el-mes-de-la-lucha-contra-el-cancer-de-mama-jesus-cedillo-encabezo-una-caminata-en-jocotitlan\/#breadcrumb\"},\"inLanguage\":\"es\",\"potentialAction\":[{\"@type\":\"ReadAction\",\"target\":[\"https:\/\/21panorama.com\/index.php\/2023\/10\/13\/en-el-mes-de-la-lucha-contra-el-cancer-de-mama-jesus-cedillo-encabezo-una-caminata-en-jocotitlan\/\"]}]},{\"@type\":\"ImageObject\",\"inLanguage\":\"es\",\"@id\":\"https:\/\/21panorama.com\/index.php\/2023\/10\/13\/en-el-mes-de-la-lucha-contra-el-cancer-de-mama-jesus-cedillo-encabezo-una-caminata-en-jocotitlan\/#primaryimage\",\"url\":\"https:\/\/21panorama.com\/wp-content\/uploads\/2023\/10\/Jocotitlan-Mes-Lucha-Contra-el-Cancer-de-Mama-131023-5.jpg\",\"contentUrl\":\"https:\/\/21panorama.com\/wp-content\/uploads\/2023\/10\/Jocotitlan-Mes-Lucha-Contra-el-Cancer-de-Mama-131023-5.jpg\",\"width\":2048,\"height\":1536},{\"@type\":\"BreadcrumbList\",\"@id\":\"https:\/\/21panorama.com\/index.php\/2023\/10\/13\/en-el-mes-de-la-lucha-contra-el-cancer-de-mama-jesus-cedillo-encabezo-una-caminata-en-jocotitlan\/#breadcrumb\",\"itemListElement\":[{\"@type\":\"ListItem\",\"position\":1,\"name\":\"Inicio\",\"item\":\"https:\/\/21panorama.com\/\"},{\"@type\":\"ListItem\",\"position\":2,\"name\":\"EN EL MES DE LA LUCHA CONTRA EL C\u00c1NCER DE MAMA, JES\u00daS CEDILLO ENCABEZ\u00d3 UNA CAMINATA EN JOCOTITL\u00c1N\"}]},{\"@type\":\"WebSite\",\"@id\":\"https:\/\/21panorama.com\/#website\",\"url\":\"https:\/\/21panorama.com\/\",\"name\":\"21 Panorama\",\"description\":\"La construcci\u00f3n de la opini\u00f3n p\u00fablica merece un mejor Panorama en este siglo 21 para alcanzar una sociedad con mayor transparencia y sin corrupci\u00f3n.\",\"publisher\":{\"@id\":\"https:\/\/21panorama.com\/#organization\"},\"potentialAction\":[{\"@type\":\"SearchAction\",\"target\":{\"@type\":\"EntryPoint\",\"urlTemplate\":\"https:\/\/21panorama.com\/?s={search_term_string}\"},\"query-input\":{\"@type\":\"PropertyValueSpecification\",\"valueRequired\":true,\"valueName\":\"search_term_string\"}}],\"inLanguage\":\"es\"},{\"@type\":\"Organization\",\"@id\":\"https:\/\/21panorama.com\/#organization\",\"name\":\"21 Panorama\",\"url\":\"https:\/\/21panorama.com\/\",\"logo\":{\"@type\":\"ImageObject\",\"inLanguage\":\"es\",\"@id\":\"https:\/\/21panorama.com\/#\/schema\/logo\/image\/\",\"url\":\"https:\/\/21panorama.com\/wp-content\/uploads\/2019\/07\/cropped-Logo-Panorama-01.jpeg\",\"contentUrl\":\"https:\/\/21panorama.com\/wp-content\/uploads\/2019\/07\/cropped-Logo-Panorama-01.jpeg\",\"width\":290,\"height\":70,\"caption\":\"21 Panorama\"},\"image\":{\"@id\":\"https:\/\/21panorama.com\/#\/schema\/logo\/image\/\"}},{\"@type\":\"Person\",\"@id\":\"https:\/\/21panorama.com\/#\/schema\/person\/1afc291b96d5792a158768324287319f\",\"name\":\"admin\",\"image\":{\"@type\":\"ImageObject\",\"inLanguage\":\"es\",\"@id\":\"https:\/\/21panorama.com\/#\/schema\/person\/image\/\",\"url\":\"https:\/\/secure.gravatar.com\/avatar\/ad365d9d9f46719215b0d042cc3df92a5a8683e09ef13d102233e5491985f0f0?s=96&d=mm&r=g\",\"contentUrl\":\"https:\/\/secure.gravatar.com\/avatar\/ad365d9d9f46719215b0d042cc3df92a5a8683e09ef13d102233e5491985f0f0?s=96&d=mm&r=g\",\"caption\":\"admin\"},\"url\":\"https:\/\/21panorama.com\/index.php\/author\/admin\/\"}]}<\/script>\n<!-- \/ Yoast SEO plugin. -->","yoast_head_json":{"title":"EN EL MES DE LA LUCHA CONTRA EL C\u00c1NCER DE MAMA, JES\u00daS CEDILLO ENCABEZ\u00d3 UNA CAMINATA EN JOCOTITL\u00c1N - 21 Panorama","robots":{"index":"index","follow":"follow","max-snippet":"max-snippet:-1","max-image-preview":"max-image-preview:large","max-video-preview":"max-video-preview:-1"},"canonical":"https:\/\/21panorama.com\/index.php\/2023\/10\/13\/en-el-mes-de-la-lucha-contra-el-cancer-de-mama-jesus-cedillo-encabezo-una-caminata-en-jocotitlan\/","og_locale":"es_MX","og_type":"article","og_title":"EN EL MES DE LA LUCHA CONTRA EL C\u00c1NCER DE MAMA, JES\u00daS CEDILLO ENCABEZ\u00d3 UNA CAMINATA EN JOCOTITL\u00c1N - 21 Panorama","og_description":"En el marco del mes de la Lucha contra el C\u00e1ncer de Mama, el Presidente Municipal Jes\u00fas Cedillo Gonz\u00e1lez encabez\u00f3 la caminata en la cabecera municipal en coordinaci\u00f3n con el ISEM, con el objetivo de sensibilizar a la poblaci\u00f3n acerca de la importancia de esta enfermedad y de promover su prevenci\u00f3n.","og_url":"https:\/\/21panorama.com\/index.php\/2023\/10\/13\/en-el-mes-de-la-lucha-contra-el-cancer-de-mama-jesus-cedillo-encabezo-una-caminata-en-jocotitlan\/","og_site_name":"21 Panorama","article_published_time":"2023-10-13T23:51:51+00:00","article_modified_time":"2023-10-13T23:51:52+00:00","og_image":[{"width":2048,"height":1536,"url":"https:\/\/21panorama.com\/wp-content\/uploads\/2023\/10\/Jocotitlan-Mes-Lucha-Contra-el-Cancer-de-Mama-131023-5.jpg","type":"image\/jpeg"}],"author":"admin","twitter_card":"summary_large_image","twitter_misc":{"Escrito por":"admin","Tiempo de lectura":"2 minutos"},"schema":{"@context":"https:\/\/schema.org","@graph":[{"@type":"Article","@id":"https:\/\/21panorama.com\/index.php\/2023\/10\/13\/en-el-mes-de-la-lucha-contra-el-cancer-de-mama-jesus-cedillo-encabezo-una-caminata-en-jocotitlan\/#article","isPartOf":{"@id":"https:\/\/21panorama.com\/index.php\/2023\/10\/13\/en-el-mes-de-la-lucha-contra-el-cancer-de-mama-jesus-cedillo-encabezo-una-caminata-en-jocotitlan\/"},"author":{"name":"admin","@id":"https:\/\/21panorama.com\/#\/schema\/person\/1afc291b96d5792a158768324287319f"},"headline":"EN EL MES DE LA LUCHA CONTRA EL C\u00c1NCER DE MAMA, JES\u00daS CEDILLO ENCABEZ\u00d3 UNA CAMINATA EN JOCOTITL\u00c1N","datePublished":"2023-10-13T23:51:51+00:00","dateModified":"2023-10-13T23:51:52+00:00","mainEntityOfPage":{"@id":"https:\/\/21panorama.com\/index.php\/2023\/10\/13\/en-el-mes-de-la-lucha-contra-el-cancer-de-mama-jesus-cedillo-encabezo-una-caminata-en-jocotitlan\/"},"wordCount":358,"commentCount":0,"publisher":{"@id":"https:\/\/21panorama.com\/#organization"},"image":{"@id":"https:\/\/21panorama.com\/index.php\/2023\/10\/13\/en-el-mes-de-la-lucha-contra-el-cancer-de-mama-jesus-cedillo-encabezo-una-caminata-en-jocotitlan\/#primaryimage"},"thumbnailUrl":"https:\/\/21panorama.com\/wp-content\/uploads\/2023\/10\/Jocotitlan-Mes-Lucha-Contra-el-Cancer-de-Mama-131023-5.jpg","keywords":["EDOMEX","GEM","Jes\u00fas Cedillo Gonz\u00e1lez","Jocotitl\u00e1n"],"articleSection":["Ciencia y Salud","Educaci\u00f3n","Sociedad"],"inLanguage":"es","potentialAction":[{"@type":"CommentAction","name":"Comment","target":["https:\/\/21panorama.com\/index.php\/2023\/10\/13\/en-el-mes-de-la-lucha-contra-el-cancer-de-mama-jesus-cedillo-encabezo-una-caminata-en-jocotitlan\/#respond"]}]},{"@type":"WebPage","@id":"https:\/\/21panorama.com\/index.php\/2023\/10\/13\/en-el-mes-de-la-lucha-contra-el-cancer-de-mama-jesus-cedillo-encabezo-una-caminata-en-jocotitlan\/","url":"https:\/\/21panorama.com\/index.php\/2023\/10\/13\/en-el-mes-de-la-lucha-contra-el-cancer-de-mama-jesus-cedillo-encabezo-una-caminata-en-jocotitlan\/","name":"EN EL MES DE LA LUCHA CONTRA EL C\u00c1NCER DE MAMA, JES\u00daS CEDILLO ENCABEZ\u00d3 UNA CAMINATA EN JOCOTITL\u00c1N - 21 Panorama","isPartOf":{"@id":"https:\/\/21panorama.com\/#website"},"primaryImageOfPage":{"@id":"https:\/\/21panorama.com\/index.php\/2023\/10\/13\/en-el-mes-de-la-lucha-contra-el-cancer-de-mama-jesus-cedillo-encabezo-una-caminata-en-jocotitlan\/#primaryimage"},"image":{"@id":"https:\/\/21panorama.com\/index.php\/2023\/10\/13\/en-el-mes-de-la-lucha-contra-el-cancer-de-mama-jesus-cedillo-encabezo-una-caminata-en-jocotitlan\/#primaryimage"},"thumbnailUrl":"https:\/\/21panorama.com\/wp-content\/uploads\/2023\/10\/Jocotitlan-Mes-Lucha-Contra-el-Cancer-de-Mama-131023-5.jpg","datePublished":"2023-10-13T23:51:51+00:00","dateModified":"2023-10-13T23:51:52+00:00","breadcrumb":{"@id":"https:\/\/21panorama.com\/index.php\/2023\/10\/13\/en-el-mes-de-la-lucha-contra-el-cancer-de-mama-jesus-cedillo-encabezo-una-caminata-en-jocotitlan\/#breadcrumb"},"inLanguage":"es","potentialAction":[{"@type":"ReadAction","target":["https:\/\/21panorama.com\/index.php\/2023\/10\/13\/en-el-mes-de-la-lucha-contra-el-cancer-de-mama-jesus-cedillo-encabezo-una-caminata-en-jocotitlan\/"]}]},{"@type":"ImageObject","inLanguage":"es","@id":"https:\/\/21panorama.com\/index.php\/2023\/10\/13\/en-el-mes-de-la-lucha-contra-el-cancer-de-mama-jesus-cedillo-encabezo-una-caminata-en-jocotitlan\/#primaryimage","url":"https:\/\/21panorama.com\/wp-content\/uploads\/2023\/10\/Jocotitlan-Mes-Lucha-Contra-el-Cancer-de-Mama-131023-5.jpg","contentUrl":"https:\/\/21panorama.com\/wp-content\/uploads\/2023\/10\/Jocotitlan-Mes-Lucha-Contra-el-Cancer-de-Mama-131023-5.jpg","width":2048,"height":1536},{"@type":"BreadcrumbList","@id":"https:\/\/21panorama.com\/index.php\/2023\/10\/13\/en-el-mes-de-la-lucha-contra-el-cancer-de-mama-jesus-cedillo-encabezo-una-caminata-en-jocotitlan\/#breadcrumb","itemListElement":[{"@type":"ListItem","position":1,"name":"Inicio","item":"https:\/\/21panorama.com\/"},{"@type":"ListItem","position":2,"name":"EN EL MES DE LA LUCHA CONTRA EL C\u00c1NCER DE MAMA, JES\u00daS CEDILLO ENCABEZ\u00d3 UNA CAMINATA EN JOCOTITL\u00c1N"}]},{"@type":"WebSite","@id":"https:\/\/21panorama.com\/#website","url":"https:\/\/21panorama.com\/","name":"21 Panorama","description":"La construcci\u00f3n de la opini\u00f3n p\u00fablica merece un mejor Panorama en este siglo 21 para alcanzar una sociedad con mayor transparencia y sin corrupci\u00f3n.","publisher":{"@id":"https:\/\/21panorama.com\/#organization"},"potentialAction":[{"@type":"SearchAction","target":{"@type":"EntryPoint","urlTemplate":"https:\/\/21panorama.com\/?s={search_term_string}"},"query-input":{"@type":"PropertyValueSpecification","valueRequired":true,"valueName":"search_term_string"}}],"inLanguage":"es"},{"@type":"Organization","@id":"https:\/\/21panorama.com\/#organization","name":"21 Panorama","url":"https:\/\/21panorama.com\/","logo":{"@type":"ImageObject","inLanguage":"es","@id":"https:\/\/21panorama.com\/#\/schema\/logo\/image\/","url":"https:\/\/21panorama.com\/wp-content\/uploads\/2019\/07\/cropped-Logo-Panorama-01.jpeg","contentUrl":"https:\/\/21panorama.com\/wp-content\/uploads\/2019\/07\/cropped-Logo-Panorama-01.jpeg","width":290,"height":70,"caption":"21 Panorama"},"image":{"@id":"https:\/\/21panorama.com\/#\/schema\/logo\/image\/"}},{"@type":"Person","@id":"https:\/\/21panorama.com\/#\/schema\/person\/1afc291b96d5792a158768324287319f","name":"admin","image":{"@type":"ImageObject","inLanguage":"es","@id":"https:\/\/21panorama.com\/#\/schema\/person\/image\/","url":"https:\/\/secure.gravatar.com\/avatar\/ad365d9d9f46719215b0d042cc3df92a5a8683e09ef13d102233e5491985f0f0?s=96&d=mm&r=g","contentUrl":"https:\/\/secure.gravatar.com\/avatar\/ad365d9d9f46719215b0d042cc3df92a5a8683e09ef13d102233e5491985f0f0?s=96&d=mm&r=g","caption":"admin"},"url":"https:\/\/21panorama.com\/index.php\/author\/admin\/"}]}},"_links":{"self":[{"href":"https:\/\/21panorama.com\/index.php\/wp-json\/wp\/v2\/posts\/5112","targetHints":{"allow":["GET"]}}],"collection":[{"href":"https:\/\/21panorama.com\/index.php\/wp-json\/wp\/v2\/posts"}],"about":[{"href":"https:\/\/21panorama.com\/index.php\/wp-json\/wp\/v2\/types\/post"}],"author":[{"embeddable":true,"href":"https:\/\/21panorama.com\/index.php\/wp-json\/wp\/v2\/users\/1"}],"replies":[{"embeddable":true,"href":"https:\/\/21panorama.com\/index.php\/wp-json\/wp\/v2\/comments?post=5112"}],"version-history":[{"count":1,"href":"https:\/\/21panorama.com\/index.php\/wp-json\/wp\/v2\/posts\/5112\/revisions"}],"predecessor-version":[{"id":5114,"href":"https:\/\/21panorama.com\/index.php\/wp-json\/wp\/v2\/posts\/5112\/revisions\/5114"}],"wp:featuredmedia":[{"embeddable":true,"href":"https:\/\/21panorama.com\/index.php\/wp-json\/wp\/v2\/media\/5113"}],"wp:attachment":[{"href":"https:\/\/21panorama.com\/index.php\/wp-json\/wp\/v2\/media?parent=5112"}],"wp:term":[{"taxonomy":"category","embeddable":true,"href":"https:\/\/21panorama.com\/index.php\/wp-json\/wp\/v2\/categories?post=5112"},{"taxonomy":"post_tag","embeddable":true,"href":"https:\/\/21panorama.com\/index.php\/wp-json\/wp\/v2\/tags?post=5112"}],"curies":[{"name":"wp","href":"https:\/\/api.w.org\/{rel}","templated":true}]}}