{"id":5106,"date":"2023-10-05T14:22:34","date_gmt":"2023-10-05T19:22:34","guid":{"rendered":"https:\/\/21panorama.com\/?p=5106"},"modified":"2023-10-13T14:54:30","modified_gmt":"2023-10-13T19:54:30","slug":"uaemex-consolida-la-formacion-de-capital-humano-especializado-en-materia-del-agua","status":"publish","type":"post","link":"https:\/\/21panorama.com\/index.php\/2023\/10\/05\/uaemex-consolida-la-formacion-de-capital-humano-especializado-en-materia-del-agua\/","title":{"rendered":"UAEM\u00c9X CONSOLIDA LA FORMACI\u00d3N DE CAPITAL HUMANO ESPECIALIZADO EN MATERIA DEL AGUA"},"content":{"rendered":"\n<p><\/p>\n\n\n\n<p>* El rector de la UAEM\u00e9x, Carlos Eduardo Barrera D\u00edaz, encabez\u00f3 la ceremonia conmemorativa del aniversario del 5o aniversario del Instituto Interamericano de Tecnolog\u00eda y Ciencias del Agua (IITCA) y de los 30 a\u00f1os de la fundaci\u00f3n del Centro Interamericano de Recursos del Agua (CIRA).<\/p>\n\n\n\n<p>* Destac\u00f3 la pertinencia de la creaci\u00f3n de la Secretar\u00eda del Agua estatal, con la que se abre la posibilidad de una estrecha vinculaci\u00f3n para el desarrollo de proyectos a favor de la poblaci\u00f3n mexiquense.<\/p>\n\n\n\n<p><\/p>\n\n\n\n<p>Con la develaci\u00f3n de una placa y la entrega de reconocimientos a universitarios por su desempe\u00f1o deportivo, el rector de la Universidad Aut\u00f3noma del Estado de M\u00e9xico (UAEM\u00e9x), Carlos Eduardo Barrera D\u00edaz, encabez\u00f3 la conmemoraci\u00f3n del 5o aniversario del Instituto Interamericano de Tecnolog\u00eda y Ciencias del Agua (IITCA) y de los 30 a\u00f1os de la fundaci\u00f3n del Centro Interamericano de Recursos del Agua (CIRA), perteneciente a la Facultad de Ingenier\u00eda.<\/p>\n\n\n\n<p>Barrera D\u00edaz expres\u00f3 la importancia y pertinencia del trabajo de investigaci\u00f3n y proyectos que impulsa el IITCA, ante la creciente necesidad en el mundo, en M\u00e9xico y en la entidad mexiquense, de que llegue el vital l\u00edquido a todos los seres humanos.<\/p>\n\n\n\n<p>En ese sentido, se congratul\u00f3 por la determinaci\u00f3n de la actual administraci\u00f3n estatal, encabezada por la gobernadora Delfina G\u00f3mez \u00c1lvarez, al constituir la Secretar\u00eda del Agua estatal, que abre la posibilidad a la UAEM\u00e9x y, sobre todo, a la comunidad universitaria que integra el IITCA, a colaborar por el bienestar de las y los mexiquenses.<\/p>\n\n\n\n<p>Barrera D\u00edaz asegur\u00f3 que prevalece el esp\u00edritu con el que se constituy\u00f3 el CIRA hace 30 a\u00f1os, hoy IITCA, de realizar investigaci\u00f3n, ciencia y tecnolog\u00eda sobre el vital l\u00edquido, formando postgraduados, a trav\u00e9s de los programas de maestr\u00eda y doctorado, de tal forma que los proyectos establezcan un v\u00ednculo permanente entre el sector p\u00fablico y privado para fortalecer la mejora de la calidad de vida de la sociedad.<\/p>\n\n\n\n<p>\u201cQuiero comentarles que, en este nuevo gobierno, que encabeza la gobernadora Delfina G\u00f3mez pues, decide crear la Secretar\u00eda del Agua, con la cual espero que la UAEM\u00e9x tenga muchos v\u00ednculos porque es un reto\u201d, afirm\u00f3.<\/p>\n\n\n\n<p>Al acto conmemorativo acudi\u00f3 el secretario de Docencia, Jos\u00e9 Raymundo Marcial Romero; la secretaria de Investigaci\u00f3n y Estudios Avanzados, Martha Patricia Zarza Delgado; el encargado de despacho del IITCA, Daury Garc\u00eda Pulido; el director de la Facultad de Ingenier\u00eda, Marcelo Romero Huertas, integrantes del gabinete y comunidad universitaria.<\/p>\n\n\n\n<p>El CIRA fue creado el 21 de enero de 1993 y en 2018 se convirti\u00f3 en IITCA.<\/p>\n","protected":false},"excerpt":{"rendered":"<p>Con la develaci\u00f3n de una placa y la entrega de reconocimientos a universitarios por su desempe\u00f1o deportivo, el rector de la Universidad Aut\u00f3noma del Estado de M\u00e9xico (UAEM\u00e9x), Carlos Eduardo Barrera D\u00edaz, encabez\u00f3 la conmemoraci\u00f3n del 5o aniversario del Instituto Interamericano de Tecnolog\u00eda y Ciencias del Agua (IITCA) y de los 30 a\u00f1os de la fundaci\u00f3n del Centro Interamericano de Recursos del Agua (CIRA), perteneciente a la Facultad de Ingenier\u00eda.<\/p>\n","protected":false},"author":1,"featured_media":5107,"comment_status":"open","ping_status":"open","sticky":false,"template":"","format":"standard","meta":{"footnotes":""},"categories":[6,374,11,1],"tags":[323,97,222,23],"class_list":["post-5106","post","type-post","status-publish","format-standard","has-post-thumbnail","hentry","category-cienciaysalud","category-educacion","category-medio-ambiente","category-sociedad","tag-carlos-eduardo-barrera-diaz","tag-edomex","tag-gem","tag-uaemex"],"yoast_head":"<!-- This site is optimized with the Yoast SEO plugin v24.9 - https:\/\/yoast.com\/wordpress\/plugins\/seo\/ -->\n<title>UAEM\u00c9X CONSOLIDA LA FORMACI\u00d3N DE CAPITAL HUMANO ESPECIALIZADO EN MATERIA DEL AGUA - 21 Panorama<\/title>\n<meta name=\"robots\" content=\"index, follow, max-snippet:-1, max-image-preview:large, max-video-preview:-1\" \/>\n<link rel=\"canonical\" href=\"https:\/\/21panorama.com\/index.php\/2023\/10\/05\/uaemex-consolida-la-formacion-de-capital-humano-especializado-en-materia-del-agua\/\" \/>\n<meta property=\"og:locale\" content=\"es_MX\" \/>\n<meta property=\"og:type\" content=\"article\" \/>\n<meta property=\"og:title\" content=\"UAEM\u00c9X CONSOLIDA LA FORMACI\u00d3N DE CAPITAL HUMANO ESPECIALIZADO EN MATERIA DEL AGUA - 21 Panorama\" \/>\n<meta property=\"og:description\" content=\"Con la develaci\u00f3n de una placa y la entrega de reconocimientos a universitarios por su desempe\u00f1o deportivo, el rector de la Universidad Aut\u00f3noma del Estado de M\u00e9xico (UAEM\u00e9x), Carlos Eduardo Barrera D\u00edaz, encabez\u00f3 la conmemoraci\u00f3n del 5o aniversario del Instituto Interamericano de Tecnolog\u00eda y Ciencias del Agua (IITCA) y de los 30 a\u00f1os de la fundaci\u00f3n del Centro Interamericano de Recursos del Agua (CIRA), perteneciente a la Facultad de Ingenier\u00eda.\" \/>\n<meta property=\"og:url\" content=\"https:\/\/21panorama.com\/index.php\/2023\/10\/05\/uaemex-consolida-la-formacion-de-capital-humano-especializado-en-materia-del-agua\/\" \/>\n<meta property=\"og:site_name\" content=\"21 Panorama\" \/>\n<meta property=\"article:published_time\" content=\"2023-10-05T19:22:34+00:00\" \/>\n<meta property=\"article:modified_time\" content=\"2023-10-13T19:54:30+00:00\" \/>\n<meta property=\"og:image\" content=\"https:\/\/21panorama.com\/wp-content\/uploads\/2023\/10\/UAEM-051023-1.jpg\" \/>\n\t<meta property=\"og:image:width\" content=\"2048\" \/>\n\t<meta property=\"og:image:height\" content=\"1365\" \/>\n\t<meta property=\"og:image:type\" content=\"image\/jpeg\" \/>\n<meta name=\"author\" content=\"admin\" \/>\n<meta name=\"twitter:card\" content=\"summary_large_image\" \/>\n<meta name=\"twitter:label1\" content=\"Escrito por\" \/>\n\t<meta name=\"twitter:data1\" content=\"admin\" \/>\n\t<meta name=\"twitter:label2\" content=\"Tiempo de lectura\" \/>\n\t<meta name=\"twitter:data2\" content=\"2 minutos\" \/>\n<script type=\"application\/ld+json\" class=\"yoast-schema-graph\">{\"@context\":\"https:\/\/schema.org\",\"@graph\":[{\"@type\":\"Article\",\"@id\":\"https:\/\/21panorama.com\/index.php\/2023\/10\/05\/uaemex-consolida-la-formacion-de-capital-humano-especializado-en-materia-del-agua\/#article\",\"isPartOf\":{\"@id\":\"https:\/\/21panorama.com\/index.php\/2023\/10\/05\/uaemex-consolida-la-formacion-de-capital-humano-especializado-en-materia-del-agua\/\"},\"author\":{\"name\":\"admin\",\"@id\":\"https:\/\/21panorama.com\/#\/schema\/person\/1afc291b96d5792a158768324287319f\"},\"headline\":\"UAEM\u00c9X CONSOLIDA LA FORMACI\u00d3N DE CAPITAL HUMANO ESPECIALIZADO EN MATERIA DEL AGUA\",\"datePublished\":\"2023-10-05T19:22:34+00:00\",\"dateModified\":\"2023-10-13T19:54:30+00:00\",\"mainEntityOfPage\":{\"@id\":\"https:\/\/21panorama.com\/index.php\/2023\/10\/05\/uaemex-consolida-la-formacion-de-capital-humano-especializado-en-materia-del-agua\/\"},\"wordCount\":467,\"commentCount\":0,\"publisher\":{\"@id\":\"https:\/\/21panorama.com\/#organization\"},\"image\":{\"@id\":\"https:\/\/21panorama.com\/index.php\/2023\/10\/05\/uaemex-consolida-la-formacion-de-capital-humano-especializado-en-materia-del-agua\/#primaryimage\"},\"thumbnailUrl\":\"https:\/\/21panorama.com\/wp-content\/uploads\/2023\/10\/UAEM-051023-1.jpg\",\"keywords\":[\"Carlos Eduardo Barrera D\u00edaz\",\"EDOMEX\",\"GEM\",\"UAEMex\"],\"articleSection\":[\"Ciencia y Salud\",\"Educaci\u00f3n\",\"Medio Ambiente\",\"Sociedad\"],\"inLanguage\":\"es\",\"potentialAction\":[{\"@type\":\"CommentAction\",\"name\":\"Comment\",\"target\":[\"https:\/\/21panorama.com\/index.php\/2023\/10\/05\/uaemex-consolida-la-formacion-de-capital-humano-especializado-en-materia-del-agua\/#respond\"]}]},{\"@type\":\"WebPage\",\"@id\":\"https:\/\/21panorama.com\/index.php\/2023\/10\/05\/uaemex-consolida-la-formacion-de-capital-humano-especializado-en-materia-del-agua\/\",\"url\":\"https:\/\/21panorama.com\/index.php\/2023\/10\/05\/uaemex-consolida-la-formacion-de-capital-humano-especializado-en-materia-del-agua\/\",\"name\":\"UAEM\u00c9X CONSOLIDA LA FORMACI\u00d3N DE CAPITAL HUMANO ESPECIALIZADO EN MATERIA DEL AGUA - 21 Panorama\",\"isPartOf\":{\"@id\":\"https:\/\/21panorama.com\/#website\"},\"primaryImageOfPage\":{\"@id\":\"https:\/\/21panorama.com\/index.php\/2023\/10\/05\/uaemex-consolida-la-formacion-de-capital-humano-especializado-en-materia-del-agua\/#primaryimage\"},\"image\":{\"@id\":\"https:\/\/21panorama.com\/index.php\/2023\/10\/05\/uaemex-consolida-la-formacion-de-capital-humano-especializado-en-materia-del-agua\/#primaryimage\"},\"thumbnailUrl\":\"https:\/\/21panorama.com\/wp-content\/uploads\/2023\/10\/UAEM-051023-1.jpg\",\"datePublished\":\"2023-10-05T19:22:34+00:00\",\"dateModified\":\"2023-10-13T19:54:30+00:00\",\"breadcrumb\":{\"@id\":\"https:\/\/21panorama.com\/index.php\/2023\/10\/05\/uaemex-consolida-la-formacion-de-capital-humano-especializado-en-materia-del-agua\/#breadcrumb\"},\"inLanguage\":\"es\",\"potentialAction\":[{\"@type\":\"ReadAction\",\"target\":[\"https:\/\/21panorama.com\/index.php\/2023\/10\/05\/uaemex-consolida-la-formacion-de-capital-humano-especializado-en-materia-del-agua\/\"]}]},{\"@type\":\"ImageObject\",\"inLanguage\":\"es\",\"@id\":\"https:\/\/21panorama.com\/index.php\/2023\/10\/05\/uaemex-consolida-la-formacion-de-capital-humano-especializado-en-materia-del-agua\/#primaryimage\",\"url\":\"https:\/\/21panorama.com\/wp-content\/uploads\/2023\/10\/UAEM-051023-1.jpg\",\"contentUrl\":\"https:\/\/21panorama.com\/wp-content\/uploads\/2023\/10\/UAEM-051023-1.jpg\",\"width\":2048,\"height\":1365},{\"@type\":\"BreadcrumbList\",\"@id\":\"https:\/\/21panorama.com\/index.php\/2023\/10\/05\/uaemex-consolida-la-formacion-de-capital-humano-especializado-en-materia-del-agua\/#breadcrumb\",\"itemListElement\":[{\"@type\":\"ListItem\",\"position\":1,\"name\":\"Inicio\",\"item\":\"https:\/\/21panorama.com\/\"},{\"@type\":\"ListItem\",\"position\":2,\"name\":\"UAEM\u00c9X CONSOLIDA LA FORMACI\u00d3N DE CAPITAL HUMANO ESPECIALIZADO EN MATERIA DEL AGUA\"}]},{\"@type\":\"WebSite\",\"@id\":\"https:\/\/21panorama.com\/#website\",\"url\":\"https:\/\/21panorama.com\/\",\"name\":\"21 Panorama\",\"description\":\"La construcci\u00f3n de la opini\u00f3n p\u00fablica merece un mejor Panorama en este siglo 21 para alcanzar una sociedad con mayor transparencia y sin corrupci\u00f3n.\",\"publisher\":{\"@id\":\"https:\/\/21panorama.com\/#organization\"},\"potentialAction\":[{\"@type\":\"SearchAction\",\"target\":{\"@type\":\"EntryPoint\",\"urlTemplate\":\"https:\/\/21panorama.com\/?s={search_term_string}\"},\"query-input\":{\"@type\":\"PropertyValueSpecification\",\"valueRequired\":true,\"valueName\":\"search_term_string\"}}],\"inLanguage\":\"es\"},{\"@type\":\"Organization\",\"@id\":\"https:\/\/21panorama.com\/#organization\",\"name\":\"21 Panorama\",\"url\":\"https:\/\/21panorama.com\/\",\"logo\":{\"@type\":\"ImageObject\",\"inLanguage\":\"es\",\"@id\":\"https:\/\/21panorama.com\/#\/schema\/logo\/image\/\",\"url\":\"https:\/\/21panorama.com\/wp-content\/uploads\/2019\/07\/cropped-Logo-Panorama-01.jpeg\",\"contentUrl\":\"https:\/\/21panorama.com\/wp-content\/uploads\/2019\/07\/cropped-Logo-Panorama-01.jpeg\",\"width\":290,\"height\":70,\"caption\":\"21 Panorama\"},\"image\":{\"@id\":\"https:\/\/21panorama.com\/#\/schema\/logo\/image\/\"}},{\"@type\":\"Person\",\"@id\":\"https:\/\/21panorama.com\/#\/schema\/person\/1afc291b96d5792a158768324287319f\",\"name\":\"admin\",\"image\":{\"@type\":\"ImageObject\",\"inLanguage\":\"es\",\"@id\":\"https:\/\/21panorama.com\/#\/schema\/person\/image\/\",\"url\":\"https:\/\/secure.gravatar.com\/avatar\/ad365d9d9f46719215b0d042cc3df92a5a8683e09ef13d102233e5491985f0f0?s=96&d=mm&r=g\",\"contentUrl\":\"https:\/\/secure.gravatar.com\/avatar\/ad365d9d9f46719215b0d042cc3df92a5a8683e09ef13d102233e5491985f0f0?s=96&d=mm&r=g\",\"caption\":\"admin\"},\"url\":\"https:\/\/21panorama.com\/index.php\/author\/admin\/\"}]}<\/script>\n<!-- \/ Yoast SEO plugin. -->","yoast_head_json":{"title":"UAEM\u00c9X CONSOLIDA LA FORMACI\u00d3N DE CAPITAL HUMANO ESPECIALIZADO EN MATERIA DEL AGUA - 21 Panorama","robots":{"index":"index","follow":"follow","max-snippet":"max-snippet:-1","max-image-preview":"max-image-preview:large","max-video-preview":"max-video-preview:-1"},"canonical":"https:\/\/21panorama.com\/index.php\/2023\/10\/05\/uaemex-consolida-la-formacion-de-capital-humano-especializado-en-materia-del-agua\/","og_locale":"es_MX","og_type":"article","og_title":"UAEM\u00c9X CONSOLIDA LA FORMACI\u00d3N DE CAPITAL HUMANO ESPECIALIZADO EN MATERIA DEL AGUA - 21 Panorama","og_description":"Con la develaci\u00f3n de una placa y la entrega de reconocimientos a universitarios por su desempe\u00f1o deportivo, el rector de la Universidad Aut\u00f3noma del Estado de M\u00e9xico (UAEM\u00e9x), Carlos Eduardo Barrera D\u00edaz, encabez\u00f3 la conmemoraci\u00f3n del 5o aniversario del Instituto Interamericano de Tecnolog\u00eda y Ciencias del Agua (IITCA) y de los 30 a\u00f1os de la fundaci\u00f3n del Centro Interamericano de Recursos del Agua (CIRA), perteneciente a la Facultad de Ingenier\u00eda.","og_url":"https:\/\/21panorama.com\/index.php\/2023\/10\/05\/uaemex-consolida-la-formacion-de-capital-humano-especializado-en-materia-del-agua\/","og_site_name":"21 Panorama","article_published_time":"2023-10-05T19:22:34+00:00","article_modified_time":"2023-10-13T19:54:30+00:00","og_image":[{"width":2048,"height":1365,"url":"https:\/\/21panorama.com\/wp-content\/uploads\/2023\/10\/UAEM-051023-1.jpg","type":"image\/jpeg"}],"author":"admin","twitter_card":"summary_large_image","twitter_misc":{"Escrito por":"admin","Tiempo de lectura":"2 minutos"},"schema":{"@context":"https:\/\/schema.org","@graph":[{"@type":"Article","@id":"https:\/\/21panorama.com\/index.php\/2023\/10\/05\/uaemex-consolida-la-formacion-de-capital-humano-especializado-en-materia-del-agua\/#article","isPartOf":{"@id":"https:\/\/21panorama.com\/index.php\/2023\/10\/05\/uaemex-consolida-la-formacion-de-capital-humano-especializado-en-materia-del-agua\/"},"author":{"name":"admin","@id":"https:\/\/21panorama.com\/#\/schema\/person\/1afc291b96d5792a158768324287319f"},"headline":"UAEM\u00c9X CONSOLIDA LA FORMACI\u00d3N DE CAPITAL HUMANO ESPECIALIZADO EN MATERIA DEL AGUA","datePublished":"2023-10-05T19:22:34+00:00","dateModified":"2023-10-13T19:54:30+00:00","mainEntityOfPage":{"@id":"https:\/\/21panorama.com\/index.php\/2023\/10\/05\/uaemex-consolida-la-formacion-de-capital-humano-especializado-en-materia-del-agua\/"},"wordCount":467,"commentCount":0,"publisher":{"@id":"https:\/\/21panorama.com\/#organization"},"image":{"@id":"https:\/\/21panorama.com\/index.php\/2023\/10\/05\/uaemex-consolida-la-formacion-de-capital-humano-especializado-en-materia-del-agua\/#primaryimage"},"thumbnailUrl":"https:\/\/21panorama.com\/wp-content\/uploads\/2023\/10\/UAEM-051023-1.jpg","keywords":["Carlos Eduardo Barrera D\u00edaz","EDOMEX","GEM","UAEMex"],"articleSection":["Ciencia y Salud","Educaci\u00f3n","Medio Ambiente","Sociedad"],"inLanguage":"es","potentialAction":[{"@type":"CommentAction","name":"Comment","target":["https:\/\/21panorama.com\/index.php\/2023\/10\/05\/uaemex-consolida-la-formacion-de-capital-humano-especializado-en-materia-del-agua\/#respond"]}]},{"@type":"WebPage","@id":"https:\/\/21panorama.com\/index.php\/2023\/10\/05\/uaemex-consolida-la-formacion-de-capital-humano-especializado-en-materia-del-agua\/","url":"https:\/\/21panorama.com\/index.php\/2023\/10\/05\/uaemex-consolida-la-formacion-de-capital-humano-especializado-en-materia-del-agua\/","name":"UAEM\u00c9X CONSOLIDA LA FORMACI\u00d3N DE CAPITAL HUMANO ESPECIALIZADO EN MATERIA DEL AGUA - 21 Panorama","isPartOf":{"@id":"https:\/\/21panorama.com\/#website"},"primaryImageOfPage":{"@id":"https:\/\/21panorama.com\/index.php\/2023\/10\/05\/uaemex-consolida-la-formacion-de-capital-humano-especializado-en-materia-del-agua\/#primaryimage"},"image":{"@id":"https:\/\/21panorama.com\/index.php\/2023\/10\/05\/uaemex-consolida-la-formacion-de-capital-humano-especializado-en-materia-del-agua\/#primaryimage"},"thumbnailUrl":"https:\/\/21panorama.com\/wp-content\/uploads\/2023\/10\/UAEM-051023-1.jpg","datePublished":"2023-10-05T19:22:34+00:00","dateModified":"2023-10-13T19:54:30+00:00","breadcrumb":{"@id":"https:\/\/21panorama.com\/index.php\/2023\/10\/05\/uaemex-consolida-la-formacion-de-capital-humano-especializado-en-materia-del-agua\/#breadcrumb"},"inLanguage":"es","potentialAction":[{"@type":"ReadAction","target":["https:\/\/21panorama.com\/index.php\/2023\/10\/05\/uaemex-consolida-la-formacion-de-capital-humano-especializado-en-materia-del-agua\/"]}]},{"@type":"ImageObject","inLanguage":"es","@id":"https:\/\/21panorama.com\/index.php\/2023\/10\/05\/uaemex-consolida-la-formacion-de-capital-humano-especializado-en-materia-del-agua\/#primaryimage","url":"https:\/\/21panorama.com\/wp-content\/uploads\/2023\/10\/UAEM-051023-1.jpg","contentUrl":"https:\/\/21panorama.com\/wp-content\/uploads\/2023\/10\/UAEM-051023-1.jpg","width":2048,"height":1365},{"@type":"BreadcrumbList","@id":"https:\/\/21panorama.com\/index.php\/2023\/10\/05\/uaemex-consolida-la-formacion-de-capital-humano-especializado-en-materia-del-agua\/#breadcrumb","itemListElement":[{"@type":"ListItem","position":1,"name":"Inicio","item":"https:\/\/21panorama.com\/"},{"@type":"ListItem","position":2,"name":"UAEM\u00c9X CONSOLIDA LA FORMACI\u00d3N DE CAPITAL HUMANO ESPECIALIZADO EN MATERIA DEL AGUA"}]},{"@type":"WebSite","@id":"https:\/\/21panorama.com\/#website","url":"https:\/\/21panorama.com\/","name":"21 Panorama","description":"La construcci\u00f3n de la opini\u00f3n p\u00fablica merece un mejor Panorama en este siglo 21 para alcanzar una sociedad con mayor transparencia y sin corrupci\u00f3n.","publisher":{"@id":"https:\/\/21panorama.com\/#organization"},"potentialAction":[{"@type":"SearchAction","target":{"@type":"EntryPoint","urlTemplate":"https:\/\/21panorama.com\/?s={search_term_string}"},"query-input":{"@type":"PropertyValueSpecification","valueRequired":true,"valueName":"search_term_string"}}],"inLanguage":"es"},{"@type":"Organization","@id":"https:\/\/21panorama.com\/#organization","name":"21 Panorama","url":"https:\/\/21panorama.com\/","logo":{"@type":"ImageObject","inLanguage":"es","@id":"https:\/\/21panorama.com\/#\/schema\/logo\/image\/","url":"https:\/\/21panorama.com\/wp-content\/uploads\/2019\/07\/cropped-Logo-Panorama-01.jpeg","contentUrl":"https:\/\/21panorama.com\/wp-content\/uploads\/2019\/07\/cropped-Logo-Panorama-01.jpeg","width":290,"height":70,"caption":"21 Panorama"},"image":{"@id":"https:\/\/21panorama.com\/#\/schema\/logo\/image\/"}},{"@type":"Person","@id":"https:\/\/21panorama.com\/#\/schema\/person\/1afc291b96d5792a158768324287319f","name":"admin","image":{"@type":"ImageObject","inLanguage":"es","@id":"https:\/\/21panorama.com\/#\/schema\/person\/image\/","url":"https:\/\/secure.gravatar.com\/avatar\/ad365d9d9f46719215b0d042cc3df92a5a8683e09ef13d102233e5491985f0f0?s=96&d=mm&r=g","contentUrl":"https:\/\/secure.gravatar.com\/avatar\/ad365d9d9f46719215b0d042cc3df92a5a8683e09ef13d102233e5491985f0f0?s=96&d=mm&r=g","caption":"admin"},"url":"https:\/\/21panorama.com\/index.php\/author\/admin\/"}]}},"_links":{"self":[{"href":"https:\/\/21panorama.com\/index.php\/wp-json\/wp\/v2\/posts\/5106","targetHints":{"allow":["GET"]}}],"collection":[{"href":"https:\/\/21panorama.com\/index.php\/wp-json\/wp\/v2\/posts"}],"about":[{"href":"https:\/\/21panorama.com\/index.php\/wp-json\/wp\/v2\/types\/post"}],"author":[{"embeddable":true,"href":"https:\/\/21panorama.com\/index.php\/wp-json\/wp\/v2\/users\/1"}],"replies":[{"embeddable":true,"href":"https:\/\/21panorama.com\/index.php\/wp-json\/wp\/v2\/comments?post=5106"}],"version-history":[{"count":1,"href":"https:\/\/21panorama.com\/index.php\/wp-json\/wp\/v2\/posts\/5106\/revisions"}],"predecessor-version":[{"id":5108,"href":"https:\/\/21panorama.com\/index.php\/wp-json\/wp\/v2\/posts\/5106\/revisions\/5108"}],"wp:featuredmedia":[{"embeddable":true,"href":"https:\/\/21panorama.com\/index.php\/wp-json\/wp\/v2\/media\/5107"}],"wp:attachment":[{"href":"https:\/\/21panorama.com\/index.php\/wp-json\/wp\/v2\/media?parent=5106"}],"wp:term":[{"taxonomy":"category","embeddable":true,"href":"https:\/\/21panorama.com\/index.php\/wp-json\/wp\/v2\/categories?post=5106"},{"taxonomy":"post_tag","embeddable":true,"href":"https:\/\/21panorama.com\/index.php\/wp-json\/wp\/v2\/tags?post=5106"}],"curies":[{"name":"wp","href":"https:\/\/api.w.org\/{rel}","templated":true}]}}