{"id":5094,"date":"2023-10-02T01:55:49","date_gmt":"2023-10-02T06:55:49","guid":{"rendered":"https:\/\/21panorama.com\/?p=5094"},"modified":"2023-10-02T01:55:50","modified_gmt":"2023-10-02T06:55:50","slug":"candidaturas-priistas-y-el-jefe-de-partido-primera-plana-columna-politica","status":"publish","type":"post","link":"https:\/\/21panorama.com\/index.php\/2023\/10\/02\/candidaturas-priistas-y-el-jefe-de-partido-primera-plana-columna-politica\/","title":{"rendered":"CANDIDATURAS PRIISTAS Y EL JEFE DE PARTIDO (PRIMERA PLANA, Columna Pol\u00edtica)"},"content":{"rendered":"\n<p><\/p>\n\n\n\n<p>Ya no hay primer pri\u00edsta como era considerado el gobernador en turno y en esa medida el jefe de partido Eric Sevilla asume la figura preeminente y punto medio para darle cauce a los jaloneos naturales de los diferentes grupos que dentro de la disciplina e institucionalidad buscan el liderazgo estatal del partido.<\/p>\n\n\n\n<p>En tal sentido, el lider pri\u00edsta que lleg\u00f3 al CDE para cubrir un periodo estatutario que culmina el pr\u00f3ximo 29 de noviembre tiene muy claro que estaremos en medio de un proceso electoral que lo obligar\u00eda a continuar con los trabajos de organizaci\u00f3n y selecci\u00f3n de candidaturas.<\/p>\n\n\n\n<p>Sobre este tema de las candidaturas mucho se especula pero lo cierto es que ninguna decisi\u00f3n se tomar\u00e1 sin el consenso de los liderazgos territoriales ni de la militancia que seguro aportar\u00e1 sus puntos de vista para tener campa\u00f1as ganadoras y la recuperaci\u00f3n del partido sea exitoso.<\/p>\n","protected":false},"excerpt":{"rendered":"<p>Ya no hay primer pri\u00edsta como era considerado el gobernador en turno y en esa medida el jefe de partido Eric Sevilla asume la figura preeminente y punto medio para darle cauce a los jaloneos naturales de los diferentes grupos que dentro de la disciplina e institucionalidad buscan el liderazgo estatal del partido.<\/p>\n","protected":false},"author":1,"featured_media":0,"comment_status":"open","ping_status":"open","sticky":false,"template":"","format":"standard","meta":{"footnotes":""},"categories":[10,12,1],"tags":[97,310,222,33],"class_list":["post-5094","post","type-post","status-publish","format-standard","hentry","category-opinion","category-politica","category-sociedad","tag-edomex","tag-eric-sevilla","tag-gem","tag-pri"],"yoast_head":"<!-- This site is optimized with the Yoast SEO plugin v24.9 - https:\/\/yoast.com\/wordpress\/plugins\/seo\/ -->\n<title>CANDIDATURAS PRIISTAS Y EL JEFE DE PARTIDO (PRIMERA PLANA, Columna Pol\u00edtica) - 21 Panorama<\/title>\n<meta name=\"robots\" content=\"index, follow, max-snippet:-1, max-image-preview:large, max-video-preview:-1\" \/>\n<link rel=\"canonical\" href=\"https:\/\/21panorama.com\/index.php\/2023\/10\/02\/candidaturas-priistas-y-el-jefe-de-partido-primera-plana-columna-politica\/\" \/>\n<meta property=\"og:locale\" content=\"es_MX\" \/>\n<meta property=\"og:type\" content=\"article\" \/>\n<meta property=\"og:title\" content=\"CANDIDATURAS PRIISTAS Y EL JEFE DE PARTIDO (PRIMERA PLANA, Columna Pol\u00edtica) - 21 Panorama\" \/>\n<meta property=\"og:description\" content=\"Ya no hay primer pri\u00edsta como era considerado el gobernador en turno y en esa medida el jefe de partido Eric Sevilla asume la figura preeminente y punto medio para darle cauce a los jaloneos naturales de los diferentes grupos que dentro de la disciplina e institucionalidad buscan el liderazgo estatal del partido.\" \/>\n<meta property=\"og:url\" content=\"https:\/\/21panorama.com\/index.php\/2023\/10\/02\/candidaturas-priistas-y-el-jefe-de-partido-primera-plana-columna-politica\/\" \/>\n<meta property=\"og:site_name\" content=\"21 Panorama\" \/>\n<meta property=\"article:published_time\" content=\"2023-10-02T06:55:49+00:00\" \/>\n<meta property=\"article:modified_time\" content=\"2023-10-02T06:55:50+00:00\" \/>\n<meta name=\"author\" content=\"admin\" \/>\n<meta name=\"twitter:card\" content=\"summary_large_image\" \/>\n<meta name=\"twitter:label1\" content=\"Escrito por\" \/>\n\t<meta name=\"twitter:data1\" content=\"admin\" \/>\n\t<meta name=\"twitter:label2\" content=\"Tiempo de lectura\" \/>\n\t<meta name=\"twitter:data2\" content=\"1 minuto\" \/>\n<script type=\"application\/ld+json\" class=\"yoast-schema-graph\">{\"@context\":\"https:\/\/schema.org\",\"@graph\":[{\"@type\":\"Article\",\"@id\":\"https:\/\/21panorama.com\/index.php\/2023\/10\/02\/candidaturas-priistas-y-el-jefe-de-partido-primera-plana-columna-politica\/#article\",\"isPartOf\":{\"@id\":\"https:\/\/21panorama.com\/index.php\/2023\/10\/02\/candidaturas-priistas-y-el-jefe-de-partido-primera-plana-columna-politica\/\"},\"author\":{\"name\":\"admin\",\"@id\":\"https:\/\/21panorama.com\/#\/schema\/person\/1afc291b96d5792a158768324287319f\"},\"headline\":\"CANDIDATURAS PRIISTAS Y EL JEFE DE PARTIDO (PRIMERA PLANA, Columna Pol\u00edtica)\",\"datePublished\":\"2023-10-02T06:55:49+00:00\",\"dateModified\":\"2023-10-02T06:55:50+00:00\",\"mainEntityOfPage\":{\"@id\":\"https:\/\/21panorama.com\/index.php\/2023\/10\/02\/candidaturas-priistas-y-el-jefe-de-partido-primera-plana-columna-politica\/\"},\"wordCount\":167,\"commentCount\":0,\"publisher\":{\"@id\":\"https:\/\/21panorama.com\/#organization\"},\"keywords\":[\"EDOMEX\",\"ERIC SEVILLA\",\"GEM\",\"PRI\"],\"articleSection\":[\"Opini\u00f3n\",\"Politica\",\"Sociedad\"],\"inLanguage\":\"es\",\"potentialAction\":[{\"@type\":\"CommentAction\",\"name\":\"Comment\",\"target\":[\"https:\/\/21panorama.com\/index.php\/2023\/10\/02\/candidaturas-priistas-y-el-jefe-de-partido-primera-plana-columna-politica\/#respond\"]}]},{\"@type\":\"WebPage\",\"@id\":\"https:\/\/21panorama.com\/index.php\/2023\/10\/02\/candidaturas-priistas-y-el-jefe-de-partido-primera-plana-columna-politica\/\",\"url\":\"https:\/\/21panorama.com\/index.php\/2023\/10\/02\/candidaturas-priistas-y-el-jefe-de-partido-primera-plana-columna-politica\/\",\"name\":\"CANDIDATURAS PRIISTAS Y EL JEFE DE PARTIDO (PRIMERA PLANA, Columna Pol\u00edtica) - 21 Panorama\",\"isPartOf\":{\"@id\":\"https:\/\/21panorama.com\/#website\"},\"datePublished\":\"2023-10-02T06:55:49+00:00\",\"dateModified\":\"2023-10-02T06:55:50+00:00\",\"breadcrumb\":{\"@id\":\"https:\/\/21panorama.com\/index.php\/2023\/10\/02\/candidaturas-priistas-y-el-jefe-de-partido-primera-plana-columna-politica\/#breadcrumb\"},\"inLanguage\":\"es\",\"potentialAction\":[{\"@type\":\"ReadAction\",\"target\":[\"https:\/\/21panorama.com\/index.php\/2023\/10\/02\/candidaturas-priistas-y-el-jefe-de-partido-primera-plana-columna-politica\/\"]}]},{\"@type\":\"BreadcrumbList\",\"@id\":\"https:\/\/21panorama.com\/index.php\/2023\/10\/02\/candidaturas-priistas-y-el-jefe-de-partido-primera-plana-columna-politica\/#breadcrumb\",\"itemListElement\":[{\"@type\":\"ListItem\",\"position\":1,\"name\":\"Inicio\",\"item\":\"https:\/\/21panorama.com\/\"},{\"@type\":\"ListItem\",\"position\":2,\"name\":\"CANDIDATURAS PRIISTAS Y EL JEFE DE PARTIDO (PRIMERA PLANA, Columna Pol\u00edtica)\"}]},{\"@type\":\"WebSite\",\"@id\":\"https:\/\/21panorama.com\/#website\",\"url\":\"https:\/\/21panorama.com\/\",\"name\":\"21 Panorama\",\"description\":\"La construcci\u00f3n de la opini\u00f3n p\u00fablica merece un mejor Panorama en este siglo 21 para alcanzar una sociedad con mayor transparencia y sin corrupci\u00f3n.\",\"publisher\":{\"@id\":\"https:\/\/21panorama.com\/#organization\"},\"potentialAction\":[{\"@type\":\"SearchAction\",\"target\":{\"@type\":\"EntryPoint\",\"urlTemplate\":\"https:\/\/21panorama.com\/?s={search_term_string}\"},\"query-input\":{\"@type\":\"PropertyValueSpecification\",\"valueRequired\":true,\"valueName\":\"search_term_string\"}}],\"inLanguage\":\"es\"},{\"@type\":\"Organization\",\"@id\":\"https:\/\/21panorama.com\/#organization\",\"name\":\"21 Panorama\",\"url\":\"https:\/\/21panorama.com\/\",\"logo\":{\"@type\":\"ImageObject\",\"inLanguage\":\"es\",\"@id\":\"https:\/\/21panorama.com\/#\/schema\/logo\/image\/\",\"url\":\"https:\/\/21panorama.com\/wp-content\/uploads\/2019\/07\/cropped-Logo-Panorama-01.jpeg\",\"contentUrl\":\"https:\/\/21panorama.com\/wp-content\/uploads\/2019\/07\/cropped-Logo-Panorama-01.jpeg\",\"width\":290,\"height\":70,\"caption\":\"21 Panorama\"},\"image\":{\"@id\":\"https:\/\/21panorama.com\/#\/schema\/logo\/image\/\"}},{\"@type\":\"Person\",\"@id\":\"https:\/\/21panorama.com\/#\/schema\/person\/1afc291b96d5792a158768324287319f\",\"name\":\"admin\",\"image\":{\"@type\":\"ImageObject\",\"inLanguage\":\"es\",\"@id\":\"https:\/\/21panorama.com\/#\/schema\/person\/image\/\",\"url\":\"https:\/\/secure.gravatar.com\/avatar\/ad365d9d9f46719215b0d042cc3df92a5a8683e09ef13d102233e5491985f0f0?s=96&d=mm&r=g\",\"contentUrl\":\"https:\/\/secure.gravatar.com\/avatar\/ad365d9d9f46719215b0d042cc3df92a5a8683e09ef13d102233e5491985f0f0?s=96&d=mm&r=g\",\"caption\":\"admin\"},\"url\":\"https:\/\/21panorama.com\/index.php\/author\/admin\/\"}]}<\/script>\n<!-- \/ Yoast SEO plugin. -->","yoast_head_json":{"title":"CANDIDATURAS PRIISTAS Y EL JEFE DE PARTIDO (PRIMERA PLANA, Columna Pol\u00edtica) - 21 Panorama","robots":{"index":"index","follow":"follow","max-snippet":"max-snippet:-1","max-image-preview":"max-image-preview:large","max-video-preview":"max-video-preview:-1"},"canonical":"https:\/\/21panorama.com\/index.php\/2023\/10\/02\/candidaturas-priistas-y-el-jefe-de-partido-primera-plana-columna-politica\/","og_locale":"es_MX","og_type":"article","og_title":"CANDIDATURAS PRIISTAS Y EL JEFE DE PARTIDO (PRIMERA PLANA, Columna Pol\u00edtica) - 21 Panorama","og_description":"Ya no hay primer pri\u00edsta como era considerado el gobernador en turno y en esa medida el jefe de partido Eric Sevilla asume la figura preeminente y punto medio para darle cauce a los jaloneos naturales de los diferentes grupos que dentro de la disciplina e institucionalidad buscan el liderazgo estatal del partido.","og_url":"https:\/\/21panorama.com\/index.php\/2023\/10\/02\/candidaturas-priistas-y-el-jefe-de-partido-primera-plana-columna-politica\/","og_site_name":"21 Panorama","article_published_time":"2023-10-02T06:55:49+00:00","article_modified_time":"2023-10-02T06:55:50+00:00","author":"admin","twitter_card":"summary_large_image","twitter_misc":{"Escrito por":"admin","Tiempo de lectura":"1 minuto"},"schema":{"@context":"https:\/\/schema.org","@graph":[{"@type":"Article","@id":"https:\/\/21panorama.com\/index.php\/2023\/10\/02\/candidaturas-priistas-y-el-jefe-de-partido-primera-plana-columna-politica\/#article","isPartOf":{"@id":"https:\/\/21panorama.com\/index.php\/2023\/10\/02\/candidaturas-priistas-y-el-jefe-de-partido-primera-plana-columna-politica\/"},"author":{"name":"admin","@id":"https:\/\/21panorama.com\/#\/schema\/person\/1afc291b96d5792a158768324287319f"},"headline":"CANDIDATURAS PRIISTAS Y EL JEFE DE PARTIDO (PRIMERA PLANA, Columna Pol\u00edtica)","datePublished":"2023-10-02T06:55:49+00:00","dateModified":"2023-10-02T06:55:50+00:00","mainEntityOfPage":{"@id":"https:\/\/21panorama.com\/index.php\/2023\/10\/02\/candidaturas-priistas-y-el-jefe-de-partido-primera-plana-columna-politica\/"},"wordCount":167,"commentCount":0,"publisher":{"@id":"https:\/\/21panorama.com\/#organization"},"keywords":["EDOMEX","ERIC SEVILLA","GEM","PRI"],"articleSection":["Opini\u00f3n","Politica","Sociedad"],"inLanguage":"es","potentialAction":[{"@type":"CommentAction","name":"Comment","target":["https:\/\/21panorama.com\/index.php\/2023\/10\/02\/candidaturas-priistas-y-el-jefe-de-partido-primera-plana-columna-politica\/#respond"]}]},{"@type":"WebPage","@id":"https:\/\/21panorama.com\/index.php\/2023\/10\/02\/candidaturas-priistas-y-el-jefe-de-partido-primera-plana-columna-politica\/","url":"https:\/\/21panorama.com\/index.php\/2023\/10\/02\/candidaturas-priistas-y-el-jefe-de-partido-primera-plana-columna-politica\/","name":"CANDIDATURAS PRIISTAS Y EL JEFE DE PARTIDO (PRIMERA PLANA, Columna Pol\u00edtica) - 21 Panorama","isPartOf":{"@id":"https:\/\/21panorama.com\/#website"},"datePublished":"2023-10-02T06:55:49+00:00","dateModified":"2023-10-02T06:55:50+00:00","breadcrumb":{"@id":"https:\/\/21panorama.com\/index.php\/2023\/10\/02\/candidaturas-priistas-y-el-jefe-de-partido-primera-plana-columna-politica\/#breadcrumb"},"inLanguage":"es","potentialAction":[{"@type":"ReadAction","target":["https:\/\/21panorama.com\/index.php\/2023\/10\/02\/candidaturas-priistas-y-el-jefe-de-partido-primera-plana-columna-politica\/"]}]},{"@type":"BreadcrumbList","@id":"https:\/\/21panorama.com\/index.php\/2023\/10\/02\/candidaturas-priistas-y-el-jefe-de-partido-primera-plana-columna-politica\/#breadcrumb","itemListElement":[{"@type":"ListItem","position":1,"name":"Inicio","item":"https:\/\/21panorama.com\/"},{"@type":"ListItem","position":2,"name":"CANDIDATURAS PRIISTAS Y EL JEFE DE PARTIDO (PRIMERA PLANA, Columna Pol\u00edtica)"}]},{"@type":"WebSite","@id":"https:\/\/21panorama.com\/#website","url":"https:\/\/21panorama.com\/","name":"21 Panorama","description":"La construcci\u00f3n de la opini\u00f3n p\u00fablica merece un mejor Panorama en este siglo 21 para alcanzar una sociedad con mayor transparencia y sin corrupci\u00f3n.","publisher":{"@id":"https:\/\/21panorama.com\/#organization"},"potentialAction":[{"@type":"SearchAction","target":{"@type":"EntryPoint","urlTemplate":"https:\/\/21panorama.com\/?s={search_term_string}"},"query-input":{"@type":"PropertyValueSpecification","valueRequired":true,"valueName":"search_term_string"}}],"inLanguage":"es"},{"@type":"Organization","@id":"https:\/\/21panorama.com\/#organization","name":"21 Panorama","url":"https:\/\/21panorama.com\/","logo":{"@type":"ImageObject","inLanguage":"es","@id":"https:\/\/21panorama.com\/#\/schema\/logo\/image\/","url":"https:\/\/21panorama.com\/wp-content\/uploads\/2019\/07\/cropped-Logo-Panorama-01.jpeg","contentUrl":"https:\/\/21panorama.com\/wp-content\/uploads\/2019\/07\/cropped-Logo-Panorama-01.jpeg","width":290,"height":70,"caption":"21 Panorama"},"image":{"@id":"https:\/\/21panorama.com\/#\/schema\/logo\/image\/"}},{"@type":"Person","@id":"https:\/\/21panorama.com\/#\/schema\/person\/1afc291b96d5792a158768324287319f","name":"admin","image":{"@type":"ImageObject","inLanguage":"es","@id":"https:\/\/21panorama.com\/#\/schema\/person\/image\/","url":"https:\/\/secure.gravatar.com\/avatar\/ad365d9d9f46719215b0d042cc3df92a5a8683e09ef13d102233e5491985f0f0?s=96&d=mm&r=g","contentUrl":"https:\/\/secure.gravatar.com\/avatar\/ad365d9d9f46719215b0d042cc3df92a5a8683e09ef13d102233e5491985f0f0?s=96&d=mm&r=g","caption":"admin"},"url":"https:\/\/21panorama.com\/index.php\/author\/admin\/"}]}},"_links":{"self":[{"href":"https:\/\/21panorama.com\/index.php\/wp-json\/wp\/v2\/posts\/5094","targetHints":{"allow":["GET"]}}],"collection":[{"href":"https:\/\/21panorama.com\/index.php\/wp-json\/wp\/v2\/posts"}],"about":[{"href":"https:\/\/21panorama.com\/index.php\/wp-json\/wp\/v2\/types\/post"}],"author":[{"embeddable":true,"href":"https:\/\/21panorama.com\/index.php\/wp-json\/wp\/v2\/users\/1"}],"replies":[{"embeddable":true,"href":"https:\/\/21panorama.com\/index.php\/wp-json\/wp\/v2\/comments?post=5094"}],"version-history":[{"count":1,"href":"https:\/\/21panorama.com\/index.php\/wp-json\/wp\/v2\/posts\/5094\/revisions"}],"predecessor-version":[{"id":5095,"href":"https:\/\/21panorama.com\/index.php\/wp-json\/wp\/v2\/posts\/5094\/revisions\/5095"}],"wp:attachment":[{"href":"https:\/\/21panorama.com\/index.php\/wp-json\/wp\/v2\/media?parent=5094"}],"wp:term":[{"taxonomy":"category","embeddable":true,"href":"https:\/\/21panorama.com\/index.php\/wp-json\/wp\/v2\/categories?post=5094"},{"taxonomy":"post_tag","embeddable":true,"href":"https:\/\/21panorama.com\/index.php\/wp-json\/wp\/v2\/tags?post=5094"}],"curies":[{"name":"wp","href":"https:\/\/api.w.org\/{rel}","templated":true}]}}