{"id":5091,"date":"2023-10-01T00:47:22","date_gmt":"2023-10-01T05:47:22","guid":{"rendered":"https:\/\/21panorama.com\/?p=5091"},"modified":"2023-10-02T01:18:38","modified_gmt":"2023-10-02T06:18:38","slug":"jesus-cedillo-y-gustavo-cardenas-supervisan-obras-importantes-en-jocotitlan","status":"publish","type":"post","link":"https:\/\/21panorama.com\/index.php\/2023\/10\/01\/jesus-cedillo-y-gustavo-cardenas-supervisan-obras-importantes-en-jocotitlan\/","title":{"rendered":"JES\u00daS CEDILLO Y GUSTAVO C\u00c1RDENAS SUPERVISAN OBRAS IMPORTANTES EN JOCOTITL\u00c1N"},"content":{"rendered":"\n<p>En reciente gira de trabajo, el Presidente Municipal Jes\u00fas Cedillo Gonz\u00e1lez, realiz\u00f3 un recorrido por distintos domicilios de La Venta Joco para verificar el correcto funcionamiento del servicio de agua potable, dio banderazo de inicio de obra en calle principal de la comunidad de San Francisco Cheje al igual que en la comunidad de Los Reyes.<\/p>\n\n\n\n<p>Uno de los servicios b\u00e1sicos de los habitantes de las comunidades que integran el municipio de Jocotitl\u00e1n, es el agua, vital l\u00edquido que es indispensable para la vida cotidiana de todos. De esta manera, el edil recorri\u00f3 las calles principales de La Venta para poder recolectar informaci\u00f3n del funcionamiento de la red hidr\u00e1ulica y constatar que lo est\u00e1 haciendo correctamente.<\/p>\n\n\n\n<p>En compa\u00f1\u00eda del Diputado Federal Gustavo C\u00e1rdenas Monroy, el alcalde Cedillo dio el banderazo de inicio a la obra de rehabilitaci\u00f3n con concreto hidr\u00e1ulico de la Calle Bicentenario de la Independencia en la Comunidad de San Francisco Cheje, una obra que se suma a la infraestructura carretera del municipio para beneficio de los transe\u00fantes de esta localidad.<\/p>\n\n\n\n<p>En la Comunidad de Los Reyes, Jes\u00fas Cedillo Gonz\u00e1lez y el Diputado Federal Gustavo C\u00e1rdenas Monroy, sostuvieron una reuni\u00f3n informativa con la ciudadan\u00eda, sobre la rehabilitaci\u00f3n de la Calle 5 de Mayo, la cual se realizar\u00e1 para el beneficio de la ciudadan\u00eda que transita en este importante acceso a la Comunidad.<\/p>\n","protected":false},"excerpt":{"rendered":"<p>En reciente gira de trabajo, el Presidente Municipal Jes\u00fas Cedillo Gonz\u00e1lez, realiz\u00f3 un recorrido por distintos domicilios de La Venta Joco para verificar el correcto funcionamiento del servicio de agua potable, dio banderazo de inicio de obra en calle principal de la comunidad de San Francisco Cheje al igual que en la comunidad de Los Reyes.<\/p>\n","protected":false},"author":1,"featured_media":5092,"comment_status":"open","ping_status":"open","sticky":false,"template":"","format":"standard","meta":{"footnotes":""},"categories":[6,12,1],"tags":[97,222,315,325,42,33],"class_list":["post-5091","post","type-post","status-publish","format-standard","has-post-thumbnail","hentry","category-cienciaysalud","category-politica","category-sociedad","tag-edomex","tag-gem","tag-gustavo-cardenas","tag-jesus-cedillo-gonzalez","tag-jocotitlan","tag-pri"],"yoast_head":"<!-- This site is optimized with the Yoast SEO plugin v24.9 - https:\/\/yoast.com\/wordpress\/plugins\/seo\/ -->\n<title>JES\u00daS CEDILLO Y GUSTAVO C\u00c1RDENAS SUPERVISAN OBRAS IMPORTANTES EN JOCOTITL\u00c1N - 21 Panorama<\/title>\n<meta name=\"robots\" content=\"index, follow, max-snippet:-1, max-image-preview:large, max-video-preview:-1\" \/>\n<link rel=\"canonical\" href=\"https:\/\/21panorama.com\/index.php\/2023\/10\/01\/jesus-cedillo-y-gustavo-cardenas-supervisan-obras-importantes-en-jocotitlan\/\" \/>\n<meta property=\"og:locale\" content=\"es_MX\" \/>\n<meta property=\"og:type\" content=\"article\" \/>\n<meta property=\"og:title\" content=\"JES\u00daS CEDILLO Y GUSTAVO C\u00c1RDENAS SUPERVISAN OBRAS IMPORTANTES EN JOCOTITL\u00c1N - 21 Panorama\" \/>\n<meta property=\"og:description\" content=\"En reciente gira de trabajo, el Presidente Municipal Jes\u00fas Cedillo Gonz\u00e1lez, realiz\u00f3 un recorrido por distintos domicilios de La Venta Joco para verificar el correcto funcionamiento del servicio de agua potable, dio banderazo de inicio de obra en calle principal de la comunidad de San Francisco Cheje al igual que en la comunidad de Los Reyes.\" \/>\n<meta property=\"og:url\" content=\"https:\/\/21panorama.com\/index.php\/2023\/10\/01\/jesus-cedillo-y-gustavo-cardenas-supervisan-obras-importantes-en-jocotitlan\/\" \/>\n<meta property=\"og:site_name\" content=\"21 Panorama\" \/>\n<meta property=\"article:published_time\" content=\"2023-10-01T05:47:22+00:00\" \/>\n<meta property=\"article:modified_time\" content=\"2023-10-02T06:18:38+00:00\" \/>\n<meta property=\"og:image\" content=\"https:\/\/21panorama.com\/wp-content\/uploads\/2023\/10\/Jocotitlan-300923-3.jpg\" \/>\n\t<meta property=\"og:image:width\" content=\"2048\" \/>\n\t<meta property=\"og:image:height\" content=\"1536\" \/>\n\t<meta property=\"og:image:type\" content=\"image\/jpeg\" \/>\n<meta name=\"author\" content=\"admin\" \/>\n<meta name=\"twitter:card\" content=\"summary_large_image\" \/>\n<meta name=\"twitter:label1\" content=\"Escrito por\" \/>\n\t<meta name=\"twitter:data1\" content=\"admin\" \/>\n\t<meta name=\"twitter:label2\" content=\"Tiempo de lectura\" \/>\n\t<meta name=\"twitter:data2\" content=\"2 minutos\" \/>\n<script type=\"application\/ld+json\" class=\"yoast-schema-graph\">{\"@context\":\"https:\/\/schema.org\",\"@graph\":[{\"@type\":\"Article\",\"@id\":\"https:\/\/21panorama.com\/index.php\/2023\/10\/01\/jesus-cedillo-y-gustavo-cardenas-supervisan-obras-importantes-en-jocotitlan\/#article\",\"isPartOf\":{\"@id\":\"https:\/\/21panorama.com\/index.php\/2023\/10\/01\/jesus-cedillo-y-gustavo-cardenas-supervisan-obras-importantes-en-jocotitlan\/\"},\"author\":{\"name\":\"admin\",\"@id\":\"https:\/\/21panorama.com\/#\/schema\/person\/1afc291b96d5792a158768324287319f\"},\"headline\":\"JES\u00daS CEDILLO Y GUSTAVO C\u00c1RDENAS SUPERVISAN OBRAS IMPORTANTES EN JOCOTITL\u00c1N\",\"datePublished\":\"2023-10-01T05:47:22+00:00\",\"dateModified\":\"2023-10-02T06:18:38+00:00\",\"mainEntityOfPage\":{\"@id\":\"https:\/\/21panorama.com\/index.php\/2023\/10\/01\/jesus-cedillo-y-gustavo-cardenas-supervisan-obras-importantes-en-jocotitlan\/\"},\"wordCount\":255,\"commentCount\":0,\"publisher\":{\"@id\":\"https:\/\/21panorama.com\/#organization\"},\"image\":{\"@id\":\"https:\/\/21panorama.com\/index.php\/2023\/10\/01\/jesus-cedillo-y-gustavo-cardenas-supervisan-obras-importantes-en-jocotitlan\/#primaryimage\"},\"thumbnailUrl\":\"https:\/\/21panorama.com\/wp-content\/uploads\/2023\/10\/Jocotitlan-300923-3.jpg\",\"keywords\":[\"EDOMEX\",\"GEM\",\"GUSTAVO C\u00c1RDENAS\",\"Jes\u00fas Cedillo Gonz\u00e1lez\",\"Jocotitl\u00e1n\",\"PRI\"],\"articleSection\":[\"Ciencia y Salud\",\"Politica\",\"Sociedad\"],\"inLanguage\":\"es\",\"potentialAction\":[{\"@type\":\"CommentAction\",\"name\":\"Comment\",\"target\":[\"https:\/\/21panorama.com\/index.php\/2023\/10\/01\/jesus-cedillo-y-gustavo-cardenas-supervisan-obras-importantes-en-jocotitlan\/#respond\"]}]},{\"@type\":\"WebPage\",\"@id\":\"https:\/\/21panorama.com\/index.php\/2023\/10\/01\/jesus-cedillo-y-gustavo-cardenas-supervisan-obras-importantes-en-jocotitlan\/\",\"url\":\"https:\/\/21panorama.com\/index.php\/2023\/10\/01\/jesus-cedillo-y-gustavo-cardenas-supervisan-obras-importantes-en-jocotitlan\/\",\"name\":\"JES\u00daS CEDILLO Y GUSTAVO C\u00c1RDENAS SUPERVISAN OBRAS IMPORTANTES EN JOCOTITL\u00c1N - 21 Panorama\",\"isPartOf\":{\"@id\":\"https:\/\/21panorama.com\/#website\"},\"primaryImageOfPage\":{\"@id\":\"https:\/\/21panorama.com\/index.php\/2023\/10\/01\/jesus-cedillo-y-gustavo-cardenas-supervisan-obras-importantes-en-jocotitlan\/#primaryimage\"},\"image\":{\"@id\":\"https:\/\/21panorama.com\/index.php\/2023\/10\/01\/jesus-cedillo-y-gustavo-cardenas-supervisan-obras-importantes-en-jocotitlan\/#primaryimage\"},\"thumbnailUrl\":\"https:\/\/21panorama.com\/wp-content\/uploads\/2023\/10\/Jocotitlan-300923-3.jpg\",\"datePublished\":\"2023-10-01T05:47:22+00:00\",\"dateModified\":\"2023-10-02T06:18:38+00:00\",\"breadcrumb\":{\"@id\":\"https:\/\/21panorama.com\/index.php\/2023\/10\/01\/jesus-cedillo-y-gustavo-cardenas-supervisan-obras-importantes-en-jocotitlan\/#breadcrumb\"},\"inLanguage\":\"es\",\"potentialAction\":[{\"@type\":\"ReadAction\",\"target\":[\"https:\/\/21panorama.com\/index.php\/2023\/10\/01\/jesus-cedillo-y-gustavo-cardenas-supervisan-obras-importantes-en-jocotitlan\/\"]}]},{\"@type\":\"ImageObject\",\"inLanguage\":\"es\",\"@id\":\"https:\/\/21panorama.com\/index.php\/2023\/10\/01\/jesus-cedillo-y-gustavo-cardenas-supervisan-obras-importantes-en-jocotitlan\/#primaryimage\",\"url\":\"https:\/\/21panorama.com\/wp-content\/uploads\/2023\/10\/Jocotitlan-300923-3.jpg\",\"contentUrl\":\"https:\/\/21panorama.com\/wp-content\/uploads\/2023\/10\/Jocotitlan-300923-3.jpg\",\"width\":2048,\"height\":1536},{\"@type\":\"BreadcrumbList\",\"@id\":\"https:\/\/21panorama.com\/index.php\/2023\/10\/01\/jesus-cedillo-y-gustavo-cardenas-supervisan-obras-importantes-en-jocotitlan\/#breadcrumb\",\"itemListElement\":[{\"@type\":\"ListItem\",\"position\":1,\"name\":\"Inicio\",\"item\":\"https:\/\/21panorama.com\/\"},{\"@type\":\"ListItem\",\"position\":2,\"name\":\"JES\u00daS CEDILLO Y GUSTAVO C\u00c1RDENAS SUPERVISAN OBRAS IMPORTANTES EN JOCOTITL\u00c1N\"}]},{\"@type\":\"WebSite\",\"@id\":\"https:\/\/21panorama.com\/#website\",\"url\":\"https:\/\/21panorama.com\/\",\"name\":\"21 Panorama\",\"description\":\"La construcci\u00f3n de la opini\u00f3n p\u00fablica merece un mejor Panorama en este siglo 21 para alcanzar una sociedad con mayor transparencia y sin corrupci\u00f3n.\",\"publisher\":{\"@id\":\"https:\/\/21panorama.com\/#organization\"},\"potentialAction\":[{\"@type\":\"SearchAction\",\"target\":{\"@type\":\"EntryPoint\",\"urlTemplate\":\"https:\/\/21panorama.com\/?s={search_term_string}\"},\"query-input\":{\"@type\":\"PropertyValueSpecification\",\"valueRequired\":true,\"valueName\":\"search_term_string\"}}],\"inLanguage\":\"es\"},{\"@type\":\"Organization\",\"@id\":\"https:\/\/21panorama.com\/#organization\",\"name\":\"21 Panorama\",\"url\":\"https:\/\/21panorama.com\/\",\"logo\":{\"@type\":\"ImageObject\",\"inLanguage\":\"es\",\"@id\":\"https:\/\/21panorama.com\/#\/schema\/logo\/image\/\",\"url\":\"https:\/\/21panorama.com\/wp-content\/uploads\/2019\/07\/cropped-Logo-Panorama-01.jpeg\",\"contentUrl\":\"https:\/\/21panorama.com\/wp-content\/uploads\/2019\/07\/cropped-Logo-Panorama-01.jpeg\",\"width\":290,\"height\":70,\"caption\":\"21 Panorama\"},\"image\":{\"@id\":\"https:\/\/21panorama.com\/#\/schema\/logo\/image\/\"}},{\"@type\":\"Person\",\"@id\":\"https:\/\/21panorama.com\/#\/schema\/person\/1afc291b96d5792a158768324287319f\",\"name\":\"admin\",\"image\":{\"@type\":\"ImageObject\",\"inLanguage\":\"es\",\"@id\":\"https:\/\/21panorama.com\/#\/schema\/person\/image\/\",\"url\":\"https:\/\/secure.gravatar.com\/avatar\/ad365d9d9f46719215b0d042cc3df92a5a8683e09ef13d102233e5491985f0f0?s=96&d=mm&r=g\",\"contentUrl\":\"https:\/\/secure.gravatar.com\/avatar\/ad365d9d9f46719215b0d042cc3df92a5a8683e09ef13d102233e5491985f0f0?s=96&d=mm&r=g\",\"caption\":\"admin\"},\"url\":\"https:\/\/21panorama.com\/index.php\/author\/admin\/\"}]}<\/script>\n<!-- \/ Yoast SEO plugin. -->","yoast_head_json":{"title":"JES\u00daS CEDILLO Y GUSTAVO C\u00c1RDENAS SUPERVISAN OBRAS IMPORTANTES EN JOCOTITL\u00c1N - 21 Panorama","robots":{"index":"index","follow":"follow","max-snippet":"max-snippet:-1","max-image-preview":"max-image-preview:large","max-video-preview":"max-video-preview:-1"},"canonical":"https:\/\/21panorama.com\/index.php\/2023\/10\/01\/jesus-cedillo-y-gustavo-cardenas-supervisan-obras-importantes-en-jocotitlan\/","og_locale":"es_MX","og_type":"article","og_title":"JES\u00daS CEDILLO Y GUSTAVO C\u00c1RDENAS SUPERVISAN OBRAS IMPORTANTES EN JOCOTITL\u00c1N - 21 Panorama","og_description":"En reciente gira de trabajo, el Presidente Municipal Jes\u00fas Cedillo Gonz\u00e1lez, realiz\u00f3 un recorrido por distintos domicilios de La Venta Joco para verificar el correcto funcionamiento del servicio de agua potable, dio banderazo de inicio de obra en calle principal de la comunidad de San Francisco Cheje al igual que en la comunidad de Los Reyes.","og_url":"https:\/\/21panorama.com\/index.php\/2023\/10\/01\/jesus-cedillo-y-gustavo-cardenas-supervisan-obras-importantes-en-jocotitlan\/","og_site_name":"21 Panorama","article_published_time":"2023-10-01T05:47:22+00:00","article_modified_time":"2023-10-02T06:18:38+00:00","og_image":[{"width":2048,"height":1536,"url":"https:\/\/21panorama.com\/wp-content\/uploads\/2023\/10\/Jocotitlan-300923-3.jpg","type":"image\/jpeg"}],"author":"admin","twitter_card":"summary_large_image","twitter_misc":{"Escrito por":"admin","Tiempo de lectura":"2 minutos"},"schema":{"@context":"https:\/\/schema.org","@graph":[{"@type":"Article","@id":"https:\/\/21panorama.com\/index.php\/2023\/10\/01\/jesus-cedillo-y-gustavo-cardenas-supervisan-obras-importantes-en-jocotitlan\/#article","isPartOf":{"@id":"https:\/\/21panorama.com\/index.php\/2023\/10\/01\/jesus-cedillo-y-gustavo-cardenas-supervisan-obras-importantes-en-jocotitlan\/"},"author":{"name":"admin","@id":"https:\/\/21panorama.com\/#\/schema\/person\/1afc291b96d5792a158768324287319f"},"headline":"JES\u00daS CEDILLO Y GUSTAVO C\u00c1RDENAS SUPERVISAN OBRAS IMPORTANTES EN JOCOTITL\u00c1N","datePublished":"2023-10-01T05:47:22+00:00","dateModified":"2023-10-02T06:18:38+00:00","mainEntityOfPage":{"@id":"https:\/\/21panorama.com\/index.php\/2023\/10\/01\/jesus-cedillo-y-gustavo-cardenas-supervisan-obras-importantes-en-jocotitlan\/"},"wordCount":255,"commentCount":0,"publisher":{"@id":"https:\/\/21panorama.com\/#organization"},"image":{"@id":"https:\/\/21panorama.com\/index.php\/2023\/10\/01\/jesus-cedillo-y-gustavo-cardenas-supervisan-obras-importantes-en-jocotitlan\/#primaryimage"},"thumbnailUrl":"https:\/\/21panorama.com\/wp-content\/uploads\/2023\/10\/Jocotitlan-300923-3.jpg","keywords":["EDOMEX","GEM","GUSTAVO C\u00c1RDENAS","Jes\u00fas Cedillo Gonz\u00e1lez","Jocotitl\u00e1n","PRI"],"articleSection":["Ciencia y Salud","Politica","Sociedad"],"inLanguage":"es","potentialAction":[{"@type":"CommentAction","name":"Comment","target":["https:\/\/21panorama.com\/index.php\/2023\/10\/01\/jesus-cedillo-y-gustavo-cardenas-supervisan-obras-importantes-en-jocotitlan\/#respond"]}]},{"@type":"WebPage","@id":"https:\/\/21panorama.com\/index.php\/2023\/10\/01\/jesus-cedillo-y-gustavo-cardenas-supervisan-obras-importantes-en-jocotitlan\/","url":"https:\/\/21panorama.com\/index.php\/2023\/10\/01\/jesus-cedillo-y-gustavo-cardenas-supervisan-obras-importantes-en-jocotitlan\/","name":"JES\u00daS CEDILLO Y GUSTAVO C\u00c1RDENAS SUPERVISAN OBRAS IMPORTANTES EN JOCOTITL\u00c1N - 21 Panorama","isPartOf":{"@id":"https:\/\/21panorama.com\/#website"},"primaryImageOfPage":{"@id":"https:\/\/21panorama.com\/index.php\/2023\/10\/01\/jesus-cedillo-y-gustavo-cardenas-supervisan-obras-importantes-en-jocotitlan\/#primaryimage"},"image":{"@id":"https:\/\/21panorama.com\/index.php\/2023\/10\/01\/jesus-cedillo-y-gustavo-cardenas-supervisan-obras-importantes-en-jocotitlan\/#primaryimage"},"thumbnailUrl":"https:\/\/21panorama.com\/wp-content\/uploads\/2023\/10\/Jocotitlan-300923-3.jpg","datePublished":"2023-10-01T05:47:22+00:00","dateModified":"2023-10-02T06:18:38+00:00","breadcrumb":{"@id":"https:\/\/21panorama.com\/index.php\/2023\/10\/01\/jesus-cedillo-y-gustavo-cardenas-supervisan-obras-importantes-en-jocotitlan\/#breadcrumb"},"inLanguage":"es","potentialAction":[{"@type":"ReadAction","target":["https:\/\/21panorama.com\/index.php\/2023\/10\/01\/jesus-cedillo-y-gustavo-cardenas-supervisan-obras-importantes-en-jocotitlan\/"]}]},{"@type":"ImageObject","inLanguage":"es","@id":"https:\/\/21panorama.com\/index.php\/2023\/10\/01\/jesus-cedillo-y-gustavo-cardenas-supervisan-obras-importantes-en-jocotitlan\/#primaryimage","url":"https:\/\/21panorama.com\/wp-content\/uploads\/2023\/10\/Jocotitlan-300923-3.jpg","contentUrl":"https:\/\/21panorama.com\/wp-content\/uploads\/2023\/10\/Jocotitlan-300923-3.jpg","width":2048,"height":1536},{"@type":"BreadcrumbList","@id":"https:\/\/21panorama.com\/index.php\/2023\/10\/01\/jesus-cedillo-y-gustavo-cardenas-supervisan-obras-importantes-en-jocotitlan\/#breadcrumb","itemListElement":[{"@type":"ListItem","position":1,"name":"Inicio","item":"https:\/\/21panorama.com\/"},{"@type":"ListItem","position":2,"name":"JES\u00daS CEDILLO Y GUSTAVO C\u00c1RDENAS SUPERVISAN OBRAS IMPORTANTES EN JOCOTITL\u00c1N"}]},{"@type":"WebSite","@id":"https:\/\/21panorama.com\/#website","url":"https:\/\/21panorama.com\/","name":"21 Panorama","description":"La construcci\u00f3n de la opini\u00f3n p\u00fablica merece un mejor Panorama en este siglo 21 para alcanzar una sociedad con mayor transparencia y sin corrupci\u00f3n.","publisher":{"@id":"https:\/\/21panorama.com\/#organization"},"potentialAction":[{"@type":"SearchAction","target":{"@type":"EntryPoint","urlTemplate":"https:\/\/21panorama.com\/?s={search_term_string}"},"query-input":{"@type":"PropertyValueSpecification","valueRequired":true,"valueName":"search_term_string"}}],"inLanguage":"es"},{"@type":"Organization","@id":"https:\/\/21panorama.com\/#organization","name":"21 Panorama","url":"https:\/\/21panorama.com\/","logo":{"@type":"ImageObject","inLanguage":"es","@id":"https:\/\/21panorama.com\/#\/schema\/logo\/image\/","url":"https:\/\/21panorama.com\/wp-content\/uploads\/2019\/07\/cropped-Logo-Panorama-01.jpeg","contentUrl":"https:\/\/21panorama.com\/wp-content\/uploads\/2019\/07\/cropped-Logo-Panorama-01.jpeg","width":290,"height":70,"caption":"21 Panorama"},"image":{"@id":"https:\/\/21panorama.com\/#\/schema\/logo\/image\/"}},{"@type":"Person","@id":"https:\/\/21panorama.com\/#\/schema\/person\/1afc291b96d5792a158768324287319f","name":"admin","image":{"@type":"ImageObject","inLanguage":"es","@id":"https:\/\/21panorama.com\/#\/schema\/person\/image\/","url":"https:\/\/secure.gravatar.com\/avatar\/ad365d9d9f46719215b0d042cc3df92a5a8683e09ef13d102233e5491985f0f0?s=96&d=mm&r=g","contentUrl":"https:\/\/secure.gravatar.com\/avatar\/ad365d9d9f46719215b0d042cc3df92a5a8683e09ef13d102233e5491985f0f0?s=96&d=mm&r=g","caption":"admin"},"url":"https:\/\/21panorama.com\/index.php\/author\/admin\/"}]}},"_links":{"self":[{"href":"https:\/\/21panorama.com\/index.php\/wp-json\/wp\/v2\/posts\/5091","targetHints":{"allow":["GET"]}}],"collection":[{"href":"https:\/\/21panorama.com\/index.php\/wp-json\/wp\/v2\/posts"}],"about":[{"href":"https:\/\/21panorama.com\/index.php\/wp-json\/wp\/v2\/types\/post"}],"author":[{"embeddable":true,"href":"https:\/\/21panorama.com\/index.php\/wp-json\/wp\/v2\/users\/1"}],"replies":[{"embeddable":true,"href":"https:\/\/21panorama.com\/index.php\/wp-json\/wp\/v2\/comments?post=5091"}],"version-history":[{"count":1,"href":"https:\/\/21panorama.com\/index.php\/wp-json\/wp\/v2\/posts\/5091\/revisions"}],"predecessor-version":[{"id":5093,"href":"https:\/\/21panorama.com\/index.php\/wp-json\/wp\/v2\/posts\/5091\/revisions\/5093"}],"wp:featuredmedia":[{"embeddable":true,"href":"https:\/\/21panorama.com\/index.php\/wp-json\/wp\/v2\/media\/5092"}],"wp:attachment":[{"href":"https:\/\/21panorama.com\/index.php\/wp-json\/wp\/v2\/media?parent=5091"}],"wp:term":[{"taxonomy":"category","embeddable":true,"href":"https:\/\/21panorama.com\/index.php\/wp-json\/wp\/v2\/categories?post=5091"},{"taxonomy":"post_tag","embeddable":true,"href":"https:\/\/21panorama.com\/index.php\/wp-json\/wp\/v2\/tags?post=5091"}],"curies":[{"name":"wp","href":"https:\/\/api.w.org\/{rel}","templated":true}]}}