{"id":5062,"date":"2023-09-25T01:10:32","date_gmt":"2023-09-25T06:10:32","guid":{"rendered":"https:\/\/21panorama.com\/?p=5062"},"modified":"2023-09-26T01:22:22","modified_gmt":"2023-09-26T06:22:22","slug":"el-pri-esta-listo-y-unido-para-encarar-el-2024-eric-sevilla","status":"publish","type":"post","link":"https:\/\/21panorama.com\/index.php\/2023\/09\/25\/el-pri-esta-listo-y-unido-para-encarar-el-2024-eric-sevilla\/","title":{"rendered":"EL PRI EST\u00c1 LISTO Y UNIDO PARA ENCARAR EL 2024: ERIC SEVILLA"},"content":{"rendered":"\n<p><\/p>\n\n\n\n<p>\u2022 Liderazgos y militancia cierran filas con la dirigencia nacional para ganar las elecciones del pr\u00f3ximo a\u00f1o.<\/p>\n\n\n\n<p><\/p>\n\n\n\n<p>El priismo mexiquense se mantiene activo y nunca deja de hacer pol\u00edtica, est\u00e1 unido y listo para enfrentar los desaf\u00edos del 2024, asegur\u00f3 el presidente del Comit\u00e9 Directivo Estatal (CDE), Eric Sevilla.<\/p>\n\n\n\n<p>El PRI del Estado de M\u00e9xico trabaja, coordinadamente, con su dirigencia nacional; \u201cah\u00ed hemos expresado el diagn\u00f3stico de la situaci\u00f3n actual del partido y el gran acuerdo que debemos suscribir todo el priismo hacia los tiempos que vienen\u201d, dijo.<\/p>\n\n\n\n<p>Dej\u00f3 en claro su reconocimiento al respeto y respaldo absoluto que brinda el Comit\u00e9 Ejecutivo Nacional del PRI, \u201cpero est\u00e1 en nuestras manos, hoy m\u00e1s que nunca, dar muestra de un proceso claro de inclusi\u00f3n, unidad y respeto\u201d.<\/p>\n\n\n\n<p>En fechas recientes, hemos sido testigos de esta circunstancia, donde se escucharon a todos para construir, con madurez y objetividad, los triunfos que sin duda vendr\u00e1n el pr\u00f3ximo a\u00f1o, afirm\u00f3.<\/p>\n\n\n\n<p>El jefe de partido sostuvo que todas las actitudes y aptitudes de los militantes deben encaminarse a la conciliaci\u00f3n y respeto que, como priismo disciplinado e institucional, se ganaron en todo el pa\u00eds.<\/p>\n\n\n\n<p>El PRI naci\u00f3 para servir a M\u00e9xico y a los mexiquenses desde la trinchera pol\u00edtica que le permita darle direcci\u00f3n y rumbo claro al desarrollo del pa\u00eds y de la entidad, en democracia y con justicia social, asegur\u00f3 Eric Sevilla.<\/p>\n\n\n\n<p>\u201cEstamos listos para ser mucho m\u00e1s que oposici\u00f3n, somos una opci\u00f3n de mejor gobierno, capaces de mantenernos unidos en lo fundamental con otras fuerzas pol\u00edticas y en sinergia con la sociedad\u201d, sostuvo.<\/p>\n\n\n\n<p>Expres\u00f3 su mayor reconocimiento al trabajo de los liderazgos y la militancia que han cerrado filas y desplegado banderas con la dirigencia nacional, para enfrentar los retos de la elecci\u00f3n del pr\u00f3ximo a\u00f1o.<\/p>\n","protected":false},"excerpt":{"rendered":"<p>El priismo mexiquense se mantiene activo y nunca deja de hacer pol\u00edtica, est\u00e1 unido y listo para enfrentar los desaf\u00edos del 2024, asegur\u00f3 el presidente del Comit\u00e9 Directivo Estatal (CDE), Eric Sevilla.<\/p>\n","protected":false},"author":1,"featured_media":5063,"comment_status":"open","ping_status":"open","sticky":false,"template":"","format":"standard","meta":{"footnotes":""},"categories":[12,1],"tags":[97,310,222,33],"class_list":["post-5062","post","type-post","status-publish","format-standard","has-post-thumbnail","hentry","category-politica","category-sociedad","tag-edomex","tag-eric-sevilla","tag-gem","tag-pri"],"yoast_head":"<!-- This site is optimized with the Yoast SEO plugin v24.9 - https:\/\/yoast.com\/wordpress\/plugins\/seo\/ -->\n<title>EL PRI EST\u00c1 LISTO Y UNIDO PARA ENCARAR EL 2024: ERIC SEVILLA - 21 Panorama<\/title>\n<meta name=\"robots\" content=\"index, follow, max-snippet:-1, max-image-preview:large, max-video-preview:-1\" \/>\n<link rel=\"canonical\" href=\"https:\/\/21panorama.com\/index.php\/2023\/09\/25\/el-pri-esta-listo-y-unido-para-encarar-el-2024-eric-sevilla\/\" \/>\n<meta property=\"og:locale\" content=\"es_MX\" \/>\n<meta property=\"og:type\" content=\"article\" \/>\n<meta property=\"og:title\" content=\"EL PRI EST\u00c1 LISTO Y UNIDO PARA ENCARAR EL 2024: ERIC SEVILLA - 21 Panorama\" \/>\n<meta property=\"og:description\" content=\"El priismo mexiquense se mantiene activo y nunca deja de hacer pol\u00edtica, est\u00e1 unido y listo para enfrentar los desaf\u00edos del 2024, asegur\u00f3 el presidente del Comit\u00e9 Directivo Estatal (CDE), Eric Sevilla.\" \/>\n<meta property=\"og:url\" content=\"https:\/\/21panorama.com\/index.php\/2023\/09\/25\/el-pri-esta-listo-y-unido-para-encarar-el-2024-eric-sevilla\/\" \/>\n<meta property=\"og:site_name\" content=\"21 Panorama\" \/>\n<meta property=\"article:published_time\" content=\"2023-09-25T06:10:32+00:00\" \/>\n<meta property=\"article:modified_time\" content=\"2023-09-26T06:22:22+00:00\" \/>\n<meta property=\"og:image\" content=\"https:\/\/21panorama.com\/wp-content\/uploads\/2023\/09\/Eric-Sevilla-250923.jpg\" \/>\n\t<meta property=\"og:image:width\" content=\"413\" \/>\n\t<meta property=\"og:image:height\" content=\"667\" \/>\n\t<meta property=\"og:image:type\" content=\"image\/jpeg\" \/>\n<meta name=\"author\" content=\"admin\" \/>\n<meta name=\"twitter:card\" content=\"summary_large_image\" \/>\n<meta name=\"twitter:label1\" content=\"Escrito por\" \/>\n\t<meta name=\"twitter:data1\" content=\"admin\" \/>\n\t<meta name=\"twitter:label2\" content=\"Tiempo de lectura\" \/>\n\t<meta name=\"twitter:data2\" content=\"2 minutos\" \/>\n<script type=\"application\/ld+json\" class=\"yoast-schema-graph\">{\"@context\":\"https:\/\/schema.org\",\"@graph\":[{\"@type\":\"Article\",\"@id\":\"https:\/\/21panorama.com\/index.php\/2023\/09\/25\/el-pri-esta-listo-y-unido-para-encarar-el-2024-eric-sevilla\/#article\",\"isPartOf\":{\"@id\":\"https:\/\/21panorama.com\/index.php\/2023\/09\/25\/el-pri-esta-listo-y-unido-para-encarar-el-2024-eric-sevilla\/\"},\"author\":{\"name\":\"admin\",\"@id\":\"https:\/\/21panorama.com\/#\/schema\/person\/1afc291b96d5792a158768324287319f\"},\"headline\":\"EL PRI EST\u00c1 LISTO Y UNIDO PARA ENCARAR EL 2024: ERIC SEVILLA\",\"datePublished\":\"2023-09-25T06:10:32+00:00\",\"dateModified\":\"2023-09-26T06:22:22+00:00\",\"mainEntityOfPage\":{\"@id\":\"https:\/\/21panorama.com\/index.php\/2023\/09\/25\/el-pri-esta-listo-y-unido-para-encarar-el-2024-eric-sevilla\/\"},\"wordCount\":328,\"commentCount\":0,\"publisher\":{\"@id\":\"https:\/\/21panorama.com\/#organization\"},\"image\":{\"@id\":\"https:\/\/21panorama.com\/index.php\/2023\/09\/25\/el-pri-esta-listo-y-unido-para-encarar-el-2024-eric-sevilla\/#primaryimage\"},\"thumbnailUrl\":\"https:\/\/21panorama.com\/wp-content\/uploads\/2023\/09\/Eric-Sevilla-250923.jpg\",\"keywords\":[\"EDOMEX\",\"ERIC SEVILLA\",\"GEM\",\"PRI\"],\"articleSection\":[\"Politica\",\"Sociedad\"],\"inLanguage\":\"es\",\"potentialAction\":[{\"@type\":\"CommentAction\",\"name\":\"Comment\",\"target\":[\"https:\/\/21panorama.com\/index.php\/2023\/09\/25\/el-pri-esta-listo-y-unido-para-encarar-el-2024-eric-sevilla\/#respond\"]}]},{\"@type\":\"WebPage\",\"@id\":\"https:\/\/21panorama.com\/index.php\/2023\/09\/25\/el-pri-esta-listo-y-unido-para-encarar-el-2024-eric-sevilla\/\",\"url\":\"https:\/\/21panorama.com\/index.php\/2023\/09\/25\/el-pri-esta-listo-y-unido-para-encarar-el-2024-eric-sevilla\/\",\"name\":\"EL PRI EST\u00c1 LISTO Y UNIDO PARA ENCARAR EL 2024: ERIC SEVILLA - 21 Panorama\",\"isPartOf\":{\"@id\":\"https:\/\/21panorama.com\/#website\"},\"primaryImageOfPage\":{\"@id\":\"https:\/\/21panorama.com\/index.php\/2023\/09\/25\/el-pri-esta-listo-y-unido-para-encarar-el-2024-eric-sevilla\/#primaryimage\"},\"image\":{\"@id\":\"https:\/\/21panorama.com\/index.php\/2023\/09\/25\/el-pri-esta-listo-y-unido-para-encarar-el-2024-eric-sevilla\/#primaryimage\"},\"thumbnailUrl\":\"https:\/\/21panorama.com\/wp-content\/uploads\/2023\/09\/Eric-Sevilla-250923.jpg\",\"datePublished\":\"2023-09-25T06:10:32+00:00\",\"dateModified\":\"2023-09-26T06:22:22+00:00\",\"breadcrumb\":{\"@id\":\"https:\/\/21panorama.com\/index.php\/2023\/09\/25\/el-pri-esta-listo-y-unido-para-encarar-el-2024-eric-sevilla\/#breadcrumb\"},\"inLanguage\":\"es\",\"potentialAction\":[{\"@type\":\"ReadAction\",\"target\":[\"https:\/\/21panorama.com\/index.php\/2023\/09\/25\/el-pri-esta-listo-y-unido-para-encarar-el-2024-eric-sevilla\/\"]}]},{\"@type\":\"ImageObject\",\"inLanguage\":\"es\",\"@id\":\"https:\/\/21panorama.com\/index.php\/2023\/09\/25\/el-pri-esta-listo-y-unido-para-encarar-el-2024-eric-sevilla\/#primaryimage\",\"url\":\"https:\/\/21panorama.com\/wp-content\/uploads\/2023\/09\/Eric-Sevilla-250923.jpg\",\"contentUrl\":\"https:\/\/21panorama.com\/wp-content\/uploads\/2023\/09\/Eric-Sevilla-250923.jpg\",\"width\":413,\"height\":667},{\"@type\":\"BreadcrumbList\",\"@id\":\"https:\/\/21panorama.com\/index.php\/2023\/09\/25\/el-pri-esta-listo-y-unido-para-encarar-el-2024-eric-sevilla\/#breadcrumb\",\"itemListElement\":[{\"@type\":\"ListItem\",\"position\":1,\"name\":\"Inicio\",\"item\":\"https:\/\/21panorama.com\/\"},{\"@type\":\"ListItem\",\"position\":2,\"name\":\"EL PRI EST\u00c1 LISTO Y UNIDO PARA ENCARAR EL 2024: ERIC SEVILLA\"}]},{\"@type\":\"WebSite\",\"@id\":\"https:\/\/21panorama.com\/#website\",\"url\":\"https:\/\/21panorama.com\/\",\"name\":\"21 Panorama\",\"description\":\"La construcci\u00f3n de la opini\u00f3n p\u00fablica merece un mejor Panorama en este siglo 21 para alcanzar una sociedad con mayor transparencia y sin corrupci\u00f3n.\",\"publisher\":{\"@id\":\"https:\/\/21panorama.com\/#organization\"},\"potentialAction\":[{\"@type\":\"SearchAction\",\"target\":{\"@type\":\"EntryPoint\",\"urlTemplate\":\"https:\/\/21panorama.com\/?s={search_term_string}\"},\"query-input\":{\"@type\":\"PropertyValueSpecification\",\"valueRequired\":true,\"valueName\":\"search_term_string\"}}],\"inLanguage\":\"es\"},{\"@type\":\"Organization\",\"@id\":\"https:\/\/21panorama.com\/#organization\",\"name\":\"21 Panorama\",\"url\":\"https:\/\/21panorama.com\/\",\"logo\":{\"@type\":\"ImageObject\",\"inLanguage\":\"es\",\"@id\":\"https:\/\/21panorama.com\/#\/schema\/logo\/image\/\",\"url\":\"https:\/\/21panorama.com\/wp-content\/uploads\/2019\/07\/cropped-Logo-Panorama-01.jpeg\",\"contentUrl\":\"https:\/\/21panorama.com\/wp-content\/uploads\/2019\/07\/cropped-Logo-Panorama-01.jpeg\",\"width\":290,\"height\":70,\"caption\":\"21 Panorama\"},\"image\":{\"@id\":\"https:\/\/21panorama.com\/#\/schema\/logo\/image\/\"}},{\"@type\":\"Person\",\"@id\":\"https:\/\/21panorama.com\/#\/schema\/person\/1afc291b96d5792a158768324287319f\",\"name\":\"admin\",\"image\":{\"@type\":\"ImageObject\",\"inLanguage\":\"es\",\"@id\":\"https:\/\/21panorama.com\/#\/schema\/person\/image\/\",\"url\":\"https:\/\/secure.gravatar.com\/avatar\/ad365d9d9f46719215b0d042cc3df92a5a8683e09ef13d102233e5491985f0f0?s=96&d=mm&r=g\",\"contentUrl\":\"https:\/\/secure.gravatar.com\/avatar\/ad365d9d9f46719215b0d042cc3df92a5a8683e09ef13d102233e5491985f0f0?s=96&d=mm&r=g\",\"caption\":\"admin\"},\"url\":\"https:\/\/21panorama.com\/index.php\/author\/admin\/\"}]}<\/script>\n<!-- \/ Yoast SEO plugin. -->","yoast_head_json":{"title":"EL PRI EST\u00c1 LISTO Y UNIDO PARA ENCARAR EL 2024: ERIC SEVILLA - 21 Panorama","robots":{"index":"index","follow":"follow","max-snippet":"max-snippet:-1","max-image-preview":"max-image-preview:large","max-video-preview":"max-video-preview:-1"},"canonical":"https:\/\/21panorama.com\/index.php\/2023\/09\/25\/el-pri-esta-listo-y-unido-para-encarar-el-2024-eric-sevilla\/","og_locale":"es_MX","og_type":"article","og_title":"EL PRI EST\u00c1 LISTO Y UNIDO PARA ENCARAR EL 2024: ERIC SEVILLA - 21 Panorama","og_description":"El priismo mexiquense se mantiene activo y nunca deja de hacer pol\u00edtica, est\u00e1 unido y listo para enfrentar los desaf\u00edos del 2024, asegur\u00f3 el presidente del Comit\u00e9 Directivo Estatal (CDE), Eric Sevilla.","og_url":"https:\/\/21panorama.com\/index.php\/2023\/09\/25\/el-pri-esta-listo-y-unido-para-encarar-el-2024-eric-sevilla\/","og_site_name":"21 Panorama","article_published_time":"2023-09-25T06:10:32+00:00","article_modified_time":"2023-09-26T06:22:22+00:00","og_image":[{"width":413,"height":667,"url":"https:\/\/21panorama.com\/wp-content\/uploads\/2023\/09\/Eric-Sevilla-250923.jpg","type":"image\/jpeg"}],"author":"admin","twitter_card":"summary_large_image","twitter_misc":{"Escrito por":"admin","Tiempo de lectura":"2 minutos"},"schema":{"@context":"https:\/\/schema.org","@graph":[{"@type":"Article","@id":"https:\/\/21panorama.com\/index.php\/2023\/09\/25\/el-pri-esta-listo-y-unido-para-encarar-el-2024-eric-sevilla\/#article","isPartOf":{"@id":"https:\/\/21panorama.com\/index.php\/2023\/09\/25\/el-pri-esta-listo-y-unido-para-encarar-el-2024-eric-sevilla\/"},"author":{"name":"admin","@id":"https:\/\/21panorama.com\/#\/schema\/person\/1afc291b96d5792a158768324287319f"},"headline":"EL PRI EST\u00c1 LISTO Y UNIDO PARA ENCARAR EL 2024: ERIC SEVILLA","datePublished":"2023-09-25T06:10:32+00:00","dateModified":"2023-09-26T06:22:22+00:00","mainEntityOfPage":{"@id":"https:\/\/21panorama.com\/index.php\/2023\/09\/25\/el-pri-esta-listo-y-unido-para-encarar-el-2024-eric-sevilla\/"},"wordCount":328,"commentCount":0,"publisher":{"@id":"https:\/\/21panorama.com\/#organization"},"image":{"@id":"https:\/\/21panorama.com\/index.php\/2023\/09\/25\/el-pri-esta-listo-y-unido-para-encarar-el-2024-eric-sevilla\/#primaryimage"},"thumbnailUrl":"https:\/\/21panorama.com\/wp-content\/uploads\/2023\/09\/Eric-Sevilla-250923.jpg","keywords":["EDOMEX","ERIC SEVILLA","GEM","PRI"],"articleSection":["Politica","Sociedad"],"inLanguage":"es","potentialAction":[{"@type":"CommentAction","name":"Comment","target":["https:\/\/21panorama.com\/index.php\/2023\/09\/25\/el-pri-esta-listo-y-unido-para-encarar-el-2024-eric-sevilla\/#respond"]}]},{"@type":"WebPage","@id":"https:\/\/21panorama.com\/index.php\/2023\/09\/25\/el-pri-esta-listo-y-unido-para-encarar-el-2024-eric-sevilla\/","url":"https:\/\/21panorama.com\/index.php\/2023\/09\/25\/el-pri-esta-listo-y-unido-para-encarar-el-2024-eric-sevilla\/","name":"EL PRI EST\u00c1 LISTO Y UNIDO PARA ENCARAR EL 2024: ERIC SEVILLA - 21 Panorama","isPartOf":{"@id":"https:\/\/21panorama.com\/#website"},"primaryImageOfPage":{"@id":"https:\/\/21panorama.com\/index.php\/2023\/09\/25\/el-pri-esta-listo-y-unido-para-encarar-el-2024-eric-sevilla\/#primaryimage"},"image":{"@id":"https:\/\/21panorama.com\/index.php\/2023\/09\/25\/el-pri-esta-listo-y-unido-para-encarar-el-2024-eric-sevilla\/#primaryimage"},"thumbnailUrl":"https:\/\/21panorama.com\/wp-content\/uploads\/2023\/09\/Eric-Sevilla-250923.jpg","datePublished":"2023-09-25T06:10:32+00:00","dateModified":"2023-09-26T06:22:22+00:00","breadcrumb":{"@id":"https:\/\/21panorama.com\/index.php\/2023\/09\/25\/el-pri-esta-listo-y-unido-para-encarar-el-2024-eric-sevilla\/#breadcrumb"},"inLanguage":"es","potentialAction":[{"@type":"ReadAction","target":["https:\/\/21panorama.com\/index.php\/2023\/09\/25\/el-pri-esta-listo-y-unido-para-encarar-el-2024-eric-sevilla\/"]}]},{"@type":"ImageObject","inLanguage":"es","@id":"https:\/\/21panorama.com\/index.php\/2023\/09\/25\/el-pri-esta-listo-y-unido-para-encarar-el-2024-eric-sevilla\/#primaryimage","url":"https:\/\/21panorama.com\/wp-content\/uploads\/2023\/09\/Eric-Sevilla-250923.jpg","contentUrl":"https:\/\/21panorama.com\/wp-content\/uploads\/2023\/09\/Eric-Sevilla-250923.jpg","width":413,"height":667},{"@type":"BreadcrumbList","@id":"https:\/\/21panorama.com\/index.php\/2023\/09\/25\/el-pri-esta-listo-y-unido-para-encarar-el-2024-eric-sevilla\/#breadcrumb","itemListElement":[{"@type":"ListItem","position":1,"name":"Inicio","item":"https:\/\/21panorama.com\/"},{"@type":"ListItem","position":2,"name":"EL PRI EST\u00c1 LISTO Y UNIDO PARA ENCARAR EL 2024: ERIC SEVILLA"}]},{"@type":"WebSite","@id":"https:\/\/21panorama.com\/#website","url":"https:\/\/21panorama.com\/","name":"21 Panorama","description":"La construcci\u00f3n de la opini\u00f3n p\u00fablica merece un mejor Panorama en este siglo 21 para alcanzar una sociedad con mayor transparencia y sin corrupci\u00f3n.","publisher":{"@id":"https:\/\/21panorama.com\/#organization"},"potentialAction":[{"@type":"SearchAction","target":{"@type":"EntryPoint","urlTemplate":"https:\/\/21panorama.com\/?s={search_term_string}"},"query-input":{"@type":"PropertyValueSpecification","valueRequired":true,"valueName":"search_term_string"}}],"inLanguage":"es"},{"@type":"Organization","@id":"https:\/\/21panorama.com\/#organization","name":"21 Panorama","url":"https:\/\/21panorama.com\/","logo":{"@type":"ImageObject","inLanguage":"es","@id":"https:\/\/21panorama.com\/#\/schema\/logo\/image\/","url":"https:\/\/21panorama.com\/wp-content\/uploads\/2019\/07\/cropped-Logo-Panorama-01.jpeg","contentUrl":"https:\/\/21panorama.com\/wp-content\/uploads\/2019\/07\/cropped-Logo-Panorama-01.jpeg","width":290,"height":70,"caption":"21 Panorama"},"image":{"@id":"https:\/\/21panorama.com\/#\/schema\/logo\/image\/"}},{"@type":"Person","@id":"https:\/\/21panorama.com\/#\/schema\/person\/1afc291b96d5792a158768324287319f","name":"admin","image":{"@type":"ImageObject","inLanguage":"es","@id":"https:\/\/21panorama.com\/#\/schema\/person\/image\/","url":"https:\/\/secure.gravatar.com\/avatar\/ad365d9d9f46719215b0d042cc3df92a5a8683e09ef13d102233e5491985f0f0?s=96&d=mm&r=g","contentUrl":"https:\/\/secure.gravatar.com\/avatar\/ad365d9d9f46719215b0d042cc3df92a5a8683e09ef13d102233e5491985f0f0?s=96&d=mm&r=g","caption":"admin"},"url":"https:\/\/21panorama.com\/index.php\/author\/admin\/"}]}},"_links":{"self":[{"href":"https:\/\/21panorama.com\/index.php\/wp-json\/wp\/v2\/posts\/5062","targetHints":{"allow":["GET"]}}],"collection":[{"href":"https:\/\/21panorama.com\/index.php\/wp-json\/wp\/v2\/posts"}],"about":[{"href":"https:\/\/21panorama.com\/index.php\/wp-json\/wp\/v2\/types\/post"}],"author":[{"embeddable":true,"href":"https:\/\/21panorama.com\/index.php\/wp-json\/wp\/v2\/users\/1"}],"replies":[{"embeddable":true,"href":"https:\/\/21panorama.com\/index.php\/wp-json\/wp\/v2\/comments?post=5062"}],"version-history":[{"count":1,"href":"https:\/\/21panorama.com\/index.php\/wp-json\/wp\/v2\/posts\/5062\/revisions"}],"predecessor-version":[{"id":5064,"href":"https:\/\/21panorama.com\/index.php\/wp-json\/wp\/v2\/posts\/5062\/revisions\/5064"}],"wp:featuredmedia":[{"embeddable":true,"href":"https:\/\/21panorama.com\/index.php\/wp-json\/wp\/v2\/media\/5063"}],"wp:attachment":[{"href":"https:\/\/21panorama.com\/index.php\/wp-json\/wp\/v2\/media?parent=5062"}],"wp:term":[{"taxonomy":"category","embeddable":true,"href":"https:\/\/21panorama.com\/index.php\/wp-json\/wp\/v2\/categories?post=5062"},{"taxonomy":"post_tag","embeddable":true,"href":"https:\/\/21panorama.com\/index.php\/wp-json\/wp\/v2\/tags?post=5062"}],"curies":[{"name":"wp","href":"https:\/\/api.w.org\/{rel}","templated":true}]}}