{"id":5059,"date":"2023-09-20T22:35:12","date_gmt":"2023-09-21T03:35:12","guid":{"rendered":"https:\/\/21panorama.com\/?p=5059"},"modified":"2023-09-26T00:53:58","modified_gmt":"2023-09-26T05:53:58","slug":"en-el-pri-avanzamos-unidos-y-en-equipo-reunion-entre-diputados-federales-mexiquenses-y-alejandro-moreno","status":"publish","type":"post","link":"https:\/\/21panorama.com\/index.php\/2023\/09\/20\/en-el-pri-avanzamos-unidos-y-en-equipo-reunion-entre-diputados-federales-mexiquenses-y-alejandro-moreno\/","title":{"rendered":"\u00a1EN EL PRI AVANZAMOS UNIDOS Y EN EQUIPO! REUNI\u00d3N ENTRE DIPUTADOS FEDERALES MEXIQUENSES Y ALEJANDRO MORENO"},"content":{"rendered":"\n<p><\/p>\n\n\n\n<p>El Diputado Federal y Vicecoordinador del GP del PRI Gustavo C\u00e1rdenas Monroy particip\u00f3 en la reuni\u00f3n con el Presidente del PRI Nacional Alejandro Moreno, la Dirigencia del PRI del Estado de M\u00e9xico, con las Diputadas y Diputados Federales Mexiquenses, d\u00f3nde se mostr\u00f3 la unidad de un gran equipo para el bienestar de los mexiquenses.<\/p>\n\n\n\n<p>El presidente nacional del Partido Revolucionario Institucional (PRI),&nbsp;Alejandro Moreno&nbsp;C\u00e1rdenas, recibi\u00f3 la noche de este lunes al Comit\u00e9 Directivo del partido tricolor en el Estado de M\u00e9xico, que encabeza Eric Sevilla, adem\u00e1s de legisladores federales mexiquenses, integrantes de la bancada priista en la C\u00e1mara de Diputados.<\/p>\n\n\n\n<p>A tres d\u00edas de que el&nbsp;PRI&nbsp;se convirti\u00f3 en partido de oposici\u00f3n por primera vez en la historia del Estado de M\u00e9xico, Moreno C\u00e1rdenas se reuni\u00f3 en sus oficinas con los priistas mexiquenses para dialogar sobre diversos temas que tienen que ver con el futuro del tricolor en la entidad que ahora gobierna la morenista Delfina G\u00f3mez.<\/p>\n\n\n\n<p>&#8220;Me da mucho gusto reunirme con la dirigencia del PRI del Estado de M\u00e9xico y con las Diputadas y Diputados Federales Mexiquenses. En el PRI Nacional somos un equipo s\u00f3lido, que avanza unido, siempre con apertura y pluralidad. \u00a1El priismo mexiquense cuenta con la dirigencia nacional en todo momento!&#8221;, escribi\u00f3 el dirigente tricolor en las redes sociales.<\/p>\n","protected":false},"excerpt":{"rendered":"<p>El Diputado Federal y Vicecoordinador del GP del PRI Gustavo C\u00e1rdenas Monroy particip\u00f3 en la reuni\u00f3n con el Presidente del PRI Nacional Alejandro Moreno, la Dirigencia del PRI del Estado de M\u00e9xico, con las Diputadas y Diputados Federales Mexiquenses, d\u00f3nde se mostr\u00f3 la unidad de un gran equipo para el bienestar de los mexiquenses.<\/p>\n","protected":false},"author":1,"featured_media":5060,"comment_status":"open","ping_status":"open","sticky":false,"template":"","format":"standard","meta":{"footnotes":""},"categories":[12,1],"tags":[97,222,315,33],"class_list":["post-5059","post","type-post","status-publish","format-standard","has-post-thumbnail","hentry","category-politica","category-sociedad","tag-edomex","tag-gem","tag-gustavo-cardenas","tag-pri"],"yoast_head":"<!-- This site is optimized with the Yoast SEO plugin v24.9 - https:\/\/yoast.com\/wordpress\/plugins\/seo\/ -->\n<title>\u00a1EN EL PRI AVANZAMOS UNIDOS Y EN EQUIPO! REUNI\u00d3N ENTRE DIPUTADOS FEDERALES MEXIQUENSES Y ALEJANDRO MORENO - 21 Panorama<\/title>\n<meta name=\"robots\" content=\"index, follow, max-snippet:-1, max-image-preview:large, max-video-preview:-1\" \/>\n<link rel=\"canonical\" href=\"https:\/\/21panorama.com\/index.php\/2023\/09\/20\/en-el-pri-avanzamos-unidos-y-en-equipo-reunion-entre-diputados-federales-mexiquenses-y-alejandro-moreno\/\" \/>\n<meta property=\"og:locale\" content=\"es_MX\" \/>\n<meta property=\"og:type\" content=\"article\" \/>\n<meta property=\"og:title\" content=\"\u00a1EN EL PRI AVANZAMOS UNIDOS Y EN EQUIPO! REUNI\u00d3N ENTRE DIPUTADOS FEDERALES MEXIQUENSES Y ALEJANDRO MORENO - 21 Panorama\" \/>\n<meta property=\"og:description\" content=\"El Diputado Federal y Vicecoordinador del GP del PRI Gustavo C\u00e1rdenas Monroy particip\u00f3 en la reuni\u00f3n con el Presidente del PRI Nacional Alejandro Moreno, la Dirigencia del PRI del Estado de M\u00e9xico, con las Diputadas y Diputados Federales Mexiquenses, d\u00f3nde se mostr\u00f3 la unidad de un gran equipo para el bienestar de los mexiquenses.\" \/>\n<meta property=\"og:url\" content=\"https:\/\/21panorama.com\/index.php\/2023\/09\/20\/en-el-pri-avanzamos-unidos-y-en-equipo-reunion-entre-diputados-federales-mexiquenses-y-alejandro-moreno\/\" \/>\n<meta property=\"og:site_name\" content=\"21 Panorama\" \/>\n<meta property=\"article:published_time\" content=\"2023-09-21T03:35:12+00:00\" \/>\n<meta property=\"article:modified_time\" content=\"2023-09-26T05:53:58+00:00\" \/>\n<meta property=\"og:image\" content=\"https:\/\/21panorama.com\/wp-content\/uploads\/2023\/09\/Gustavo-Cardenas-Reunion-con-Alito-200923-1.jpg\" \/>\n\t<meta property=\"og:image:width\" content=\"1200\" \/>\n\t<meta property=\"og:image:height\" content=\"540\" \/>\n\t<meta property=\"og:image:type\" content=\"image\/jpeg\" \/>\n<meta name=\"author\" content=\"admin\" \/>\n<meta name=\"twitter:card\" content=\"summary_large_image\" \/>\n<meta name=\"twitter:label1\" content=\"Escrito por\" \/>\n\t<meta name=\"twitter:data1\" content=\"admin\" \/>\n\t<meta name=\"twitter:label2\" content=\"Tiempo de lectura\" \/>\n\t<meta name=\"twitter:data2\" content=\"1 minuto\" \/>\n<script type=\"application\/ld+json\" class=\"yoast-schema-graph\">{\"@context\":\"https:\/\/schema.org\",\"@graph\":[{\"@type\":\"Article\",\"@id\":\"https:\/\/21panorama.com\/index.php\/2023\/09\/20\/en-el-pri-avanzamos-unidos-y-en-equipo-reunion-entre-diputados-federales-mexiquenses-y-alejandro-moreno\/#article\",\"isPartOf\":{\"@id\":\"https:\/\/21panorama.com\/index.php\/2023\/09\/20\/en-el-pri-avanzamos-unidos-y-en-equipo-reunion-entre-diputados-federales-mexiquenses-y-alejandro-moreno\/\"},\"author\":{\"name\":\"admin\",\"@id\":\"https:\/\/21panorama.com\/#\/schema\/person\/1afc291b96d5792a158768324287319f\"},\"headline\":\"\u00a1EN EL PRI AVANZAMOS UNIDOS Y EN EQUIPO! REUNI\u00d3N ENTRE DIPUTADOS FEDERALES MEXIQUENSES Y ALEJANDRO MORENO\",\"datePublished\":\"2023-09-21T03:35:12+00:00\",\"dateModified\":\"2023-09-26T05:53:58+00:00\",\"mainEntityOfPage\":{\"@id\":\"https:\/\/21panorama.com\/index.php\/2023\/09\/20\/en-el-pri-avanzamos-unidos-y-en-equipo-reunion-entre-diputados-federales-mexiquenses-y-alejandro-moreno\/\"},\"wordCount\":252,\"commentCount\":0,\"publisher\":{\"@id\":\"https:\/\/21panorama.com\/#organization\"},\"image\":{\"@id\":\"https:\/\/21panorama.com\/index.php\/2023\/09\/20\/en-el-pri-avanzamos-unidos-y-en-equipo-reunion-entre-diputados-federales-mexiquenses-y-alejandro-moreno\/#primaryimage\"},\"thumbnailUrl\":\"https:\/\/21panorama.com\/wp-content\/uploads\/2023\/09\/Gustavo-Cardenas-Reunion-con-Alito-200923-1.jpg\",\"keywords\":[\"EDOMEX\",\"GEM\",\"GUSTAVO C\u00c1RDENAS\",\"PRI\"],\"articleSection\":[\"Politica\",\"Sociedad\"],\"inLanguage\":\"es\",\"potentialAction\":[{\"@type\":\"CommentAction\",\"name\":\"Comment\",\"target\":[\"https:\/\/21panorama.com\/index.php\/2023\/09\/20\/en-el-pri-avanzamos-unidos-y-en-equipo-reunion-entre-diputados-federales-mexiquenses-y-alejandro-moreno\/#respond\"]}]},{\"@type\":\"WebPage\",\"@id\":\"https:\/\/21panorama.com\/index.php\/2023\/09\/20\/en-el-pri-avanzamos-unidos-y-en-equipo-reunion-entre-diputados-federales-mexiquenses-y-alejandro-moreno\/\",\"url\":\"https:\/\/21panorama.com\/index.php\/2023\/09\/20\/en-el-pri-avanzamos-unidos-y-en-equipo-reunion-entre-diputados-federales-mexiquenses-y-alejandro-moreno\/\",\"name\":\"\u00a1EN EL PRI AVANZAMOS UNIDOS Y EN EQUIPO! REUNI\u00d3N ENTRE DIPUTADOS FEDERALES MEXIQUENSES Y ALEJANDRO MORENO - 21 Panorama\",\"isPartOf\":{\"@id\":\"https:\/\/21panorama.com\/#website\"},\"primaryImageOfPage\":{\"@id\":\"https:\/\/21panorama.com\/index.php\/2023\/09\/20\/en-el-pri-avanzamos-unidos-y-en-equipo-reunion-entre-diputados-federales-mexiquenses-y-alejandro-moreno\/#primaryimage\"},\"image\":{\"@id\":\"https:\/\/21panorama.com\/index.php\/2023\/09\/20\/en-el-pri-avanzamos-unidos-y-en-equipo-reunion-entre-diputados-federales-mexiquenses-y-alejandro-moreno\/#primaryimage\"},\"thumbnailUrl\":\"https:\/\/21panorama.com\/wp-content\/uploads\/2023\/09\/Gustavo-Cardenas-Reunion-con-Alito-200923-1.jpg\",\"datePublished\":\"2023-09-21T03:35:12+00:00\",\"dateModified\":\"2023-09-26T05:53:58+00:00\",\"breadcrumb\":{\"@id\":\"https:\/\/21panorama.com\/index.php\/2023\/09\/20\/en-el-pri-avanzamos-unidos-y-en-equipo-reunion-entre-diputados-federales-mexiquenses-y-alejandro-moreno\/#breadcrumb\"},\"inLanguage\":\"es\",\"potentialAction\":[{\"@type\":\"ReadAction\",\"target\":[\"https:\/\/21panorama.com\/index.php\/2023\/09\/20\/en-el-pri-avanzamos-unidos-y-en-equipo-reunion-entre-diputados-federales-mexiquenses-y-alejandro-moreno\/\"]}]},{\"@type\":\"ImageObject\",\"inLanguage\":\"es\",\"@id\":\"https:\/\/21panorama.com\/index.php\/2023\/09\/20\/en-el-pri-avanzamos-unidos-y-en-equipo-reunion-entre-diputados-federales-mexiquenses-y-alejandro-moreno\/#primaryimage\",\"url\":\"https:\/\/21panorama.com\/wp-content\/uploads\/2023\/09\/Gustavo-Cardenas-Reunion-con-Alito-200923-1.jpg\",\"contentUrl\":\"https:\/\/21panorama.com\/wp-content\/uploads\/2023\/09\/Gustavo-Cardenas-Reunion-con-Alito-200923-1.jpg\",\"width\":1200,\"height\":540},{\"@type\":\"BreadcrumbList\",\"@id\":\"https:\/\/21panorama.com\/index.php\/2023\/09\/20\/en-el-pri-avanzamos-unidos-y-en-equipo-reunion-entre-diputados-federales-mexiquenses-y-alejandro-moreno\/#breadcrumb\",\"itemListElement\":[{\"@type\":\"ListItem\",\"position\":1,\"name\":\"Inicio\",\"item\":\"https:\/\/21panorama.com\/\"},{\"@type\":\"ListItem\",\"position\":2,\"name\":\"\u00a1EN EL PRI AVANZAMOS UNIDOS Y EN EQUIPO! REUNI\u00d3N ENTRE DIPUTADOS FEDERALES MEXIQUENSES Y ALEJANDRO MORENO\"}]},{\"@type\":\"WebSite\",\"@id\":\"https:\/\/21panorama.com\/#website\",\"url\":\"https:\/\/21panorama.com\/\",\"name\":\"21 Panorama\",\"description\":\"La construcci\u00f3n de la opini\u00f3n p\u00fablica merece un mejor Panorama en este siglo 21 para alcanzar una sociedad con mayor transparencia y sin corrupci\u00f3n.\",\"publisher\":{\"@id\":\"https:\/\/21panorama.com\/#organization\"},\"potentialAction\":[{\"@type\":\"SearchAction\",\"target\":{\"@type\":\"EntryPoint\",\"urlTemplate\":\"https:\/\/21panorama.com\/?s={search_term_string}\"},\"query-input\":{\"@type\":\"PropertyValueSpecification\",\"valueRequired\":true,\"valueName\":\"search_term_string\"}}],\"inLanguage\":\"es\"},{\"@type\":\"Organization\",\"@id\":\"https:\/\/21panorama.com\/#organization\",\"name\":\"21 Panorama\",\"url\":\"https:\/\/21panorama.com\/\",\"logo\":{\"@type\":\"ImageObject\",\"inLanguage\":\"es\",\"@id\":\"https:\/\/21panorama.com\/#\/schema\/logo\/image\/\",\"url\":\"https:\/\/21panorama.com\/wp-content\/uploads\/2019\/07\/cropped-Logo-Panorama-01.jpeg\",\"contentUrl\":\"https:\/\/21panorama.com\/wp-content\/uploads\/2019\/07\/cropped-Logo-Panorama-01.jpeg\",\"width\":290,\"height\":70,\"caption\":\"21 Panorama\"},\"image\":{\"@id\":\"https:\/\/21panorama.com\/#\/schema\/logo\/image\/\"}},{\"@type\":\"Person\",\"@id\":\"https:\/\/21panorama.com\/#\/schema\/person\/1afc291b96d5792a158768324287319f\",\"name\":\"admin\",\"image\":{\"@type\":\"ImageObject\",\"inLanguage\":\"es\",\"@id\":\"https:\/\/21panorama.com\/#\/schema\/person\/image\/\",\"url\":\"https:\/\/secure.gravatar.com\/avatar\/ad365d9d9f46719215b0d042cc3df92a5a8683e09ef13d102233e5491985f0f0?s=96&d=mm&r=g\",\"contentUrl\":\"https:\/\/secure.gravatar.com\/avatar\/ad365d9d9f46719215b0d042cc3df92a5a8683e09ef13d102233e5491985f0f0?s=96&d=mm&r=g\",\"caption\":\"admin\"},\"url\":\"https:\/\/21panorama.com\/index.php\/author\/admin\/\"}]}<\/script>\n<!-- \/ Yoast SEO plugin. -->","yoast_head_json":{"title":"\u00a1EN EL PRI AVANZAMOS UNIDOS Y EN EQUIPO! REUNI\u00d3N ENTRE DIPUTADOS FEDERALES MEXIQUENSES Y ALEJANDRO MORENO - 21 Panorama","robots":{"index":"index","follow":"follow","max-snippet":"max-snippet:-1","max-image-preview":"max-image-preview:large","max-video-preview":"max-video-preview:-1"},"canonical":"https:\/\/21panorama.com\/index.php\/2023\/09\/20\/en-el-pri-avanzamos-unidos-y-en-equipo-reunion-entre-diputados-federales-mexiquenses-y-alejandro-moreno\/","og_locale":"es_MX","og_type":"article","og_title":"\u00a1EN EL PRI AVANZAMOS UNIDOS Y EN EQUIPO! REUNI\u00d3N ENTRE DIPUTADOS FEDERALES MEXIQUENSES Y ALEJANDRO MORENO - 21 Panorama","og_description":"El Diputado Federal y Vicecoordinador del GP del PRI Gustavo C\u00e1rdenas Monroy particip\u00f3 en la reuni\u00f3n con el Presidente del PRI Nacional Alejandro Moreno, la Dirigencia del PRI del Estado de M\u00e9xico, con las Diputadas y Diputados Federales Mexiquenses, d\u00f3nde se mostr\u00f3 la unidad de un gran equipo para el bienestar de los mexiquenses.","og_url":"https:\/\/21panorama.com\/index.php\/2023\/09\/20\/en-el-pri-avanzamos-unidos-y-en-equipo-reunion-entre-diputados-federales-mexiquenses-y-alejandro-moreno\/","og_site_name":"21 Panorama","article_published_time":"2023-09-21T03:35:12+00:00","article_modified_time":"2023-09-26T05:53:58+00:00","og_image":[{"width":1200,"height":540,"url":"https:\/\/21panorama.com\/wp-content\/uploads\/2023\/09\/Gustavo-Cardenas-Reunion-con-Alito-200923-1.jpg","type":"image\/jpeg"}],"author":"admin","twitter_card":"summary_large_image","twitter_misc":{"Escrito por":"admin","Tiempo de lectura":"1 minuto"},"schema":{"@context":"https:\/\/schema.org","@graph":[{"@type":"Article","@id":"https:\/\/21panorama.com\/index.php\/2023\/09\/20\/en-el-pri-avanzamos-unidos-y-en-equipo-reunion-entre-diputados-federales-mexiquenses-y-alejandro-moreno\/#article","isPartOf":{"@id":"https:\/\/21panorama.com\/index.php\/2023\/09\/20\/en-el-pri-avanzamos-unidos-y-en-equipo-reunion-entre-diputados-federales-mexiquenses-y-alejandro-moreno\/"},"author":{"name":"admin","@id":"https:\/\/21panorama.com\/#\/schema\/person\/1afc291b96d5792a158768324287319f"},"headline":"\u00a1EN EL PRI AVANZAMOS UNIDOS Y EN EQUIPO! REUNI\u00d3N ENTRE DIPUTADOS FEDERALES MEXIQUENSES Y ALEJANDRO MORENO","datePublished":"2023-09-21T03:35:12+00:00","dateModified":"2023-09-26T05:53:58+00:00","mainEntityOfPage":{"@id":"https:\/\/21panorama.com\/index.php\/2023\/09\/20\/en-el-pri-avanzamos-unidos-y-en-equipo-reunion-entre-diputados-federales-mexiquenses-y-alejandro-moreno\/"},"wordCount":252,"commentCount":0,"publisher":{"@id":"https:\/\/21panorama.com\/#organization"},"image":{"@id":"https:\/\/21panorama.com\/index.php\/2023\/09\/20\/en-el-pri-avanzamos-unidos-y-en-equipo-reunion-entre-diputados-federales-mexiquenses-y-alejandro-moreno\/#primaryimage"},"thumbnailUrl":"https:\/\/21panorama.com\/wp-content\/uploads\/2023\/09\/Gustavo-Cardenas-Reunion-con-Alito-200923-1.jpg","keywords":["EDOMEX","GEM","GUSTAVO C\u00c1RDENAS","PRI"],"articleSection":["Politica","Sociedad"],"inLanguage":"es","potentialAction":[{"@type":"CommentAction","name":"Comment","target":["https:\/\/21panorama.com\/index.php\/2023\/09\/20\/en-el-pri-avanzamos-unidos-y-en-equipo-reunion-entre-diputados-federales-mexiquenses-y-alejandro-moreno\/#respond"]}]},{"@type":"WebPage","@id":"https:\/\/21panorama.com\/index.php\/2023\/09\/20\/en-el-pri-avanzamos-unidos-y-en-equipo-reunion-entre-diputados-federales-mexiquenses-y-alejandro-moreno\/","url":"https:\/\/21panorama.com\/index.php\/2023\/09\/20\/en-el-pri-avanzamos-unidos-y-en-equipo-reunion-entre-diputados-federales-mexiquenses-y-alejandro-moreno\/","name":"\u00a1EN EL PRI AVANZAMOS UNIDOS Y EN EQUIPO! REUNI\u00d3N ENTRE DIPUTADOS FEDERALES MEXIQUENSES Y ALEJANDRO MORENO - 21 Panorama","isPartOf":{"@id":"https:\/\/21panorama.com\/#website"},"primaryImageOfPage":{"@id":"https:\/\/21panorama.com\/index.php\/2023\/09\/20\/en-el-pri-avanzamos-unidos-y-en-equipo-reunion-entre-diputados-federales-mexiquenses-y-alejandro-moreno\/#primaryimage"},"image":{"@id":"https:\/\/21panorama.com\/index.php\/2023\/09\/20\/en-el-pri-avanzamos-unidos-y-en-equipo-reunion-entre-diputados-federales-mexiquenses-y-alejandro-moreno\/#primaryimage"},"thumbnailUrl":"https:\/\/21panorama.com\/wp-content\/uploads\/2023\/09\/Gustavo-Cardenas-Reunion-con-Alito-200923-1.jpg","datePublished":"2023-09-21T03:35:12+00:00","dateModified":"2023-09-26T05:53:58+00:00","breadcrumb":{"@id":"https:\/\/21panorama.com\/index.php\/2023\/09\/20\/en-el-pri-avanzamos-unidos-y-en-equipo-reunion-entre-diputados-federales-mexiquenses-y-alejandro-moreno\/#breadcrumb"},"inLanguage":"es","potentialAction":[{"@type":"ReadAction","target":["https:\/\/21panorama.com\/index.php\/2023\/09\/20\/en-el-pri-avanzamos-unidos-y-en-equipo-reunion-entre-diputados-federales-mexiquenses-y-alejandro-moreno\/"]}]},{"@type":"ImageObject","inLanguage":"es","@id":"https:\/\/21panorama.com\/index.php\/2023\/09\/20\/en-el-pri-avanzamos-unidos-y-en-equipo-reunion-entre-diputados-federales-mexiquenses-y-alejandro-moreno\/#primaryimage","url":"https:\/\/21panorama.com\/wp-content\/uploads\/2023\/09\/Gustavo-Cardenas-Reunion-con-Alito-200923-1.jpg","contentUrl":"https:\/\/21panorama.com\/wp-content\/uploads\/2023\/09\/Gustavo-Cardenas-Reunion-con-Alito-200923-1.jpg","width":1200,"height":540},{"@type":"BreadcrumbList","@id":"https:\/\/21panorama.com\/index.php\/2023\/09\/20\/en-el-pri-avanzamos-unidos-y-en-equipo-reunion-entre-diputados-federales-mexiquenses-y-alejandro-moreno\/#breadcrumb","itemListElement":[{"@type":"ListItem","position":1,"name":"Inicio","item":"https:\/\/21panorama.com\/"},{"@type":"ListItem","position":2,"name":"\u00a1EN EL PRI AVANZAMOS UNIDOS Y EN EQUIPO! REUNI\u00d3N ENTRE DIPUTADOS FEDERALES MEXIQUENSES Y ALEJANDRO MORENO"}]},{"@type":"WebSite","@id":"https:\/\/21panorama.com\/#website","url":"https:\/\/21panorama.com\/","name":"21 Panorama","description":"La construcci\u00f3n de la opini\u00f3n p\u00fablica merece un mejor Panorama en este siglo 21 para alcanzar una sociedad con mayor transparencia y sin corrupci\u00f3n.","publisher":{"@id":"https:\/\/21panorama.com\/#organization"},"potentialAction":[{"@type":"SearchAction","target":{"@type":"EntryPoint","urlTemplate":"https:\/\/21panorama.com\/?s={search_term_string}"},"query-input":{"@type":"PropertyValueSpecification","valueRequired":true,"valueName":"search_term_string"}}],"inLanguage":"es"},{"@type":"Organization","@id":"https:\/\/21panorama.com\/#organization","name":"21 Panorama","url":"https:\/\/21panorama.com\/","logo":{"@type":"ImageObject","inLanguage":"es","@id":"https:\/\/21panorama.com\/#\/schema\/logo\/image\/","url":"https:\/\/21panorama.com\/wp-content\/uploads\/2019\/07\/cropped-Logo-Panorama-01.jpeg","contentUrl":"https:\/\/21panorama.com\/wp-content\/uploads\/2019\/07\/cropped-Logo-Panorama-01.jpeg","width":290,"height":70,"caption":"21 Panorama"},"image":{"@id":"https:\/\/21panorama.com\/#\/schema\/logo\/image\/"}},{"@type":"Person","@id":"https:\/\/21panorama.com\/#\/schema\/person\/1afc291b96d5792a158768324287319f","name":"admin","image":{"@type":"ImageObject","inLanguage":"es","@id":"https:\/\/21panorama.com\/#\/schema\/person\/image\/","url":"https:\/\/secure.gravatar.com\/avatar\/ad365d9d9f46719215b0d042cc3df92a5a8683e09ef13d102233e5491985f0f0?s=96&d=mm&r=g","contentUrl":"https:\/\/secure.gravatar.com\/avatar\/ad365d9d9f46719215b0d042cc3df92a5a8683e09ef13d102233e5491985f0f0?s=96&d=mm&r=g","caption":"admin"},"url":"https:\/\/21panorama.com\/index.php\/author\/admin\/"}]}},"_links":{"self":[{"href":"https:\/\/21panorama.com\/index.php\/wp-json\/wp\/v2\/posts\/5059","targetHints":{"allow":["GET"]}}],"collection":[{"href":"https:\/\/21panorama.com\/index.php\/wp-json\/wp\/v2\/posts"}],"about":[{"href":"https:\/\/21panorama.com\/index.php\/wp-json\/wp\/v2\/types\/post"}],"author":[{"embeddable":true,"href":"https:\/\/21panorama.com\/index.php\/wp-json\/wp\/v2\/users\/1"}],"replies":[{"embeddable":true,"href":"https:\/\/21panorama.com\/index.php\/wp-json\/wp\/v2\/comments?post=5059"}],"version-history":[{"count":1,"href":"https:\/\/21panorama.com\/index.php\/wp-json\/wp\/v2\/posts\/5059\/revisions"}],"predecessor-version":[{"id":5061,"href":"https:\/\/21panorama.com\/index.php\/wp-json\/wp\/v2\/posts\/5059\/revisions\/5061"}],"wp:featuredmedia":[{"embeddable":true,"href":"https:\/\/21panorama.com\/index.php\/wp-json\/wp\/v2\/media\/5060"}],"wp:attachment":[{"href":"https:\/\/21panorama.com\/index.php\/wp-json\/wp\/v2\/media?parent=5059"}],"wp:term":[{"taxonomy":"category","embeddable":true,"href":"https:\/\/21panorama.com\/index.php\/wp-json\/wp\/v2\/categories?post=5059"},{"taxonomy":"post_tag","embeddable":true,"href":"https:\/\/21panorama.com\/index.php\/wp-json\/wp\/v2\/tags?post=5059"}],"curies":[{"name":"wp","href":"https:\/\/api.w.org\/{rel}","templated":true}]}}