{"id":5049,"date":"2023-09-22T17:49:20","date_gmt":"2023-09-22T22:49:20","guid":{"rendered":"https:\/\/21panorama.com\/?p=5049"},"modified":"2023-09-22T17:49:22","modified_gmt":"2023-09-22T22:49:22","slug":"primera-plana-columna-politica-2","status":"publish","type":"post","link":"https:\/\/21panorama.com\/index.php\/2023\/09\/22\/primera-plana-columna-politica-2\/","title":{"rendered":"PRIMERA PLANA (Columna Pol\u00edtica)"},"content":{"rendered":"\n<p><\/p>\n\n\n\n<p>En el PRI del Estado de M\u00e9xico est\u00e1n pasando cosas y se est\u00e1n modificando las formas de hacer pol\u00edtica ante la desvanecida figura del primer pri\u00edsta. Con la habilidad de darle r\u00e1pida lectura a la nueva realidad del partido, su l\u00edder Eric Sevilla apresur\u00f3 el paso para asegurar el consenso de todos los liderazgos del priismo mexiquense y bajo la atenta mirada del Comit\u00e9 Ejecutivo Nacional de Alito Moreno.<\/p>\n\n\n\n<p>Ese acuerdo se dio en las \u00faltimas horas y reposa en la idea firme de evitar a cualquier precio una crisis sin precedentes en la historia del PRI estatal, considerado el m\u00e1s fuerte y que en gran medida sostiene al priismo nacional. Como consecuencia de este acuerdo tenemos que se privilegiar\u00e1 la unidad por encima de cualquier inter\u00e9s individual por m\u00e1s leg\u00edtimo que este sea en la vida pol\u00edtica.<\/p>\n\n\n\n<p>De acuerdo a versiones que esta Columna Pol\u00edtica pudo recabar, las reuniones que encabezaron el dirigente nacional con el jefe de partido estatal, Eric Sevilla, con los diputados, alcaldes y la clase pol\u00edtica solventaron los abruptos de algunas corrientes internas que estaban molestas por la derrota electoral del pasado 2 de junio.<\/p>\n\n\n\n<p>Era rudeza innecesaria arremeter contra el gobernador Alfredo del Mazo o cualquier otro jefe pol\u00edtico cuando los acuerdos se pueden alcanzar por la v\u00eda del di\u00e1logo y eso fue lo que ocurri\u00f3 de manera inteligente, justo a tiempo de un eventual desborde de pasiones pol\u00edticas. Aqu\u00ed la disciplina partidaria le ha dado resultados al PRI y le seguir\u00e1 dando claridad en sus objetivo. Esa es la v\u00eda no hay porque ponerse al brinco estando el piso tan parejo.<\/p>\n\n\n\n<p>En una decisi\u00f3n inteligente de Alito Moreno se concertaron las reuniones con Eric Sevilla para delinear las estrategias del partido frente a las elecciones locales y federales que tiene AD PORTAS. Es el \u00faltimo llamado a subirse al tren y lo tienen que hacer en unidad.<\/p>\n","protected":false},"excerpt":{"rendered":"<p>En el PRI del Estado de M\u00e9xico est\u00e1n pasando cosas y se est\u00e1n modificando las formas de hacer pol\u00edtica ante la desvanecida figura del primer pri\u00edsta. Con la habilidad de darle r\u00e1pida lectura a la nueva realidad del partido, su l\u00edder Eric Sevilla apresur\u00f3 el paso para asegurar el consenso de todos los liderazgos del priismo mexiquense y bajo la atenta mirada del Comit\u00e9 Ejecutivo Nacional de Alito Moreno.<\/p>\n","protected":false},"author":1,"featured_media":5050,"comment_status":"open","ping_status":"open","sticky":false,"template":"","format":"standard","meta":{"footnotes":""},"categories":[12,1],"tags":[97,310,222,33],"class_list":["post-5049","post","type-post","status-publish","format-standard","has-post-thumbnail","hentry","category-politica","category-sociedad","tag-edomex","tag-eric-sevilla","tag-gem","tag-pri"],"yoast_head":"<!-- This site is optimized with the Yoast SEO plugin v24.9 - https:\/\/yoast.com\/wordpress\/plugins\/seo\/ -->\n<title>PRIMERA PLANA (Columna Pol\u00edtica) - 21 Panorama<\/title>\n<meta name=\"robots\" content=\"index, follow, max-snippet:-1, max-image-preview:large, max-video-preview:-1\" \/>\n<link rel=\"canonical\" href=\"https:\/\/21panorama.com\/index.php\/2023\/09\/22\/primera-plana-columna-politica-2\/\" \/>\n<meta property=\"og:locale\" content=\"es_MX\" \/>\n<meta property=\"og:type\" content=\"article\" \/>\n<meta property=\"og:title\" content=\"PRIMERA PLANA (Columna Pol\u00edtica) - 21 Panorama\" \/>\n<meta property=\"og:description\" content=\"En el PRI del Estado de M\u00e9xico est\u00e1n pasando cosas y se est\u00e1n modificando las formas de hacer pol\u00edtica ante la desvanecida figura del primer pri\u00edsta. Con la habilidad de darle r\u00e1pida lectura a la nueva realidad del partido, su l\u00edder Eric Sevilla apresur\u00f3 el paso para asegurar el consenso de todos los liderazgos del priismo mexiquense y bajo la atenta mirada del Comit\u00e9 Ejecutivo Nacional de Alito Moreno.\" \/>\n<meta property=\"og:url\" content=\"https:\/\/21panorama.com\/index.php\/2023\/09\/22\/primera-plana-columna-politica-2\/\" \/>\n<meta property=\"og:site_name\" content=\"21 Panorama\" \/>\n<meta property=\"article:published_time\" content=\"2023-09-22T22:49:20+00:00\" \/>\n<meta property=\"article:modified_time\" content=\"2023-09-22T22:49:22+00:00\" \/>\n<meta property=\"og:image\" content=\"https:\/\/21panorama.com\/wp-content\/uploads\/2023\/09\/Eric-Sevilla-220923-2.jpg\" \/>\n\t<meta property=\"og:image:width\" content=\"1329\" \/>\n\t<meta property=\"og:image:height\" content=\"1600\" \/>\n\t<meta property=\"og:image:type\" content=\"image\/jpeg\" \/>\n<meta name=\"author\" content=\"admin\" \/>\n<meta name=\"twitter:card\" content=\"summary_large_image\" \/>\n<meta name=\"twitter:label1\" content=\"Escrito por\" \/>\n\t<meta name=\"twitter:data1\" content=\"admin\" \/>\n\t<meta name=\"twitter:label2\" content=\"Tiempo de lectura\" \/>\n\t<meta name=\"twitter:data2\" content=\"2 minutos\" \/>\n<script type=\"application\/ld+json\" class=\"yoast-schema-graph\">{\"@context\":\"https:\/\/schema.org\",\"@graph\":[{\"@type\":\"Article\",\"@id\":\"https:\/\/21panorama.com\/index.php\/2023\/09\/22\/primera-plana-columna-politica-2\/#article\",\"isPartOf\":{\"@id\":\"https:\/\/21panorama.com\/index.php\/2023\/09\/22\/primera-plana-columna-politica-2\/\"},\"author\":{\"name\":\"admin\",\"@id\":\"https:\/\/21panorama.com\/#\/schema\/person\/1afc291b96d5792a158768324287319f\"},\"headline\":\"PRIMERA PLANA (Columna Pol\u00edtica)\",\"datePublished\":\"2023-09-22T22:49:20+00:00\",\"dateModified\":\"2023-09-22T22:49:22+00:00\",\"mainEntityOfPage\":{\"@id\":\"https:\/\/21panorama.com\/index.php\/2023\/09\/22\/primera-plana-columna-politica-2\/\"},\"wordCount\":338,\"commentCount\":0,\"publisher\":{\"@id\":\"https:\/\/21panorama.com\/#organization\"},\"image\":{\"@id\":\"https:\/\/21panorama.com\/index.php\/2023\/09\/22\/primera-plana-columna-politica-2\/#primaryimage\"},\"thumbnailUrl\":\"https:\/\/21panorama.com\/wp-content\/uploads\/2023\/09\/Eric-Sevilla-220923-2.jpg\",\"keywords\":[\"EDOMEX\",\"ERIC SEVILLA\",\"GEM\",\"PRI\"],\"articleSection\":[\"Politica\",\"Sociedad\"],\"inLanguage\":\"es\",\"potentialAction\":[{\"@type\":\"CommentAction\",\"name\":\"Comment\",\"target\":[\"https:\/\/21panorama.com\/index.php\/2023\/09\/22\/primera-plana-columna-politica-2\/#respond\"]}]},{\"@type\":\"WebPage\",\"@id\":\"https:\/\/21panorama.com\/index.php\/2023\/09\/22\/primera-plana-columna-politica-2\/\",\"url\":\"https:\/\/21panorama.com\/index.php\/2023\/09\/22\/primera-plana-columna-politica-2\/\",\"name\":\"PRIMERA PLANA (Columna Pol\u00edtica) - 21 Panorama\",\"isPartOf\":{\"@id\":\"https:\/\/21panorama.com\/#website\"},\"primaryImageOfPage\":{\"@id\":\"https:\/\/21panorama.com\/index.php\/2023\/09\/22\/primera-plana-columna-politica-2\/#primaryimage\"},\"image\":{\"@id\":\"https:\/\/21panorama.com\/index.php\/2023\/09\/22\/primera-plana-columna-politica-2\/#primaryimage\"},\"thumbnailUrl\":\"https:\/\/21panorama.com\/wp-content\/uploads\/2023\/09\/Eric-Sevilla-220923-2.jpg\",\"datePublished\":\"2023-09-22T22:49:20+00:00\",\"dateModified\":\"2023-09-22T22:49:22+00:00\",\"breadcrumb\":{\"@id\":\"https:\/\/21panorama.com\/index.php\/2023\/09\/22\/primera-plana-columna-politica-2\/#breadcrumb\"},\"inLanguage\":\"es\",\"potentialAction\":[{\"@type\":\"ReadAction\",\"target\":[\"https:\/\/21panorama.com\/index.php\/2023\/09\/22\/primera-plana-columna-politica-2\/\"]}]},{\"@type\":\"ImageObject\",\"inLanguage\":\"es\",\"@id\":\"https:\/\/21panorama.com\/index.php\/2023\/09\/22\/primera-plana-columna-politica-2\/#primaryimage\",\"url\":\"https:\/\/21panorama.com\/wp-content\/uploads\/2023\/09\/Eric-Sevilla-220923-2.jpg\",\"contentUrl\":\"https:\/\/21panorama.com\/wp-content\/uploads\/2023\/09\/Eric-Sevilla-220923-2.jpg\",\"width\":1329,\"height\":1600},{\"@type\":\"BreadcrumbList\",\"@id\":\"https:\/\/21panorama.com\/index.php\/2023\/09\/22\/primera-plana-columna-politica-2\/#breadcrumb\",\"itemListElement\":[{\"@type\":\"ListItem\",\"position\":1,\"name\":\"Inicio\",\"item\":\"https:\/\/21panorama.com\/\"},{\"@type\":\"ListItem\",\"position\":2,\"name\":\"PRIMERA PLANA (Columna Pol\u00edtica)\"}]},{\"@type\":\"WebSite\",\"@id\":\"https:\/\/21panorama.com\/#website\",\"url\":\"https:\/\/21panorama.com\/\",\"name\":\"21 Panorama\",\"description\":\"La construcci\u00f3n de la opini\u00f3n p\u00fablica merece un mejor Panorama en este siglo 21 para alcanzar una sociedad con mayor transparencia y sin corrupci\u00f3n.\",\"publisher\":{\"@id\":\"https:\/\/21panorama.com\/#organization\"},\"potentialAction\":[{\"@type\":\"SearchAction\",\"target\":{\"@type\":\"EntryPoint\",\"urlTemplate\":\"https:\/\/21panorama.com\/?s={search_term_string}\"},\"query-input\":{\"@type\":\"PropertyValueSpecification\",\"valueRequired\":true,\"valueName\":\"search_term_string\"}}],\"inLanguage\":\"es\"},{\"@type\":\"Organization\",\"@id\":\"https:\/\/21panorama.com\/#organization\",\"name\":\"21 Panorama\",\"url\":\"https:\/\/21panorama.com\/\",\"logo\":{\"@type\":\"ImageObject\",\"inLanguage\":\"es\",\"@id\":\"https:\/\/21panorama.com\/#\/schema\/logo\/image\/\",\"url\":\"https:\/\/21panorama.com\/wp-content\/uploads\/2019\/07\/cropped-Logo-Panorama-01.jpeg\",\"contentUrl\":\"https:\/\/21panorama.com\/wp-content\/uploads\/2019\/07\/cropped-Logo-Panorama-01.jpeg\",\"width\":290,\"height\":70,\"caption\":\"21 Panorama\"},\"image\":{\"@id\":\"https:\/\/21panorama.com\/#\/schema\/logo\/image\/\"}},{\"@type\":\"Person\",\"@id\":\"https:\/\/21panorama.com\/#\/schema\/person\/1afc291b96d5792a158768324287319f\",\"name\":\"admin\",\"image\":{\"@type\":\"ImageObject\",\"inLanguage\":\"es\",\"@id\":\"https:\/\/21panorama.com\/#\/schema\/person\/image\/\",\"url\":\"https:\/\/secure.gravatar.com\/avatar\/ad365d9d9f46719215b0d042cc3df92a5a8683e09ef13d102233e5491985f0f0?s=96&d=mm&r=g\",\"contentUrl\":\"https:\/\/secure.gravatar.com\/avatar\/ad365d9d9f46719215b0d042cc3df92a5a8683e09ef13d102233e5491985f0f0?s=96&d=mm&r=g\",\"caption\":\"admin\"},\"url\":\"https:\/\/21panorama.com\/index.php\/author\/admin\/\"}]}<\/script>\n<!-- \/ Yoast SEO plugin. -->","yoast_head_json":{"title":"PRIMERA PLANA (Columna Pol\u00edtica) - 21 Panorama","robots":{"index":"index","follow":"follow","max-snippet":"max-snippet:-1","max-image-preview":"max-image-preview:large","max-video-preview":"max-video-preview:-1"},"canonical":"https:\/\/21panorama.com\/index.php\/2023\/09\/22\/primera-plana-columna-politica-2\/","og_locale":"es_MX","og_type":"article","og_title":"PRIMERA PLANA (Columna Pol\u00edtica) - 21 Panorama","og_description":"En el PRI del Estado de M\u00e9xico est\u00e1n pasando cosas y se est\u00e1n modificando las formas de hacer pol\u00edtica ante la desvanecida figura del primer pri\u00edsta. Con la habilidad de darle r\u00e1pida lectura a la nueva realidad del partido, su l\u00edder Eric Sevilla apresur\u00f3 el paso para asegurar el consenso de todos los liderazgos del priismo mexiquense y bajo la atenta mirada del Comit\u00e9 Ejecutivo Nacional de Alito Moreno.","og_url":"https:\/\/21panorama.com\/index.php\/2023\/09\/22\/primera-plana-columna-politica-2\/","og_site_name":"21 Panorama","article_published_time":"2023-09-22T22:49:20+00:00","article_modified_time":"2023-09-22T22:49:22+00:00","og_image":[{"width":1329,"height":1600,"url":"https:\/\/21panorama.com\/wp-content\/uploads\/2023\/09\/Eric-Sevilla-220923-2.jpg","type":"image\/jpeg"}],"author":"admin","twitter_card":"summary_large_image","twitter_misc":{"Escrito por":"admin","Tiempo de lectura":"2 minutos"},"schema":{"@context":"https:\/\/schema.org","@graph":[{"@type":"Article","@id":"https:\/\/21panorama.com\/index.php\/2023\/09\/22\/primera-plana-columna-politica-2\/#article","isPartOf":{"@id":"https:\/\/21panorama.com\/index.php\/2023\/09\/22\/primera-plana-columna-politica-2\/"},"author":{"name":"admin","@id":"https:\/\/21panorama.com\/#\/schema\/person\/1afc291b96d5792a158768324287319f"},"headline":"PRIMERA PLANA (Columna Pol\u00edtica)","datePublished":"2023-09-22T22:49:20+00:00","dateModified":"2023-09-22T22:49:22+00:00","mainEntityOfPage":{"@id":"https:\/\/21panorama.com\/index.php\/2023\/09\/22\/primera-plana-columna-politica-2\/"},"wordCount":338,"commentCount":0,"publisher":{"@id":"https:\/\/21panorama.com\/#organization"},"image":{"@id":"https:\/\/21panorama.com\/index.php\/2023\/09\/22\/primera-plana-columna-politica-2\/#primaryimage"},"thumbnailUrl":"https:\/\/21panorama.com\/wp-content\/uploads\/2023\/09\/Eric-Sevilla-220923-2.jpg","keywords":["EDOMEX","ERIC SEVILLA","GEM","PRI"],"articleSection":["Politica","Sociedad"],"inLanguage":"es","potentialAction":[{"@type":"CommentAction","name":"Comment","target":["https:\/\/21panorama.com\/index.php\/2023\/09\/22\/primera-plana-columna-politica-2\/#respond"]}]},{"@type":"WebPage","@id":"https:\/\/21panorama.com\/index.php\/2023\/09\/22\/primera-plana-columna-politica-2\/","url":"https:\/\/21panorama.com\/index.php\/2023\/09\/22\/primera-plana-columna-politica-2\/","name":"PRIMERA PLANA (Columna Pol\u00edtica) - 21 Panorama","isPartOf":{"@id":"https:\/\/21panorama.com\/#website"},"primaryImageOfPage":{"@id":"https:\/\/21panorama.com\/index.php\/2023\/09\/22\/primera-plana-columna-politica-2\/#primaryimage"},"image":{"@id":"https:\/\/21panorama.com\/index.php\/2023\/09\/22\/primera-plana-columna-politica-2\/#primaryimage"},"thumbnailUrl":"https:\/\/21panorama.com\/wp-content\/uploads\/2023\/09\/Eric-Sevilla-220923-2.jpg","datePublished":"2023-09-22T22:49:20+00:00","dateModified":"2023-09-22T22:49:22+00:00","breadcrumb":{"@id":"https:\/\/21panorama.com\/index.php\/2023\/09\/22\/primera-plana-columna-politica-2\/#breadcrumb"},"inLanguage":"es","potentialAction":[{"@type":"ReadAction","target":["https:\/\/21panorama.com\/index.php\/2023\/09\/22\/primera-plana-columna-politica-2\/"]}]},{"@type":"ImageObject","inLanguage":"es","@id":"https:\/\/21panorama.com\/index.php\/2023\/09\/22\/primera-plana-columna-politica-2\/#primaryimage","url":"https:\/\/21panorama.com\/wp-content\/uploads\/2023\/09\/Eric-Sevilla-220923-2.jpg","contentUrl":"https:\/\/21panorama.com\/wp-content\/uploads\/2023\/09\/Eric-Sevilla-220923-2.jpg","width":1329,"height":1600},{"@type":"BreadcrumbList","@id":"https:\/\/21panorama.com\/index.php\/2023\/09\/22\/primera-plana-columna-politica-2\/#breadcrumb","itemListElement":[{"@type":"ListItem","position":1,"name":"Inicio","item":"https:\/\/21panorama.com\/"},{"@type":"ListItem","position":2,"name":"PRIMERA PLANA (Columna Pol\u00edtica)"}]},{"@type":"WebSite","@id":"https:\/\/21panorama.com\/#website","url":"https:\/\/21panorama.com\/","name":"21 Panorama","description":"La construcci\u00f3n de la opini\u00f3n p\u00fablica merece un mejor Panorama en este siglo 21 para alcanzar una sociedad con mayor transparencia y sin corrupci\u00f3n.","publisher":{"@id":"https:\/\/21panorama.com\/#organization"},"potentialAction":[{"@type":"SearchAction","target":{"@type":"EntryPoint","urlTemplate":"https:\/\/21panorama.com\/?s={search_term_string}"},"query-input":{"@type":"PropertyValueSpecification","valueRequired":true,"valueName":"search_term_string"}}],"inLanguage":"es"},{"@type":"Organization","@id":"https:\/\/21panorama.com\/#organization","name":"21 Panorama","url":"https:\/\/21panorama.com\/","logo":{"@type":"ImageObject","inLanguage":"es","@id":"https:\/\/21panorama.com\/#\/schema\/logo\/image\/","url":"https:\/\/21panorama.com\/wp-content\/uploads\/2019\/07\/cropped-Logo-Panorama-01.jpeg","contentUrl":"https:\/\/21panorama.com\/wp-content\/uploads\/2019\/07\/cropped-Logo-Panorama-01.jpeg","width":290,"height":70,"caption":"21 Panorama"},"image":{"@id":"https:\/\/21panorama.com\/#\/schema\/logo\/image\/"}},{"@type":"Person","@id":"https:\/\/21panorama.com\/#\/schema\/person\/1afc291b96d5792a158768324287319f","name":"admin","image":{"@type":"ImageObject","inLanguage":"es","@id":"https:\/\/21panorama.com\/#\/schema\/person\/image\/","url":"https:\/\/secure.gravatar.com\/avatar\/ad365d9d9f46719215b0d042cc3df92a5a8683e09ef13d102233e5491985f0f0?s=96&d=mm&r=g","contentUrl":"https:\/\/secure.gravatar.com\/avatar\/ad365d9d9f46719215b0d042cc3df92a5a8683e09ef13d102233e5491985f0f0?s=96&d=mm&r=g","caption":"admin"},"url":"https:\/\/21panorama.com\/index.php\/author\/admin\/"}]}},"_links":{"self":[{"href":"https:\/\/21panorama.com\/index.php\/wp-json\/wp\/v2\/posts\/5049","targetHints":{"allow":["GET"]}}],"collection":[{"href":"https:\/\/21panorama.com\/index.php\/wp-json\/wp\/v2\/posts"}],"about":[{"href":"https:\/\/21panorama.com\/index.php\/wp-json\/wp\/v2\/types\/post"}],"author":[{"embeddable":true,"href":"https:\/\/21panorama.com\/index.php\/wp-json\/wp\/v2\/users\/1"}],"replies":[{"embeddable":true,"href":"https:\/\/21panorama.com\/index.php\/wp-json\/wp\/v2\/comments?post=5049"}],"version-history":[{"count":1,"href":"https:\/\/21panorama.com\/index.php\/wp-json\/wp\/v2\/posts\/5049\/revisions"}],"predecessor-version":[{"id":5051,"href":"https:\/\/21panorama.com\/index.php\/wp-json\/wp\/v2\/posts\/5049\/revisions\/5051"}],"wp:featuredmedia":[{"embeddable":true,"href":"https:\/\/21panorama.com\/index.php\/wp-json\/wp\/v2\/media\/5050"}],"wp:attachment":[{"href":"https:\/\/21panorama.com\/index.php\/wp-json\/wp\/v2\/media?parent=5049"}],"wp:term":[{"taxonomy":"category","embeddable":true,"href":"https:\/\/21panorama.com\/index.php\/wp-json\/wp\/v2\/categories?post=5049"},{"taxonomy":"post_tag","embeddable":true,"href":"https:\/\/21panorama.com\/index.php\/wp-json\/wp\/v2\/tags?post=5049"}],"curies":[{"name":"wp","href":"https:\/\/api.w.org\/{rel}","templated":true}]}}