{"id":5033,"date":"2023-09-08T09:26:42","date_gmt":"2023-09-08T14:26:42","guid":{"rendered":"https:\/\/21panorama.com\/?p=5033"},"modified":"2023-09-21T10:08:46","modified_gmt":"2023-09-21T15:08:46","slug":"inicia-el-programa-medico-en-tu-casa-para-los-adultos-mayores-en-jocotitlan","status":"publish","type":"post","link":"https:\/\/21panorama.com\/index.php\/2023\/09\/08\/inicia-el-programa-medico-en-tu-casa-para-los-adultos-mayores-en-jocotitlan\/","title":{"rendered":"INICIA EL PROGRAMA \u201cM\u00c9DICO EN TU CASA\u201d PARA LOS ADULTOS MAYORES, EN JOCOTITL\u00c1N"},"content":{"rendered":"\n<p><\/p>\n\n\n\n<p>El Presidente Municipal, Jes\u00fas Cedillo Gonz\u00e1lez dio inicio al Programa \u201cM\u00e9dico en tu casa\u201d, que est\u00e1 enfocado en las personas de la tercera edad, y en el que se brindar\u00e1 asistencia m\u00e9dica a este sector, en su lugar de residencia.<\/p>\n\n\n\n<p>Una de las pol\u00edticas del alcalde es mantener protegida a toda la poblaci\u00f3n, brind\u00e1ndoles m\u00e1s y mejores oportunidades y la garant\u00eda del acceso m\u00e9dico y trato humano y con calidad. Es por ello que el Ayuntamiento de Jocotitl\u00e1n, a trav\u00e9s del programa \u201cM\u00e9dico en tu Casa\u201d, cumple con el compromiso que se hizo en campa\u00f1a, de acercar atenci\u00f3n m\u00e9dica a la poblaci\u00f3n de la tercera edad que tiene dificultades para ir a su centro m\u00e9dico.<\/p>\n\n\n\n<p>El objetivo del programa es localizar e identificar a los adultos mayores que por su condici\u00f3n de salud no pueden trasladarse a la unidad m\u00e9dica para su atenci\u00f3n. El programa \u201cM\u00e9dico en tu Casa\u201d se encarga proporcionar los servicios m\u00e9dicos, provisi\u00f3n de los medicamentos y an\u00e1lisis de laboratorio, de ser necesario.<\/p>\n\n\n\n<p>En la construcci\u00f3n de un gobierno eficiente, desde el Ayuntamiento de Jocotitl\u00e1n se trabaja para la disminuci\u00f3n de la desigualdad social acercando al personal m\u00e9dico hasta la puerta de los hogares de las personas en situaci\u00f3n de vulnerabilidad en favor de las personas que m\u00e1s lo necesitan.<\/p>\n","protected":false},"excerpt":{"rendered":"<p>El Presidente Municipal, Jes\u00fas Cedillo Gonz\u00e1lez dio inicio al Programa \u201cM\u00e9dico en tu casa\u201d, que est\u00e1 enfocado en las personas de la tercera edad, y en el que se brindar\u00e1 asistencia m\u00e9dica a este sector, en su lugar de residencia.<\/p>\n","protected":false},"author":1,"featured_media":5034,"comment_status":"open","ping_status":"open","sticky":false,"template":"","format":"standard","meta":{"footnotes":""},"categories":[6,12,1],"tags":[97,222,325,42,33],"class_list":["post-5033","post","type-post","status-publish","format-standard","has-post-thumbnail","hentry","category-cienciaysalud","category-politica","category-sociedad","tag-edomex","tag-gem","tag-jesus-cedillo-gonzalez","tag-jocotitlan","tag-pri"],"yoast_head":"<!-- This site is optimized with the Yoast SEO plugin v24.9 - https:\/\/yoast.com\/wordpress\/plugins\/seo\/ -->\n<title>INICIA EL PROGRAMA \u201cM\u00c9DICO EN TU CASA\u201d PARA LOS ADULTOS MAYORES, EN JOCOTITL\u00c1N - 21 Panorama<\/title>\n<meta name=\"robots\" content=\"index, follow, max-snippet:-1, max-image-preview:large, max-video-preview:-1\" \/>\n<link rel=\"canonical\" href=\"https:\/\/21panorama.com\/index.php\/2023\/09\/08\/inicia-el-programa-medico-en-tu-casa-para-los-adultos-mayores-en-jocotitlan\/\" \/>\n<meta property=\"og:locale\" content=\"es_MX\" \/>\n<meta property=\"og:type\" content=\"article\" \/>\n<meta property=\"og:title\" content=\"INICIA EL PROGRAMA \u201cM\u00c9DICO EN TU CASA\u201d PARA LOS ADULTOS MAYORES, EN JOCOTITL\u00c1N - 21 Panorama\" \/>\n<meta property=\"og:description\" content=\"El Presidente Municipal, Jes\u00fas Cedillo Gonz\u00e1lez dio inicio al Programa \u201cM\u00e9dico en tu casa\u201d, que est\u00e1 enfocado en las personas de la tercera edad, y en el que se brindar\u00e1 asistencia m\u00e9dica a este sector, en su lugar de residencia.\" \/>\n<meta property=\"og:url\" content=\"https:\/\/21panorama.com\/index.php\/2023\/09\/08\/inicia-el-programa-medico-en-tu-casa-para-los-adultos-mayores-en-jocotitlan\/\" \/>\n<meta property=\"og:site_name\" content=\"21 Panorama\" \/>\n<meta property=\"article:published_time\" content=\"2023-09-08T14:26:42+00:00\" \/>\n<meta property=\"article:modified_time\" content=\"2023-09-21T15:08:46+00:00\" \/>\n<meta property=\"og:image\" content=\"https:\/\/21panorama.com\/wp-content\/uploads\/2023\/09\/Jocotitlan-Medico-en-tu-Casa-080923-3.jpg\" \/>\n\t<meta property=\"og:image:width\" content=\"729\" \/>\n\t<meta property=\"og:image:height\" content=\"416\" \/>\n\t<meta property=\"og:image:type\" content=\"image\/jpeg\" \/>\n<meta name=\"author\" content=\"admin\" \/>\n<meta name=\"twitter:card\" content=\"summary_large_image\" \/>\n<meta name=\"twitter:label1\" content=\"Escrito por\" \/>\n\t<meta name=\"twitter:data1\" content=\"admin\" \/>\n\t<meta name=\"twitter:label2\" content=\"Tiempo de lectura\" \/>\n\t<meta name=\"twitter:data2\" content=\"1 minuto\" \/>\n<script type=\"application\/ld+json\" class=\"yoast-schema-graph\">{\"@context\":\"https:\/\/schema.org\",\"@graph\":[{\"@type\":\"Article\",\"@id\":\"https:\/\/21panorama.com\/index.php\/2023\/09\/08\/inicia-el-programa-medico-en-tu-casa-para-los-adultos-mayores-en-jocotitlan\/#article\",\"isPartOf\":{\"@id\":\"https:\/\/21panorama.com\/index.php\/2023\/09\/08\/inicia-el-programa-medico-en-tu-casa-para-los-adultos-mayores-en-jocotitlan\/\"},\"author\":{\"name\":\"admin\",\"@id\":\"https:\/\/21panorama.com\/#\/schema\/person\/1afc291b96d5792a158768324287319f\"},\"headline\":\"INICIA EL PROGRAMA \u201cM\u00c9DICO EN TU CASA\u201d PARA LOS ADULTOS MAYORES, EN JOCOTITL\u00c1N\",\"datePublished\":\"2023-09-08T14:26:42+00:00\",\"dateModified\":\"2023-09-21T15:08:46+00:00\",\"mainEntityOfPage\":{\"@id\":\"https:\/\/21panorama.com\/index.php\/2023\/09\/08\/inicia-el-programa-medico-en-tu-casa-para-los-adultos-mayores-en-jocotitlan\/\"},\"wordCount\":259,\"commentCount\":0,\"publisher\":{\"@id\":\"https:\/\/21panorama.com\/#organization\"},\"image\":{\"@id\":\"https:\/\/21panorama.com\/index.php\/2023\/09\/08\/inicia-el-programa-medico-en-tu-casa-para-los-adultos-mayores-en-jocotitlan\/#primaryimage\"},\"thumbnailUrl\":\"https:\/\/21panorama.com\/wp-content\/uploads\/2023\/09\/Jocotitlan-Medico-en-tu-Casa-080923-3.jpg\",\"keywords\":[\"EDOMEX\",\"GEM\",\"Jes\u00fas Cedillo Gonz\u00e1lez\",\"Jocotitl\u00e1n\",\"PRI\"],\"articleSection\":[\"Ciencia y Salud\",\"Politica\",\"Sociedad\"],\"inLanguage\":\"es\",\"potentialAction\":[{\"@type\":\"CommentAction\",\"name\":\"Comment\",\"target\":[\"https:\/\/21panorama.com\/index.php\/2023\/09\/08\/inicia-el-programa-medico-en-tu-casa-para-los-adultos-mayores-en-jocotitlan\/#respond\"]}]},{\"@type\":\"WebPage\",\"@id\":\"https:\/\/21panorama.com\/index.php\/2023\/09\/08\/inicia-el-programa-medico-en-tu-casa-para-los-adultos-mayores-en-jocotitlan\/\",\"url\":\"https:\/\/21panorama.com\/index.php\/2023\/09\/08\/inicia-el-programa-medico-en-tu-casa-para-los-adultos-mayores-en-jocotitlan\/\",\"name\":\"INICIA EL PROGRAMA \u201cM\u00c9DICO EN TU CASA\u201d PARA LOS ADULTOS MAYORES, EN JOCOTITL\u00c1N - 21 Panorama\",\"isPartOf\":{\"@id\":\"https:\/\/21panorama.com\/#website\"},\"primaryImageOfPage\":{\"@id\":\"https:\/\/21panorama.com\/index.php\/2023\/09\/08\/inicia-el-programa-medico-en-tu-casa-para-los-adultos-mayores-en-jocotitlan\/#primaryimage\"},\"image\":{\"@id\":\"https:\/\/21panorama.com\/index.php\/2023\/09\/08\/inicia-el-programa-medico-en-tu-casa-para-los-adultos-mayores-en-jocotitlan\/#primaryimage\"},\"thumbnailUrl\":\"https:\/\/21panorama.com\/wp-content\/uploads\/2023\/09\/Jocotitlan-Medico-en-tu-Casa-080923-3.jpg\",\"datePublished\":\"2023-09-08T14:26:42+00:00\",\"dateModified\":\"2023-09-21T15:08:46+00:00\",\"breadcrumb\":{\"@id\":\"https:\/\/21panorama.com\/index.php\/2023\/09\/08\/inicia-el-programa-medico-en-tu-casa-para-los-adultos-mayores-en-jocotitlan\/#breadcrumb\"},\"inLanguage\":\"es\",\"potentialAction\":[{\"@type\":\"ReadAction\",\"target\":[\"https:\/\/21panorama.com\/index.php\/2023\/09\/08\/inicia-el-programa-medico-en-tu-casa-para-los-adultos-mayores-en-jocotitlan\/\"]}]},{\"@type\":\"ImageObject\",\"inLanguage\":\"es\",\"@id\":\"https:\/\/21panorama.com\/index.php\/2023\/09\/08\/inicia-el-programa-medico-en-tu-casa-para-los-adultos-mayores-en-jocotitlan\/#primaryimage\",\"url\":\"https:\/\/21panorama.com\/wp-content\/uploads\/2023\/09\/Jocotitlan-Medico-en-tu-Casa-080923-3.jpg\",\"contentUrl\":\"https:\/\/21panorama.com\/wp-content\/uploads\/2023\/09\/Jocotitlan-Medico-en-tu-Casa-080923-3.jpg\",\"width\":729,\"height\":416},{\"@type\":\"BreadcrumbList\",\"@id\":\"https:\/\/21panorama.com\/index.php\/2023\/09\/08\/inicia-el-programa-medico-en-tu-casa-para-los-adultos-mayores-en-jocotitlan\/#breadcrumb\",\"itemListElement\":[{\"@type\":\"ListItem\",\"position\":1,\"name\":\"Inicio\",\"item\":\"https:\/\/21panorama.com\/\"},{\"@type\":\"ListItem\",\"position\":2,\"name\":\"INICIA EL PROGRAMA \u201cM\u00c9DICO EN TU CASA\u201d PARA LOS ADULTOS MAYORES, EN JOCOTITL\u00c1N\"}]},{\"@type\":\"WebSite\",\"@id\":\"https:\/\/21panorama.com\/#website\",\"url\":\"https:\/\/21panorama.com\/\",\"name\":\"21 Panorama\",\"description\":\"La construcci\u00f3n de la opini\u00f3n p\u00fablica merece un mejor Panorama en este siglo 21 para alcanzar una sociedad con mayor transparencia y sin corrupci\u00f3n.\",\"publisher\":{\"@id\":\"https:\/\/21panorama.com\/#organization\"},\"potentialAction\":[{\"@type\":\"SearchAction\",\"target\":{\"@type\":\"EntryPoint\",\"urlTemplate\":\"https:\/\/21panorama.com\/?s={search_term_string}\"},\"query-input\":{\"@type\":\"PropertyValueSpecification\",\"valueRequired\":true,\"valueName\":\"search_term_string\"}}],\"inLanguage\":\"es\"},{\"@type\":\"Organization\",\"@id\":\"https:\/\/21panorama.com\/#organization\",\"name\":\"21 Panorama\",\"url\":\"https:\/\/21panorama.com\/\",\"logo\":{\"@type\":\"ImageObject\",\"inLanguage\":\"es\",\"@id\":\"https:\/\/21panorama.com\/#\/schema\/logo\/image\/\",\"url\":\"https:\/\/21panorama.com\/wp-content\/uploads\/2019\/07\/cropped-Logo-Panorama-01.jpeg\",\"contentUrl\":\"https:\/\/21panorama.com\/wp-content\/uploads\/2019\/07\/cropped-Logo-Panorama-01.jpeg\",\"width\":290,\"height\":70,\"caption\":\"21 Panorama\"},\"image\":{\"@id\":\"https:\/\/21panorama.com\/#\/schema\/logo\/image\/\"}},{\"@type\":\"Person\",\"@id\":\"https:\/\/21panorama.com\/#\/schema\/person\/1afc291b96d5792a158768324287319f\",\"name\":\"admin\",\"image\":{\"@type\":\"ImageObject\",\"inLanguage\":\"es\",\"@id\":\"https:\/\/21panorama.com\/#\/schema\/person\/image\/\",\"url\":\"https:\/\/secure.gravatar.com\/avatar\/ad365d9d9f46719215b0d042cc3df92a5a8683e09ef13d102233e5491985f0f0?s=96&d=mm&r=g\",\"contentUrl\":\"https:\/\/secure.gravatar.com\/avatar\/ad365d9d9f46719215b0d042cc3df92a5a8683e09ef13d102233e5491985f0f0?s=96&d=mm&r=g\",\"caption\":\"admin\"},\"url\":\"https:\/\/21panorama.com\/index.php\/author\/admin\/\"}]}<\/script>\n<!-- \/ Yoast SEO plugin. -->","yoast_head_json":{"title":"INICIA EL PROGRAMA \u201cM\u00c9DICO EN TU CASA\u201d PARA LOS ADULTOS MAYORES, EN JOCOTITL\u00c1N - 21 Panorama","robots":{"index":"index","follow":"follow","max-snippet":"max-snippet:-1","max-image-preview":"max-image-preview:large","max-video-preview":"max-video-preview:-1"},"canonical":"https:\/\/21panorama.com\/index.php\/2023\/09\/08\/inicia-el-programa-medico-en-tu-casa-para-los-adultos-mayores-en-jocotitlan\/","og_locale":"es_MX","og_type":"article","og_title":"INICIA EL PROGRAMA \u201cM\u00c9DICO EN TU CASA\u201d PARA LOS ADULTOS MAYORES, EN JOCOTITL\u00c1N - 21 Panorama","og_description":"El Presidente Municipal, Jes\u00fas Cedillo Gonz\u00e1lez dio inicio al Programa \u201cM\u00e9dico en tu casa\u201d, que est\u00e1 enfocado en las personas de la tercera edad, y en el que se brindar\u00e1 asistencia m\u00e9dica a este sector, en su lugar de residencia.","og_url":"https:\/\/21panorama.com\/index.php\/2023\/09\/08\/inicia-el-programa-medico-en-tu-casa-para-los-adultos-mayores-en-jocotitlan\/","og_site_name":"21 Panorama","article_published_time":"2023-09-08T14:26:42+00:00","article_modified_time":"2023-09-21T15:08:46+00:00","og_image":[{"width":729,"height":416,"url":"https:\/\/21panorama.com\/wp-content\/uploads\/2023\/09\/Jocotitlan-Medico-en-tu-Casa-080923-3.jpg","type":"image\/jpeg"}],"author":"admin","twitter_card":"summary_large_image","twitter_misc":{"Escrito por":"admin","Tiempo de lectura":"1 minuto"},"schema":{"@context":"https:\/\/schema.org","@graph":[{"@type":"Article","@id":"https:\/\/21panorama.com\/index.php\/2023\/09\/08\/inicia-el-programa-medico-en-tu-casa-para-los-adultos-mayores-en-jocotitlan\/#article","isPartOf":{"@id":"https:\/\/21panorama.com\/index.php\/2023\/09\/08\/inicia-el-programa-medico-en-tu-casa-para-los-adultos-mayores-en-jocotitlan\/"},"author":{"name":"admin","@id":"https:\/\/21panorama.com\/#\/schema\/person\/1afc291b96d5792a158768324287319f"},"headline":"INICIA EL PROGRAMA \u201cM\u00c9DICO EN TU CASA\u201d PARA LOS ADULTOS MAYORES, EN JOCOTITL\u00c1N","datePublished":"2023-09-08T14:26:42+00:00","dateModified":"2023-09-21T15:08:46+00:00","mainEntityOfPage":{"@id":"https:\/\/21panorama.com\/index.php\/2023\/09\/08\/inicia-el-programa-medico-en-tu-casa-para-los-adultos-mayores-en-jocotitlan\/"},"wordCount":259,"commentCount":0,"publisher":{"@id":"https:\/\/21panorama.com\/#organization"},"image":{"@id":"https:\/\/21panorama.com\/index.php\/2023\/09\/08\/inicia-el-programa-medico-en-tu-casa-para-los-adultos-mayores-en-jocotitlan\/#primaryimage"},"thumbnailUrl":"https:\/\/21panorama.com\/wp-content\/uploads\/2023\/09\/Jocotitlan-Medico-en-tu-Casa-080923-3.jpg","keywords":["EDOMEX","GEM","Jes\u00fas Cedillo Gonz\u00e1lez","Jocotitl\u00e1n","PRI"],"articleSection":["Ciencia y Salud","Politica","Sociedad"],"inLanguage":"es","potentialAction":[{"@type":"CommentAction","name":"Comment","target":["https:\/\/21panorama.com\/index.php\/2023\/09\/08\/inicia-el-programa-medico-en-tu-casa-para-los-adultos-mayores-en-jocotitlan\/#respond"]}]},{"@type":"WebPage","@id":"https:\/\/21panorama.com\/index.php\/2023\/09\/08\/inicia-el-programa-medico-en-tu-casa-para-los-adultos-mayores-en-jocotitlan\/","url":"https:\/\/21panorama.com\/index.php\/2023\/09\/08\/inicia-el-programa-medico-en-tu-casa-para-los-adultos-mayores-en-jocotitlan\/","name":"INICIA EL PROGRAMA \u201cM\u00c9DICO EN TU CASA\u201d PARA LOS ADULTOS MAYORES, EN JOCOTITL\u00c1N - 21 Panorama","isPartOf":{"@id":"https:\/\/21panorama.com\/#website"},"primaryImageOfPage":{"@id":"https:\/\/21panorama.com\/index.php\/2023\/09\/08\/inicia-el-programa-medico-en-tu-casa-para-los-adultos-mayores-en-jocotitlan\/#primaryimage"},"image":{"@id":"https:\/\/21panorama.com\/index.php\/2023\/09\/08\/inicia-el-programa-medico-en-tu-casa-para-los-adultos-mayores-en-jocotitlan\/#primaryimage"},"thumbnailUrl":"https:\/\/21panorama.com\/wp-content\/uploads\/2023\/09\/Jocotitlan-Medico-en-tu-Casa-080923-3.jpg","datePublished":"2023-09-08T14:26:42+00:00","dateModified":"2023-09-21T15:08:46+00:00","breadcrumb":{"@id":"https:\/\/21panorama.com\/index.php\/2023\/09\/08\/inicia-el-programa-medico-en-tu-casa-para-los-adultos-mayores-en-jocotitlan\/#breadcrumb"},"inLanguage":"es","potentialAction":[{"@type":"ReadAction","target":["https:\/\/21panorama.com\/index.php\/2023\/09\/08\/inicia-el-programa-medico-en-tu-casa-para-los-adultos-mayores-en-jocotitlan\/"]}]},{"@type":"ImageObject","inLanguage":"es","@id":"https:\/\/21panorama.com\/index.php\/2023\/09\/08\/inicia-el-programa-medico-en-tu-casa-para-los-adultos-mayores-en-jocotitlan\/#primaryimage","url":"https:\/\/21panorama.com\/wp-content\/uploads\/2023\/09\/Jocotitlan-Medico-en-tu-Casa-080923-3.jpg","contentUrl":"https:\/\/21panorama.com\/wp-content\/uploads\/2023\/09\/Jocotitlan-Medico-en-tu-Casa-080923-3.jpg","width":729,"height":416},{"@type":"BreadcrumbList","@id":"https:\/\/21panorama.com\/index.php\/2023\/09\/08\/inicia-el-programa-medico-en-tu-casa-para-los-adultos-mayores-en-jocotitlan\/#breadcrumb","itemListElement":[{"@type":"ListItem","position":1,"name":"Inicio","item":"https:\/\/21panorama.com\/"},{"@type":"ListItem","position":2,"name":"INICIA EL PROGRAMA \u201cM\u00c9DICO EN TU CASA\u201d PARA LOS ADULTOS MAYORES, EN JOCOTITL\u00c1N"}]},{"@type":"WebSite","@id":"https:\/\/21panorama.com\/#website","url":"https:\/\/21panorama.com\/","name":"21 Panorama","description":"La construcci\u00f3n de la opini\u00f3n p\u00fablica merece un mejor Panorama en este siglo 21 para alcanzar una sociedad con mayor transparencia y sin corrupci\u00f3n.","publisher":{"@id":"https:\/\/21panorama.com\/#organization"},"potentialAction":[{"@type":"SearchAction","target":{"@type":"EntryPoint","urlTemplate":"https:\/\/21panorama.com\/?s={search_term_string}"},"query-input":{"@type":"PropertyValueSpecification","valueRequired":true,"valueName":"search_term_string"}}],"inLanguage":"es"},{"@type":"Organization","@id":"https:\/\/21panorama.com\/#organization","name":"21 Panorama","url":"https:\/\/21panorama.com\/","logo":{"@type":"ImageObject","inLanguage":"es","@id":"https:\/\/21panorama.com\/#\/schema\/logo\/image\/","url":"https:\/\/21panorama.com\/wp-content\/uploads\/2019\/07\/cropped-Logo-Panorama-01.jpeg","contentUrl":"https:\/\/21panorama.com\/wp-content\/uploads\/2019\/07\/cropped-Logo-Panorama-01.jpeg","width":290,"height":70,"caption":"21 Panorama"},"image":{"@id":"https:\/\/21panorama.com\/#\/schema\/logo\/image\/"}},{"@type":"Person","@id":"https:\/\/21panorama.com\/#\/schema\/person\/1afc291b96d5792a158768324287319f","name":"admin","image":{"@type":"ImageObject","inLanguage":"es","@id":"https:\/\/21panorama.com\/#\/schema\/person\/image\/","url":"https:\/\/secure.gravatar.com\/avatar\/ad365d9d9f46719215b0d042cc3df92a5a8683e09ef13d102233e5491985f0f0?s=96&d=mm&r=g","contentUrl":"https:\/\/secure.gravatar.com\/avatar\/ad365d9d9f46719215b0d042cc3df92a5a8683e09ef13d102233e5491985f0f0?s=96&d=mm&r=g","caption":"admin"},"url":"https:\/\/21panorama.com\/index.php\/author\/admin\/"}]}},"_links":{"self":[{"href":"https:\/\/21panorama.com\/index.php\/wp-json\/wp\/v2\/posts\/5033","targetHints":{"allow":["GET"]}}],"collection":[{"href":"https:\/\/21panorama.com\/index.php\/wp-json\/wp\/v2\/posts"}],"about":[{"href":"https:\/\/21panorama.com\/index.php\/wp-json\/wp\/v2\/types\/post"}],"author":[{"embeddable":true,"href":"https:\/\/21panorama.com\/index.php\/wp-json\/wp\/v2\/users\/1"}],"replies":[{"embeddable":true,"href":"https:\/\/21panorama.com\/index.php\/wp-json\/wp\/v2\/comments?post=5033"}],"version-history":[{"count":1,"href":"https:\/\/21panorama.com\/index.php\/wp-json\/wp\/v2\/posts\/5033\/revisions"}],"predecessor-version":[{"id":5035,"href":"https:\/\/21panorama.com\/index.php\/wp-json\/wp\/v2\/posts\/5033\/revisions\/5035"}],"wp:featuredmedia":[{"embeddable":true,"href":"https:\/\/21panorama.com\/index.php\/wp-json\/wp\/v2\/media\/5034"}],"wp:attachment":[{"href":"https:\/\/21panorama.com\/index.php\/wp-json\/wp\/v2\/media?parent=5033"}],"wp:term":[{"taxonomy":"category","embeddable":true,"href":"https:\/\/21panorama.com\/index.php\/wp-json\/wp\/v2\/categories?post=5033"},{"taxonomy":"post_tag","embeddable":true,"href":"https:\/\/21panorama.com\/index.php\/wp-json\/wp\/v2\/tags?post=5033"}],"curies":[{"name":"wp","href":"https:\/\/api.w.org\/{rel}","templated":true}]}}