{"id":5030,"date":"2023-09-07T09:19:53","date_gmt":"2023-09-07T14:19:53","guid":{"rendered":"https:\/\/21panorama.com\/?p=5030"},"modified":"2023-09-21T09:26:30","modified_gmt":"2023-09-21T14:26:30","slug":"reunion-de-jesus-cedillo-con-los-directivos-de-las-escuelas-de-jocotitlan","status":"publish","type":"post","link":"https:\/\/21panorama.com\/index.php\/2023\/09\/07\/reunion-de-jesus-cedillo-con-los-directivos-de-las-escuelas-de-jocotitlan\/","title":{"rendered":"REUNI\u00d3N DE JES\u00daS CEDILLO CON LOS DIRECTIVOS DE LAS ESCUELAS DE JOCOTITL\u00c1N"},"content":{"rendered":"\n<p><\/p>\n\n\n\n<p>La actual Administraci\u00f3n Municipal del Ayuntamiento de Jocotitl\u00e1n, hace equipo y permanece siempre cercano al sector educativo. El Presidente Municipal Jes\u00fas Cedillo Gonz\u00e1lez se reuni\u00f3 con Directivos de Escuelas de Jocotitl\u00e1n a fin de sumar esfuerzos para mantener la calidad educativa de los alumnos del municipio.<\/p>\n\n\n\n<p>Con el objetivo de generar mejores ambientes de aprendizaje, Jes\u00fas Cedillo se reuni\u00f3 con el personal docente de las diferentes escuelas que integran este municipio, en donde se dieron a conocer los indicadores educativos, datos que abarcan la cobertura escolar\u200b, educativa, \u00edndices de deserci\u00f3n y matr\u00edcula actual.<\/p>\n\n\n\n<p>El edil tambi\u00e9n destac\u00f3 las acciones de mantenimiento realizadas a los centros escolares de la regi\u00f3n, con el objetivo de brindar a los usuarios, las bases id\u00f3neas para generar estrategias acordes a su contexto, a partir de las oportunidades y fortalezas que presenta su municipio.<\/p>\n\n\n\n<p>En la reuni\u00f3n presidida por Jes\u00fas Cedillo, se recalc\u00f3 la importancia de la participaci\u00f3n conjunta de las autoridades municipales y el personal docente y que de esta manera se logre impulsar acciones y compromisos que fortalezcan la formaci\u00f3n integral de las ni\u00f1as, ni\u00f1os y j\u00f3venes en el ciclo escolar 2023-2024.<\/p>\n","protected":false},"excerpt":{"rendered":"<p>La actual Administraci\u00f3n Municipal del Ayuntamiento de Jocotitl\u00e1n, hace equipo y permanece siempre cercano al sector educativo. El Presidente Municipal Jes\u00fas Cedillo Gonz\u00e1lez se reuni\u00f3 con Directivos de Escuelas de Jocotitl\u00e1n a fin de sumar esfuerzos para mantener la calidad educativa de los alumnos del municipio.<\/p>\n","protected":false},"author":1,"featured_media":5031,"comment_status":"open","ping_status":"open","sticky":false,"template":"","format":"standard","meta":{"footnotes":""},"categories":[5,374,12,1],"tags":[97,222,325,42,33],"class_list":["post-5030","post","type-post","status-publish","format-standard","has-post-thumbnail","hentry","category-cultura","category-educacion","category-politica","category-sociedad","tag-edomex","tag-gem","tag-jesus-cedillo-gonzalez","tag-jocotitlan","tag-pri"],"yoast_head":"<!-- This site is optimized with the Yoast SEO plugin v24.9 - https:\/\/yoast.com\/wordpress\/plugins\/seo\/ -->\n<title>REUNI\u00d3N DE JES\u00daS CEDILLO CON LOS DIRECTIVOS DE LAS ESCUELAS DE JOCOTITL\u00c1N - 21 Panorama<\/title>\n<meta name=\"robots\" content=\"index, follow, max-snippet:-1, max-image-preview:large, max-video-preview:-1\" \/>\n<link rel=\"canonical\" href=\"https:\/\/21panorama.com\/index.php\/2023\/09\/07\/reunion-de-jesus-cedillo-con-los-directivos-de-las-escuelas-de-jocotitlan\/\" \/>\n<meta property=\"og:locale\" content=\"es_MX\" \/>\n<meta property=\"og:type\" content=\"article\" \/>\n<meta property=\"og:title\" content=\"REUNI\u00d3N DE JES\u00daS CEDILLO CON LOS DIRECTIVOS DE LAS ESCUELAS DE JOCOTITL\u00c1N - 21 Panorama\" \/>\n<meta property=\"og:description\" content=\"La actual Administraci\u00f3n Municipal del Ayuntamiento de Jocotitl\u00e1n, hace equipo y permanece siempre cercano al sector educativo. El Presidente Municipal Jes\u00fas Cedillo Gonz\u00e1lez se reuni\u00f3 con Directivos de Escuelas de Jocotitl\u00e1n a fin de sumar esfuerzos para mantener la calidad educativa de los alumnos del municipio.\" \/>\n<meta property=\"og:url\" content=\"https:\/\/21panorama.com\/index.php\/2023\/09\/07\/reunion-de-jesus-cedillo-con-los-directivos-de-las-escuelas-de-jocotitlan\/\" \/>\n<meta property=\"og:site_name\" content=\"21 Panorama\" \/>\n<meta property=\"article:published_time\" content=\"2023-09-07T14:19:53+00:00\" \/>\n<meta property=\"article:modified_time\" content=\"2023-09-21T14:26:30+00:00\" \/>\n<meta property=\"og:image\" content=\"https:\/\/21panorama.com\/wp-content\/uploads\/2023\/09\/Jocotitlan-Maestros-070923-3.jpg\" \/>\n\t<meta property=\"og:image:width\" content=\"2048\" \/>\n\t<meta property=\"og:image:height\" content=\"1262\" \/>\n\t<meta property=\"og:image:type\" content=\"image\/jpeg\" \/>\n<meta name=\"author\" content=\"admin\" \/>\n<meta name=\"twitter:card\" content=\"summary_large_image\" \/>\n<meta name=\"twitter:label1\" content=\"Escrito por\" \/>\n\t<meta name=\"twitter:data1\" content=\"admin\" \/>\n\t<meta name=\"twitter:label2\" content=\"Tiempo de lectura\" \/>\n\t<meta name=\"twitter:data2\" content=\"1 minuto\" \/>\n<script type=\"application\/ld+json\" class=\"yoast-schema-graph\">{\"@context\":\"https:\/\/schema.org\",\"@graph\":[{\"@type\":\"Article\",\"@id\":\"https:\/\/21panorama.com\/index.php\/2023\/09\/07\/reunion-de-jesus-cedillo-con-los-directivos-de-las-escuelas-de-jocotitlan\/#article\",\"isPartOf\":{\"@id\":\"https:\/\/21panorama.com\/index.php\/2023\/09\/07\/reunion-de-jesus-cedillo-con-los-directivos-de-las-escuelas-de-jocotitlan\/\"},\"author\":{\"name\":\"admin\",\"@id\":\"https:\/\/21panorama.com\/#\/schema\/person\/1afc291b96d5792a158768324287319f\"},\"headline\":\"REUNI\u00d3N DE JES\u00daS CEDILLO CON LOS DIRECTIVOS DE LAS ESCUELAS DE JOCOTITL\u00c1N\",\"datePublished\":\"2023-09-07T14:19:53+00:00\",\"dateModified\":\"2023-09-21T14:26:30+00:00\",\"mainEntityOfPage\":{\"@id\":\"https:\/\/21panorama.com\/index.php\/2023\/09\/07\/reunion-de-jesus-cedillo-con-los-directivos-de-las-escuelas-de-jocotitlan\/\"},\"wordCount\":221,\"commentCount\":0,\"publisher\":{\"@id\":\"https:\/\/21panorama.com\/#organization\"},\"image\":{\"@id\":\"https:\/\/21panorama.com\/index.php\/2023\/09\/07\/reunion-de-jesus-cedillo-con-los-directivos-de-las-escuelas-de-jocotitlan\/#primaryimage\"},\"thumbnailUrl\":\"https:\/\/21panorama.com\/wp-content\/uploads\/2023\/09\/Jocotitlan-Maestros-070923-3.jpg\",\"keywords\":[\"EDOMEX\",\"GEM\",\"Jes\u00fas Cedillo Gonz\u00e1lez\",\"Jocotitl\u00e1n\",\"PRI\"],\"articleSection\":[\"Cultura\",\"Educaci\u00f3n\",\"Politica\",\"Sociedad\"],\"inLanguage\":\"es\",\"potentialAction\":[{\"@type\":\"CommentAction\",\"name\":\"Comment\",\"target\":[\"https:\/\/21panorama.com\/index.php\/2023\/09\/07\/reunion-de-jesus-cedillo-con-los-directivos-de-las-escuelas-de-jocotitlan\/#respond\"]}]},{\"@type\":\"WebPage\",\"@id\":\"https:\/\/21panorama.com\/index.php\/2023\/09\/07\/reunion-de-jesus-cedillo-con-los-directivos-de-las-escuelas-de-jocotitlan\/\",\"url\":\"https:\/\/21panorama.com\/index.php\/2023\/09\/07\/reunion-de-jesus-cedillo-con-los-directivos-de-las-escuelas-de-jocotitlan\/\",\"name\":\"REUNI\u00d3N DE JES\u00daS CEDILLO CON LOS DIRECTIVOS DE LAS ESCUELAS DE JOCOTITL\u00c1N - 21 Panorama\",\"isPartOf\":{\"@id\":\"https:\/\/21panorama.com\/#website\"},\"primaryImageOfPage\":{\"@id\":\"https:\/\/21panorama.com\/index.php\/2023\/09\/07\/reunion-de-jesus-cedillo-con-los-directivos-de-las-escuelas-de-jocotitlan\/#primaryimage\"},\"image\":{\"@id\":\"https:\/\/21panorama.com\/index.php\/2023\/09\/07\/reunion-de-jesus-cedillo-con-los-directivos-de-las-escuelas-de-jocotitlan\/#primaryimage\"},\"thumbnailUrl\":\"https:\/\/21panorama.com\/wp-content\/uploads\/2023\/09\/Jocotitlan-Maestros-070923-3.jpg\",\"datePublished\":\"2023-09-07T14:19:53+00:00\",\"dateModified\":\"2023-09-21T14:26:30+00:00\",\"breadcrumb\":{\"@id\":\"https:\/\/21panorama.com\/index.php\/2023\/09\/07\/reunion-de-jesus-cedillo-con-los-directivos-de-las-escuelas-de-jocotitlan\/#breadcrumb\"},\"inLanguage\":\"es\",\"potentialAction\":[{\"@type\":\"ReadAction\",\"target\":[\"https:\/\/21panorama.com\/index.php\/2023\/09\/07\/reunion-de-jesus-cedillo-con-los-directivos-de-las-escuelas-de-jocotitlan\/\"]}]},{\"@type\":\"ImageObject\",\"inLanguage\":\"es\",\"@id\":\"https:\/\/21panorama.com\/index.php\/2023\/09\/07\/reunion-de-jesus-cedillo-con-los-directivos-de-las-escuelas-de-jocotitlan\/#primaryimage\",\"url\":\"https:\/\/21panorama.com\/wp-content\/uploads\/2023\/09\/Jocotitlan-Maestros-070923-3.jpg\",\"contentUrl\":\"https:\/\/21panorama.com\/wp-content\/uploads\/2023\/09\/Jocotitlan-Maestros-070923-3.jpg\",\"width\":2048,\"height\":1262},{\"@type\":\"BreadcrumbList\",\"@id\":\"https:\/\/21panorama.com\/index.php\/2023\/09\/07\/reunion-de-jesus-cedillo-con-los-directivos-de-las-escuelas-de-jocotitlan\/#breadcrumb\",\"itemListElement\":[{\"@type\":\"ListItem\",\"position\":1,\"name\":\"Inicio\",\"item\":\"https:\/\/21panorama.com\/\"},{\"@type\":\"ListItem\",\"position\":2,\"name\":\"REUNI\u00d3N DE JES\u00daS CEDILLO CON LOS DIRECTIVOS DE LAS ESCUELAS DE JOCOTITL\u00c1N\"}]},{\"@type\":\"WebSite\",\"@id\":\"https:\/\/21panorama.com\/#website\",\"url\":\"https:\/\/21panorama.com\/\",\"name\":\"21 Panorama\",\"description\":\"La construcci\u00f3n de la opini\u00f3n p\u00fablica merece un mejor Panorama en este siglo 21 para alcanzar una sociedad con mayor transparencia y sin corrupci\u00f3n.\",\"publisher\":{\"@id\":\"https:\/\/21panorama.com\/#organization\"},\"potentialAction\":[{\"@type\":\"SearchAction\",\"target\":{\"@type\":\"EntryPoint\",\"urlTemplate\":\"https:\/\/21panorama.com\/?s={search_term_string}\"},\"query-input\":{\"@type\":\"PropertyValueSpecification\",\"valueRequired\":true,\"valueName\":\"search_term_string\"}}],\"inLanguage\":\"es\"},{\"@type\":\"Organization\",\"@id\":\"https:\/\/21panorama.com\/#organization\",\"name\":\"21 Panorama\",\"url\":\"https:\/\/21panorama.com\/\",\"logo\":{\"@type\":\"ImageObject\",\"inLanguage\":\"es\",\"@id\":\"https:\/\/21panorama.com\/#\/schema\/logo\/image\/\",\"url\":\"https:\/\/21panorama.com\/wp-content\/uploads\/2019\/07\/cropped-Logo-Panorama-01.jpeg\",\"contentUrl\":\"https:\/\/21panorama.com\/wp-content\/uploads\/2019\/07\/cropped-Logo-Panorama-01.jpeg\",\"width\":290,\"height\":70,\"caption\":\"21 Panorama\"},\"image\":{\"@id\":\"https:\/\/21panorama.com\/#\/schema\/logo\/image\/\"}},{\"@type\":\"Person\",\"@id\":\"https:\/\/21panorama.com\/#\/schema\/person\/1afc291b96d5792a158768324287319f\",\"name\":\"admin\",\"image\":{\"@type\":\"ImageObject\",\"inLanguage\":\"es\",\"@id\":\"https:\/\/21panorama.com\/#\/schema\/person\/image\/\",\"url\":\"https:\/\/secure.gravatar.com\/avatar\/ad365d9d9f46719215b0d042cc3df92a5a8683e09ef13d102233e5491985f0f0?s=96&d=mm&r=g\",\"contentUrl\":\"https:\/\/secure.gravatar.com\/avatar\/ad365d9d9f46719215b0d042cc3df92a5a8683e09ef13d102233e5491985f0f0?s=96&d=mm&r=g\",\"caption\":\"admin\"},\"url\":\"https:\/\/21panorama.com\/index.php\/author\/admin\/\"}]}<\/script>\n<!-- \/ Yoast SEO plugin. -->","yoast_head_json":{"title":"REUNI\u00d3N DE JES\u00daS CEDILLO CON LOS DIRECTIVOS DE LAS ESCUELAS DE JOCOTITL\u00c1N - 21 Panorama","robots":{"index":"index","follow":"follow","max-snippet":"max-snippet:-1","max-image-preview":"max-image-preview:large","max-video-preview":"max-video-preview:-1"},"canonical":"https:\/\/21panorama.com\/index.php\/2023\/09\/07\/reunion-de-jesus-cedillo-con-los-directivos-de-las-escuelas-de-jocotitlan\/","og_locale":"es_MX","og_type":"article","og_title":"REUNI\u00d3N DE JES\u00daS CEDILLO CON LOS DIRECTIVOS DE LAS ESCUELAS DE JOCOTITL\u00c1N - 21 Panorama","og_description":"La actual Administraci\u00f3n Municipal del Ayuntamiento de Jocotitl\u00e1n, hace equipo y permanece siempre cercano al sector educativo. El Presidente Municipal Jes\u00fas Cedillo Gonz\u00e1lez se reuni\u00f3 con Directivos de Escuelas de Jocotitl\u00e1n a fin de sumar esfuerzos para mantener la calidad educativa de los alumnos del municipio.","og_url":"https:\/\/21panorama.com\/index.php\/2023\/09\/07\/reunion-de-jesus-cedillo-con-los-directivos-de-las-escuelas-de-jocotitlan\/","og_site_name":"21 Panorama","article_published_time":"2023-09-07T14:19:53+00:00","article_modified_time":"2023-09-21T14:26:30+00:00","og_image":[{"width":2048,"height":1262,"url":"https:\/\/21panorama.com\/wp-content\/uploads\/2023\/09\/Jocotitlan-Maestros-070923-3.jpg","type":"image\/jpeg"}],"author":"admin","twitter_card":"summary_large_image","twitter_misc":{"Escrito por":"admin","Tiempo de lectura":"1 minuto"},"schema":{"@context":"https:\/\/schema.org","@graph":[{"@type":"Article","@id":"https:\/\/21panorama.com\/index.php\/2023\/09\/07\/reunion-de-jesus-cedillo-con-los-directivos-de-las-escuelas-de-jocotitlan\/#article","isPartOf":{"@id":"https:\/\/21panorama.com\/index.php\/2023\/09\/07\/reunion-de-jesus-cedillo-con-los-directivos-de-las-escuelas-de-jocotitlan\/"},"author":{"name":"admin","@id":"https:\/\/21panorama.com\/#\/schema\/person\/1afc291b96d5792a158768324287319f"},"headline":"REUNI\u00d3N DE JES\u00daS CEDILLO CON LOS DIRECTIVOS DE LAS ESCUELAS DE JOCOTITL\u00c1N","datePublished":"2023-09-07T14:19:53+00:00","dateModified":"2023-09-21T14:26:30+00:00","mainEntityOfPage":{"@id":"https:\/\/21panorama.com\/index.php\/2023\/09\/07\/reunion-de-jesus-cedillo-con-los-directivos-de-las-escuelas-de-jocotitlan\/"},"wordCount":221,"commentCount":0,"publisher":{"@id":"https:\/\/21panorama.com\/#organization"},"image":{"@id":"https:\/\/21panorama.com\/index.php\/2023\/09\/07\/reunion-de-jesus-cedillo-con-los-directivos-de-las-escuelas-de-jocotitlan\/#primaryimage"},"thumbnailUrl":"https:\/\/21panorama.com\/wp-content\/uploads\/2023\/09\/Jocotitlan-Maestros-070923-3.jpg","keywords":["EDOMEX","GEM","Jes\u00fas Cedillo Gonz\u00e1lez","Jocotitl\u00e1n","PRI"],"articleSection":["Cultura","Educaci\u00f3n","Politica","Sociedad"],"inLanguage":"es","potentialAction":[{"@type":"CommentAction","name":"Comment","target":["https:\/\/21panorama.com\/index.php\/2023\/09\/07\/reunion-de-jesus-cedillo-con-los-directivos-de-las-escuelas-de-jocotitlan\/#respond"]}]},{"@type":"WebPage","@id":"https:\/\/21panorama.com\/index.php\/2023\/09\/07\/reunion-de-jesus-cedillo-con-los-directivos-de-las-escuelas-de-jocotitlan\/","url":"https:\/\/21panorama.com\/index.php\/2023\/09\/07\/reunion-de-jesus-cedillo-con-los-directivos-de-las-escuelas-de-jocotitlan\/","name":"REUNI\u00d3N DE JES\u00daS CEDILLO CON LOS DIRECTIVOS DE LAS ESCUELAS DE JOCOTITL\u00c1N - 21 Panorama","isPartOf":{"@id":"https:\/\/21panorama.com\/#website"},"primaryImageOfPage":{"@id":"https:\/\/21panorama.com\/index.php\/2023\/09\/07\/reunion-de-jesus-cedillo-con-los-directivos-de-las-escuelas-de-jocotitlan\/#primaryimage"},"image":{"@id":"https:\/\/21panorama.com\/index.php\/2023\/09\/07\/reunion-de-jesus-cedillo-con-los-directivos-de-las-escuelas-de-jocotitlan\/#primaryimage"},"thumbnailUrl":"https:\/\/21panorama.com\/wp-content\/uploads\/2023\/09\/Jocotitlan-Maestros-070923-3.jpg","datePublished":"2023-09-07T14:19:53+00:00","dateModified":"2023-09-21T14:26:30+00:00","breadcrumb":{"@id":"https:\/\/21panorama.com\/index.php\/2023\/09\/07\/reunion-de-jesus-cedillo-con-los-directivos-de-las-escuelas-de-jocotitlan\/#breadcrumb"},"inLanguage":"es","potentialAction":[{"@type":"ReadAction","target":["https:\/\/21panorama.com\/index.php\/2023\/09\/07\/reunion-de-jesus-cedillo-con-los-directivos-de-las-escuelas-de-jocotitlan\/"]}]},{"@type":"ImageObject","inLanguage":"es","@id":"https:\/\/21panorama.com\/index.php\/2023\/09\/07\/reunion-de-jesus-cedillo-con-los-directivos-de-las-escuelas-de-jocotitlan\/#primaryimage","url":"https:\/\/21panorama.com\/wp-content\/uploads\/2023\/09\/Jocotitlan-Maestros-070923-3.jpg","contentUrl":"https:\/\/21panorama.com\/wp-content\/uploads\/2023\/09\/Jocotitlan-Maestros-070923-3.jpg","width":2048,"height":1262},{"@type":"BreadcrumbList","@id":"https:\/\/21panorama.com\/index.php\/2023\/09\/07\/reunion-de-jesus-cedillo-con-los-directivos-de-las-escuelas-de-jocotitlan\/#breadcrumb","itemListElement":[{"@type":"ListItem","position":1,"name":"Inicio","item":"https:\/\/21panorama.com\/"},{"@type":"ListItem","position":2,"name":"REUNI\u00d3N DE JES\u00daS CEDILLO CON LOS DIRECTIVOS DE LAS ESCUELAS DE JOCOTITL\u00c1N"}]},{"@type":"WebSite","@id":"https:\/\/21panorama.com\/#website","url":"https:\/\/21panorama.com\/","name":"21 Panorama","description":"La construcci\u00f3n de la opini\u00f3n p\u00fablica merece un mejor Panorama en este siglo 21 para alcanzar una sociedad con mayor transparencia y sin corrupci\u00f3n.","publisher":{"@id":"https:\/\/21panorama.com\/#organization"},"potentialAction":[{"@type":"SearchAction","target":{"@type":"EntryPoint","urlTemplate":"https:\/\/21panorama.com\/?s={search_term_string}"},"query-input":{"@type":"PropertyValueSpecification","valueRequired":true,"valueName":"search_term_string"}}],"inLanguage":"es"},{"@type":"Organization","@id":"https:\/\/21panorama.com\/#organization","name":"21 Panorama","url":"https:\/\/21panorama.com\/","logo":{"@type":"ImageObject","inLanguage":"es","@id":"https:\/\/21panorama.com\/#\/schema\/logo\/image\/","url":"https:\/\/21panorama.com\/wp-content\/uploads\/2019\/07\/cropped-Logo-Panorama-01.jpeg","contentUrl":"https:\/\/21panorama.com\/wp-content\/uploads\/2019\/07\/cropped-Logo-Panorama-01.jpeg","width":290,"height":70,"caption":"21 Panorama"},"image":{"@id":"https:\/\/21panorama.com\/#\/schema\/logo\/image\/"}},{"@type":"Person","@id":"https:\/\/21panorama.com\/#\/schema\/person\/1afc291b96d5792a158768324287319f","name":"admin","image":{"@type":"ImageObject","inLanguage":"es","@id":"https:\/\/21panorama.com\/#\/schema\/person\/image\/","url":"https:\/\/secure.gravatar.com\/avatar\/ad365d9d9f46719215b0d042cc3df92a5a8683e09ef13d102233e5491985f0f0?s=96&d=mm&r=g","contentUrl":"https:\/\/secure.gravatar.com\/avatar\/ad365d9d9f46719215b0d042cc3df92a5a8683e09ef13d102233e5491985f0f0?s=96&d=mm&r=g","caption":"admin"},"url":"https:\/\/21panorama.com\/index.php\/author\/admin\/"}]}},"_links":{"self":[{"href":"https:\/\/21panorama.com\/index.php\/wp-json\/wp\/v2\/posts\/5030","targetHints":{"allow":["GET"]}}],"collection":[{"href":"https:\/\/21panorama.com\/index.php\/wp-json\/wp\/v2\/posts"}],"about":[{"href":"https:\/\/21panorama.com\/index.php\/wp-json\/wp\/v2\/types\/post"}],"author":[{"embeddable":true,"href":"https:\/\/21panorama.com\/index.php\/wp-json\/wp\/v2\/users\/1"}],"replies":[{"embeddable":true,"href":"https:\/\/21panorama.com\/index.php\/wp-json\/wp\/v2\/comments?post=5030"}],"version-history":[{"count":1,"href":"https:\/\/21panorama.com\/index.php\/wp-json\/wp\/v2\/posts\/5030\/revisions"}],"predecessor-version":[{"id":5032,"href":"https:\/\/21panorama.com\/index.php\/wp-json\/wp\/v2\/posts\/5030\/revisions\/5032"}],"wp:featuredmedia":[{"embeddable":true,"href":"https:\/\/21panorama.com\/index.php\/wp-json\/wp\/v2\/media\/5031"}],"wp:attachment":[{"href":"https:\/\/21panorama.com\/index.php\/wp-json\/wp\/v2\/media?parent=5030"}],"wp:term":[{"taxonomy":"category","embeddable":true,"href":"https:\/\/21panorama.com\/index.php\/wp-json\/wp\/v2\/categories?post=5030"},{"taxonomy":"post_tag","embeddable":true,"href":"https:\/\/21panorama.com\/index.php\/wp-json\/wp\/v2\/tags?post=5030"}],"curies":[{"name":"wp","href":"https:\/\/api.w.org\/{rel}","templated":true}]}}