{"id":5022,"date":"2023-09-17T08:45:02","date_gmt":"2023-09-17T13:45:02","guid":{"rendered":"https:\/\/21panorama.com\/?p=5022"},"modified":"2023-09-20T00:23:08","modified_gmt":"2023-09-20T05:23:08","slug":"viva-mexicoviva-mexicoviva-mexico-exclamo-marisol-arias-en-atlacomulco-ante-20-mil-espectadores","status":"publish","type":"post","link":"https:\/\/21panorama.com\/index.php\/2023\/09\/17\/viva-mexicoviva-mexicoviva-mexico-exclamo-marisol-arias-en-atlacomulco-ante-20-mil-espectadores\/","title":{"rendered":"\u00a1VIVA M\u00c9XICO!\u00a1VIVA M\u00c9XICO!\u00a1VIVA M\u00c9XICO! EXCLAM\u00d3 MARISOL ARIAS EN ATLACOMULCO, ANTE 20 MIL ESPECTADORES"},"content":{"rendered":"","protected":false},"excerpt":{"rendered":"<p>MARISOL ARIAS EN ATLACOMULCO, ANTE 20 MIL ESPECTADORES<\/p>\n","protected":false},"author":1,"featured_media":5023,"comment_status":"open","ping_status":"open","sticky":false,"template":"","format":"standard","meta":{"footnotes":""},"categories":[5,12,1],"tags":[70,97,222,69,33],"class_list":["post-5022","post","type-post","status-publish","format-standard","has-post-thumbnail","hentry","category-cultura","category-politica","category-sociedad","tag-atlacomulco","tag-edomex","tag-gem","tag-marisol-arias","tag-pri"],"yoast_head":"<!-- This site is optimized with the Yoast SEO plugin v24.9 - https:\/\/yoast.com\/wordpress\/plugins\/seo\/ -->\n<title>\u00a1VIVA M\u00c9XICO!\u00a1VIVA M\u00c9XICO!\u00a1VIVA M\u00c9XICO! EXCLAM\u00d3 MARISOL ARIAS EN ATLACOMULCO, ANTE 20 MIL ESPECTADORES - 21 Panorama<\/title>\n<meta name=\"robots\" content=\"index, follow, max-snippet:-1, max-image-preview:large, max-video-preview:-1\" \/>\n<link rel=\"canonical\" href=\"https:\/\/21panorama.com\/index.php\/2023\/09\/17\/viva-mexicoviva-mexicoviva-mexico-exclamo-marisol-arias-en-atlacomulco-ante-20-mil-espectadores\/\" \/>\n<meta property=\"og:locale\" content=\"es_MX\" \/>\n<meta property=\"og:type\" content=\"article\" \/>\n<meta property=\"og:title\" content=\"\u00a1VIVA M\u00c9XICO!\u00a1VIVA M\u00c9XICO!\u00a1VIVA M\u00c9XICO! EXCLAM\u00d3 MARISOL ARIAS EN ATLACOMULCO, ANTE 20 MIL ESPECTADORES - 21 Panorama\" \/>\n<meta property=\"og:description\" content=\"MARISOL ARIAS EN ATLACOMULCO, ANTE 20 MIL ESPECTADORES\" \/>\n<meta property=\"og:url\" content=\"https:\/\/21panorama.com\/index.php\/2023\/09\/17\/viva-mexicoviva-mexicoviva-mexico-exclamo-marisol-arias-en-atlacomulco-ante-20-mil-espectadores\/\" \/>\n<meta property=\"og:site_name\" content=\"21 Panorama\" \/>\n<meta property=\"article:published_time\" content=\"2023-09-17T13:45:02+00:00\" \/>\n<meta property=\"article:modified_time\" content=\"2023-09-20T05:23:08+00:00\" \/>\n<meta property=\"og:image\" content=\"https:\/\/21panorama.com\/wp-content\/uploads\/2023\/09\/Atlacomulco-Marisol-Arias-Grito-de-Independencia-160923-2.jpg\" \/>\n\t<meta property=\"og:image:width\" content=\"1600\" \/>\n\t<meta property=\"og:image:height\" content=\"1096\" \/>\n\t<meta property=\"og:image:type\" content=\"image\/jpeg\" \/>\n<meta name=\"author\" content=\"admin\" \/>\n<meta name=\"twitter:card\" content=\"summary_large_image\" \/>\n<meta name=\"twitter:label1\" content=\"Escrito por\" \/>\n\t<meta name=\"twitter:data1\" content=\"admin\" \/>\n<script type=\"application\/ld+json\" class=\"yoast-schema-graph\">{\"@context\":\"https:\/\/schema.org\",\"@graph\":[{\"@type\":\"Article\",\"@id\":\"https:\/\/21panorama.com\/index.php\/2023\/09\/17\/viva-mexicoviva-mexicoviva-mexico-exclamo-marisol-arias-en-atlacomulco-ante-20-mil-espectadores\/#article\",\"isPartOf\":{\"@id\":\"https:\/\/21panorama.com\/index.php\/2023\/09\/17\/viva-mexicoviva-mexicoviva-mexico-exclamo-marisol-arias-en-atlacomulco-ante-20-mil-espectadores\/\"},\"author\":{\"name\":\"admin\",\"@id\":\"https:\/\/21panorama.com\/#\/schema\/person\/1afc291b96d5792a158768324287319f\"},\"headline\":\"\u00a1VIVA M\u00c9XICO!\u00a1VIVA M\u00c9XICO!\u00a1VIVA M\u00c9XICO! EXCLAM\u00d3 MARISOL ARIAS EN ATLACOMULCO, ANTE 20 MIL ESPECTADORES\",\"datePublished\":\"2023-09-17T13:45:02+00:00\",\"dateModified\":\"2023-09-20T05:23:08+00:00\",\"mainEntityOfPage\":{\"@id\":\"https:\/\/21panorama.com\/index.php\/2023\/09\/17\/viva-mexicoviva-mexicoviva-mexico-exclamo-marisol-arias-en-atlacomulco-ante-20-mil-espectadores\/\"},\"wordCount\":17,\"commentCount\":0,\"publisher\":{\"@id\":\"https:\/\/21panorama.com\/#organization\"},\"image\":{\"@id\":\"https:\/\/21panorama.com\/index.php\/2023\/09\/17\/viva-mexicoviva-mexicoviva-mexico-exclamo-marisol-arias-en-atlacomulco-ante-20-mil-espectadores\/#primaryimage\"},\"thumbnailUrl\":\"https:\/\/21panorama.com\/wp-content\/uploads\/2023\/09\/Atlacomulco-Marisol-Arias-Grito-de-Independencia-160923-2.jpg\",\"keywords\":[\"Atlacomulco\",\"EDOMEX\",\"GEM\",\"Marisol Arias\",\"PRI\"],\"articleSection\":[\"Cultura\",\"Politica\",\"Sociedad\"],\"inLanguage\":\"es\",\"potentialAction\":[{\"@type\":\"CommentAction\",\"name\":\"Comment\",\"target\":[\"https:\/\/21panorama.com\/index.php\/2023\/09\/17\/viva-mexicoviva-mexicoviva-mexico-exclamo-marisol-arias-en-atlacomulco-ante-20-mil-espectadores\/#respond\"]}]},{\"@type\":\"WebPage\",\"@id\":\"https:\/\/21panorama.com\/index.php\/2023\/09\/17\/viva-mexicoviva-mexicoviva-mexico-exclamo-marisol-arias-en-atlacomulco-ante-20-mil-espectadores\/\",\"url\":\"https:\/\/21panorama.com\/index.php\/2023\/09\/17\/viva-mexicoviva-mexicoviva-mexico-exclamo-marisol-arias-en-atlacomulco-ante-20-mil-espectadores\/\",\"name\":\"\u00a1VIVA M\u00c9XICO!\u00a1VIVA M\u00c9XICO!\u00a1VIVA M\u00c9XICO! EXCLAM\u00d3 MARISOL ARIAS EN ATLACOMULCO, ANTE 20 MIL ESPECTADORES - 21 Panorama\",\"isPartOf\":{\"@id\":\"https:\/\/21panorama.com\/#website\"},\"primaryImageOfPage\":{\"@id\":\"https:\/\/21panorama.com\/index.php\/2023\/09\/17\/viva-mexicoviva-mexicoviva-mexico-exclamo-marisol-arias-en-atlacomulco-ante-20-mil-espectadores\/#primaryimage\"},\"image\":{\"@id\":\"https:\/\/21panorama.com\/index.php\/2023\/09\/17\/viva-mexicoviva-mexicoviva-mexico-exclamo-marisol-arias-en-atlacomulco-ante-20-mil-espectadores\/#primaryimage\"},\"thumbnailUrl\":\"https:\/\/21panorama.com\/wp-content\/uploads\/2023\/09\/Atlacomulco-Marisol-Arias-Grito-de-Independencia-160923-2.jpg\",\"datePublished\":\"2023-09-17T13:45:02+00:00\",\"dateModified\":\"2023-09-20T05:23:08+00:00\",\"breadcrumb\":{\"@id\":\"https:\/\/21panorama.com\/index.php\/2023\/09\/17\/viva-mexicoviva-mexicoviva-mexico-exclamo-marisol-arias-en-atlacomulco-ante-20-mil-espectadores\/#breadcrumb\"},\"inLanguage\":\"es\",\"potentialAction\":[{\"@type\":\"ReadAction\",\"target\":[\"https:\/\/21panorama.com\/index.php\/2023\/09\/17\/viva-mexicoviva-mexicoviva-mexico-exclamo-marisol-arias-en-atlacomulco-ante-20-mil-espectadores\/\"]}]},{\"@type\":\"ImageObject\",\"inLanguage\":\"es\",\"@id\":\"https:\/\/21panorama.com\/index.php\/2023\/09\/17\/viva-mexicoviva-mexicoviva-mexico-exclamo-marisol-arias-en-atlacomulco-ante-20-mil-espectadores\/#primaryimage\",\"url\":\"https:\/\/21panorama.com\/wp-content\/uploads\/2023\/09\/Atlacomulco-Marisol-Arias-Grito-de-Independencia-160923-2.jpg\",\"contentUrl\":\"https:\/\/21panorama.com\/wp-content\/uploads\/2023\/09\/Atlacomulco-Marisol-Arias-Grito-de-Independencia-160923-2.jpg\",\"width\":1600,\"height\":1096},{\"@type\":\"BreadcrumbList\",\"@id\":\"https:\/\/21panorama.com\/index.php\/2023\/09\/17\/viva-mexicoviva-mexicoviva-mexico-exclamo-marisol-arias-en-atlacomulco-ante-20-mil-espectadores\/#breadcrumb\",\"itemListElement\":[{\"@type\":\"ListItem\",\"position\":1,\"name\":\"Inicio\",\"item\":\"https:\/\/21panorama.com\/\"},{\"@type\":\"ListItem\",\"position\":2,\"name\":\"\u00a1VIVA M\u00c9XICO!\u00a1VIVA M\u00c9XICO!\u00a1VIVA M\u00c9XICO! EXCLAM\u00d3 MARISOL ARIAS EN ATLACOMULCO, ANTE 20 MIL ESPECTADORES\"}]},{\"@type\":\"WebSite\",\"@id\":\"https:\/\/21panorama.com\/#website\",\"url\":\"https:\/\/21panorama.com\/\",\"name\":\"21 Panorama\",\"description\":\"La construcci\u00f3n de la opini\u00f3n p\u00fablica merece un mejor Panorama en este siglo 21 para alcanzar una sociedad con mayor transparencia y sin corrupci\u00f3n.\",\"publisher\":{\"@id\":\"https:\/\/21panorama.com\/#organization\"},\"potentialAction\":[{\"@type\":\"SearchAction\",\"target\":{\"@type\":\"EntryPoint\",\"urlTemplate\":\"https:\/\/21panorama.com\/?s={search_term_string}\"},\"query-input\":{\"@type\":\"PropertyValueSpecification\",\"valueRequired\":true,\"valueName\":\"search_term_string\"}}],\"inLanguage\":\"es\"},{\"@type\":\"Organization\",\"@id\":\"https:\/\/21panorama.com\/#organization\",\"name\":\"21 Panorama\",\"url\":\"https:\/\/21panorama.com\/\",\"logo\":{\"@type\":\"ImageObject\",\"inLanguage\":\"es\",\"@id\":\"https:\/\/21panorama.com\/#\/schema\/logo\/image\/\",\"url\":\"https:\/\/21panorama.com\/wp-content\/uploads\/2019\/07\/cropped-Logo-Panorama-01.jpeg\",\"contentUrl\":\"https:\/\/21panorama.com\/wp-content\/uploads\/2019\/07\/cropped-Logo-Panorama-01.jpeg\",\"width\":290,\"height\":70,\"caption\":\"21 Panorama\"},\"image\":{\"@id\":\"https:\/\/21panorama.com\/#\/schema\/logo\/image\/\"}},{\"@type\":\"Person\",\"@id\":\"https:\/\/21panorama.com\/#\/schema\/person\/1afc291b96d5792a158768324287319f\",\"name\":\"admin\",\"image\":{\"@type\":\"ImageObject\",\"inLanguage\":\"es\",\"@id\":\"https:\/\/21panorama.com\/#\/schema\/person\/image\/\",\"url\":\"https:\/\/secure.gravatar.com\/avatar\/ad365d9d9f46719215b0d042cc3df92a5a8683e09ef13d102233e5491985f0f0?s=96&d=mm&r=g\",\"contentUrl\":\"https:\/\/secure.gravatar.com\/avatar\/ad365d9d9f46719215b0d042cc3df92a5a8683e09ef13d102233e5491985f0f0?s=96&d=mm&r=g\",\"caption\":\"admin\"},\"url\":\"https:\/\/21panorama.com\/index.php\/author\/admin\/\"}]}<\/script>\n<!-- \/ Yoast SEO plugin. -->","yoast_head_json":{"title":"\u00a1VIVA M\u00c9XICO!\u00a1VIVA M\u00c9XICO!\u00a1VIVA M\u00c9XICO! EXCLAM\u00d3 MARISOL ARIAS EN ATLACOMULCO, ANTE 20 MIL ESPECTADORES - 21 Panorama","robots":{"index":"index","follow":"follow","max-snippet":"max-snippet:-1","max-image-preview":"max-image-preview:large","max-video-preview":"max-video-preview:-1"},"canonical":"https:\/\/21panorama.com\/index.php\/2023\/09\/17\/viva-mexicoviva-mexicoviva-mexico-exclamo-marisol-arias-en-atlacomulco-ante-20-mil-espectadores\/","og_locale":"es_MX","og_type":"article","og_title":"\u00a1VIVA M\u00c9XICO!\u00a1VIVA M\u00c9XICO!\u00a1VIVA M\u00c9XICO! EXCLAM\u00d3 MARISOL ARIAS EN ATLACOMULCO, ANTE 20 MIL ESPECTADORES - 21 Panorama","og_description":"MARISOL ARIAS EN ATLACOMULCO, ANTE 20 MIL ESPECTADORES","og_url":"https:\/\/21panorama.com\/index.php\/2023\/09\/17\/viva-mexicoviva-mexicoviva-mexico-exclamo-marisol-arias-en-atlacomulco-ante-20-mil-espectadores\/","og_site_name":"21 Panorama","article_published_time":"2023-09-17T13:45:02+00:00","article_modified_time":"2023-09-20T05:23:08+00:00","og_image":[{"width":1600,"height":1096,"url":"https:\/\/21panorama.com\/wp-content\/uploads\/2023\/09\/Atlacomulco-Marisol-Arias-Grito-de-Independencia-160923-2.jpg","type":"image\/jpeg"}],"author":"admin","twitter_card":"summary_large_image","twitter_misc":{"Escrito por":"admin"},"schema":{"@context":"https:\/\/schema.org","@graph":[{"@type":"Article","@id":"https:\/\/21panorama.com\/index.php\/2023\/09\/17\/viva-mexicoviva-mexicoviva-mexico-exclamo-marisol-arias-en-atlacomulco-ante-20-mil-espectadores\/#article","isPartOf":{"@id":"https:\/\/21panorama.com\/index.php\/2023\/09\/17\/viva-mexicoviva-mexicoviva-mexico-exclamo-marisol-arias-en-atlacomulco-ante-20-mil-espectadores\/"},"author":{"name":"admin","@id":"https:\/\/21panorama.com\/#\/schema\/person\/1afc291b96d5792a158768324287319f"},"headline":"\u00a1VIVA M\u00c9XICO!\u00a1VIVA M\u00c9XICO!\u00a1VIVA M\u00c9XICO! EXCLAM\u00d3 MARISOL ARIAS EN ATLACOMULCO, ANTE 20 MIL ESPECTADORES","datePublished":"2023-09-17T13:45:02+00:00","dateModified":"2023-09-20T05:23:08+00:00","mainEntityOfPage":{"@id":"https:\/\/21panorama.com\/index.php\/2023\/09\/17\/viva-mexicoviva-mexicoviva-mexico-exclamo-marisol-arias-en-atlacomulco-ante-20-mil-espectadores\/"},"wordCount":17,"commentCount":0,"publisher":{"@id":"https:\/\/21panorama.com\/#organization"},"image":{"@id":"https:\/\/21panorama.com\/index.php\/2023\/09\/17\/viva-mexicoviva-mexicoviva-mexico-exclamo-marisol-arias-en-atlacomulco-ante-20-mil-espectadores\/#primaryimage"},"thumbnailUrl":"https:\/\/21panorama.com\/wp-content\/uploads\/2023\/09\/Atlacomulco-Marisol-Arias-Grito-de-Independencia-160923-2.jpg","keywords":["Atlacomulco","EDOMEX","GEM","Marisol Arias","PRI"],"articleSection":["Cultura","Politica","Sociedad"],"inLanguage":"es","potentialAction":[{"@type":"CommentAction","name":"Comment","target":["https:\/\/21panorama.com\/index.php\/2023\/09\/17\/viva-mexicoviva-mexicoviva-mexico-exclamo-marisol-arias-en-atlacomulco-ante-20-mil-espectadores\/#respond"]}]},{"@type":"WebPage","@id":"https:\/\/21panorama.com\/index.php\/2023\/09\/17\/viva-mexicoviva-mexicoviva-mexico-exclamo-marisol-arias-en-atlacomulco-ante-20-mil-espectadores\/","url":"https:\/\/21panorama.com\/index.php\/2023\/09\/17\/viva-mexicoviva-mexicoviva-mexico-exclamo-marisol-arias-en-atlacomulco-ante-20-mil-espectadores\/","name":"\u00a1VIVA M\u00c9XICO!\u00a1VIVA M\u00c9XICO!\u00a1VIVA M\u00c9XICO! EXCLAM\u00d3 MARISOL ARIAS EN ATLACOMULCO, ANTE 20 MIL ESPECTADORES - 21 Panorama","isPartOf":{"@id":"https:\/\/21panorama.com\/#website"},"primaryImageOfPage":{"@id":"https:\/\/21panorama.com\/index.php\/2023\/09\/17\/viva-mexicoviva-mexicoviva-mexico-exclamo-marisol-arias-en-atlacomulco-ante-20-mil-espectadores\/#primaryimage"},"image":{"@id":"https:\/\/21panorama.com\/index.php\/2023\/09\/17\/viva-mexicoviva-mexicoviva-mexico-exclamo-marisol-arias-en-atlacomulco-ante-20-mil-espectadores\/#primaryimage"},"thumbnailUrl":"https:\/\/21panorama.com\/wp-content\/uploads\/2023\/09\/Atlacomulco-Marisol-Arias-Grito-de-Independencia-160923-2.jpg","datePublished":"2023-09-17T13:45:02+00:00","dateModified":"2023-09-20T05:23:08+00:00","breadcrumb":{"@id":"https:\/\/21panorama.com\/index.php\/2023\/09\/17\/viva-mexicoviva-mexicoviva-mexico-exclamo-marisol-arias-en-atlacomulco-ante-20-mil-espectadores\/#breadcrumb"},"inLanguage":"es","potentialAction":[{"@type":"ReadAction","target":["https:\/\/21panorama.com\/index.php\/2023\/09\/17\/viva-mexicoviva-mexicoviva-mexico-exclamo-marisol-arias-en-atlacomulco-ante-20-mil-espectadores\/"]}]},{"@type":"ImageObject","inLanguage":"es","@id":"https:\/\/21panorama.com\/index.php\/2023\/09\/17\/viva-mexicoviva-mexicoviva-mexico-exclamo-marisol-arias-en-atlacomulco-ante-20-mil-espectadores\/#primaryimage","url":"https:\/\/21panorama.com\/wp-content\/uploads\/2023\/09\/Atlacomulco-Marisol-Arias-Grito-de-Independencia-160923-2.jpg","contentUrl":"https:\/\/21panorama.com\/wp-content\/uploads\/2023\/09\/Atlacomulco-Marisol-Arias-Grito-de-Independencia-160923-2.jpg","width":1600,"height":1096},{"@type":"BreadcrumbList","@id":"https:\/\/21panorama.com\/index.php\/2023\/09\/17\/viva-mexicoviva-mexicoviva-mexico-exclamo-marisol-arias-en-atlacomulco-ante-20-mil-espectadores\/#breadcrumb","itemListElement":[{"@type":"ListItem","position":1,"name":"Inicio","item":"https:\/\/21panorama.com\/"},{"@type":"ListItem","position":2,"name":"\u00a1VIVA M\u00c9XICO!\u00a1VIVA M\u00c9XICO!\u00a1VIVA M\u00c9XICO! EXCLAM\u00d3 MARISOL ARIAS EN ATLACOMULCO, ANTE 20 MIL ESPECTADORES"}]},{"@type":"WebSite","@id":"https:\/\/21panorama.com\/#website","url":"https:\/\/21panorama.com\/","name":"21 Panorama","description":"La construcci\u00f3n de la opini\u00f3n p\u00fablica merece un mejor Panorama en este siglo 21 para alcanzar una sociedad con mayor transparencia y sin corrupci\u00f3n.","publisher":{"@id":"https:\/\/21panorama.com\/#organization"},"potentialAction":[{"@type":"SearchAction","target":{"@type":"EntryPoint","urlTemplate":"https:\/\/21panorama.com\/?s={search_term_string}"},"query-input":{"@type":"PropertyValueSpecification","valueRequired":true,"valueName":"search_term_string"}}],"inLanguage":"es"},{"@type":"Organization","@id":"https:\/\/21panorama.com\/#organization","name":"21 Panorama","url":"https:\/\/21panorama.com\/","logo":{"@type":"ImageObject","inLanguage":"es","@id":"https:\/\/21panorama.com\/#\/schema\/logo\/image\/","url":"https:\/\/21panorama.com\/wp-content\/uploads\/2019\/07\/cropped-Logo-Panorama-01.jpeg","contentUrl":"https:\/\/21panorama.com\/wp-content\/uploads\/2019\/07\/cropped-Logo-Panorama-01.jpeg","width":290,"height":70,"caption":"21 Panorama"},"image":{"@id":"https:\/\/21panorama.com\/#\/schema\/logo\/image\/"}},{"@type":"Person","@id":"https:\/\/21panorama.com\/#\/schema\/person\/1afc291b96d5792a158768324287319f","name":"admin","image":{"@type":"ImageObject","inLanguage":"es","@id":"https:\/\/21panorama.com\/#\/schema\/person\/image\/","url":"https:\/\/secure.gravatar.com\/avatar\/ad365d9d9f46719215b0d042cc3df92a5a8683e09ef13d102233e5491985f0f0?s=96&d=mm&r=g","contentUrl":"https:\/\/secure.gravatar.com\/avatar\/ad365d9d9f46719215b0d042cc3df92a5a8683e09ef13d102233e5491985f0f0?s=96&d=mm&r=g","caption":"admin"},"url":"https:\/\/21panorama.com\/index.php\/author\/admin\/"}]}},"_links":{"self":[{"href":"https:\/\/21panorama.com\/index.php\/wp-json\/wp\/v2\/posts\/5022","targetHints":{"allow":["GET"]}}],"collection":[{"href":"https:\/\/21panorama.com\/index.php\/wp-json\/wp\/v2\/posts"}],"about":[{"href":"https:\/\/21panorama.com\/index.php\/wp-json\/wp\/v2\/types\/post"}],"author":[{"embeddable":true,"href":"https:\/\/21panorama.com\/index.php\/wp-json\/wp\/v2\/users\/1"}],"replies":[{"embeddable":true,"href":"https:\/\/21panorama.com\/index.php\/wp-json\/wp\/v2\/comments?post=5022"}],"version-history":[{"count":1,"href":"https:\/\/21panorama.com\/index.php\/wp-json\/wp\/v2\/posts\/5022\/revisions"}],"predecessor-version":[{"id":5024,"href":"https:\/\/21panorama.com\/index.php\/wp-json\/wp\/v2\/posts\/5022\/revisions\/5024"}],"wp:featuredmedia":[{"embeddable":true,"href":"https:\/\/21panorama.com\/index.php\/wp-json\/wp\/v2\/media\/5023"}],"wp:attachment":[{"href":"https:\/\/21panorama.com\/index.php\/wp-json\/wp\/v2\/media?parent=5022"}],"wp:term":[{"taxonomy":"category","embeddable":true,"href":"https:\/\/21panorama.com\/index.php\/wp-json\/wp\/v2\/categories?post=5022"},{"taxonomy":"post_tag","embeddable":true,"href":"https:\/\/21panorama.com\/index.php\/wp-json\/wp\/v2\/tags?post=5022"}],"curies":[{"name":"wp","href":"https:\/\/api.w.org\/{rel}","templated":true}]}}