{"id":5019,"date":"2023-09-17T08:34:24","date_gmt":"2023-09-17T13:34:24","guid":{"rendered":"https:\/\/21panorama.com\/?p=5019"},"modified":"2023-09-19T08:44:46","modified_gmt":"2023-09-19T13:44:46","slug":"contingente-civico-y-deportivo-universitario-refleja-la-grandeza-y-dignidad-de-la-uaemex-cebd","status":"publish","type":"post","link":"https:\/\/21panorama.com\/index.php\/2023\/09\/17\/contingente-civico-y-deportivo-universitario-refleja-la-grandeza-y-dignidad-de-la-uaemex-cebd\/","title":{"rendered":"CONTINGENTE C\u00cdVICO Y DEPORTIVO UNIVERSITARIO, REFLEJA LA GRANDEZA Y DIGNIDAD DE LA UAEM\u00c9X: CEBD"},"content":{"rendered":"\n<p><\/p>\n\n\n\n<p>* Ante la gobernadora del Estado de M\u00e9xico, Delfina G\u00f3mez \u00c1lvarez, la diputada presidenta de la Mesa Directiva de la Legislatura local, Azucena Cisneros Coss y el presidente del Poder Judicial de la entidad, Ricardo Sodi Cuellar, un total de 120 estudiantes participaron en el Desfile C\u00edvico Militar conmemorativo al CCXIII Aniversario del inicio de la Independencia de M\u00e9xico.<\/p>\n\n\n\n<p>* El rector de la UAEM\u00e9x, Carlos Eduardo Barrera D\u00edaz, encabez\u00f3 la Ceremonia de Abanderamiento y Entrega de Grados al Contingente C\u00edvico y Deportivo Universitario.<\/p>\n\n\n\n<p><\/p>\n\n\n\n<p>Con el exhorto a respetar y enaltecer con honor los s\u00edmbolos patrios, al igual que los universitarios, el rector de la Universidad Aut\u00f3noma del Estado de M\u00e9xico (UAEM\u00e9x), Carlos Eduardo Barrera D\u00edaz, encabez\u00f3 la Ceremonia de Abanderamiento y Entrega de Grados al Contingente C\u00edvico y Deportivo Universitario, previo a su participaci\u00f3n en el Desfile C\u00edvico Militar conmemorativo al CCXIII Aniversario del inicio de la Independencia de M\u00e9xico.<\/p>\n\n\n\n<p>En el Patio del Centenario del Edificio de Rector\u00eda, Barrera D\u00edaz, entreg\u00f3 grados a las y los integrantes del Contingente, as\u00ed como reconocimiento al comandante, Juan Ram\u00f3n Ruiz Mungu\u00eda, por su dedicaci\u00f3n y constancia por el bien y grandeza de la patria y haber concluido su cargo como Capit\u00e1n Primero de esta agrupaci\u00f3n, de 2019 a 2023.<\/p>\n\n\n\n<p>Asimismo, se entreg\u00f3 un reconocimiento al estudiante de la UAEM\u00e9x, Marco Antonio Guti\u00e9rrez Mart\u00ednez, quien fue nombrado Capit\u00e1n Primero del Contingente.<\/p>\n\n\n\n<p>\u201cDistinguidos j\u00f3venes, los exhorto a respetar y enaltecer con honor los s\u00edmbolos patrios y universitarios de esta instituci\u00f3n verde y oro. Representarlos dignamente ser\u00e1 su tarea como integrantes de la comunidad universitaria. Contamos con ustedes para continuar haciendo historia y seguir forjando la grandeza de M\u00e9xico\u201d, afirm\u00f3 el rector.<\/p>\n\n\n\n<p>En tanto, el secretario de Rector\u00eda, Marco Aurelio Cienfuegos Terr\u00f3n, expres\u00f3 que la trascendencia del acto radica en que con \u00e9ste se recuerda el profundo significado de la Independencia de M\u00e9xico y el legado de la libertad que ha sido custodiado por generaciones.<\/p>\n\n\n\n<p>Ante la gobernadora del Estado de M\u00e9xico, Delfina G\u00f3mez \u00c1lvarez, la diputada presidenta de la Mesa Directiva de la Legislatura local, Azucena Cisneros Coss y el presidente del Poder Judicial de la entidad, Ricardo Sodi Cuellar, un total de 120 elementos del Contingente C\u00edvico y Deportivo Universitario participaron en el Desfile C\u00edvico Militar conmemorativo al CCXIII Aniversario del inicio de la Independencia de M\u00e9xico, en el que se destac\u00f3 su consolidaci\u00f3n como un \u00edcono de la M\u00e1xima Casa de Estudios mexiquense.<\/p>\n\n\n\n<p>Desde la d\u00e9cada de los a\u00f1os 50, la UAEM\u00e9x se hace presente en esta parada c\u00edvico-militar con este grupo de j\u00f3venes que realizaban su servicio militar.&nbsp; Esta instituci\u00f3n, que cumple 67 a\u00f1os de existencia, tuvo su transici\u00f3n de Instituto Cient\u00edfico Literario Aut\u00f3nomo (ICLA) a Universidad Aut\u00f3noma del Estado de M\u00e9xico en 1956.<\/p>\n","protected":false},"excerpt":{"rendered":"<p> Ante la gobernadora del Estado de M\u00e9xico, Delfina G\u00f3mez \u00c1lvarez, la diputada presidenta de la Mesa Directiva de la Legislatura local, Azucena Cisneros Coss y el presidente del Poder Judicial de la entidad, Ricardo Sodi Cuellar, un total de 120 estudiantes participaron en el Desfile C\u00edvico Militar conmemorativo al CCXIII Aniversario del inicio de la Independencia de M\u00e9xico.<\/p>\n","protected":false},"author":1,"featured_media":5020,"comment_status":"open","ping_status":"open","sticky":false,"template":"","format":"standard","meta":{"footnotes":""},"categories":[5,374,1],"tags":[323,97,23],"class_list":["post-5019","post","type-post","status-publish","format-standard","has-post-thumbnail","hentry","category-cultura","category-educacion","category-sociedad","tag-carlos-eduardo-barrera-diaz","tag-edomex","tag-uaemex"],"yoast_head":"<!-- This site is optimized with the Yoast SEO plugin v24.9 - https:\/\/yoast.com\/wordpress\/plugins\/seo\/ -->\n<title>CONTINGENTE C\u00cdVICO Y DEPORTIVO UNIVERSITARIO, REFLEJA LA GRANDEZA Y DIGNIDAD DE LA UAEM\u00c9X: CEBD - 21 Panorama<\/title>\n<meta name=\"robots\" content=\"index, follow, max-snippet:-1, max-image-preview:large, max-video-preview:-1\" \/>\n<link rel=\"canonical\" href=\"https:\/\/21panorama.com\/index.php\/2023\/09\/17\/contingente-civico-y-deportivo-universitario-refleja-la-grandeza-y-dignidad-de-la-uaemex-cebd\/\" \/>\n<meta property=\"og:locale\" content=\"es_MX\" \/>\n<meta property=\"og:type\" content=\"article\" \/>\n<meta property=\"og:title\" content=\"CONTINGENTE C\u00cdVICO Y DEPORTIVO UNIVERSITARIO, REFLEJA LA GRANDEZA Y DIGNIDAD DE LA UAEM\u00c9X: CEBD - 21 Panorama\" \/>\n<meta property=\"og:description\" content=\"Ante la gobernadora del Estado de M\u00e9xico, Delfina G\u00f3mez \u00c1lvarez, la diputada presidenta de la Mesa Directiva de la Legislatura local, Azucena Cisneros Coss y el presidente del Poder Judicial de la entidad, Ricardo Sodi Cuellar, un total de 120 estudiantes participaron en el Desfile C\u00edvico Militar conmemorativo al CCXIII Aniversario del inicio de la Independencia de M\u00e9xico.\" \/>\n<meta property=\"og:url\" content=\"https:\/\/21panorama.com\/index.php\/2023\/09\/17\/contingente-civico-y-deportivo-universitario-refleja-la-grandeza-y-dignidad-de-la-uaemex-cebd\/\" \/>\n<meta property=\"og:site_name\" content=\"21 Panorama\" \/>\n<meta property=\"article:published_time\" content=\"2023-09-17T13:34:24+00:00\" \/>\n<meta property=\"article:modified_time\" content=\"2023-09-19T13:44:46+00:00\" \/>\n<meta property=\"og:image\" content=\"https:\/\/21panorama.com\/wp-content\/uploads\/2023\/09\/UAEM-Desfile-170923-3.jpg\" \/>\n\t<meta property=\"og:image:width\" content=\"2048\" \/>\n\t<meta property=\"og:image:height\" content=\"1366\" \/>\n\t<meta property=\"og:image:type\" content=\"image\/jpeg\" \/>\n<meta name=\"author\" content=\"admin\" \/>\n<meta name=\"twitter:card\" content=\"summary_large_image\" \/>\n<meta name=\"twitter:label1\" content=\"Escrito por\" \/>\n\t<meta name=\"twitter:data1\" content=\"admin\" \/>\n\t<meta name=\"twitter:label2\" content=\"Tiempo de lectura\" \/>\n\t<meta name=\"twitter:data2\" content=\"3 minutos\" \/>\n<script type=\"application\/ld+json\" class=\"yoast-schema-graph\">{\"@context\":\"https:\/\/schema.org\",\"@graph\":[{\"@type\":\"Article\",\"@id\":\"https:\/\/21panorama.com\/index.php\/2023\/09\/17\/contingente-civico-y-deportivo-universitario-refleja-la-grandeza-y-dignidad-de-la-uaemex-cebd\/#article\",\"isPartOf\":{\"@id\":\"https:\/\/21panorama.com\/index.php\/2023\/09\/17\/contingente-civico-y-deportivo-universitario-refleja-la-grandeza-y-dignidad-de-la-uaemex-cebd\/\"},\"author\":{\"name\":\"admin\",\"@id\":\"https:\/\/21panorama.com\/#\/schema\/person\/1afc291b96d5792a158768324287319f\"},\"headline\":\"CONTINGENTE C\u00cdVICO Y DEPORTIVO UNIVERSITARIO, REFLEJA LA GRANDEZA Y DIGNIDAD DE LA UAEM\u00c9X: CEBD\",\"datePublished\":\"2023-09-17T13:34:24+00:00\",\"dateModified\":\"2023-09-19T13:44:46+00:00\",\"mainEntityOfPage\":{\"@id\":\"https:\/\/21panorama.com\/index.php\/2023\/09\/17\/contingente-civico-y-deportivo-universitario-refleja-la-grandeza-y-dignidad-de-la-uaemex-cebd\/\"},\"wordCount\":515,\"commentCount\":0,\"publisher\":{\"@id\":\"https:\/\/21panorama.com\/#organization\"},\"image\":{\"@id\":\"https:\/\/21panorama.com\/index.php\/2023\/09\/17\/contingente-civico-y-deportivo-universitario-refleja-la-grandeza-y-dignidad-de-la-uaemex-cebd\/#primaryimage\"},\"thumbnailUrl\":\"https:\/\/21panorama.com\/wp-content\/uploads\/2023\/09\/UAEM-Desfile-170923-3.jpg\",\"keywords\":[\"Carlos Eduardo Barrera D\u00edaz\",\"EDOMEX\",\"UAEMex\"],\"articleSection\":[\"Cultura\",\"Educaci\u00f3n\",\"Sociedad\"],\"inLanguage\":\"es\",\"potentialAction\":[{\"@type\":\"CommentAction\",\"name\":\"Comment\",\"target\":[\"https:\/\/21panorama.com\/index.php\/2023\/09\/17\/contingente-civico-y-deportivo-universitario-refleja-la-grandeza-y-dignidad-de-la-uaemex-cebd\/#respond\"]}]},{\"@type\":\"WebPage\",\"@id\":\"https:\/\/21panorama.com\/index.php\/2023\/09\/17\/contingente-civico-y-deportivo-universitario-refleja-la-grandeza-y-dignidad-de-la-uaemex-cebd\/\",\"url\":\"https:\/\/21panorama.com\/index.php\/2023\/09\/17\/contingente-civico-y-deportivo-universitario-refleja-la-grandeza-y-dignidad-de-la-uaemex-cebd\/\",\"name\":\"CONTINGENTE C\u00cdVICO Y DEPORTIVO UNIVERSITARIO, REFLEJA LA GRANDEZA Y DIGNIDAD DE LA UAEM\u00c9X: CEBD - 21 Panorama\",\"isPartOf\":{\"@id\":\"https:\/\/21panorama.com\/#website\"},\"primaryImageOfPage\":{\"@id\":\"https:\/\/21panorama.com\/index.php\/2023\/09\/17\/contingente-civico-y-deportivo-universitario-refleja-la-grandeza-y-dignidad-de-la-uaemex-cebd\/#primaryimage\"},\"image\":{\"@id\":\"https:\/\/21panorama.com\/index.php\/2023\/09\/17\/contingente-civico-y-deportivo-universitario-refleja-la-grandeza-y-dignidad-de-la-uaemex-cebd\/#primaryimage\"},\"thumbnailUrl\":\"https:\/\/21panorama.com\/wp-content\/uploads\/2023\/09\/UAEM-Desfile-170923-3.jpg\",\"datePublished\":\"2023-09-17T13:34:24+00:00\",\"dateModified\":\"2023-09-19T13:44:46+00:00\",\"breadcrumb\":{\"@id\":\"https:\/\/21panorama.com\/index.php\/2023\/09\/17\/contingente-civico-y-deportivo-universitario-refleja-la-grandeza-y-dignidad-de-la-uaemex-cebd\/#breadcrumb\"},\"inLanguage\":\"es\",\"potentialAction\":[{\"@type\":\"ReadAction\",\"target\":[\"https:\/\/21panorama.com\/index.php\/2023\/09\/17\/contingente-civico-y-deportivo-universitario-refleja-la-grandeza-y-dignidad-de-la-uaemex-cebd\/\"]}]},{\"@type\":\"ImageObject\",\"inLanguage\":\"es\",\"@id\":\"https:\/\/21panorama.com\/index.php\/2023\/09\/17\/contingente-civico-y-deportivo-universitario-refleja-la-grandeza-y-dignidad-de-la-uaemex-cebd\/#primaryimage\",\"url\":\"https:\/\/21panorama.com\/wp-content\/uploads\/2023\/09\/UAEM-Desfile-170923-3.jpg\",\"contentUrl\":\"https:\/\/21panorama.com\/wp-content\/uploads\/2023\/09\/UAEM-Desfile-170923-3.jpg\",\"width\":2048,\"height\":1366},{\"@type\":\"BreadcrumbList\",\"@id\":\"https:\/\/21panorama.com\/index.php\/2023\/09\/17\/contingente-civico-y-deportivo-universitario-refleja-la-grandeza-y-dignidad-de-la-uaemex-cebd\/#breadcrumb\",\"itemListElement\":[{\"@type\":\"ListItem\",\"position\":1,\"name\":\"Inicio\",\"item\":\"https:\/\/21panorama.com\/\"},{\"@type\":\"ListItem\",\"position\":2,\"name\":\"CONTINGENTE C\u00cdVICO Y DEPORTIVO UNIVERSITARIO, REFLEJA LA GRANDEZA Y DIGNIDAD DE LA UAEM\u00c9X: CEBD\"}]},{\"@type\":\"WebSite\",\"@id\":\"https:\/\/21panorama.com\/#website\",\"url\":\"https:\/\/21panorama.com\/\",\"name\":\"21 Panorama\",\"description\":\"La construcci\u00f3n de la opini\u00f3n p\u00fablica merece un mejor Panorama en este siglo 21 para alcanzar una sociedad con mayor transparencia y sin corrupci\u00f3n.\",\"publisher\":{\"@id\":\"https:\/\/21panorama.com\/#organization\"},\"potentialAction\":[{\"@type\":\"SearchAction\",\"target\":{\"@type\":\"EntryPoint\",\"urlTemplate\":\"https:\/\/21panorama.com\/?s={search_term_string}\"},\"query-input\":{\"@type\":\"PropertyValueSpecification\",\"valueRequired\":true,\"valueName\":\"search_term_string\"}}],\"inLanguage\":\"es\"},{\"@type\":\"Organization\",\"@id\":\"https:\/\/21panorama.com\/#organization\",\"name\":\"21 Panorama\",\"url\":\"https:\/\/21panorama.com\/\",\"logo\":{\"@type\":\"ImageObject\",\"inLanguage\":\"es\",\"@id\":\"https:\/\/21panorama.com\/#\/schema\/logo\/image\/\",\"url\":\"https:\/\/21panorama.com\/wp-content\/uploads\/2019\/07\/cropped-Logo-Panorama-01.jpeg\",\"contentUrl\":\"https:\/\/21panorama.com\/wp-content\/uploads\/2019\/07\/cropped-Logo-Panorama-01.jpeg\",\"width\":290,\"height\":70,\"caption\":\"21 Panorama\"},\"image\":{\"@id\":\"https:\/\/21panorama.com\/#\/schema\/logo\/image\/\"}},{\"@type\":\"Person\",\"@id\":\"https:\/\/21panorama.com\/#\/schema\/person\/1afc291b96d5792a158768324287319f\",\"name\":\"admin\",\"image\":{\"@type\":\"ImageObject\",\"inLanguage\":\"es\",\"@id\":\"https:\/\/21panorama.com\/#\/schema\/person\/image\/\",\"url\":\"https:\/\/secure.gravatar.com\/avatar\/ad365d9d9f46719215b0d042cc3df92a5a8683e09ef13d102233e5491985f0f0?s=96&d=mm&r=g\",\"contentUrl\":\"https:\/\/secure.gravatar.com\/avatar\/ad365d9d9f46719215b0d042cc3df92a5a8683e09ef13d102233e5491985f0f0?s=96&d=mm&r=g\",\"caption\":\"admin\"},\"url\":\"https:\/\/21panorama.com\/index.php\/author\/admin\/\"}]}<\/script>\n<!-- \/ Yoast SEO plugin. -->","yoast_head_json":{"title":"CONTINGENTE C\u00cdVICO Y DEPORTIVO UNIVERSITARIO, REFLEJA LA GRANDEZA Y DIGNIDAD DE LA UAEM\u00c9X: CEBD - 21 Panorama","robots":{"index":"index","follow":"follow","max-snippet":"max-snippet:-1","max-image-preview":"max-image-preview:large","max-video-preview":"max-video-preview:-1"},"canonical":"https:\/\/21panorama.com\/index.php\/2023\/09\/17\/contingente-civico-y-deportivo-universitario-refleja-la-grandeza-y-dignidad-de-la-uaemex-cebd\/","og_locale":"es_MX","og_type":"article","og_title":"CONTINGENTE C\u00cdVICO Y DEPORTIVO UNIVERSITARIO, REFLEJA LA GRANDEZA Y DIGNIDAD DE LA UAEM\u00c9X: CEBD - 21 Panorama","og_description":"Ante la gobernadora del Estado de M\u00e9xico, Delfina G\u00f3mez \u00c1lvarez, la diputada presidenta de la Mesa Directiva de la Legislatura local, Azucena Cisneros Coss y el presidente del Poder Judicial de la entidad, Ricardo Sodi Cuellar, un total de 120 estudiantes participaron en el Desfile C\u00edvico Militar conmemorativo al CCXIII Aniversario del inicio de la Independencia de M\u00e9xico.","og_url":"https:\/\/21panorama.com\/index.php\/2023\/09\/17\/contingente-civico-y-deportivo-universitario-refleja-la-grandeza-y-dignidad-de-la-uaemex-cebd\/","og_site_name":"21 Panorama","article_published_time":"2023-09-17T13:34:24+00:00","article_modified_time":"2023-09-19T13:44:46+00:00","og_image":[{"width":2048,"height":1366,"url":"https:\/\/21panorama.com\/wp-content\/uploads\/2023\/09\/UAEM-Desfile-170923-3.jpg","type":"image\/jpeg"}],"author":"admin","twitter_card":"summary_large_image","twitter_misc":{"Escrito por":"admin","Tiempo de lectura":"3 minutos"},"schema":{"@context":"https:\/\/schema.org","@graph":[{"@type":"Article","@id":"https:\/\/21panorama.com\/index.php\/2023\/09\/17\/contingente-civico-y-deportivo-universitario-refleja-la-grandeza-y-dignidad-de-la-uaemex-cebd\/#article","isPartOf":{"@id":"https:\/\/21panorama.com\/index.php\/2023\/09\/17\/contingente-civico-y-deportivo-universitario-refleja-la-grandeza-y-dignidad-de-la-uaemex-cebd\/"},"author":{"name":"admin","@id":"https:\/\/21panorama.com\/#\/schema\/person\/1afc291b96d5792a158768324287319f"},"headline":"CONTINGENTE C\u00cdVICO Y DEPORTIVO UNIVERSITARIO, REFLEJA LA GRANDEZA Y DIGNIDAD DE LA UAEM\u00c9X: CEBD","datePublished":"2023-09-17T13:34:24+00:00","dateModified":"2023-09-19T13:44:46+00:00","mainEntityOfPage":{"@id":"https:\/\/21panorama.com\/index.php\/2023\/09\/17\/contingente-civico-y-deportivo-universitario-refleja-la-grandeza-y-dignidad-de-la-uaemex-cebd\/"},"wordCount":515,"commentCount":0,"publisher":{"@id":"https:\/\/21panorama.com\/#organization"},"image":{"@id":"https:\/\/21panorama.com\/index.php\/2023\/09\/17\/contingente-civico-y-deportivo-universitario-refleja-la-grandeza-y-dignidad-de-la-uaemex-cebd\/#primaryimage"},"thumbnailUrl":"https:\/\/21panorama.com\/wp-content\/uploads\/2023\/09\/UAEM-Desfile-170923-3.jpg","keywords":["Carlos Eduardo Barrera D\u00edaz","EDOMEX","UAEMex"],"articleSection":["Cultura","Educaci\u00f3n","Sociedad"],"inLanguage":"es","potentialAction":[{"@type":"CommentAction","name":"Comment","target":["https:\/\/21panorama.com\/index.php\/2023\/09\/17\/contingente-civico-y-deportivo-universitario-refleja-la-grandeza-y-dignidad-de-la-uaemex-cebd\/#respond"]}]},{"@type":"WebPage","@id":"https:\/\/21panorama.com\/index.php\/2023\/09\/17\/contingente-civico-y-deportivo-universitario-refleja-la-grandeza-y-dignidad-de-la-uaemex-cebd\/","url":"https:\/\/21panorama.com\/index.php\/2023\/09\/17\/contingente-civico-y-deportivo-universitario-refleja-la-grandeza-y-dignidad-de-la-uaemex-cebd\/","name":"CONTINGENTE C\u00cdVICO Y DEPORTIVO UNIVERSITARIO, REFLEJA LA GRANDEZA Y DIGNIDAD DE LA UAEM\u00c9X: CEBD - 21 Panorama","isPartOf":{"@id":"https:\/\/21panorama.com\/#website"},"primaryImageOfPage":{"@id":"https:\/\/21panorama.com\/index.php\/2023\/09\/17\/contingente-civico-y-deportivo-universitario-refleja-la-grandeza-y-dignidad-de-la-uaemex-cebd\/#primaryimage"},"image":{"@id":"https:\/\/21panorama.com\/index.php\/2023\/09\/17\/contingente-civico-y-deportivo-universitario-refleja-la-grandeza-y-dignidad-de-la-uaemex-cebd\/#primaryimage"},"thumbnailUrl":"https:\/\/21panorama.com\/wp-content\/uploads\/2023\/09\/UAEM-Desfile-170923-3.jpg","datePublished":"2023-09-17T13:34:24+00:00","dateModified":"2023-09-19T13:44:46+00:00","breadcrumb":{"@id":"https:\/\/21panorama.com\/index.php\/2023\/09\/17\/contingente-civico-y-deportivo-universitario-refleja-la-grandeza-y-dignidad-de-la-uaemex-cebd\/#breadcrumb"},"inLanguage":"es","potentialAction":[{"@type":"ReadAction","target":["https:\/\/21panorama.com\/index.php\/2023\/09\/17\/contingente-civico-y-deportivo-universitario-refleja-la-grandeza-y-dignidad-de-la-uaemex-cebd\/"]}]},{"@type":"ImageObject","inLanguage":"es","@id":"https:\/\/21panorama.com\/index.php\/2023\/09\/17\/contingente-civico-y-deportivo-universitario-refleja-la-grandeza-y-dignidad-de-la-uaemex-cebd\/#primaryimage","url":"https:\/\/21panorama.com\/wp-content\/uploads\/2023\/09\/UAEM-Desfile-170923-3.jpg","contentUrl":"https:\/\/21panorama.com\/wp-content\/uploads\/2023\/09\/UAEM-Desfile-170923-3.jpg","width":2048,"height":1366},{"@type":"BreadcrumbList","@id":"https:\/\/21panorama.com\/index.php\/2023\/09\/17\/contingente-civico-y-deportivo-universitario-refleja-la-grandeza-y-dignidad-de-la-uaemex-cebd\/#breadcrumb","itemListElement":[{"@type":"ListItem","position":1,"name":"Inicio","item":"https:\/\/21panorama.com\/"},{"@type":"ListItem","position":2,"name":"CONTINGENTE C\u00cdVICO Y DEPORTIVO UNIVERSITARIO, REFLEJA LA GRANDEZA Y DIGNIDAD DE LA UAEM\u00c9X: CEBD"}]},{"@type":"WebSite","@id":"https:\/\/21panorama.com\/#website","url":"https:\/\/21panorama.com\/","name":"21 Panorama","description":"La construcci\u00f3n de la opini\u00f3n p\u00fablica merece un mejor Panorama en este siglo 21 para alcanzar una sociedad con mayor transparencia y sin corrupci\u00f3n.","publisher":{"@id":"https:\/\/21panorama.com\/#organization"},"potentialAction":[{"@type":"SearchAction","target":{"@type":"EntryPoint","urlTemplate":"https:\/\/21panorama.com\/?s={search_term_string}"},"query-input":{"@type":"PropertyValueSpecification","valueRequired":true,"valueName":"search_term_string"}}],"inLanguage":"es"},{"@type":"Organization","@id":"https:\/\/21panorama.com\/#organization","name":"21 Panorama","url":"https:\/\/21panorama.com\/","logo":{"@type":"ImageObject","inLanguage":"es","@id":"https:\/\/21panorama.com\/#\/schema\/logo\/image\/","url":"https:\/\/21panorama.com\/wp-content\/uploads\/2019\/07\/cropped-Logo-Panorama-01.jpeg","contentUrl":"https:\/\/21panorama.com\/wp-content\/uploads\/2019\/07\/cropped-Logo-Panorama-01.jpeg","width":290,"height":70,"caption":"21 Panorama"},"image":{"@id":"https:\/\/21panorama.com\/#\/schema\/logo\/image\/"}},{"@type":"Person","@id":"https:\/\/21panorama.com\/#\/schema\/person\/1afc291b96d5792a158768324287319f","name":"admin","image":{"@type":"ImageObject","inLanguage":"es","@id":"https:\/\/21panorama.com\/#\/schema\/person\/image\/","url":"https:\/\/secure.gravatar.com\/avatar\/ad365d9d9f46719215b0d042cc3df92a5a8683e09ef13d102233e5491985f0f0?s=96&d=mm&r=g","contentUrl":"https:\/\/secure.gravatar.com\/avatar\/ad365d9d9f46719215b0d042cc3df92a5a8683e09ef13d102233e5491985f0f0?s=96&d=mm&r=g","caption":"admin"},"url":"https:\/\/21panorama.com\/index.php\/author\/admin\/"}]}},"_links":{"self":[{"href":"https:\/\/21panorama.com\/index.php\/wp-json\/wp\/v2\/posts\/5019","targetHints":{"allow":["GET"]}}],"collection":[{"href":"https:\/\/21panorama.com\/index.php\/wp-json\/wp\/v2\/posts"}],"about":[{"href":"https:\/\/21panorama.com\/index.php\/wp-json\/wp\/v2\/types\/post"}],"author":[{"embeddable":true,"href":"https:\/\/21panorama.com\/index.php\/wp-json\/wp\/v2\/users\/1"}],"replies":[{"embeddable":true,"href":"https:\/\/21panorama.com\/index.php\/wp-json\/wp\/v2\/comments?post=5019"}],"version-history":[{"count":1,"href":"https:\/\/21panorama.com\/index.php\/wp-json\/wp\/v2\/posts\/5019\/revisions"}],"predecessor-version":[{"id":5021,"href":"https:\/\/21panorama.com\/index.php\/wp-json\/wp\/v2\/posts\/5019\/revisions\/5021"}],"wp:featuredmedia":[{"embeddable":true,"href":"https:\/\/21panorama.com\/index.php\/wp-json\/wp\/v2\/media\/5020"}],"wp:attachment":[{"href":"https:\/\/21panorama.com\/index.php\/wp-json\/wp\/v2\/media?parent=5019"}],"wp:term":[{"taxonomy":"category","embeddable":true,"href":"https:\/\/21panorama.com\/index.php\/wp-json\/wp\/v2\/categories?post=5019"},{"taxonomy":"post_tag","embeddable":true,"href":"https:\/\/21panorama.com\/index.php\/wp-json\/wp\/v2\/tags?post=5019"}],"curies":[{"name":"wp","href":"https:\/\/api.w.org\/{rel}","templated":true}]}}