{"id":5016,"date":"2023-09-18T11:04:08","date_gmt":"2023-09-18T16:04:08","guid":{"rendered":"https:\/\/21panorama.com\/?p=5016"},"modified":"2023-09-18T11:04:10","modified_gmt":"2023-09-18T16:04:10","slug":"primera-plana-columna-politica","status":"publish","type":"post","link":"https:\/\/21panorama.com\/index.php\/2023\/09\/18\/primera-plana-columna-politica\/","title":{"rendered":"PRIMERA PLANA (Columna Pol\u00edtica)"},"content":{"rendered":"\n<p><\/p>\n\n\n\n<p>M\u00e1s de uno pensar\u00eda que el PRI est\u00e1 sumido en el ostracismo pol\u00edtico despu\u00e9s de la ca\u00edda del primer pri\u00edsta, lo cierto es que hay jefe de partido d\u00e1ndole estabilidad y resultados a un instituto partidario que se tendr\u00e1 que reponer de inmediato en las elecciones del 2024.<\/p>\n\n\n\n<p>Con la definici\u00f3n del Frente Amplio por M\u00e9xico, los priistas mexiquenses est\u00e1n cerrando filas en torno a la construcci\u00f3n de candidaturas ganadoras que pasar\u00e1n por la aduana estatal y nacional, con el fin de darle m\u00e1s probabilidad de \u00e9xito.<\/p>\n\n\n\n<p>Ante las pugnas internas y la adversidad misma del cambio de gobierno, el priismo mexiquense se mantiene unido en torno al presidente del CDE del PRI, Eric Sevilla, para enfrentar en un solo bloque al r\u00e9gimen de Morena. El espaldarazo lo tiene y se tendr\u00e1 que asumir una responsabilidad conjunta entre militancia y liderazgos.<\/p>\n\n\n\n<p>En la dirigencia nacional saben que no pueden darse un balazo en el pie y por ello apelar\u00e1n al consenso de todo el priismo mexiquense para jalar parejo, pues de lo contrario no habr\u00e1 posibilidad de \u00e9xito. No hay m\u00e1s que una opci\u00f3n de sobrevivencia: Todos se suman o se descarrila el tren llamado PRI.<\/p>\n","protected":false},"excerpt":{"rendered":"<p>M\u00e1s de uno pensar\u00eda que el PRI est\u00e1 sumido en el ostracismo pol\u00edtico despu\u00e9s de la ca\u00edda del primer pri\u00edsta, lo cierto es que hay jefe de partido d\u00e1ndole estabilidad y resultados a un instituto partidario que se tendr\u00e1 que reponer de inmediato en las elecciones del 2024.<\/p>\n","protected":false},"author":1,"featured_media":5017,"comment_status":"open","ping_status":"open","sticky":false,"template":"","format":"standard","meta":{"footnotes":""},"categories":[22,12,1],"tags":[97,310,222,33],"class_list":["post-5016","post","type-post","status-publish","format-standard","has-post-thumbnail","hentry","category-columna-opinion","category-politica","category-sociedad","tag-edomex","tag-eric-sevilla","tag-gem","tag-pri"],"yoast_head":"<!-- This site is optimized with the Yoast SEO plugin v24.9 - https:\/\/yoast.com\/wordpress\/plugins\/seo\/ -->\n<title>PRIMERA PLANA (Columna Pol\u00edtica) - 21 Panorama<\/title>\n<meta name=\"robots\" content=\"index, follow, max-snippet:-1, max-image-preview:large, max-video-preview:-1\" \/>\n<link rel=\"canonical\" href=\"https:\/\/21panorama.com\/index.php\/2023\/09\/18\/primera-plana-columna-politica\/\" \/>\n<meta property=\"og:locale\" content=\"es_MX\" \/>\n<meta property=\"og:type\" content=\"article\" \/>\n<meta property=\"og:title\" content=\"PRIMERA PLANA (Columna Pol\u00edtica) - 21 Panorama\" \/>\n<meta property=\"og:description\" content=\"M\u00e1s de uno pensar\u00eda que el PRI est\u00e1 sumido en el ostracismo pol\u00edtico despu\u00e9s de la ca\u00edda del primer pri\u00edsta, lo cierto es que hay jefe de partido d\u00e1ndole estabilidad y resultados a un instituto partidario que se tendr\u00e1 que reponer de inmediato en las elecciones del 2024.\" \/>\n<meta property=\"og:url\" content=\"https:\/\/21panorama.com\/index.php\/2023\/09\/18\/primera-plana-columna-politica\/\" \/>\n<meta property=\"og:site_name\" content=\"21 Panorama\" \/>\n<meta property=\"article:published_time\" content=\"2023-09-18T16:04:08+00:00\" \/>\n<meta property=\"article:modified_time\" content=\"2023-09-18T16:04:10+00:00\" \/>\n<meta property=\"og:image\" content=\"https:\/\/21panorama.com\/wp-content\/uploads\/2023\/09\/WhatsApp-Image-2023-09-18-at-8.21.59-AM.jpeg\" \/>\n\t<meta property=\"og:image:width\" content=\"1600\" \/>\n\t<meta property=\"og:image:height\" content=\"1119\" \/>\n\t<meta property=\"og:image:type\" content=\"image\/jpeg\" \/>\n<meta name=\"author\" content=\"admin\" \/>\n<meta name=\"twitter:card\" content=\"summary_large_image\" \/>\n<meta name=\"twitter:label1\" content=\"Escrito por\" \/>\n\t<meta name=\"twitter:data1\" content=\"admin\" \/>\n\t<meta name=\"twitter:label2\" content=\"Tiempo de lectura\" \/>\n\t<meta name=\"twitter:data2\" content=\"1 minuto\" \/>\n<script type=\"application\/ld+json\" class=\"yoast-schema-graph\">{\"@context\":\"https:\/\/schema.org\",\"@graph\":[{\"@type\":\"Article\",\"@id\":\"https:\/\/21panorama.com\/index.php\/2023\/09\/18\/primera-plana-columna-politica\/#article\",\"isPartOf\":{\"@id\":\"https:\/\/21panorama.com\/index.php\/2023\/09\/18\/primera-plana-columna-politica\/\"},\"author\":{\"name\":\"admin\",\"@id\":\"https:\/\/21panorama.com\/#\/schema\/person\/1afc291b96d5792a158768324287319f\"},\"headline\":\"PRIMERA PLANA (Columna Pol\u00edtica)\",\"datePublished\":\"2023-09-18T16:04:08+00:00\",\"dateModified\":\"2023-09-18T16:04:10+00:00\",\"mainEntityOfPage\":{\"@id\":\"https:\/\/21panorama.com\/index.php\/2023\/09\/18\/primera-plana-columna-politica\/\"},\"wordCount\":217,\"commentCount\":0,\"publisher\":{\"@id\":\"https:\/\/21panorama.com\/#organization\"},\"image\":{\"@id\":\"https:\/\/21panorama.com\/index.php\/2023\/09\/18\/primera-plana-columna-politica\/#primaryimage\"},\"thumbnailUrl\":\"https:\/\/21panorama.com\/wp-content\/uploads\/2023\/09\/WhatsApp-Image-2023-09-18-at-8.21.59-AM.jpeg\",\"keywords\":[\"EDOMEX\",\"ERIC SEVILLA\",\"GEM\",\"PRI\"],\"articleSection\":[\"Columna-Opini\u00f3n\",\"Politica\",\"Sociedad\"],\"inLanguage\":\"es\",\"potentialAction\":[{\"@type\":\"CommentAction\",\"name\":\"Comment\",\"target\":[\"https:\/\/21panorama.com\/index.php\/2023\/09\/18\/primera-plana-columna-politica\/#respond\"]}]},{\"@type\":\"WebPage\",\"@id\":\"https:\/\/21panorama.com\/index.php\/2023\/09\/18\/primera-plana-columna-politica\/\",\"url\":\"https:\/\/21panorama.com\/index.php\/2023\/09\/18\/primera-plana-columna-politica\/\",\"name\":\"PRIMERA PLANA (Columna Pol\u00edtica) - 21 Panorama\",\"isPartOf\":{\"@id\":\"https:\/\/21panorama.com\/#website\"},\"primaryImageOfPage\":{\"@id\":\"https:\/\/21panorama.com\/index.php\/2023\/09\/18\/primera-plana-columna-politica\/#primaryimage\"},\"image\":{\"@id\":\"https:\/\/21panorama.com\/index.php\/2023\/09\/18\/primera-plana-columna-politica\/#primaryimage\"},\"thumbnailUrl\":\"https:\/\/21panorama.com\/wp-content\/uploads\/2023\/09\/WhatsApp-Image-2023-09-18-at-8.21.59-AM.jpeg\",\"datePublished\":\"2023-09-18T16:04:08+00:00\",\"dateModified\":\"2023-09-18T16:04:10+00:00\",\"breadcrumb\":{\"@id\":\"https:\/\/21panorama.com\/index.php\/2023\/09\/18\/primera-plana-columna-politica\/#breadcrumb\"},\"inLanguage\":\"es\",\"potentialAction\":[{\"@type\":\"ReadAction\",\"target\":[\"https:\/\/21panorama.com\/index.php\/2023\/09\/18\/primera-plana-columna-politica\/\"]}]},{\"@type\":\"ImageObject\",\"inLanguage\":\"es\",\"@id\":\"https:\/\/21panorama.com\/index.php\/2023\/09\/18\/primera-plana-columna-politica\/#primaryimage\",\"url\":\"https:\/\/21panorama.com\/wp-content\/uploads\/2023\/09\/WhatsApp-Image-2023-09-18-at-8.21.59-AM.jpeg\",\"contentUrl\":\"https:\/\/21panorama.com\/wp-content\/uploads\/2023\/09\/WhatsApp-Image-2023-09-18-at-8.21.59-AM.jpeg\",\"width\":1600,\"height\":1119},{\"@type\":\"BreadcrumbList\",\"@id\":\"https:\/\/21panorama.com\/index.php\/2023\/09\/18\/primera-plana-columna-politica\/#breadcrumb\",\"itemListElement\":[{\"@type\":\"ListItem\",\"position\":1,\"name\":\"Inicio\",\"item\":\"https:\/\/21panorama.com\/\"},{\"@type\":\"ListItem\",\"position\":2,\"name\":\"PRIMERA PLANA (Columna Pol\u00edtica)\"}]},{\"@type\":\"WebSite\",\"@id\":\"https:\/\/21panorama.com\/#website\",\"url\":\"https:\/\/21panorama.com\/\",\"name\":\"21 Panorama\",\"description\":\"La construcci\u00f3n de la opini\u00f3n p\u00fablica merece un mejor Panorama en este siglo 21 para alcanzar una sociedad con mayor transparencia y sin corrupci\u00f3n.\",\"publisher\":{\"@id\":\"https:\/\/21panorama.com\/#organization\"},\"potentialAction\":[{\"@type\":\"SearchAction\",\"target\":{\"@type\":\"EntryPoint\",\"urlTemplate\":\"https:\/\/21panorama.com\/?s={search_term_string}\"},\"query-input\":{\"@type\":\"PropertyValueSpecification\",\"valueRequired\":true,\"valueName\":\"search_term_string\"}}],\"inLanguage\":\"es\"},{\"@type\":\"Organization\",\"@id\":\"https:\/\/21panorama.com\/#organization\",\"name\":\"21 Panorama\",\"url\":\"https:\/\/21panorama.com\/\",\"logo\":{\"@type\":\"ImageObject\",\"inLanguage\":\"es\",\"@id\":\"https:\/\/21panorama.com\/#\/schema\/logo\/image\/\",\"url\":\"https:\/\/21panorama.com\/wp-content\/uploads\/2019\/07\/cropped-Logo-Panorama-01.jpeg\",\"contentUrl\":\"https:\/\/21panorama.com\/wp-content\/uploads\/2019\/07\/cropped-Logo-Panorama-01.jpeg\",\"width\":290,\"height\":70,\"caption\":\"21 Panorama\"},\"image\":{\"@id\":\"https:\/\/21panorama.com\/#\/schema\/logo\/image\/\"}},{\"@type\":\"Person\",\"@id\":\"https:\/\/21panorama.com\/#\/schema\/person\/1afc291b96d5792a158768324287319f\",\"name\":\"admin\",\"image\":{\"@type\":\"ImageObject\",\"inLanguage\":\"es\",\"@id\":\"https:\/\/21panorama.com\/#\/schema\/person\/image\/\",\"url\":\"https:\/\/secure.gravatar.com\/avatar\/ad365d9d9f46719215b0d042cc3df92a5a8683e09ef13d102233e5491985f0f0?s=96&d=mm&r=g\",\"contentUrl\":\"https:\/\/secure.gravatar.com\/avatar\/ad365d9d9f46719215b0d042cc3df92a5a8683e09ef13d102233e5491985f0f0?s=96&d=mm&r=g\",\"caption\":\"admin\"},\"url\":\"https:\/\/21panorama.com\/index.php\/author\/admin\/\"}]}<\/script>\n<!-- \/ Yoast SEO plugin. -->","yoast_head_json":{"title":"PRIMERA PLANA (Columna Pol\u00edtica) - 21 Panorama","robots":{"index":"index","follow":"follow","max-snippet":"max-snippet:-1","max-image-preview":"max-image-preview:large","max-video-preview":"max-video-preview:-1"},"canonical":"https:\/\/21panorama.com\/index.php\/2023\/09\/18\/primera-plana-columna-politica\/","og_locale":"es_MX","og_type":"article","og_title":"PRIMERA PLANA (Columna Pol\u00edtica) - 21 Panorama","og_description":"M\u00e1s de uno pensar\u00eda que el PRI est\u00e1 sumido en el ostracismo pol\u00edtico despu\u00e9s de la ca\u00edda del primer pri\u00edsta, lo cierto es que hay jefe de partido d\u00e1ndole estabilidad y resultados a un instituto partidario que se tendr\u00e1 que reponer de inmediato en las elecciones del 2024.","og_url":"https:\/\/21panorama.com\/index.php\/2023\/09\/18\/primera-plana-columna-politica\/","og_site_name":"21 Panorama","article_published_time":"2023-09-18T16:04:08+00:00","article_modified_time":"2023-09-18T16:04:10+00:00","og_image":[{"width":1600,"height":1119,"url":"https:\/\/21panorama.com\/wp-content\/uploads\/2023\/09\/WhatsApp-Image-2023-09-18-at-8.21.59-AM.jpeg","type":"image\/jpeg"}],"author":"admin","twitter_card":"summary_large_image","twitter_misc":{"Escrito por":"admin","Tiempo de lectura":"1 minuto"},"schema":{"@context":"https:\/\/schema.org","@graph":[{"@type":"Article","@id":"https:\/\/21panorama.com\/index.php\/2023\/09\/18\/primera-plana-columna-politica\/#article","isPartOf":{"@id":"https:\/\/21panorama.com\/index.php\/2023\/09\/18\/primera-plana-columna-politica\/"},"author":{"name":"admin","@id":"https:\/\/21panorama.com\/#\/schema\/person\/1afc291b96d5792a158768324287319f"},"headline":"PRIMERA PLANA (Columna Pol\u00edtica)","datePublished":"2023-09-18T16:04:08+00:00","dateModified":"2023-09-18T16:04:10+00:00","mainEntityOfPage":{"@id":"https:\/\/21panorama.com\/index.php\/2023\/09\/18\/primera-plana-columna-politica\/"},"wordCount":217,"commentCount":0,"publisher":{"@id":"https:\/\/21panorama.com\/#organization"},"image":{"@id":"https:\/\/21panorama.com\/index.php\/2023\/09\/18\/primera-plana-columna-politica\/#primaryimage"},"thumbnailUrl":"https:\/\/21panorama.com\/wp-content\/uploads\/2023\/09\/WhatsApp-Image-2023-09-18-at-8.21.59-AM.jpeg","keywords":["EDOMEX","ERIC SEVILLA","GEM","PRI"],"articleSection":["Columna-Opini\u00f3n","Politica","Sociedad"],"inLanguage":"es","potentialAction":[{"@type":"CommentAction","name":"Comment","target":["https:\/\/21panorama.com\/index.php\/2023\/09\/18\/primera-plana-columna-politica\/#respond"]}]},{"@type":"WebPage","@id":"https:\/\/21panorama.com\/index.php\/2023\/09\/18\/primera-plana-columna-politica\/","url":"https:\/\/21panorama.com\/index.php\/2023\/09\/18\/primera-plana-columna-politica\/","name":"PRIMERA PLANA (Columna Pol\u00edtica) - 21 Panorama","isPartOf":{"@id":"https:\/\/21panorama.com\/#website"},"primaryImageOfPage":{"@id":"https:\/\/21panorama.com\/index.php\/2023\/09\/18\/primera-plana-columna-politica\/#primaryimage"},"image":{"@id":"https:\/\/21panorama.com\/index.php\/2023\/09\/18\/primera-plana-columna-politica\/#primaryimage"},"thumbnailUrl":"https:\/\/21panorama.com\/wp-content\/uploads\/2023\/09\/WhatsApp-Image-2023-09-18-at-8.21.59-AM.jpeg","datePublished":"2023-09-18T16:04:08+00:00","dateModified":"2023-09-18T16:04:10+00:00","breadcrumb":{"@id":"https:\/\/21panorama.com\/index.php\/2023\/09\/18\/primera-plana-columna-politica\/#breadcrumb"},"inLanguage":"es","potentialAction":[{"@type":"ReadAction","target":["https:\/\/21panorama.com\/index.php\/2023\/09\/18\/primera-plana-columna-politica\/"]}]},{"@type":"ImageObject","inLanguage":"es","@id":"https:\/\/21panorama.com\/index.php\/2023\/09\/18\/primera-plana-columna-politica\/#primaryimage","url":"https:\/\/21panorama.com\/wp-content\/uploads\/2023\/09\/WhatsApp-Image-2023-09-18-at-8.21.59-AM.jpeg","contentUrl":"https:\/\/21panorama.com\/wp-content\/uploads\/2023\/09\/WhatsApp-Image-2023-09-18-at-8.21.59-AM.jpeg","width":1600,"height":1119},{"@type":"BreadcrumbList","@id":"https:\/\/21panorama.com\/index.php\/2023\/09\/18\/primera-plana-columna-politica\/#breadcrumb","itemListElement":[{"@type":"ListItem","position":1,"name":"Inicio","item":"https:\/\/21panorama.com\/"},{"@type":"ListItem","position":2,"name":"PRIMERA PLANA (Columna Pol\u00edtica)"}]},{"@type":"WebSite","@id":"https:\/\/21panorama.com\/#website","url":"https:\/\/21panorama.com\/","name":"21 Panorama","description":"La construcci\u00f3n de la opini\u00f3n p\u00fablica merece un mejor Panorama en este siglo 21 para alcanzar una sociedad con mayor transparencia y sin corrupci\u00f3n.","publisher":{"@id":"https:\/\/21panorama.com\/#organization"},"potentialAction":[{"@type":"SearchAction","target":{"@type":"EntryPoint","urlTemplate":"https:\/\/21panorama.com\/?s={search_term_string}"},"query-input":{"@type":"PropertyValueSpecification","valueRequired":true,"valueName":"search_term_string"}}],"inLanguage":"es"},{"@type":"Organization","@id":"https:\/\/21panorama.com\/#organization","name":"21 Panorama","url":"https:\/\/21panorama.com\/","logo":{"@type":"ImageObject","inLanguage":"es","@id":"https:\/\/21panorama.com\/#\/schema\/logo\/image\/","url":"https:\/\/21panorama.com\/wp-content\/uploads\/2019\/07\/cropped-Logo-Panorama-01.jpeg","contentUrl":"https:\/\/21panorama.com\/wp-content\/uploads\/2019\/07\/cropped-Logo-Panorama-01.jpeg","width":290,"height":70,"caption":"21 Panorama"},"image":{"@id":"https:\/\/21panorama.com\/#\/schema\/logo\/image\/"}},{"@type":"Person","@id":"https:\/\/21panorama.com\/#\/schema\/person\/1afc291b96d5792a158768324287319f","name":"admin","image":{"@type":"ImageObject","inLanguage":"es","@id":"https:\/\/21panorama.com\/#\/schema\/person\/image\/","url":"https:\/\/secure.gravatar.com\/avatar\/ad365d9d9f46719215b0d042cc3df92a5a8683e09ef13d102233e5491985f0f0?s=96&d=mm&r=g","contentUrl":"https:\/\/secure.gravatar.com\/avatar\/ad365d9d9f46719215b0d042cc3df92a5a8683e09ef13d102233e5491985f0f0?s=96&d=mm&r=g","caption":"admin"},"url":"https:\/\/21panorama.com\/index.php\/author\/admin\/"}]}},"_links":{"self":[{"href":"https:\/\/21panorama.com\/index.php\/wp-json\/wp\/v2\/posts\/5016","targetHints":{"allow":["GET"]}}],"collection":[{"href":"https:\/\/21panorama.com\/index.php\/wp-json\/wp\/v2\/posts"}],"about":[{"href":"https:\/\/21panorama.com\/index.php\/wp-json\/wp\/v2\/types\/post"}],"author":[{"embeddable":true,"href":"https:\/\/21panorama.com\/index.php\/wp-json\/wp\/v2\/users\/1"}],"replies":[{"embeddable":true,"href":"https:\/\/21panorama.com\/index.php\/wp-json\/wp\/v2\/comments?post=5016"}],"version-history":[{"count":1,"href":"https:\/\/21panorama.com\/index.php\/wp-json\/wp\/v2\/posts\/5016\/revisions"}],"predecessor-version":[{"id":5018,"href":"https:\/\/21panorama.com\/index.php\/wp-json\/wp\/v2\/posts\/5016\/revisions\/5018"}],"wp:featuredmedia":[{"embeddable":true,"href":"https:\/\/21panorama.com\/index.php\/wp-json\/wp\/v2\/media\/5017"}],"wp:attachment":[{"href":"https:\/\/21panorama.com\/index.php\/wp-json\/wp\/v2\/media?parent=5016"}],"wp:term":[{"taxonomy":"category","embeddable":true,"href":"https:\/\/21panorama.com\/index.php\/wp-json\/wp\/v2\/categories?post=5016"},{"taxonomy":"post_tag","embeddable":true,"href":"https:\/\/21panorama.com\/index.php\/wp-json\/wp\/v2\/tags?post=5016"}],"curies":[{"name":"wp","href":"https:\/\/api.w.org\/{rel}","templated":true}]}}